{"id":12564,"date":"2016-09-22T17:51:05","date_gmt":"2016-09-22T15:51:05","guid":{"rendered":"http:\/\/www.robertosedda.it\/?p=12564"},"modified":"2017-11-23T17:23:33","modified_gmt":"2017-11-23T16:23:33","slug":"meglio-le-scuole-grandi","status":"publish","type":"post","link":"https:\/\/www.robertosedda.it\/?p=12564","title":{"rendered":"Meglio le scuole grandi!"},"content":{"rendered":"<p>Seguendo <a href=\"http:\/\/www.theatlantic.com\/education\/archive\/2016\/09\/the-case-for-more-ages-under-the-same-roof\/500945\/\">un articolo su\u00a0<em>The Atlantic<\/em><\/a>\u00a0ho letto due articoli scientifici, sostanzialmente dello stesso gruppo di autori, che mettono in relazione la\u00a0<em>forma<\/em> della scuola (la sua grandezza, la presenza di diversi livelli scolastici &#8211; elementari, medie, superiori) con una serie di elementi, per esempio il livello di bullismo all&#8217;interno o il grado di successo scolastico degli alunni.<\/p>\n<p><a href=\"https:\/\/i0.wp.com\/www.robertosedda.it\/wp-content\/uploads\/2016\/09\/Zerocalcare-Corrado-bullo.jpg\"><img data-attachment-id=\"12565\" data-permalink=\"https:\/\/www.robertosedda.it\/?attachment_id=12565\" data-orig-file=\"https:\/\/i0.wp.com\/www.robertosedda.it\/wp-content\/uploads\/2016\/09\/Zerocalcare-Corrado-bullo.jpg?fit=600%2C280&amp;ssl=1\" data-orig-size=\"600,280\" data-comments-opened=\"1\" data-image-meta=\"{&quot;aperture&quot;:&quot;0&quot;,&quot;credit&quot;:&quot;&quot;,&quot;camera&quot;:&quot;&quot;,&quot;caption&quot;:&quot;&quot;,&quot;created_timestamp&quot;:&quot;0&quot;,&quot;copyright&quot;:&quot;&quot;,&quot;focal_length&quot;:&quot;0&quot;,&quot;iso&quot;:&quot;0&quot;,&quot;shutter_speed&quot;:&quot;0&quot;,&quot;title&quot;:&quot;&quot;,&quot;orientation&quot;:&quot;0&quot;}\" data-image-title=\"zerocalcare-corrado-bullo\" data-image-description=\"\" data-image-caption=\"\" data-medium-file=\"https:\/\/i0.wp.com\/www.robertosedda.it\/wp-content\/uploads\/2016\/09\/Zerocalcare-Corrado-bullo.jpg?fit=300%2C140&amp;ssl=1\" data-large-file=\"https:\/\/i0.wp.com\/www.robertosedda.it\/wp-content\/uploads\/2016\/09\/Zerocalcare-Corrado-bullo.jpg?fit=510%2C238&amp;ssl=1\" decoding=\"async\" loading=\"lazy\" class=\"aligncenter size-full wp-image-12565\" src=\"https:\/\/i0.wp.com\/www.robertosedda.it\/wp-content\/uploads\/2016\/09\/Zerocalcare-Corrado-bullo.jpg?resize=600%2C280\" alt=\"zerocalcare-corrado-bullo\" width=\"600\" height=\"280\" srcset=\"https:\/\/i0.wp.com\/www.robertosedda.it\/wp-content\/uploads\/2016\/09\/Zerocalcare-Corrado-bullo.jpg?w=600&amp;ssl=1 600w, https:\/\/i0.wp.com\/www.robertosedda.it\/wp-content\/uploads\/2016\/09\/Zerocalcare-Corrado-bullo.jpg?resize=150%2C70&amp;ssl=1 150w, https:\/\/i0.wp.com\/www.robertosedda.it\/wp-content\/uploads\/2016\/09\/Zerocalcare-Corrado-bullo.jpg?resize=300%2C140&amp;ssl=1 300w, https:\/\/i0.wp.com\/www.robertosedda.it\/wp-content\/uploads\/2016\/09\/Zerocalcare-Corrado-bullo.jpg?resize=510%2C238&amp;ssl=1 510w\" sizes=\"(max-width: 600px) 100vw, 600px\" data-recalc-dims=\"1\" \/><\/a>I due studi non sono direttamente applicabili in Italia perch\u00e9 il sistema scolastico americano \u00e8 differente, soprattutto dal punto di vista organizzativo. In particolare, mentre da noi le scuole elementari sono sempre&#8230; beh, scuole elementari, l\u00e0 \u00e8 possibile configurare le scuole in vario modo: pi\u00f9 o meno come da noi (<em>kindergarten<\/em>, classi dalla prima alla quinta, classi dalla sesta all&#8217;ottava, in blocchi separati) ma anche avere scuole nella quali l&#8217;asilo \u00e8 seguito dalle prime due classi elementari, oppure\u00a0scuole elementari o medie insieme, o scuole che prendono i bambini in quinta\u00a0elementare e li portano fino alla fine delle medie, e cos\u00ec via.<\/p>\n<p>Questo tipo di alternativa organizzativa \u00e8 interessante, scopro, perch\u00e9 \u00e8 un meccanismo <em>economico<\/em> di intervento scolastico: molto pi\u00f9 economico, per esempio, che ridurre il numero medio di studenti per classe. In parole povere, gli edifici scolastici sono sempre edifici scolastici: se ci metti dentro bambini e ragazzi o solo bambini o solo ragazzi non ne devi costruire di nuovi, devi solo spostare i ragazzi dall&#8217;uno all&#8217;altro in un modo o nell&#8217;altro.<\/p>\n<p>Il <a href=\"http:\/\/epa.sagepub.com\/content\/33\/3\/293.full.pdf+html\">primo studio<\/a> si pone quindi questo tipo di domande:<\/p>\n<blockquote><p>L&#8217;articolazione del percorso scolastico nelle prime classi influenza i risultati degli studenti della terza media? E quanto? L&#8217;effetto differisce nei vari sottogruppi? E perch\u00e9 l&#8217;articolazione del percorso formativo conta?<\/p>\n<p>Effetti individuali: cosa succede quando gli studenti non seguono l&#8217;articolazione del percorso scolastico prevista? Fino a che punto i risultati scolastici sono influenzati dal numero di scuole (e quindi di cambiamenti di scuola) che uno studente affronta prima della terza media?<\/p>\n<p>Effetti sulle scuole e di contesto: \u00e8 rilevante il momento della transizione &#8211; la classe in cui si cambia scuola? \u00c8 rilevante l&#8217;ampiezza della coorte di studenti all&#8217;interno della scuola? Ed \u00e8 rilevante che la coorte di studenti da scuola a scuola rimanga immutata?<\/p><\/blockquote>\n<p>I risultati sono, grosso modo, che \u00e8 meglio &#8211; migliori risultati scolastici in terza media, cio\u00e8 &#8211; studiare in una scuola nella quale elementari e medie sono unite, oppure fare il cambio da una scuola all&#8217;altra\u00a0prima della quinta elementare &#8211; prima \u00e8, meglio \u00e8 &#8211; mentre i risultati peggiori si ottengono con l&#8217;organizzazione 5+3 utilizzata anche in Italia.<\/p>\n<p>Il problema, magari, \u00e8 che all&#8217;epoca di questo primo studio gli\u00a0autori non erano sicuri del\u00a0<em>perch\u00e9<\/em> dei loro risultati, o perlomeno ammettevano che le spiegazioni potevano essere diverse.<\/p>\n<blockquote><p>Perch\u00e9 l&#8217;articolazione del percorso di studi pu\u00f2 essere importante? I nostri risultati sono compatibili con diverse differenti ipotesi che riguardano il comportamento individuale e le caratteristiche istituzionali. Prima di tutto, cambiare scuola frequentemente \u00e8 associato con peggiori risultati scolastici. Le scuole che offrono un percorso dall&#8217;asilo alla terza media sono uniche nel permettere allo studente di rimanere nello stesso istituto per tutte le elementari e le medie. In secondo luogo, i nostri risultati mostrano che gli studenti che fanno il passaggio dopo la quarta elementare hanno miglioramenti maggiori di quelli che lo fanno dopo la quinta o la prima media, il che suggerisce che una transizione anticipata dalle elementari alle medie pu\u00f2 essere una misura\u00a0raccomandabile in vista della preparazione all&#8217;inserimento nella scuola superiore. In terzo luogo, le scuole elementari e medie unite e quelle che vanno dalla quinta elementare alla terza media hanno coorti di studenti pi\u00f9 piccole, il che forse aumenta la capacit\u00e0 degli adulti di conoscere bene gli studenti e il senso di appartenenza alla comunit\u00e0 scolastica. Infine, le scuole di quel tipo tendono ad attrarre gli studenti provenienti da un numero minore di istituti precedenti, permettendo ai gruppi di pari di rimanere pi\u00f9 stabili che nelle scuole medie (o di seconda e terza media solo) che pescano da un numero maggiore di scuole elementari.<\/p><\/blockquote>\n<p>La cosa interessante, se non ho letto male, \u00e8 che l&#8217;effetto di queste politiche organizzative non \u00e8 banale, pi\u00f9 o meno pari al\u00a0<em>gap<\/em> legato al genere (negli Stati Uniti) e una frazione significativa di quello fra bianchi e afroamericani.<\/p>\n<p>Il <a href=\"http:\/\/aer.sagepub.com\/content\/early\/2016\/07\/07\/0002831216657177.full.pdf+html\">secondo articolo<\/a> si focalizza su un aspetto specifico della vita dei ragazzi delle scuole medie, il bullismo, ma nel farlo offre anche un completamento dell&#8217;articolo precedente e forse anche un modo di interpretarne i risultati.<\/p>\n<p>Il contesto di base \u00e8 quello di una convinzione diffusa: per ridurre il bullismo \u00e8 opportuno separare i ragazzi delle medie da quelle delle elementari, per &#8220;proteggere&#8221; questi ultimi. In molte citt\u00e0 e stati americani questa \u00e8 stata la politica seguita negli ultimi anni, in base alla quale sono state costruite, localizzate e organizzate le nuove scuole.<\/p>\n<p>Peccato che la ricerca smentisca questa convinzione (<a href=\"http:\/\/curry.virginia.edu\/uploads\/resourceLibrary\/vhss-one-pager-issue-9.pdf\">anche il fatto che il bullismo alligni maggiormente nelle grandi scuole, peraltro, pare che sia un mito<\/a>). Gli autori lo spiegano, sostanzialmente, con una teoria di ecosistema scolastico, col concetto di anzianit\u00e0 (<em>top dog<\/em> &#8211; cane dominante &#8211; e\u00a0<em>bottom dog<\/em> &#8211; gregario). I ragazzi della terza media sono\u00a0<em>top dog<\/em> e offrono gli indicatori pi\u00f9 alti di benessere scolastico (tra le altre cose, meno bullismo). Quelli di prima elementare sono gli sfigati della situazione. Ma in mezzo c&#8217;\u00e8 un mondo di adattamento nel quale, tutto sommato, non si sta poi tanto male. A meno che non ci sia un cambiamento fra quinta elementare in prima media, perch\u00e9 in quel caso il faticosamente raggiunto <em>status<\/em>\u00a0di cane anziano viene improvvisamente rimesso in discussione: nella nuova scuola di fronte ai ragazzi di terza torni a essere uno sfigato come ai vecchi tempi delle elementari. Detto in altri termini, l&#8217;ecosistema di una scuola in cui ragazzi delle elementari e delle medie frequentano lo stesso istituto \u00e8 pi\u00f9 complesso, pi\u00f9 stratificato e complessivamente pi\u00f9 accogliente.<\/p>\n","protected":false},"excerpt":{"rendered":"<p>Seguendo un articolo su\u00a0The Atlantic\u00a0ho letto due articoli scientifici, sostanzialmente dello stesso gruppo di autori, che mettono in relazione la\u00a0forma<\/p>\n","protected":false},"author":1,"featured_media":12565,"comment_status":"open","ping_status":"open","sticky":false,"template":"","format":"standard","meta":{"_mi_skip_tracking":false,"_monsterinsights_sitenote_active":false,"_monsterinsights_sitenote_note":"","_monsterinsights_sitenote_category":0,"jetpack_post_was_ever_published":false,"_jetpack_newsletter_access":"","jetpack_publicize_message":"","jetpack_is_tweetstorm":false,"jetpack_publicize_feature_enabled":true,"jetpack_social_post_already_shared":true,"jetpack_social_options":{"image_generator_settings":{"template":"highway","enabled":false}}},"categories":[52,66,55,17,16],"tags":[],"jetpack_publicize_connections":[],"jetpack_featured_media_url":"https:\/\/i0.wp.com\/www.robertosedda.it\/wp-content\/uploads\/2016\/09\/Zerocalcare-Corrado-bullo.jpg?fit=600%2C280&ssl=1","jetpack_sharing_enabled":true,"jetpack_shortlink":"https:\/\/wp.me\/p4jV2T-3gE","jetpack_likes_enabled":true,"jetpack-related-posts":[{"id":14917,"url":"https:\/\/www.robertosedda.it\/?p=14917","url_meta":{"origin":12564,"position":0},"title":"Dentro dolorose ferite aperte","author":"Rufus","date":"29\/03\/2018","format":false,"excerpt":"Ho letto casualmente su\u00a0The Atlantic l'intervista alla madre e all'amico di una delle vittime del massacro della discoteca\u00a0Pulse di Orlando, nel 2016. Era straziante: non solo nella storia in s\u00e9 della strage, ma nella vita spezzata della madre La mia salute era gi\u00e0 in declino prima che Christopher morisse. Il\u2026","rel":"","context":"In &quot;Coordinate&quot;","block_context":{"text":"Coordinate","link":"https:\/\/www.robertosedda.it\/?cat=52"},"img":{"alt_text":"","src":"https:\/\/i0.wp.com\/www.robertosedda.it\/wp-content\/uploads\/2018\/03\/Parkland-kids.jpg?fit=1200%2C675&ssl=1&resize=350%2C200","width":350,"height":200,"srcset":"https:\/\/i0.wp.com\/www.robertosedda.it\/wp-content\/uploads\/2018\/03\/Parkland-kids.jpg?fit=1200%2C675&ssl=1&resize=350%2C200 1x, https:\/\/i0.wp.com\/www.robertosedda.it\/wp-content\/uploads\/2018\/03\/Parkland-kids.jpg?fit=1200%2C675&ssl=1&resize=700%2C400 2x, https:\/\/i0.wp.com\/www.robertosedda.it\/wp-content\/uploads\/2018\/03\/Parkland-kids.jpg?fit=1200%2C675&ssl=1&resize=1050%2C600 3x"},"classes":[]},{"id":8841,"url":"https:\/\/www.robertosedda.it\/?p=8841","url_meta":{"origin":12564,"position":1},"title":"Rileggere le lotte sociali urbane degli anni &#8217;70 per coglierne utili insegnamenti per l&#8217;oggi. Un intervento di Franco Meloni","author":"Rufus","date":"11\/11\/2014","format":false,"excerpt":"Oltre che su questo\u00a0blog questo articolo viene pubblicato anche sui siti di\u00a0Fondazione Sardinia,\u00a0Aladinpensiero,\u00a0Tramas de amistade,\u00a0Sardegna Soprattutto,\u00a0Sportello Formaparis,\u00a0Tottusinpari e sui blog di\u00a0Enrico Lobina,\u00a0Vito Biolchini\u00a0e\u00a0Francesca Madrigali. Un progetto di studio e lavoro Rileggere le lotte sociali urbane degli anni '70 per coglierne utili insegnamenti per l'oggi di Franco Meloni Come prolungamento positivo\u2026","rel":"","context":"In &quot;Coordinate&quot;","block_context":{"text":"Coordinate","link":"https:\/\/www.robertosedda.it\/?cat=52"},"img":{"alt_text":"","src":"https:\/\/i0.wp.com\/www.robertosedda.it\/wp-content\/uploads\/2014\/11\/SANT-ELIA.jpg?fit=640%2C203&ssl=1&resize=350%2C200","width":350,"height":200},"classes":[]},{"id":15174,"url":"https:\/\/www.robertosedda.it\/?p=15174","url_meta":{"origin":12564,"position":2},"title":"Latino fish and chips","author":"Rufus","date":"17\/05\/2018","format":false,"excerpt":"Nei miei vagabondaggi sulla rete mi sono imbattuto in un\u00a0blog (e\u00a0podcast) divertente dedicato alla storia romana, che si chiama\u00a0Totalus rankium. La traduzione\u00a0sarebbe qualcosa del tipo \"classifica globale\" in un latino inglesizzato - sarei stato tentato di definirlo\u00a0latino\u00a0maccheronico\u00a0ma gli inglesi non mangiano spaghetti e insomma, boh. Il sito \u00e8 un delizioso\u2026","rel":"","context":"In &quot;Coordinate&quot;","block_context":{"text":"Coordinate","link":"https:\/\/www.robertosedda.it\/?cat=52"},"img":{"alt_text":"","src":"https:\/\/i0.wp.com\/www.robertosedda.it\/wp-content\/uploads\/2018\/05\/Totalium-rankium-1.jpg?fit=700%2C1094&ssl=1&resize=350%2C200","width":350,"height":200,"srcset":"https:\/\/i0.wp.com\/www.robertosedda.it\/wp-content\/uploads\/2018\/05\/Totalium-rankium-1.jpg?fit=700%2C1094&ssl=1&resize=350%2C200 1x, https:\/\/i0.wp.com\/www.robertosedda.it\/wp-content\/uploads\/2018\/05\/Totalium-rankium-1.jpg?fit=700%2C1094&ssl=1&resize=700%2C400 2x"},"classes":[]},{"id":16732,"url":"https:\/\/www.robertosedda.it\/?p=16732","url_meta":{"origin":12564,"position":3},"title":"Nel paese degli orsi","author":"Rufus","date":"28\/05\/2019","format":false,"excerpt":"Ho letto per caso, nei giorni scorsi, l'articolo che vi propongo qui di seguito e che ho trovato molto triste e molto bello. Sul contenuto trattengo almeno in parte il giudizio (il fatto che lo riproponga, comunque, dice abbastanza). Non ci sono note di traduzione particolari, se non che \u00e8\u2026","rel":"","context":"In &quot;Coordinate&quot;","block_context":{"text":"Coordinate","link":"https:\/\/www.robertosedda.it\/?cat=52"},"img":{"alt_text":"","src":"https:\/\/i0.wp.com\/www.robertosedda.it\/wp-content\/uploads\/2019\/05\/Grizzly-Wiki.jpg?fit=1200%2C753&ssl=1&resize=350%2C200","width":350,"height":200,"srcset":"https:\/\/i0.wp.com\/www.robertosedda.it\/wp-content\/uploads\/2019\/05\/Grizzly-Wiki.jpg?fit=1200%2C753&ssl=1&resize=350%2C200 1x, https:\/\/i0.wp.com\/www.robertosedda.it\/wp-content\/uploads\/2019\/05\/Grizzly-Wiki.jpg?fit=1200%2C753&ssl=1&resize=700%2C400 2x, https:\/\/i0.wp.com\/www.robertosedda.it\/wp-content\/uploads\/2019\/05\/Grizzly-Wiki.jpg?fit=1200%2C753&ssl=1&resize=1050%2C600 3x"},"classes":[]},{"id":6610,"url":"https:\/\/www.robertosedda.it\/?p=6610","url_meta":{"origin":12564,"position":4},"title":"Tanti gialli ambientati nella Grecia classica e in Roma antica","author":"Rufus","date":"28\/02\/2014","format":"video","excerpt":"Elementare, Alcibiade! Ero convinto che la puntata sui gialli di Margaret Doody ambientati nell'Atene classica con protagonista Aristotele fosse tutto sommato piuttosto insipida. Sono romanzi che a me piacciono e che rappresentano degli incroci pi\u00f9 che dignitosi fra il giallo classico e la rivisitazione storica,\u00a0\u00a0ma d'altra parte li ho sempre\u2026","rel":"","context":"In &quot;Coordinate&quot;","block_context":{"text":"Coordinate","link":"https:\/\/www.robertosedda.it\/?cat=52"},"img":{"alt_text":"","src":"https:\/\/i0.wp.com\/img.youtube.com\/vi\/MZT5FKEb91w\/0.jpg?resize=350%2C200","width":350,"height":200},"classes":[]},{"id":17315,"url":"https:\/\/www.robertosedda.it\/?p=17315","url_meta":{"origin":12564,"position":5},"title":"Gente che viene da dappertutto","author":"Rufus","date":"23\/09\/2019","format":false,"excerpt":"Nello scorso fine settimana, come avevo annunciato, sono stato a Cortes Apertas di Orani per aprire casa e accogliere i visitatori. Quiete prima della festa Essendo di corv\u00e9e non mi sono goduto il paese e la festa quasi per niente, a parte un consumo spropositato di proteine di origine animale,\u2026","rel":"","context":"In &quot;Coordinate&quot;","block_context":{"text":"Coordinate","link":"https:\/\/www.robertosedda.it\/?cat=52"},"img":{"alt_text":"","src":"https:\/\/i0.wp.com\/www.robertosedda.it\/wp-content\/uploads\/2019\/09\/Su-Postu.jpg?fit=1200%2C900&ssl=1&resize=350%2C200","width":350,"height":200,"srcset":"https:\/\/i0.wp.com\/www.robertosedda.it\/wp-content\/uploads\/2019\/09\/Su-Postu.jpg?fit=1200%2C900&ssl=1&resize=350%2C200 1x, https:\/\/i0.wp.com\/www.robertosedda.it\/wp-content\/uploads\/2019\/09\/Su-Postu.jpg?fit=1200%2C900&ssl=1&resize=700%2C400 2x, https:\/\/i0.wp.com\/www.robertosedda.it\/wp-content\/uploads\/2019\/09\/Su-Postu.jpg?fit=1200%2C900&ssl=1&resize=1050%2C600 3x"},"classes":[]}],"_links":{"self":[{"href":"https:\/\/www.robertosedda.it\/index.php?rest_route=\/wp\/v2\/posts\/12564"}],"collection":[{"href":"https:\/\/www.robertosedda.it\/index.php?rest_route=\/wp\/v2\/posts"}],"about":[{"href":"https:\/\/www.robertosedda.it\/index.php?rest_route=\/wp\/v2\/types\/post"}],"author":[{"embeddable":true,"href":"https:\/\/www.robertosedda.it\/index.php?rest_route=\/wp\/v2\/users\/1"}],"replies":[{"embeddable":true,"href":"https:\/\/www.robertosedda.it\/index.php?rest_route=%2Fwp%2Fv2%2Fcomments&post=12564"}],"version-history":[{"count":3,"href":"https:\/\/www.robertosedda.it\/index.php?rest_route=\/wp\/v2\/posts\/12564\/revisions"}],"predecessor-version":[{"id":14349,"href":"https:\/\/www.robertosedda.it\/index.php?rest_route=\/wp\/v2\/posts\/12564\/revisions\/14349"}],"wp:featuredmedia":[{"embeddable":true,"href":"https:\/\/www.robertosedda.it\/index.php?rest_route=\/wp\/v2\/media\/12565"}],"wp:attachment":[{"href":"https:\/\/www.robertosedda.it\/index.php?rest_route=%2Fwp%2Fv2%2Fmedia&parent=12564"}],"wp:term":[{"taxonomy":"category","embeddable":true,"href":"https:\/\/www.robertosedda.it\/index.php?rest_route=%2Fwp%2Fv2%2Fcategories&post=12564"},{"taxonomy":"post_tag","embeddable":true,"href":"https:\/\/www.robertosedda.it\/index.php?rest_route=%2Fwp%2Fv2%2Ftags&post=12564"}],"curies":[{"name":"wp","href":"https:\/\/api.w.org\/{rel}","templated":true}]}}