{"id":12353,"date":"2016-08-25T17:03:54","date_gmt":"2016-08-25T15:03:54","guid":{"rendered":"http:\/\/www.robertosedda.it\/?p=12353"},"modified":"2016-09-09T18:05:40","modified_gmt":"2016-09-09T16:05:40","slug":"lo-dico-sinceramente","status":"publish","type":"post","link":"https:\/\/www.robertosedda.it\/?p=12353","title":{"rendered":"Lo dico sinceramente&#8230;"},"content":{"rendered":"<p>\u00c8 stato pubblicato oggi\u00a0sul sito di Banca Etica l&#8217;annuncio ufficiale del fatto\u00a0che il 23 settembre inauguriamo ufficialmente la nuova sede del banchiere ambulante a Cagliari.<\/p>\n<p><img data-attachment-id=\"12354\" data-permalink=\"https:\/\/www.robertosedda.it\/?attachment_id=12354\" data-orig-file=\"https:\/\/i0.wp.com\/www.robertosedda.it\/wp-content\/uploads\/2016\/08\/Banca-Etica-Cagliari.jpg?fit=962%2C726&amp;ssl=1\" data-orig-size=\"962,726\" data-comments-opened=\"1\" data-image-meta=\"{&quot;aperture&quot;:&quot;0&quot;,&quot;credit&quot;:&quot;Roberto Sedda&quot;,&quot;camera&quot;:&quot;&quot;,&quot;caption&quot;:&quot;&quot;,&quot;created_timestamp&quot;:&quot;1472143606&quot;,&quot;copyright&quot;:&quot;&quot;,&quot;focal_length&quot;:&quot;0&quot;,&quot;iso&quot;:&quot;0&quot;,&quot;shutter_speed&quot;:&quot;0&quot;,&quot;title&quot;:&quot;&quot;,&quot;orientation&quot;:&quot;0&quot;}\" data-image-title=\"Banca Etica Cagliari\" data-image-description=\"\" data-image-caption=\"\" data-medium-file=\"https:\/\/i0.wp.com\/www.robertosedda.it\/wp-content\/uploads\/2016\/08\/Banca-Etica-Cagliari.jpg?fit=300%2C226&amp;ssl=1\" data-large-file=\"https:\/\/i0.wp.com\/www.robertosedda.it\/wp-content\/uploads\/2016\/08\/Banca-Etica-Cagliari.jpg?fit=510%2C385&amp;ssl=1\" decoding=\"async\" loading=\"lazy\" class=\"aligncenter size-full wp-image-12354\" src=\"https:\/\/i0.wp.com\/www.robertosedda.it\/wp-content\/uploads\/2016\/08\/Banca-Etica-Cagliari.jpg?resize=800%2C604\" alt=\"Banca Etica Cagliari\" width=\"800\" height=\"604\" srcset=\"https:\/\/i0.wp.com\/www.robertosedda.it\/wp-content\/uploads\/2016\/08\/Banca-Etica-Cagliari.jpg?w=962&amp;ssl=1 962w, https:\/\/i0.wp.com\/www.robertosedda.it\/wp-content\/uploads\/2016\/08\/Banca-Etica-Cagliari.jpg?resize=150%2C113&amp;ssl=1 150w, https:\/\/i0.wp.com\/www.robertosedda.it\/wp-content\/uploads\/2016\/08\/Banca-Etica-Cagliari.jpg?resize=300%2C226&amp;ssl=1 300w, https:\/\/i0.wp.com\/www.robertosedda.it\/wp-content\/uploads\/2016\/08\/Banca-Etica-Cagliari.jpg?resize=510%2C385&amp;ssl=1 510w, https:\/\/i0.wp.com\/www.robertosedda.it\/wp-content\/uploads\/2016\/08\/Banca-Etica-Cagliari.jpg?resize=700%2C528&amp;ssl=1 700w\" sizes=\"(max-width: 800px) 100vw, 800px\" data-recalc-dims=\"1\" \/>E quindi ciao, arrivederci, \u00e8 stato bello conoscervi: fino al 23 io non esisto pi\u00f9,\u00a0<em>kaputt<\/em>, c&#8217;\u00e8 un monte impressionante di cose da fare, perch\u00e9 ci teniamo che sia una bella festa che esprima la capacit\u00e0 di produzione di ricchezza ideale e materiale della finanza etica, e una festa cos\u00ec non si prepara in un attimo.<\/p>\n<p>Tanto che non mi vergogno di dire che abbiamo bisogno di aiuto, Maria Luisa, Gaetano, Stefano, Valentina, Elena, Umberto, Maria Bonaria e io. Un disperato bisogno di aiuto per seguire tutti gli inviti, ricontattare i soci, tenere i contatti con le altre organizzazioni, stare sui <em>social<\/em>, preparare i mille particolari dell&#8217;evento, occuparci dell&#8217;ospitalit\u00e0 di quelli che vengono da fuori,\u00a0pensare alla stampa, arricchire di altre proposte la festa, sbrigare pratiche burocratiche (ci saranno pure quelle) e mille altre cose.<\/p>\n<p>Tra le quali preparare gli eventi minori e i\u00a0<em>flashmob<\/em> che ci condurranno all&#8217;evento principale (<em>ah-ah!<\/em> <em>anticipazione!<\/em>).<\/p>\n<p>Quindi se siete soci di Banca Etica e volete dare una mano, abbiamo un gran bisogno di aiuto, talmente tanto e per talmente tante cose che c&#8217;\u00e8 certamente spazio per qualcosa che sapete o potete fare.<\/p>\n<p>E se non siete soci di Banca Etica, ma magari amici miei personali, o simpatizzanti della finanza etica, o avete tempo di fare un po &#8216; di volontariato da qui a settembre, ecco: avrei bisogno anche di voi. Magari, gi\u00e0 che ci siete, alla fine diventerete pure soci (dopotutto gli uffici si aprono pure per questo, no?).<\/p>\n<p><img data-attachment-id=\"10782\" data-permalink=\"https:\/\/www.robertosedda.it\/?attachment_id=10782\" data-orig-file=\"https:\/\/i0.wp.com\/www.robertosedda.it\/wp-content\/uploads\/2015\/09\/Banca-Etica-skyline-Cagliari.png?fit=807%2C298&amp;ssl=1\" data-orig-size=\"807,298\" data-comments-opened=\"1\" data-image-meta=\"{&quot;aperture&quot;:&quot;0&quot;,&quot;credit&quot;:&quot;&quot;,&quot;camera&quot;:&quot;&quot;,&quot;caption&quot;:&quot;&quot;,&quot;created_timestamp&quot;:&quot;0&quot;,&quot;copyright&quot;:&quot;&quot;,&quot;focal_length&quot;:&quot;0&quot;,&quot;iso&quot;:&quot;0&quot;,&quot;shutter_speed&quot;:&quot;0&quot;,&quot;title&quot;:&quot;&quot;,&quot;orientation&quot;:&quot;0&quot;}\" data-image-title=\"Banca Etica skyline Cagliari\" data-image-description=\"\" data-image-caption=\"\" data-medium-file=\"https:\/\/i0.wp.com\/www.robertosedda.it\/wp-content\/uploads\/2015\/09\/Banca-Etica-skyline-Cagliari.png?fit=300%2C111&amp;ssl=1\" data-large-file=\"https:\/\/i0.wp.com\/www.robertosedda.it\/wp-content\/uploads\/2015\/09\/Banca-Etica-skyline-Cagliari.png?fit=510%2C188&amp;ssl=1\" decoding=\"async\" loading=\"lazy\" class=\"aligncenter size-full wp-image-10782\" src=\"https:\/\/i0.wp.com\/www.robertosedda.it\/wp-content\/uploads\/2015\/09\/Banca-Etica-skyline-Cagliari.png?resize=800%2C295\" alt=\"Banca Etica skyline Cagliari\" width=\"800\" height=\"295\" srcset=\"https:\/\/i0.wp.com\/www.robertosedda.it\/wp-content\/uploads\/2015\/09\/Banca-Etica-skyline-Cagliari.png?w=807&amp;ssl=1 807w, https:\/\/i0.wp.com\/www.robertosedda.it\/wp-content\/uploads\/2015\/09\/Banca-Etica-skyline-Cagliari.png?resize=150%2C55&amp;ssl=1 150w, https:\/\/i0.wp.com\/www.robertosedda.it\/wp-content\/uploads\/2015\/09\/Banca-Etica-skyline-Cagliari.png?resize=300%2C111&amp;ssl=1 300w, https:\/\/i0.wp.com\/www.robertosedda.it\/wp-content\/uploads\/2015\/09\/Banca-Etica-skyline-Cagliari.png?resize=510%2C188&amp;ssl=1 510w, https:\/\/i0.wp.com\/www.robertosedda.it\/wp-content\/uploads\/2015\/09\/Banca-Etica-skyline-Cagliari.png?resize=700%2C258&amp;ssl=1 700w\" sizes=\"(max-width: 800px) 100vw, 800px\" data-recalc-dims=\"1\" \/>E c&#8217;\u00e8 una cosa che potete fare subito: passare la voce e condividere questo appello.\u00a0<em>Iuxta modum<\/em>, naturalmente, perch\u00e9 in questi giorni il terremoto induce ad appelli e mobilitazioni di un&#8217;importanza di svariati ordini di grandezza\u00a0maggiori di questo.\u00a0<em>Dopo<\/em> quelli, se vi rimane tempo, fate girare (uhm, non credevo che in vita mia l&#8217;avrei mai detto!).<\/p>\n<p>Tecnicamente? Immagino che mi conosciate di persona, quindi basta che mi cerchiate. In alternativa potete scrivere qui sotto e vi ricontatto subito.<\/p>\n","protected":false},"excerpt":{"rendered":"<p>\u00c8 stato pubblicato oggi\u00a0sul sito di Banca Etica l&#8217;annuncio ufficiale del fatto\u00a0che il 23 settembre inauguriamo ufficialmente la nuova sede<\/p>\n","protected":false},"author":1,"featured_media":12354,"comment_status":"open","ping_status":"open","sticky":false,"template":"","format":"standard","meta":{"_mi_skip_tracking":false,"_monsterinsights_sitenote_active":false,"_monsterinsights_sitenote_note":"","_monsterinsights_sitenote_category":0,"jetpack_post_was_ever_published":false,"_jetpack_newsletter_access":"","jetpack_publicize_message":"","jetpack_is_tweetstorm":false,"jetpack_publicize_feature_enabled":true,"jetpack_social_post_already_shared":true,"jetpack_social_options":{"image_generator_settings":{"template":"highway","enabled":false}}},"categories":[72,52,55,95,16],"tags":[],"jetpack_publicize_connections":[],"jetpack_featured_media_url":"https:\/\/i0.wp.com\/www.robertosedda.it\/wp-content\/uploads\/2016\/08\/Banca-Etica-Cagliari.jpg?fit=962%2C726&ssl=1","jetpack_sharing_enabled":true,"jetpack_shortlink":"https:\/\/wp.me\/p4jV2T-3df","jetpack_likes_enabled":true,"jetpack-related-posts":[{"id":12481,"url":"https:\/\/www.robertosedda.it\/?p=12481","url_meta":{"origin":12353,"position":0},"title":"Periodo di foto, questo","author":"Rufus","date":"09\/09\/2016","format":false,"excerpt":"Come sapete, il 23 inauguriamo ufficialmente la nuova sede della banchiera ambulante di Banca Etica a Cagliari. Ieri, come parte del percorso preparatorio, abbiamo avuto un piccolo momento conviviale alla Bottega dell'associazione Oscar Romero: un apertivo, la conoscenza di un cliente della Banca, una breve presentazione del programma della festa\u2026","rel":"","context":"In &quot;Banche e finanza&quot;","block_context":{"text":"Banche e finanza","link":"https:\/\/www.robertosedda.it\/?cat=72"},"img":{"alt_text":"","src":"https:\/\/i0.wp.com\/www.robertosedda.it\/wp-content\/uploads\/2016\/09\/ALIM4483.jpg?fit=1200%2C900&ssl=1&resize=350%2C200","width":350,"height":200,"srcset":"https:\/\/i0.wp.com\/www.robertosedda.it\/wp-content\/uploads\/2016\/09\/ALIM4483.jpg?fit=1200%2C900&ssl=1&resize=350%2C200 1x, https:\/\/i0.wp.com\/www.robertosedda.it\/wp-content\/uploads\/2016\/09\/ALIM4483.jpg?fit=1200%2C900&ssl=1&resize=700%2C400 2x, https:\/\/i0.wp.com\/www.robertosedda.it\/wp-content\/uploads\/2016\/09\/ALIM4483.jpg?fit=1200%2C900&ssl=1&resize=1050%2C600 3x"},"classes":[]},{"id":6782,"url":"https:\/\/www.robertosedda.it\/?p=6782","url_meta":{"origin":12353,"position":1},"title":"Un piccolo gioco sulla finanza etica","author":"Rufus","date":"19\/03\/2014","format":false,"excerpt":"Ieri, alla festa per i quindici anni di Banca Etica a Cagliari, abbiamo giocato. Inizialmente avevamo pensato solo di giocare (da qui il titolo, La finanza non \u00e8 un gioco), poi gradualmente abbiamo cambiato idea e organizzato cose diverse. A proposito: \u00e8 andata benissimo, anche se si \u00e8 grattata appena\u2026","rel":"","context":"In &quot;Banche e finanza&quot;","block_context":{"text":"Banche e finanza","link":"https:\/\/www.robertosedda.it\/?cat=72"},"img":{"alt_text":"","src":"https:\/\/i0.wp.com\/www.robertosedda.it\/wp-content\/uploads\/2014\/03\/Gioco-dei-barattoli.jpg?fit=540%2C960&ssl=1&resize=350%2C200","width":350,"height":200},"classes":[]},{"id":18376,"url":"https:\/\/www.robertosedda.it\/?p=18376","url_meta":{"origin":12353,"position":2},"title":"E fra poco va in onda la Filiale","author":"Rufus","date":"02\/12\/2020","format":false,"excerpt":"Alle 17,30 vado in onda a reti unificate (cio\u00e8: su Facebook e YouTube) per la festa on line di inugurazione della nuova Filiale di Banca Etica di Sassari, l'agognata filiale regionale della Sardegna. In realt\u00e0 la festa sarebbe pi\u00f9 una festa di compleanno, dato che la Filiale ha aperto praticamente\u2026","rel":"","context":"In &quot;Banche e finanza&quot;","block_context":{"text":"Banche e finanza","link":"https:\/\/www.robertosedda.it\/?cat=72"},"img":{"alt_text":"","src":"https:\/\/i0.wp.com\/www.robertosedda.it\/wp-content\/uploads\/2020\/12\/126126054_3693012367416326_3145716816525082391_o.jpg?fit=1200%2C801&ssl=1&resize=350%2C200","width":350,"height":200,"srcset":"https:\/\/i0.wp.com\/www.robertosedda.it\/wp-content\/uploads\/2020\/12\/126126054_3693012367416326_3145716816525082391_o.jpg?fit=1200%2C801&ssl=1&resize=350%2C200 1x, https:\/\/i0.wp.com\/www.robertosedda.it\/wp-content\/uploads\/2020\/12\/126126054_3693012367416326_3145716816525082391_o.jpg?fit=1200%2C801&ssl=1&resize=700%2C400 2x, https:\/\/i0.wp.com\/www.robertosedda.it\/wp-content\/uploads\/2020\/12\/126126054_3693012367416326_3145716816525082391_o.jpg?fit=1200%2C801&ssl=1&resize=1050%2C600 3x"},"classes":[]},{"id":7459,"url":"https:\/\/www.robertosedda.it\/?p=7459","url_meta":{"origin":12353,"position":3},"title":"Il banchiere dei poveri a &#8220;Oggi parliamo di libri&#8221;","author":"Rufus","date":"17\/05\/2014","format":"video","excerpt":"Il 13 marzo, in piena festa della finanza etica sono andato in onda su Oggi parliamo di libri e ho aggiunto il mio piccolo contributo ai festeggiamenti presentando Il banchiere dei poveri di Muhammad Yunus, il fondatore della Grameen Bank del Bangladesh, considerato l'inventore del moderno microcredito. La puntata \u00e8\u2026","rel":"","context":"In &quot;Biografie&quot;","block_context":{"text":"Biografie","link":"https:\/\/www.robertosedda.it\/?cat=83"},"img":{"alt_text":"","src":"https:\/\/i0.wp.com\/www.robertosedda.it\/wp-content\/uploads\/2014\/05\/Finanza-per-indignati.jpg?fit=282%2C420&ssl=1&resize=350%2C200","width":350,"height":200},"classes":[]},{"id":12559,"url":"https:\/\/www.robertosedda.it\/?p=12559","url_meta":{"origin":12353,"position":4},"title":"Ormai ci siamo","author":"Rufus","date":"21\/09\/2016","format":false,"excerpt":"Phew!! Era da un po' che non lavoravo cos\u00ec, per\u00f2 ormai ci siamo: dopodomani c'\u00e8 finalmente la festa di inaugurazione della sede di Banca Etica. Il programma \u00e8 bellissimo e man mano sono anche arrivate delle perle, come una strepitosa riscrittura di La paranza di Silvestri a opera di Paolo\u2026","rel":"","context":"In &quot;Banche e finanza&quot;","block_context":{"text":"Banche e finanza","link":"https:\/\/www.robertosedda.it\/?cat=72"},"img":{"alt_text":"","src":"https:\/\/i0.wp.com\/www.robertosedda.it\/wp-content\/uploads\/2016\/09\/Locandina-normale.jpg?fit=673%2C955&ssl=1&resize=350%2C200","width":350,"height":200},"classes":[]},{"id":6777,"url":"https:\/\/www.robertosedda.it\/?p=6777","url_meta":{"origin":12353,"position":5},"title":"\u00abFai un intervento politico&#8230;\u00bb","author":"Rufus","date":"18\/03\/2014","format":false,"excerpt":"\u00abFai un intervento politico...\u00bb \u00e8 la raccomandazione che sto facendo a tutti quelli che mi chiedono: \u00abChe devo dire?\u00bb. Stasera modero il dibattito (che spero succoso, interessante e partecipato) durante La finanza non \u00e8 un gioco, l'appuntamento cagliaritano della festa della finanza etica\u00a0che in tutta Italia\u00a0celebra i quindici anni di\u2026","rel":"","context":"In &quot;Banche e finanza&quot;","block_context":{"text":"Banche e finanza","link":"https:\/\/www.robertosedda.it\/?cat=72"},"img":{"alt_text":"","src":"https:\/\/i0.wp.com\/www.robertosedda.it\/wp-content\/uploads\/2014\/03\/Locandina.jpg?fit=664%2C960&ssl=1&resize=350%2C200","width":350,"height":200},"classes":[]}],"_links":{"self":[{"href":"https:\/\/www.robertosedda.it\/index.php?rest_route=\/wp\/v2\/posts\/12353"}],"collection":[{"href":"https:\/\/www.robertosedda.it\/index.php?rest_route=\/wp\/v2\/posts"}],"about":[{"href":"https:\/\/www.robertosedda.it\/index.php?rest_route=\/wp\/v2\/types\/post"}],"author":[{"embeddable":true,"href":"https:\/\/www.robertosedda.it\/index.php?rest_route=\/wp\/v2\/users\/1"}],"replies":[{"embeddable":true,"href":"https:\/\/www.robertosedda.it\/index.php?rest_route=%2Fwp%2Fv2%2Fcomments&post=12353"}],"version-history":[{"count":3,"href":"https:\/\/www.robertosedda.it\/index.php?rest_route=\/wp\/v2\/posts\/12353\/revisions"}],"predecessor-version":[{"id":12357,"href":"https:\/\/www.robertosedda.it\/index.php?rest_route=\/wp\/v2\/posts\/12353\/revisions\/12357"}],"wp:featuredmedia":[{"embeddable":true,"href":"https:\/\/www.robertosedda.it\/index.php?rest_route=\/wp\/v2\/media\/12354"}],"wp:attachment":[{"href":"https:\/\/www.robertosedda.it\/index.php?rest_route=%2Fwp%2Fv2%2Fmedia&parent=12353"}],"wp:term":[{"taxonomy":"category","embeddable":true,"href":"https:\/\/www.robertosedda.it\/index.php?rest_route=%2Fwp%2Fv2%2Fcategories&post=12353"},{"taxonomy":"post_tag","embeddable":true,"href":"https:\/\/www.robertosedda.it\/index.php?rest_route=%2Fwp%2Fv2%2Ftags&post=12353"}],"curies":[{"name":"wp","href":"https:\/\/api.w.org\/{rel}","templated":true}]}}