{"id":12277,"date":"2016-07-22T16:08:13","date_gmt":"2016-07-22T14:08:13","guid":{"rendered":"http:\/\/www.robertosedda.it\/?p=12277"},"modified":"2022-07-27T15:56:54","modified_gmt":"2022-07-27T13:56:54","slug":"staffette-turistico-solidali","status":"publish","type":"post","link":"https:\/\/www.robertosedda.it\/?p=12277","title":{"rendered":"Staffette turistico solidali"},"content":{"rendered":"<p>Stamattina salgo sull&#8217;8 per andare al lavoro, alla fermata vicino alla <em>Rinascente<\/em>.<\/p>\n<p>Mente salgo noto distrattamente una signora che si affanna a dire qualcosa all&#8217;autista, ma non ci faccio caso.<\/p>\n<p>Noto, invece, un gaurro in pantaloncini e canottiera da bisticcio che si alza in tutta fretta dalla panchina e apostrofa l&#8217;autista con vago tono di sfida.<\/p>\n<p>\u00abGuarda, questi signori\u00bb, e indica la signora affannata, \u00abdevono andare all&#8217;ospedale. Allora adesso li prendi, e poi ce li fai scendere al momento giusto\u00bb.<\/p>\n<p>Il tutto col vago tono di Pancho Villa che stesse consegnando a un contrabbandiere della Sonora dei <em>gringos<\/em> inetti da portare in salvo attraverso i monti Chiricahua.<\/p>\n<p>L&#8217;autista per\u00f2 \u00e8 un duro e fa: \u00ab<em>Ospedaaaaale<\/em>? <em>E caaaali ospedali?!<\/em>\u00bb, con l&#8217;aria di uno che aspetta solo che tu gli risponda con poco rispetto per estrarre la <em>Colt<\/em>.<\/p>\n<p>E il gaurro insiste: \u00abEeeh, quell&#8217;ospedale che c&#8217;ha il parco davanti&#8230; tutto quel parco&#8230;\u00bb.<\/p>\n<p>Nel mezzo di tutto questo colgo la signora, pi\u00f9 che perplessa, pronunciare le parole magiche: \u00ab<em>Jardin botanique<\/em>\u00bb<em>.<\/em><\/p>\n<p>In un lampo capisco tutto: il presunto ospedale \u00e8 la clinica Lai e il &#8220;parco&#8221;, appunto, l&#8217;Orto Botanico. Io scendo alla fermata giusta e quindi risolvo d&#8217;imperio la situazione dicendo con straordinaria padronanza delle lingue: \u00ab<em>Jardin Botanique?<\/em>\u00bb, \u00ab<em>Oui<\/em>, <em>oui<\/em>\u00bb, \u00ab<em>Avec moi!!<\/em>\u00bb, battendomi una mano sul petto.<\/p>\n<p><img data-attachment-id=\"12278\" data-permalink=\"https:\/\/www.robertosedda.it\/?attachment_id=12278\" data-orig-file=\"https:\/\/i0.wp.com\/www.robertosedda.it\/wp-content\/uploads\/2016\/07\/2014-01-03-11.49.52.jpg?fit=2048%2C1536&amp;ssl=1\" data-orig-size=\"2048,1536\" data-comments-opened=\"1\" data-image-meta=\"{&quot;aperture&quot;:&quot;2.6&quot;,&quot;credit&quot;:&quot;&quot;,&quot;camera&quot;:&quot;YP-G70&quot;,&quot;caption&quot;:&quot;&quot;,&quot;created_timestamp&quot;:&quot;1388749792&quot;,&quot;copyright&quot;:&quot;&quot;,&quot;focal_length&quot;:&quot;3.79&quot;,&quot;iso&quot;:&quot;50&quot;,&quot;shutter_speed&quot;:&quot;0.0087719298245614&quot;,&quot;title&quot;:&quot;&quot;,&quot;orientation&quot;:&quot;1&quot;}\" data-image-title=\"2014-01-03 11.49.52\" data-image-description=\"\" data-image-caption=\"\" data-medium-file=\"https:\/\/i0.wp.com\/www.robertosedda.it\/wp-content\/uploads\/2016\/07\/2014-01-03-11.49.52.jpg?fit=300%2C225&amp;ssl=1\" data-large-file=\"https:\/\/i0.wp.com\/www.robertosedda.it\/wp-content\/uploads\/2016\/07\/2014-01-03-11.49.52.jpg?fit=510%2C383&amp;ssl=1\" decoding=\"async\" loading=\"lazy\" class=\"aligncenter size-full wp-image-12278\" src=\"https:\/\/i0.wp.com\/www.robertosedda.it\/wp-content\/uploads\/2016\/07\/2014-01-03-11.49.52.jpg?resize=800%2C600\" alt=\"2014-01-03 11.49.52\" width=\"800\" height=\"600\" srcset=\"https:\/\/i0.wp.com\/www.robertosedda.it\/wp-content\/uploads\/2016\/07\/2014-01-03-11.49.52.jpg?w=2048&amp;ssl=1 2048w, https:\/\/i0.wp.com\/www.robertosedda.it\/wp-content\/uploads\/2016\/07\/2014-01-03-11.49.52.jpg?resize=150%2C113&amp;ssl=1 150w, https:\/\/i0.wp.com\/www.robertosedda.it\/wp-content\/uploads\/2016\/07\/2014-01-03-11.49.52.jpg?resize=300%2C225&amp;ssl=1 300w, https:\/\/i0.wp.com\/www.robertosedda.it\/wp-content\/uploads\/2016\/07\/2014-01-03-11.49.52.jpg?resize=510%2C383&amp;ssl=1 510w, https:\/\/i0.wp.com\/www.robertosedda.it\/wp-content\/uploads\/2016\/07\/2014-01-03-11.49.52.jpg?resize=268%2C200&amp;ssl=1 268w, https:\/\/i0.wp.com\/www.robertosedda.it\/wp-content\/uploads\/2016\/07\/2014-01-03-11.49.52.jpg?resize=700%2C525&amp;ssl=1 700w, https:\/\/i0.wp.com\/www.robertosedda.it\/wp-content\/uploads\/2016\/07\/2014-01-03-11.49.52.jpg?w=1600 1600w\" sizes=\"(max-width: 800px) 100vw, 800px\" data-recalc-dims=\"1\" \/>La signora si accomoda in fondo insieme al marito, il gaurro torna nel suo rifugio sull&#8217;Alta Sierra e l&#8217;autista riparte ma io, nel frattempo, comincio a provare delle perplessit\u00e0. Perch\u00e9 coi signori francesi dovrei scendere alla seconda fermata di Buoncammino ma io da un po&#8217; di tempo ho preso la vezzosa abitudine di scendere alla <em>prima<\/em> fermata, per prendermi un caff\u00e8 al chioschetto della Polizia. E far scendere prima i turisti non va bene.<\/p>\n<p>Per fortuna noto una ragazza intenta a studiare microeconomia. Deduzione fulminea.<\/p>\n<p>E quindi le faccio, con la mia migliore aria rassicurante: \u00abScusa, posso chiederti una cosa? Sei una studentessa di Scienze Politiche o Economia?\u00bb.<\/p>\n<p>\u00abEconomia, prego\u00bb, fa lei. Io noto com&#8217;\u00e8 in tiro e, anche contando che evidentemente sta andando a dare un esame, penso che me lo potevo immaginare.<\/p>\n<p>\u00abScusa, io scendo ora. Tu vai in Facolt\u00e0? Quei signori devono andare all&#8217;Orto Botanico, per cui puoi farli scendere con te e poi portarli gi\u00f9 fino alla Facolt\u00e0?\u00bb.<\/p>\n<p>Lei \u00e8 subito d&#8217;accordo. Io scendo, non prima di averla indicata ai signori con continuata perizia linguistica: \u00ab<em>Vous! Avec mademoiselle! Je debord<\/em> [ehm, che Dio mi perdoni] <em>ici!<\/em> <em>Vous a la prochaine avec mademoiselle<\/em>\u00bb.<\/p>\n<p>Mentre sorbisco beato il caff\u00e8, mi chiedo a chi li abbia consegnati la ragazza per gli ultimi cinquecento metri, dalla Facolt\u00e0 all&#8217;Orto Botanico. Chiss\u00e0, forse a un Salesiano diretto alla scuola, o a una badante ucraina.<\/p>\n<p>A noi a Cagliari i contrabbandieri dei Chiricahua ci fanno un baffo.<\/p>\n","protected":false},"excerpt":{"rendered":"<p>Stamattina salgo sull&#8217;8 per andare al lavoro, alla fermata vicino alla Rinascente. Mente salgo noto distrattamente una signora che si<\/p>\n","protected":false},"author":1,"featured_media":12278,"comment_status":"open","ping_status":"open","sticky":false,"template":"","format":"standard","meta":{"_mi_skip_tracking":false,"_monsterinsights_sitenote_active":false,"_monsterinsights_sitenote_note":"","_monsterinsights_sitenote_category":0,"jetpack_post_was_ever_published":false,"_jetpack_newsletter_access":"","jetpack_publicize_message":"","jetpack_is_tweetstorm":false,"jetpack_publicize_feature_enabled":true,"jetpack_social_post_already_shared":true,"jetpack_social_options":{"image_generator_settings":{"template":"highway","enabled":false}}},"categories":[52,56,18,61,16],"tags":[],"jetpack_publicize_connections":[],"jetpack_featured_media_url":"https:\/\/i0.wp.com\/www.robertosedda.it\/wp-content\/uploads\/2016\/07\/2014-01-03-11.49.52.jpg?fit=2048%2C1536&ssl=1","jetpack_sharing_enabled":true,"jetpack_shortlink":"https:\/\/wp.me\/p4jV2T-3c1","jetpack_likes_enabled":true,"jetpack-related-posts":[{"id":16637,"url":"https:\/\/www.robertosedda.it\/?p=16637","url_meta":{"origin":12277,"position":0},"title":"Di recente sul CTM","author":"Rufus","date":"30\/04\/2019","format":false,"excerpt":"Sordit\u00e0 L'altro giorno sull'autobus mi sono seduto sul primo posto che si trova appena saliti, dall'altro lato dell'autista, una specie di nicchia che considero confortevolissima e perfino dotata di una specie di piano laterale nel quale si pu\u00f2 poggiare la borsa. Quando sono salito l'autobus era mezzo vuoto ma subito\u2026","rel":"","context":"In &quot;Coordinate&quot;","block_context":{"text":"Coordinate","link":"https:\/\/www.robertosedda.it\/?cat=52"},"img":{"alt_text":"","src":"https:\/\/i0.wp.com\/www.robertosedda.it\/wp-content\/uploads\/2019\/04\/Bus-CTM.jpg?fit=1200%2C674&ssl=1&resize=350%2C200","width":350,"height":200,"srcset":"https:\/\/i0.wp.com\/www.robertosedda.it\/wp-content\/uploads\/2019\/04\/Bus-CTM.jpg?fit=1200%2C674&ssl=1&resize=350%2C200 1x, https:\/\/i0.wp.com\/www.robertosedda.it\/wp-content\/uploads\/2019\/04\/Bus-CTM.jpg?fit=1200%2C674&ssl=1&resize=700%2C400 2x, https:\/\/i0.wp.com\/www.robertosedda.it\/wp-content\/uploads\/2019\/04\/Bus-CTM.jpg?fit=1200%2C674&ssl=1&resize=1050%2C600 3x"},"classes":[]},{"id":7815,"url":"https:\/\/www.robertosedda.it\/?p=7815","url_meta":{"origin":12277,"position":1},"title":"Autisti in cerca d&#8217;autore","author":"Rufus","date":"23\/06\/2014","format":false,"excerpt":"L'altro giorno ero a Roma e sono emerso dalla metropolitana a Termini. Dovevo andare in via Toscana per una riunione di Banca Etica: da Termini sono dieci minuti\u00a0e di solito vado a piedi, ma questa volta avevo una sacca pi\u00f9 pesante e ho deciso di prendere l'autobus. Mi indicano il\u2026","rel":"","context":"In &quot;Coordinate&quot;","block_context":{"text":"Coordinate","link":"https:\/\/www.robertosedda.it\/?cat=52"},"img":{"alt_text":"","src":"https:\/\/i0.wp.com\/www.robertosedda.it\/wp-content\/uploads\/2014\/06\/2014-03-15-14.48.36.jpg?fit=1200%2C900&ssl=1&resize=350%2C200","width":350,"height":200,"srcset":"https:\/\/i0.wp.com\/www.robertosedda.it\/wp-content\/uploads\/2014\/06\/2014-03-15-14.48.36.jpg?fit=1200%2C900&ssl=1&resize=350%2C200 1x, https:\/\/i0.wp.com\/www.robertosedda.it\/wp-content\/uploads\/2014\/06\/2014-03-15-14.48.36.jpg?fit=1200%2C900&ssl=1&resize=700%2C400 2x, https:\/\/i0.wp.com\/www.robertosedda.it\/wp-content\/uploads\/2014\/06\/2014-03-15-14.48.36.jpg?fit=1200%2C900&ssl=1&resize=1050%2C600 3x"},"classes":[]},{"id":15056,"url":"https:\/\/www.robertosedda.it\/?p=15056","url_meta":{"origin":12277,"position":2},"title":"Facile moralismo","author":"Rufus","date":"23\/04\/2018","format":false,"excerpt":"Stamattina mi sono visto passare il\u00a06 sotto il naso, per una volta che ero riuscito a uscire di casa puntuale. Per fortuna un attimo dopo passa il\u00a031, scarica l'abituale orda di ragazzini diretti alle scuole della zona e prosegue, con a bordo un'altra orda di altri ragazzini, sei immigrati africani,\u2026","rel":"","context":"In &quot;Coordinate&quot;","block_context":{"text":"Coordinate","link":"https:\/\/www.robertosedda.it\/?cat=52"},"img":{"alt_text":"","src":"https:\/\/i0.wp.com\/www.robertosedda.it\/wp-content\/uploads\/2018\/04\/189095_1008070813927_9322_n.jpg?fit=604%2C453&ssl=1&resize=350%2C200","width":350,"height":200},"classes":[]},{"id":8267,"url":"https:\/\/www.robertosedda.it\/?p=8267","url_meta":{"origin":12277,"position":3},"title":"Fenomenologia della distribuzione dei posti a sedere: l&#8217;Avvoltoio del CTM","author":"Rufus","date":"28\/08\/2014","format":false,"excerpt":"Oggi sull'autobus ho incontrato l'Avvoltoio. Ma andiamo con ordine. Le persone che sull'autobus desiderano sedersi e trovano i posti occupati tendono a comportarsi in maniera diversa. A un estremo ci sono quelli che sopportano, e restano in piedi. O quelli giovani, che non hanno diritto. O quelli\u00a0della mia et\u00e0,\u00a0che se\u2026","rel":"","context":"In &quot;Coordinate&quot;","block_context":{"text":"Coordinate","link":"https:\/\/www.robertosedda.it\/?cat=52"},"img":{"alt_text":"","src":"https:\/\/i0.wp.com\/www.robertosedda.it\/wp-content\/uploads\/2014\/08\/Avvoltoio.jpg?fit=252%2C333&ssl=1&resize=350%2C200","width":350,"height":200},"classes":[]},{"id":16159,"url":"https:\/\/www.robertosedda.it\/?p=16159","url_meta":{"origin":12277,"position":4},"title":"Cortesie impreviste sulle linee del CTM","author":"Rufus","date":"15\/01\/2019","format":false,"excerpt":"Avviso: post ad alto contenuto di turpiloquio tipicamente cagliaritano. No, il molente non compare. Ma \u00e8 l'unico. Foto SardegnaOggi Cortesie mal comprese L'altro giorno sono arrivato alla fermata dell'autobus per andare al lavoro senza avere fatto colazione. Vedo dalla paletta che mancano cinque minuti all'arrivo dell'8, mi tiro il paro\u2026","rel":"","context":"In &quot;Coordinate&quot;","block_context":{"text":"Coordinate","link":"https:\/\/www.robertosedda.it\/?cat=52"},"img":{"alt_text":"","src":"https:\/\/i0.wp.com\/www.robertosedda.it\/wp-content\/uploads\/2016\/10\/CTM.jpg?fit=650%2C396&ssl=1&resize=350%2C200","width":350,"height":200},"classes":[]},{"id":879,"url":"https:\/\/www.robertosedda.it\/?p=879","url_meta":{"origin":12277,"position":5},"title":"L&#8217;esperienza insegna","author":"Rufus","date":"18\/09\/2012","format":false,"excerpt":"Ieri arrivo all'aereoporto di Fiumicino e\u00a0salgo sul pullman che porta dall'aereo al terminal. Il pullman arriva davanti alla porta e si ferma. Non succede niente. Aspettiamo. Continua a non succedere niente. Finalmente nell'interfono l'autista ci dice che c'\u00e8 un guasto e le porte non si aprono. Siamo prigionieri, ma niente\u2026","rel":"","context":"In &quot;Coordinate&quot;","block_context":{"text":"Coordinate","link":"https:\/\/www.robertosedda.it\/?cat=52"},"img":{"alt_text":"","src":"","width":0,"height":0},"classes":[]}],"_links":{"self":[{"href":"https:\/\/www.robertosedda.it\/index.php?rest_route=\/wp\/v2\/posts\/12277"}],"collection":[{"href":"https:\/\/www.robertosedda.it\/index.php?rest_route=\/wp\/v2\/posts"}],"about":[{"href":"https:\/\/www.robertosedda.it\/index.php?rest_route=\/wp\/v2\/types\/post"}],"author":[{"embeddable":true,"href":"https:\/\/www.robertosedda.it\/index.php?rest_route=\/wp\/v2\/users\/1"}],"replies":[{"embeddable":true,"href":"https:\/\/www.robertosedda.it\/index.php?rest_route=%2Fwp%2Fv2%2Fcomments&post=12277"}],"version-history":[{"count":3,"href":"https:\/\/www.robertosedda.it\/index.php?rest_route=\/wp\/v2\/posts\/12277\/revisions"}],"predecessor-version":[{"id":13995,"href":"https:\/\/www.robertosedda.it\/index.php?rest_route=\/wp\/v2\/posts\/12277\/revisions\/13995"}],"wp:featuredmedia":[{"embeddable":true,"href":"https:\/\/www.robertosedda.it\/index.php?rest_route=\/wp\/v2\/media\/12278"}],"wp:attachment":[{"href":"https:\/\/www.robertosedda.it\/index.php?rest_route=%2Fwp%2Fv2%2Fmedia&parent=12277"}],"wp:term":[{"taxonomy":"category","embeddable":true,"href":"https:\/\/www.robertosedda.it\/index.php?rest_route=%2Fwp%2Fv2%2Fcategories&post=12277"},{"taxonomy":"post_tag","embeddable":true,"href":"https:\/\/www.robertosedda.it\/index.php?rest_route=%2Fwp%2Fv2%2Ftags&post=12277"}],"curies":[{"name":"wp","href":"https:\/\/api.w.org\/{rel}","templated":true}]}}