{"id":12235,"date":"2016-07-14T18:01:05","date_gmt":"2016-07-14T16:01:05","guid":{"rendered":"http:\/\/www.robertosedda.it\/?p=12235"},"modified":"2022-07-15T10:32:33","modified_gmt":"2022-07-15T08:32:33","slug":"prossima-stazione-america","status":"publish","type":"post","link":"https:\/\/www.robertosedda.it\/?p=12235","title":{"rendered":"Prossima stazione America"},"content":{"rendered":"<p>Credo sappiate che il tema dei viaggi in treno mi appassiona da un po&#8217; (probabilmente da quando andai a Vienna in treno dopo la maturit\u00e0, credo, ma quella \u00e8 un&#8217;altra storia e sar\u00e0 raccontata un&#8217;altra volta). E <a href=\"http:\/\/www.robertosedda.it\/?p=5743\">avevo gi\u00e0 segnalato il lavoro del regista Duccio Chiarini<\/a>\u00a0e le sue interviste sui treni a lunga percorrenza negli Stati Uniti, raccontate alla radio.<\/p>\n<p>Adesso vedo su\u00a0<em>Internazionale<\/em> che Chiarini ha portato su video quell&#8217;esperienza con una serie che si chiama <em><a href=\"http:\/\/www.internazionale.it\/storia\/prossima-stazione-america\">Prossima stazione America<\/a>.<\/em><\/p>\n<p><img data-attachment-id=\"12236\" data-permalink=\"https:\/\/www.robertosedda.it\/?attachment_id=12236\" data-orig-file=\"https:\/\/i0.wp.com\/www.robertosedda.it\/wp-content\/uploads\/2016\/07\/Prossima-stazione-America.jpg?fit=850%2C480&amp;ssl=1\" data-orig-size=\"850,480\" data-comments-opened=\"1\" data-image-meta=\"{&quot;aperture&quot;:&quot;0&quot;,&quot;credit&quot;:&quot;Roberto Sedda&quot;,&quot;camera&quot;:&quot;&quot;,&quot;caption&quot;:&quot;&quot;,&quot;created_timestamp&quot;:&quot;1468519181&quot;,&quot;copyright&quot;:&quot;&quot;,&quot;focal_length&quot;:&quot;0&quot;,&quot;iso&quot;:&quot;0&quot;,&quot;shutter_speed&quot;:&quot;0&quot;,&quot;title&quot;:&quot;&quot;,&quot;orientation&quot;:&quot;0&quot;}\" data-image-title=\"Prossima stazione America\" data-image-description=\"\" data-image-caption=\"\" data-medium-file=\"https:\/\/i0.wp.com\/www.robertosedda.it\/wp-content\/uploads\/2016\/07\/Prossima-stazione-America.jpg?fit=300%2C169&amp;ssl=1\" data-large-file=\"https:\/\/i0.wp.com\/www.robertosedda.it\/wp-content\/uploads\/2016\/07\/Prossima-stazione-America.jpg?fit=510%2C288&amp;ssl=1\" decoding=\"async\" loading=\"lazy\" class=\"aligncenter size-full wp-image-12236\" src=\"https:\/\/i0.wp.com\/www.robertosedda.it\/wp-content\/uploads\/2016\/07\/Prossima-stazione-America.jpg?resize=800%2C452\" alt=\"Prossima stazione America\" width=\"800\" height=\"452\" srcset=\"https:\/\/i0.wp.com\/www.robertosedda.it\/wp-content\/uploads\/2016\/07\/Prossima-stazione-America.jpg?w=850&amp;ssl=1 850w, https:\/\/i0.wp.com\/www.robertosedda.it\/wp-content\/uploads\/2016\/07\/Prossima-stazione-America.jpg?resize=150%2C85&amp;ssl=1 150w, https:\/\/i0.wp.com\/www.robertosedda.it\/wp-content\/uploads\/2016\/07\/Prossima-stazione-America.jpg?resize=300%2C169&amp;ssl=1 300w, https:\/\/i0.wp.com\/www.robertosedda.it\/wp-content\/uploads\/2016\/07\/Prossima-stazione-America.jpg?resize=510%2C288&amp;ssl=1 510w, https:\/\/i0.wp.com\/www.robertosedda.it\/wp-content\/uploads\/2016\/07\/Prossima-stazione-America.jpg?resize=700%2C395&amp;ssl=1 700w\" sizes=\"(max-width: 800px) 100vw, 800px\" data-recalc-dims=\"1\" \/>Trovo\u00a0il racconto visuale\u00a0meno affascinante di quello radiofonico,\u00a0o meglio: alla radio tutto era pi\u00f9 suggestivo e invitava a giocare di pi\u00f9 con l&#8217;immaginazione: qui certo c&#8217;\u00e8 il valore aggiunto di dare un volto a chi parla e, contemporaneamente, di poter notare ci\u00f2 che scorre fuori del finestrino, ma un po&#8217; di suggestione si perde.<\/p>\n<p>Anche con questo piccolo rimpianto trovo la serie per il momento bellissima (siamo alla seconda puntata) e assolutamente meritevole di essere seguita (e\u00a0<em>Internazionale<\/em> si conferma attentissima ai vari linguaggi e alla possibilit\u00e0 di integrare la pagina scritta con altro, rendendo il proprio sito qualcosa di diverso e complementare dal numero in edicola &#8211; non tutti ci riescono: i quotidiani, per esempio, certamente no).<\/p>\n","protected":false},"excerpt":{"rendered":"<p>Credo sappiate che il tema dei viaggi in treno mi appassiona da un po&#8217; (probabilmente da quando andai a Vienna<\/p>\n","protected":false},"author":1,"featured_media":12236,"comment_status":"open","ping_status":"open","sticky":false,"template":"","format":"standard","meta":{"_mi_skip_tracking":false,"_monsterinsights_sitenote_active":false,"_monsterinsights_sitenote_note":"","_monsterinsights_sitenote_category":0,"jetpack_post_was_ever_published":false,"_jetpack_newsletter_access":"","jetpack_publicize_message":"","jetpack_is_tweetstorm":false,"jetpack_publicize_feature_enabled":true,"jetpack_social_post_already_shared":true,"jetpack_social_options":{"image_generator_settings":{"template":"highway","enabled":false}}},"categories":[52,14,64,55,12],"tags":[],"jetpack_publicize_connections":[],"jetpack_featured_media_url":"https:\/\/i0.wp.com\/www.robertosedda.it\/wp-content\/uploads\/2016\/07\/Prossima-stazione-America.jpg?fit=850%2C480&ssl=1","jetpack_sharing_enabled":true,"jetpack_shortlink":"https:\/\/wp.me\/p4jV2T-3bl","jetpack_likes_enabled":true,"jetpack-related-posts":[{"id":5743,"url":"https:\/\/www.robertosedda.it\/?p=5743","url_meta":{"origin":12235,"position":0},"title":"In viaggio per gli Stati Uniti esclusivamente col treno","author":"Rufus","date":"04\/01\/2014","format":false,"excerpt":"Non l'ho mai scritto qui ma mi piace molto Passioni, un programma di Radio3 che va in onda il sabato e la domenica mattina, alle undici meno dieci circa (e che completa, devo dire, un fior fior di mattinata che comprende Lezioni di musica e Uomini e profeti, che a\u2026","rel":"","context":"In &quot;Coordinate&quot;","block_context":{"text":"Coordinate","link":"https:\/\/www.robertosedda.it\/?cat=52"},"img":{"alt_text":"","src":"https:\/\/i0.wp.com\/www.robertosedda.it\/wp-content\/uploads\/2014\/01\/AMTRAK-22.jpg?fit=413%2C310&ssl=1&resize=350%2C200","width":350,"height":200},"classes":[]},{"id":6140,"url":"https:\/\/www.robertosedda.it\/?p=6140","url_meta":{"origin":12235,"position":1},"title":"La mia banca \u00e8 differente","author":"Rufus","date":"04\/02\/2014","format":false,"excerpt":"Credo che molti dei miei amici e lettori sappiano gi\u00e0 che quest'anno Banca Etica, avendo aperto l'8 maggio del 1999, festeggia il suo quindicesimo anno di vita. Sul sito della Banca \u00e8 stata aperta una sezione molto bella, molto narrativa, molto interattiva, che racconta sia le iniziative in programma in\u2026","rel":"","context":"In &quot;Coordinate&quot;","block_context":{"text":"Coordinate","link":"https:\/\/www.robertosedda.it\/?cat=52"},"img":{"alt_text":"","src":"https:\/\/i0.wp.com\/www.robertosedda.it\/wp-content\/uploads\/2014\/02\/Banca-Etica-15-anni.jpg?fit=510%2C250&ssl=1&resize=350%2C200","width":350,"height":200},"classes":[]},{"id":6477,"url":"https:\/\/www.robertosedda.it\/?p=6477","url_meta":{"origin":12235,"position":2},"title":"Frankie Machine alla radio","author":"Rufus","date":"16\/02\/2014","format":"video","excerpt":"Di Frankie Machine ho gi\u00e0 parlato qui sul blog, quindi non mi pare il caso di presentare nuovamente il libro. Nella preparazione della puntata in realt\u00e0 avevo deciso di dilungarmi un po', oltre che sul romanzo, su quel sottogenere del noir americano dedicato all'intreccio fra poteri dello Stato, poteri forti\u2026","rel":"","context":"In &quot;Coordinate&quot;","block_context":{"text":"Coordinate","link":"https:\/\/www.robertosedda.it\/?cat=52"},"img":{"alt_text":"","src":"https:\/\/i0.wp.com\/www.robertosedda.it\/wp-content\/uploads\/2014\/02\/l-inverno-di-frankie-machine-don-winslow.jpg?fit=500%2C644&ssl=1&resize=350%2C200","width":350,"height":200},"classes":[]},{"id":17651,"url":"https:\/\/www.robertosedda.it\/?p=17651","url_meta":{"origin":12235,"position":3},"title":"Non mi sono fatto niente!","author":"Rufus","date":"30\/12\/2019","format":false,"excerpt":"Per quelli di voi che non sono esperti della migliore commedia italiana, il riferimento \u00e8 a una scena classica del Ciclone di Pieraccioni: https:\/\/www.youtube.com\/watch?v=j48953JqS_A Perch\u00e9 la settimana prima di Natale, andando a Sorso per una valutazione sociale di Banca Etica, sono uscito di strada e ho distrutto la macchina. Oh,\u2026","rel":"","context":"In &quot;Coordinate&quot;","block_context":{"text":"Coordinate","link":"https:\/\/www.robertosedda.it\/?cat=52"},"img":{"alt_text":"","src":"https:\/\/i0.wp.com\/www.robertosedda.it\/wp-content\/uploads\/2019\/12\/IMG_20191227_110204-1-scaled.jpg?fit=1200%2C900&ssl=1&resize=350%2C200","width":350,"height":200,"srcset":"https:\/\/i0.wp.com\/www.robertosedda.it\/wp-content\/uploads\/2019\/12\/IMG_20191227_110204-1-scaled.jpg?fit=1200%2C900&ssl=1&resize=350%2C200 1x, https:\/\/i0.wp.com\/www.robertosedda.it\/wp-content\/uploads\/2019\/12\/IMG_20191227_110204-1-scaled.jpg?fit=1200%2C900&ssl=1&resize=700%2C400 2x, https:\/\/i0.wp.com\/www.robertosedda.it\/wp-content\/uploads\/2019\/12\/IMG_20191227_110204-1-scaled.jpg?fit=1200%2C900&ssl=1&resize=1050%2C600 3x"},"classes":[]},{"id":2004,"url":"https:\/\/www.robertosedda.it\/?p=2004","url_meta":{"origin":12235,"position":4},"title":"Conan a &#8220;Oggi parliamo di libri&#8221;","author":"Rufus","date":"23\/01\/2013","format":false,"excerpt":"La quarta puntata di Oggi parliamo di libri era dedicata a Conan. La quarta? E ormai \u00e8 andata in onda gi\u00e0 la settima! Sono in ritardissimo nella trascrizione delle puntate. Me tapino... Comunque, la puntata si \u00e8 aperta col botto. Con voce impostata (che temo facesse un po' ridere) ho\u2026","rel":"","context":"In &quot;Coordinate&quot;","block_context":{"text":"Coordinate","link":"https:\/\/www.robertosedda.it\/?cat=52"},"img":{"alt_text":"","src":"https:\/\/i0.wp.com\/www.robertosedda.it\/wp-content\/uploads\/2013\/01\/Conan-cimmero.jpg?fit=466%2C720&ssl=1&resize=350%2C200","width":350,"height":200},"classes":[]},{"id":11264,"url":"https:\/\/www.robertosedda.it\/?p=11264","url_meta":{"origin":12235,"position":5},"title":"Che furbastro, quel Volpone!","author":"Rufus","date":"09\/12\/2015","format":"video","excerpt":"La cosa che pi\u00f9 mi colpisce di questa stagione di Oggi parliamo di libri \u00e8 la quantit\u00e0 di scoperte che faccio. Queste scoperte continue sono il motivo per il quale, dopo avere molto esitato a riprendere la trasmissione, mi sto invece divertendo moltissimo: sarei contentissimo di sapere che questo mio\u2026","rel":"","context":"In &quot;Coordinate&quot;","block_context":{"text":"Coordinate","link":"https:\/\/www.robertosedda.it\/?cat=52"},"img":{"alt_text":"","src":"https:\/\/i0.wp.com\/img.youtube.com\/vi\/C5JoMYsYQr0\/0.jpg?resize=350%2C200","width":350,"height":200},"classes":[]}],"_links":{"self":[{"href":"https:\/\/www.robertosedda.it\/index.php?rest_route=\/wp\/v2\/posts\/12235"}],"collection":[{"href":"https:\/\/www.robertosedda.it\/index.php?rest_route=\/wp\/v2\/posts"}],"about":[{"href":"https:\/\/www.robertosedda.it\/index.php?rest_route=\/wp\/v2\/types\/post"}],"author":[{"embeddable":true,"href":"https:\/\/www.robertosedda.it\/index.php?rest_route=\/wp\/v2\/users\/1"}],"replies":[{"embeddable":true,"href":"https:\/\/www.robertosedda.it\/index.php?rest_route=%2Fwp%2Fv2%2Fcomments&post=12235"}],"version-history":[{"count":1,"href":"https:\/\/www.robertosedda.it\/index.php?rest_route=\/wp\/v2\/posts\/12235\/revisions"}],"predecessor-version":[{"id":12237,"href":"https:\/\/www.robertosedda.it\/index.php?rest_route=\/wp\/v2\/posts\/12235\/revisions\/12237"}],"wp:featuredmedia":[{"embeddable":true,"href":"https:\/\/www.robertosedda.it\/index.php?rest_route=\/wp\/v2\/media\/12236"}],"wp:attachment":[{"href":"https:\/\/www.robertosedda.it\/index.php?rest_route=%2Fwp%2Fv2%2Fmedia&parent=12235"}],"wp:term":[{"taxonomy":"category","embeddable":true,"href":"https:\/\/www.robertosedda.it\/index.php?rest_route=%2Fwp%2Fv2%2Fcategories&post=12235"},{"taxonomy":"post_tag","embeddable":true,"href":"https:\/\/www.robertosedda.it\/index.php?rest_route=%2Fwp%2Fv2%2Ftags&post=12235"}],"curies":[{"name":"wp","href":"https:\/\/api.w.org\/{rel}","templated":true}]}}