{"id":12226,"date":"2016-07-12T16:17:04","date_gmt":"2016-07-12T14:17:04","guid":{"rendered":"http:\/\/www.robertosedda.it\/?p=12226"},"modified":"2016-08-22T14:02:47","modified_gmt":"2016-08-22T12:02:47","slug":"dei-regali-che-mi-faccio","status":"publish","type":"post","link":"https:\/\/www.robertosedda.it\/?p=12226","title":{"rendered":"Dei regali che mi faccio"},"content":{"rendered":"<h4>Quando ho compiuto cinquantadue anni, <a href=\"http:\/\/www.robertosedda.it\/?p=11936\">un mese e mezzo fa<\/a>, ho deciso di farmi alcuni regali.<\/h4>\n<p><img data-attachment-id=\"12227\" data-permalink=\"https:\/\/www.robertosedda.it\/?attachment_id=12227\" data-orig-file=\"https:\/\/i0.wp.com\/www.robertosedda.it\/wp-content\/uploads\/2016\/07\/Banchiera-ambulante.jpg?fit=2560%2C1536&amp;ssl=1\" data-orig-size=\"2560,1536\" data-comments-opened=\"1\" data-image-meta=\"{&quot;aperture&quot;:&quot;2.6&quot;,&quot;credit&quot;:&quot;&quot;,&quot;camera&quot;:&quot;GT-I8200&quot;,&quot;caption&quot;:&quot;&quot;,&quot;created_timestamp&quot;:&quot;1466790249&quot;,&quot;copyright&quot;:&quot;&quot;,&quot;focal_length&quot;:&quot;3.31&quot;,&quot;iso&quot;:&quot;50&quot;,&quot;shutter_speed&quot;:&quot;0.008544921875&quot;,&quot;title&quot;:&quot;&quot;,&quot;orientation&quot;:&quot;1&quot;}\" data-image-title=\"Banchiera ambulante\" data-image-description=\"\" data-image-caption=\"\" data-medium-file=\"https:\/\/i0.wp.com\/www.robertosedda.it\/wp-content\/uploads\/2016\/07\/Banchiera-ambulante.jpg?fit=300%2C180&amp;ssl=1\" data-large-file=\"https:\/\/i0.wp.com\/www.robertosedda.it\/wp-content\/uploads\/2016\/07\/Banchiera-ambulante.jpg?fit=510%2C306&amp;ssl=1\" decoding=\"async\" loading=\"lazy\" class=\"aligncenter size-full wp-image-12227\" src=\"https:\/\/i0.wp.com\/www.robertosedda.it\/wp-content\/uploads\/2016\/07\/Banchiera-ambulante.jpg?resize=800%2C480\" alt=\"Banchiera ambulante\" width=\"800\" height=\"480\" srcset=\"https:\/\/i0.wp.com\/www.robertosedda.it\/wp-content\/uploads\/2016\/07\/Banchiera-ambulante.jpg?w=2560&amp;ssl=1 2560w, https:\/\/i0.wp.com\/www.robertosedda.it\/wp-content\/uploads\/2016\/07\/Banchiera-ambulante.jpg?resize=150%2C90&amp;ssl=1 150w, https:\/\/i0.wp.com\/www.robertosedda.it\/wp-content\/uploads\/2016\/07\/Banchiera-ambulante.jpg?resize=300%2C180&amp;ssl=1 300w, https:\/\/i0.wp.com\/www.robertosedda.it\/wp-content\/uploads\/2016\/07\/Banchiera-ambulante.jpg?resize=510%2C306&amp;ssl=1 510w, https:\/\/i0.wp.com\/www.robertosedda.it\/wp-content\/uploads\/2016\/07\/Banchiera-ambulante.jpg?resize=700%2C420&amp;ssl=1 700w, https:\/\/i0.wp.com\/www.robertosedda.it\/wp-content\/uploads\/2016\/07\/Banchiera-ambulante.jpg?w=1600 1600w, https:\/\/i0.wp.com\/www.robertosedda.it\/wp-content\/uploads\/2016\/07\/Banchiera-ambulante.jpg?w=2400 2400w\" sizes=\"(max-width: 800px) 100vw, 800px\" data-recalc-dims=\"1\" \/>Perch\u00e9 avevo\u00a0l&#8217;idea che adesso che c&#8217;\u00e8 la banchiera ambulante a Cagliari (nella foto qui sopra) un po&#8217; si chiude un ciclo iniziato nel 2008 e magari si pu\u00f2 cominciare a pensare ad altri obiettivi.<\/p>\n<p>Cos\u00ec (primo regalo) ho deciso che, visto che proprio ora sta iniziando una nuova consiliatura comunale, voglio capire qualcosa di pi\u00f9 della vita di citt\u00e0 e perci\u00f2 andr\u00f2 a tutte le riunioni del Consiglio comunale, oppure me le guardo in\u00a0<em>streaming<\/em>.<\/p>\n<p>L&#8217;ultimo che ho conosciuto che lo faceva \u00e8 Roberto Cotti, che poi \u00e8 diventato senatore. Io ho altri obiettivi, devo dire, e forse anche un angolo visuale e delle curiosit\u00e0 anomale, se considero che l&#8217;idea che mi\u00a0porto via dalla prima riunione, in cui sono stati nominati assessori e presidente del Consiglio, \u00e8 che \u00e8 curioso che sul tavolo della presidenza ci siano bottiglie di acqua minerale: ma come, il Sindaco non dovrebbe bere la sua acqua?<\/p>\n<p>Il secondo regalo \u00e8 che, <a href=\"http:\/\/www.robertosedda.it\/?p=2307\">a mio modo<\/a>, vorrei fare un po&#8217; di politica in pi\u00f9, e quindi mi regalo il\u00a0<em>referendum<\/em>.<\/p>\n<p>Sul fronte del\u00a0<em>No<\/em>, spero non ci fosse bisogno di specificarlo, comunque lo chiarisco.<\/p>\n<p>Non so bene cosa far\u00f2 nella campagna referendaria, ma qualcosa voglio fare e lo vedrete comparire anche qui sul\u00a0<em>blog<\/em>, immagino.<\/p>\n<p>Il terzo regalo \u00e8 che sto studiando un po&#8217; di pi\u00f9 sul versante del gioco, e mi sono proposto di pubblicare un gioco mio, un gioco da tavolo o, a Dio piacendo, un <em>videogame<\/em>, entro il 2017. E ci sono un po di cose dei\u00a0<em>Fabbricastorie<\/em> che vanno faticosamente avanti &#8211; delle quali ovviamente non si pu\u00f2 parlare perch\u00e9 <em>top secret<\/em> &#8211;\u00a0e che dovrebbero giungere anch&#8217;esse a maturazione l&#8217;anno prossimo: se vanno, sono altrettanti pezzi di regali.<\/p>\n<p>Da ultimo, l&#8217;anno prossimo cambio genere alla radio: dopo\u00a0<em>Oggi parliamo di libri<\/em>\u00a0far\u00f2\u00a0<em>Oggi parliamo di giochi<\/em> e, devo dire, ne sono davvero molto contento.<\/p>\n<p>C&#8217;\u00e8 forse qualcos&#8217;altro &#8211; una specie di quinto regalo &#8211; ma di quello casomai vi racconter\u00f2 pi\u00f9 avanti.<\/p>\n","protected":false},"excerpt":{"rendered":"<p>Quando ho compiuto cinquantadue anni, un mese e mezzo fa, ho deciso di farmi alcuni regali. Perch\u00e9 avevo\u00a0l&#8217;idea che adesso<\/p>\n","protected":false},"author":1,"featured_media":12227,"comment_status":"open","ping_status":"open","sticky":false,"template":"","format":"standard","meta":{"_mi_skip_tracking":false,"_monsterinsights_sitenote_active":false,"_monsterinsights_sitenote_note":"","_monsterinsights_sitenote_category":0,"jetpack_post_was_ever_published":false,"_jetpack_newsletter_access":"","jetpack_publicize_message":"","jetpack_is_tweetstorm":false,"jetpack_publicize_feature_enabled":true,"jetpack_social_post_already_shared":true,"jetpack_social_options":{"image_generator_settings":{"template":"highway","enabled":false}}},"categories":[52,86,53,17,16],"tags":[],"jetpack_publicize_connections":[],"jetpack_featured_media_url":"https:\/\/i0.wp.com\/www.robertosedda.it\/wp-content\/uploads\/2016\/07\/Banchiera-ambulante.jpg?fit=2560%2C1536&ssl=1","jetpack_sharing_enabled":true,"jetpack_shortlink":"https:\/\/wp.me\/p4jV2T-3bc","jetpack_likes_enabled":true,"jetpack-related-posts":[{"id":4929,"url":"https:\/\/www.robertosedda.it\/?p=4929","url_meta":{"origin":12226,"position":0},"title":"I nazisti dell&#8217;Illinois (o gi\u00f9 di l\u00ec), i Lakota e i gabinetti","author":"Rufus","date":"05\/11\/2013","format":false,"excerpt":"Credo che tutti ricordiate la famosa scena dei Blues brothers Ok, non \u00e8 un'invenzione di Belushi. Esistono davvero. E la storia che sto per raccontarvi lo dimostra. Siamo a Leith, North Dakota. Una citt\u00e0 in cui ben il trenta per cento degli abitanti aderisce al partito nazista americano, l'American National\u2026","rel":"","context":"In &quot;Coordinate&quot;","block_context":{"text":"Coordinate","link":"https:\/\/www.robertosedda.it\/?cat=52"},"img":{"alt_text":"","src":"https:\/\/i0.wp.com\/www.robertosedda.it\/wp-content\/uploads\/2013\/11\/Welcome-to-Leith.jpg?fit=851%2C315&ssl=1&resize=350%2C200","width":350,"height":200,"srcset":"https:\/\/i0.wp.com\/www.robertosedda.it\/wp-content\/uploads\/2013\/11\/Welcome-to-Leith.jpg?fit=851%2C315&ssl=1&resize=350%2C200 1x, https:\/\/i0.wp.com\/www.robertosedda.it\/wp-content\/uploads\/2013\/11\/Welcome-to-Leith.jpg?fit=851%2C315&ssl=1&resize=700%2C400 2x"},"classes":[]},{"id":14285,"url":"https:\/\/www.robertosedda.it\/?p=14285","url_meta":{"origin":12226,"position":1},"title":"Rufa, figlia di Rufus","author":"Rufus","date":"10\/11\/2017","format":false,"excerpt":"Quando ho terminato il mio mandato di Referente dei soci del Centro Italia di Banca Etica, i Coordinatori dei vari gruppi territoriali dei soci e gli altri componenti del Coordinamento mi hanno regalato una coperta. Anche una maglietta, ma quella era coperta di scritte scherzose. Invece la coperta era reale,\u2026","rel":"","context":"In &quot;Coordinate&quot;","block_context":{"text":"Coordinate","link":"https:\/\/www.robertosedda.it\/?cat=52"},"img":{"alt_text":"","src":"https:\/\/i0.wp.com\/www.robertosedda.it\/wp-content\/uploads\/2017\/11\/20171108_155319.jpg?fit=1200%2C720&ssl=1&resize=350%2C200","width":350,"height":200,"srcset":"https:\/\/i0.wp.com\/www.robertosedda.it\/wp-content\/uploads\/2017\/11\/20171108_155319.jpg?fit=1200%2C720&ssl=1&resize=350%2C200 1x, https:\/\/i0.wp.com\/www.robertosedda.it\/wp-content\/uploads\/2017\/11\/20171108_155319.jpg?fit=1200%2C720&ssl=1&resize=700%2C400 2x, https:\/\/i0.wp.com\/www.robertosedda.it\/wp-content\/uploads\/2017\/11\/20171108_155319.jpg?fit=1200%2C720&ssl=1&resize=1050%2C600 3x"},"classes":[]},{"id":8670,"url":"https:\/\/www.robertosedda.it\/?p=8670","url_meta":{"origin":12226,"position":2},"title":"Ancora foto dei cinquant&#8217;anni","author":"Rufus","date":"19\/10\/2014","format":"gallery","excerpt":"Maria Luisa e Christian mi hanno fatto pochi giorni fa un bellissimo regalo: un intero CD di foto della famosa festa dei cinquant'anni. Sono 147 foto e me le sono godute tutte, ricordandomi oltretutto pezzi che avevo dimenticato: abbiamo ballato Bella ciao dei Modena City Ramblers, per esempio, e l'avevo\u2026","rel":"","context":"In &quot;Coordinate&quot;","block_context":{"text":"Coordinate","link":"https:\/\/www.robertosedda.it\/?cat=52"},"img":{"alt_text":"","src":"https:\/\/i0.wp.com\/www.robertosedda.it\/wp-content\/uploads\/2014\/10\/DSCF4150.jpg?fit=1200%2C900&ssl=1&resize=350%2C200","width":350,"height":200,"srcset":"https:\/\/i0.wp.com\/www.robertosedda.it\/wp-content\/uploads\/2014\/10\/DSCF4150.jpg?fit=1200%2C900&ssl=1&resize=350%2C200 1x, https:\/\/i0.wp.com\/www.robertosedda.it\/wp-content\/uploads\/2014\/10\/DSCF4150.jpg?fit=1200%2C900&ssl=1&resize=700%2C400 2x, https:\/\/i0.wp.com\/www.robertosedda.it\/wp-content\/uploads\/2014\/10\/DSCF4150.jpg?fit=1200%2C900&ssl=1&resize=1050%2C600 3x"},"classes":[]},{"id":5705,"url":"https:\/\/www.robertosedda.it\/?p=5705","url_meta":{"origin":12226,"position":3},"title":"Vita nuova","author":"Rufus","date":"01\/01\/2014","format":false,"excerpt":"Il 21 dicembre io e Maria Bonaria siamo andati ad Ales a comprare i regali di Natale. Come al solito abbiamo scelto un regalo che avesse un po' di significato, che sostenesse l'economia che piace a noi (come due anni fa, il vino della Costigliola). Quest'anno dal valore economico un\u2026","rel":"","context":"In &quot;Coordinate&quot;","block_context":{"text":"Coordinate","link":"https:\/\/www.robertosedda.it\/?cat=52"},"img":{"alt_text":"","src":"https:\/\/i0.wp.com\/www.robertosedda.it\/wp-content\/uploads\/2014\/01\/2013-12-21-13.16.02.jpg?fit=1200%2C900&ssl=1&resize=350%2C200","width":350,"height":200,"srcset":"https:\/\/i0.wp.com\/www.robertosedda.it\/wp-content\/uploads\/2014\/01\/2013-12-21-13.16.02.jpg?fit=1200%2C900&ssl=1&resize=350%2C200 1x, https:\/\/i0.wp.com\/www.robertosedda.it\/wp-content\/uploads\/2014\/01\/2013-12-21-13.16.02.jpg?fit=1200%2C900&ssl=1&resize=700%2C400 2x, https:\/\/i0.wp.com\/www.robertosedda.it\/wp-content\/uploads\/2014\/01\/2013-12-21-13.16.02.jpg?fit=1200%2C900&ssl=1&resize=1050%2C600 3x"},"classes":[]},{"id":18700,"url":"https:\/\/www.robertosedda.it\/?p=18700","url_meta":{"origin":12226,"position":4},"title":"Normalizzazioni","author":"Rufus","date":"18\/05\/2021","format":false,"excerpt":"Qualche tempo fa il solito aggregatore di notizie mi ha suggerito un articolo in cui una ragazza trentenne che esce con uomini a pagamento (che in inglese si chiama sugar baby) raccontava la sua esperienza. L'articolo mi \u00e8 sembrato interessante e ho deciso di tradurlo; vedo anche in giro sulla\u2026","rel":"","context":"In &quot;Antropologia&quot;","block_context":{"text":"Antropologia","link":"https:\/\/www.robertosedda.it\/?cat=97"},"img":{"alt_text":"","src":"https:\/\/i0.wp.com\/www.robertosedda.it\/wp-content\/uploads\/2021\/05\/Sugar-daddy.jpg?fit=1024%2C768&ssl=1&resize=350%2C200","width":350,"height":200,"srcset":"https:\/\/i0.wp.com\/www.robertosedda.it\/wp-content\/uploads\/2021\/05\/Sugar-daddy.jpg?fit=1024%2C768&ssl=1&resize=350%2C200 1x, https:\/\/i0.wp.com\/www.robertosedda.it\/wp-content\/uploads\/2021\/05\/Sugar-daddy.jpg?fit=1024%2C768&ssl=1&resize=700%2C400 2x"},"classes":[]},{"id":17959,"url":"https:\/\/www.robertosedda.it\/?p=17959","url_meta":{"origin":12226,"position":5},"title":"Hashtag #sentiamoci","author":"Rufus","date":"10\/03\/2020","format":false,"excerpt":"Stamattina, nella lista WhatsApp condivisa dai componenti del gruppo La Pira e dai loro amici, un'amica dal cuore grande ha lanciato il suggerimento: sentiamoci. Siamo tutta gente che \u00e8 abituata a vivere di riunioni, di incontri, conferenze, convegni, seminari, celebrazioni comunitarie, e improvvisamente questa dimensione della nostra vita viene meno,\u2026","rel":"","context":"In &quot;Antropologia&quot;","block_context":{"text":"Antropologia","link":"https:\/\/www.robertosedda.it\/?cat=97"},"img":{"alt_text":"","src":"https:\/\/i0.wp.com\/www.robertosedda.it\/wp-content\/uploads\/2020\/03\/Hangout.png?fit=811%2C675&ssl=1&resize=350%2C200","width":350,"height":200,"srcset":"https:\/\/i0.wp.com\/www.robertosedda.it\/wp-content\/uploads\/2020\/03\/Hangout.png?fit=811%2C675&ssl=1&resize=350%2C200 1x, https:\/\/i0.wp.com\/www.robertosedda.it\/wp-content\/uploads\/2020\/03\/Hangout.png?fit=811%2C675&ssl=1&resize=700%2C400 2x"},"classes":[]}],"_links":{"self":[{"href":"https:\/\/www.robertosedda.it\/index.php?rest_route=\/wp\/v2\/posts\/12226"}],"collection":[{"href":"https:\/\/www.robertosedda.it\/index.php?rest_route=\/wp\/v2\/posts"}],"about":[{"href":"https:\/\/www.robertosedda.it\/index.php?rest_route=\/wp\/v2\/types\/post"}],"author":[{"embeddable":true,"href":"https:\/\/www.robertosedda.it\/index.php?rest_route=\/wp\/v2\/users\/1"}],"replies":[{"embeddable":true,"href":"https:\/\/www.robertosedda.it\/index.php?rest_route=%2Fwp%2Fv2%2Fcomments&post=12226"}],"version-history":[{"count":3,"href":"https:\/\/www.robertosedda.it\/index.php?rest_route=\/wp\/v2\/posts\/12226\/revisions"}],"predecessor-version":[{"id":12230,"href":"https:\/\/www.robertosedda.it\/index.php?rest_route=\/wp\/v2\/posts\/12226\/revisions\/12230"}],"wp:featuredmedia":[{"embeddable":true,"href":"https:\/\/www.robertosedda.it\/index.php?rest_route=\/wp\/v2\/media\/12227"}],"wp:attachment":[{"href":"https:\/\/www.robertosedda.it\/index.php?rest_route=%2Fwp%2Fv2%2Fmedia&parent=12226"}],"wp:term":[{"taxonomy":"category","embeddable":true,"href":"https:\/\/www.robertosedda.it\/index.php?rest_route=%2Fwp%2Fv2%2Fcategories&post=12226"},{"taxonomy":"post_tag","embeddable":true,"href":"https:\/\/www.robertosedda.it\/index.php?rest_route=%2Fwp%2Fv2%2Ftags&post=12226"}],"curies":[{"name":"wp","href":"https:\/\/api.w.org\/{rel}","templated":true}]}}