{"id":12223,"date":"2016-07-12T11:45:34","date_gmt":"2016-07-12T09:45:34","guid":{"rendered":"http:\/\/www.robertosedda.it\/?p=12223"},"modified":"2018-07-24T16:19:08","modified_gmt":"2018-07-24T14:19:08","slug":"quieti-conversari-su-chi-hai-amato-di-piu","status":"publish","type":"post","link":"https:\/\/www.robertosedda.it\/?p=12223","title":{"rendered":"Quieti conversari su chi hai amato di pi\u00f9"},"content":{"rendered":"<p><i><img data-attachment-id=\"12224\" data-permalink=\"https:\/\/www.robertosedda.it\/?attachment_id=12224\" data-orig-file=\"https:\/\/i0.wp.com\/www.robertosedda.it\/wp-content\/uploads\/2016\/07\/Laxdaela-saga-Iperborea.jpg?fit=283%2C567&amp;ssl=1\" data-orig-size=\"283,567\" data-comments-opened=\"1\" data-image-meta=\"{&quot;aperture&quot;:&quot;0&quot;,&quot;credit&quot;:&quot;&quot;,&quot;camera&quot;:&quot;&quot;,&quot;caption&quot;:&quot;&quot;,&quot;created_timestamp&quot;:&quot;0&quot;,&quot;copyright&quot;:&quot;&quot;,&quot;focal_length&quot;:&quot;0&quot;,&quot;iso&quot;:&quot;0&quot;,&quot;shutter_speed&quot;:&quot;0&quot;,&quot;title&quot;:&quot;&quot;,&quot;orientation&quot;:&quot;1&quot;}\" data-image-title=\"Laxdaela saga Iperborea\" data-image-description=\"\" data-image-caption=\"\" data-medium-file=\"https:\/\/i0.wp.com\/www.robertosedda.it\/wp-content\/uploads\/2016\/07\/Laxdaela-saga-Iperborea.jpg?fit=150%2C300&amp;ssl=1\" data-large-file=\"https:\/\/i0.wp.com\/www.robertosedda.it\/wp-content\/uploads\/2016\/07\/Laxdaela-saga-Iperborea.jpg?fit=283%2C567&amp;ssl=1\" decoding=\"async\" loading=\"lazy\" class=\"alignright size-full wp-image-12224\" src=\"https:\/\/i0.wp.com\/www.robertosedda.it\/wp-content\/uploads\/2016\/07\/Laxdaela-saga-Iperborea.jpg?resize=283%2C567\" alt=\"Laxdaela saga Iperborea\" width=\"283\" height=\"567\" srcset=\"https:\/\/i0.wp.com\/www.robertosedda.it\/wp-content\/uploads\/2016\/07\/Laxdaela-saga-Iperborea.jpg?w=283&amp;ssl=1 283w, https:\/\/i0.wp.com\/www.robertosedda.it\/wp-content\/uploads\/2016\/07\/Laxdaela-saga-Iperborea.jpg?resize=75%2C150&amp;ssl=1 75w, https:\/\/i0.wp.com\/www.robertosedda.it\/wp-content\/uploads\/2016\/07\/Laxdaela-saga-Iperborea.jpg?resize=150%2C300&amp;ssl=1 150w\" sizes=\"(max-width: 283px) 100vw, 283px\" data-recalc-dims=\"1\" \/>Ho letto l&#8217;altro giorno al mare la <\/i><em><a href=\"http:\/\/iperborea.com\/titolo\/413\/\">Laxd\u00e6la saga<\/a><\/em>, la saga islandese degli uomini del Lax\u00e1,\u00a0<em>il fiume dei salmoni\u00a0<\/em>(<em>Iperborea<\/em>, \u20ac 17).<\/p>\n<p>Stava da molto tempo nella mia libreria ma non l&#8217;avevo mai letta; questa volta invece sono arrivato alla fine in un battibaleno. \u00c8 molto bella e piena di episodi memorabili, come quando la schiava Melkorka, creduta muta, \u00e8 sorpresa da H\u00f6skuldr, che \u00e8 suo padrone e padre di suo figlio, mentre insegna l&#8217;irlandese al bambino, perch\u00e9 un giorno possa tornare in patria e reclamare il trono di re degli irlandesi che gli spetta di diritto, o quando l&#8217;eroe\u00a0Kjartan, caduto in un agguato, smette di difendersi quando vede approssimarsi il fratellastro Bolli, che gli assesta il corpo mortale e poi lo accoglie fra le sue braccia e lo culla mentre spira. C&#8217;\u00e8 il consueto numero sterminato di personaggi realistici e vitali, fra i quali come comprimari i protagonisti di altre saghe, come l&#8217;eroe e poeta Egill Skalla-Gr\u00edmsson o Snorri, l&#8217;intrigante\u00a0<em>go\u00f0i<\/em> di Tunga.<\/p>\n<p>L&#8217;episodio pi\u00f9 bello, per\u00f2, \u00e8 quasi alla fine della saga e, dopo tante faide, intrighi, viaggi per mare e combattimenti, \u00e8 tutto giocato su una chiave minore.<\/p>\n<p>Ci sono un figlio e una madre che conversano. In realt\u00e0 non sono un figlio e una madre qualunque: lui \u00e8 Bolli Bollason, il figlio del Bolli che uccise Kjartan per poi a sua volta perire nella faida. Il secondo Bolli \u00e8 un capo e capitano famoso che in giovent\u00f9 ha viaggiato fino a Bisanzio e ha servito nella Guardia Variaga, il primo d&#8217;Islanda a servire l&#8217;Imperatore e che quando \u00e8 tornato a casa ha attraversato a cavallo mezza Islanda, fra l&#8217;ammirazione generale, scortato da dodici uomini tutti vestiti di broccato oro e scarlatto bizantino, con in mano uno spadino, alla moda orientale.<\/p>\n<p>La\u00a0madre \u00e8\u00a0Gu\u00f0r\u00fan. Ora \u00e8 suora e anacoreta, la prima in Islanda ad avere imparato a memoria tutto il salterio, ma in giovent\u00f9<\/p>\n<blockquote><p>la donna migliore che fosse mai nata in Islanda, sia per l&#8217;aspetto\u00a0che per l&#8217;intelligenza.<\/p><\/blockquote>\n<p>Gu\u00f0r\u00fan ha avuto quattro mariti: dal primo, che era semplice e banale, ha divorziato. Il secondo e il quarto sono affogati. Il terzo, Bolli, \u00e8 morto nella faida che lei stessa ha fatto iniziare, presa com&#8217;era dalla sua rivalit\u00e0 con Kjartan, che prima\u00a0l&#8217;amava e poi, quando lei per un equivoco ha sposato Bolli, l&#8217;ha rifiutata. Per colpa di questa rivalit\u00e0 a lungo fra i <em>clan<\/em>\u00a0del Lax\u00e1 \u00e8 scorso il sangue.<\/p>\n<p>Bolli e\u00a0Gu\u00f0r\u00fan hanno vissuto in pienezza, ma ora su loro si\u00a0stringe il cerchio del tempo e l&#8217;orizzonte racchiude solo famiglia e questioni domestiche.<\/p>\n<blockquote><p>Si dice che una volta Bolli and\u00f2 a Helgafell, perch\u00e9 a\u00a0Gu\u00f0r\u00fan faceva sempre molto piacere che andasse a trovarla, e rimase a lungo con sua madre a parlare di molte cose.<\/p><\/blockquote>\n<p>Ed \u00e8 in questo contesto che Bolli, che forse vuole ricapitolare la sua vita, chiede alla madre: \u00abChi hai amato pi\u00f9 di tutti?\u00bb.<\/p>\n<p>Gu\u00f0r\u00fan \u00e8 evasiva:<\/p>\n<blockquote><p>\u00ab\u00deorkell er un uomo molto potente, un capo importante ma nessuno dei miei mariti fu pi\u00f9 valente e compiuto di Bolli.\u00a0\u00de\u00f3r\u00f0r Ingunnarson era il pi\u00f9 saggio e il pi\u00f9 esperto di legge. Di\u00a0\u00deorvaldr non faccio menzione\u00bb.<\/p><\/blockquote>\n<p>Poi rimanda al futuro: dice al figlio che se mai decider\u00e0 di rivelarlo, sar\u00e0 lui il primo a saperlo. Ma Bolli insiste ancora, e alla fine\u00a0Gu\u00f0r\u00fan dice una frase che rester\u00e0 famosa nella letteratura settentrionale:<\/p>\n<blockquote><p>\u00abSono stata pi\u00f9 crudele con chi pi\u00f9 ho amato\u00bb.<\/p>\n<p>\u00abIo credo\u00bb, rispose Bolli, \u00abche ti sia espressa in tutta sincerit\u00e0\u00bb e la ringrazi\u00f2 per aver soddisfatto la sua curiosit\u00e0.<\/p><\/blockquote>\n<p>Niente di pi\u00f9. Le vite dei due, e di molti altri, sono state ricapitolate, ma l&#8217;autore della saga non ci lascia altro che indizi leggerissimi da cui ricostruire per nostro conto tutti i significati della scena.<\/p>\n<p>Poi chiedetemi perch\u00e9 mi piacciono le saghe.<\/p>\n","protected":false},"excerpt":{"rendered":"<p>Ho letto l&#8217;altro giorno al mare la Laxd\u00e6la saga, la saga islandese degli uomini del Lax\u00e1,\u00a0il fiume dei salmoni\u00a0(Iperborea, \u20ac<\/p>\n","protected":false},"author":1,"featured_media":12224,"comment_status":"open","ping_status":"open","sticky":false,"template":"","format":"standard","meta":{"_mi_skip_tracking":false,"_monsterinsights_sitenote_active":false,"_monsterinsights_sitenote_note":"","_monsterinsights_sitenote_category":0,"jetpack_post_was_ever_published":false,"_jetpack_newsletter_access":"","jetpack_publicize_message":"","jetpack_is_tweetstorm":false,"jetpack_publicize_feature_enabled":true,"jetpack_social_post_already_shared":true,"jetpack_social_options":{"image_generator_settings":{"template":"highway","enabled":false}}},"categories":[52,57,56,13,82,12],"tags":[],"jetpack_publicize_connections":[],"jetpack_featured_media_url":"https:\/\/i0.wp.com\/www.robertosedda.it\/wp-content\/uploads\/2016\/07\/Laxdaela-saga-Iperborea.jpg?fit=283%2C567&ssl=1","jetpack_sharing_enabled":true,"jetpack_shortlink":"https:\/\/wp.me\/p4jV2T-3b9","jetpack_likes_enabled":true,"jetpack-related-posts":[{"id":9862,"url":"https:\/\/www.robertosedda.it\/?p=9862","url_meta":{"origin":12223,"position":0},"title":"Bellissima e abusata","author":"Rufus","date":"29\/03\/2015","format":"video","excerpt":"Ho messo oggi in linea la puntata di\u00a0Oggi parliamo di libri dedicata all'eroina Deirdre, la bellissima e sfortunata Deirdre delle saghe irlandesi, nota nella letteratura e nel teatro moderno anche come Deirdre\u00a0of the sorrows, cio\u00e8 \"dei dolori\" o \"delle pene\". Fare la puntata richiedeva mettere insieme due temi: da una\u2026","rel":"","context":"In &quot;Coordinate&quot;","block_context":{"text":"Coordinate","link":"https:\/\/www.robertosedda.it\/?cat=52"},"img":{"alt_text":"","src":"https:\/\/i0.wp.com\/www.robertosedda.it\/wp-content\/uploads\/2015\/03\/deirdre-of-the-sorrows.jpg?fit=650%2C433&ssl=1&resize=350%2C200","width":350,"height":200},"classes":[]},{"id":9768,"url":"https:\/\/www.robertosedda.it\/?p=9768","url_meta":{"origin":12223,"position":1},"title":"Dilaniato fra donne terribili: Sigfrido e la fine dei Burgundi","author":"Rufus","date":"11\/03\/2015","format":"video","excerpt":"Come fu che lo zio Rufus decise di parlare di Sigfrido e della saga dei Volsunghi Nella puntata di\u00a0Oggi parliamo di libri sulle fiabe avevo notato una scarsit\u00e0\u00a0di temi sentimentali, intesi in senso romantico, e di storie d'amore come le intendiamo in senso moderno. C'era qui qualcosa che strideva.\u00a0Anche ammettendo\u2026","rel":"","context":"In &quot;Coordinate&quot;","block_context":{"text":"Coordinate","link":"https:\/\/www.robertosedda.it\/?cat=52"},"img":{"alt_text":"","src":"https:\/\/i0.wp.com\/www.robertosedda.it\/wp-content\/uploads\/2015\/03\/907dc-valkiria201.jpg?fit=270%2C420&ssl=1&resize=350%2C200","width":350,"height":200},"classes":[]},{"id":9569,"url":"https:\/\/www.robertosedda.it\/?p=9569","url_meta":{"origin":12223,"position":2},"title":"Antiche saghe nordiche","author":"Rufus","date":"11\/02\/2015","format":false,"excerpt":"Dopo avere dedicato una delle ultime puntate di\u00a0Oggi parliamo di libri alla saga di Sigurd\/Sigfrido mi \u00e8 venuta voglia di riprendere in mano il cofanetto\u00a0Antiche saghe nordiche della\u00a0Mondadori. Ricordavo anche di averne fatto una recensione tanto tempo fa per\u00a0it.arti.fantasy (l'indimenticata Locanda delle Arti Fantastiche) e la ripropongo qui grazie alla\u2026","rel":"","context":"In &quot;Coordinate&quot;","block_context":{"text":"Coordinate","link":"https:\/\/www.robertosedda.it\/?cat=52"},"img":{"alt_text":"","src":"https:\/\/i0.wp.com\/www.robertosedda.it\/wp-content\/uploads\/2014\/08\/Elmo-di-Sutton-Hoo.jpg?fit=1024%2C938&ssl=1&resize=350%2C200","width":350,"height":200,"srcset":"https:\/\/i0.wp.com\/www.robertosedda.it\/wp-content\/uploads\/2014\/08\/Elmo-di-Sutton-Hoo.jpg?fit=1024%2C938&ssl=1&resize=350%2C200 1x, https:\/\/i0.wp.com\/www.robertosedda.it\/wp-content\/uploads\/2014\/08\/Elmo-di-Sutton-Hoo.jpg?fit=1024%2C938&ssl=1&resize=700%2C400 2x"},"classes":[]},{"id":1569,"url":"https:\/\/www.robertosedda.it\/?p=1569","url_meta":{"origin":12223,"position":3},"title":"Vero o falso (Tolkien e Howard)","author":"Rufus","date":"05\/12\/2012","format":false,"excerpt":"Il seguente articolo \u00e8 stato pubblicato su it.arti.fantasy il 10 marzo del 2005: l'ho ritrovato adesso nelle profondit\u00e0 cavernose del disco rigido mentre cercavo di prepararmi per Oggi parliamo di libri. Lo ripubblico adesso, con un sorriso che spero condividiate anche voi. \u00abSto rileggendo con grande divertimento la saga di\u2026","rel":"","context":"In &quot;Coordinate&quot;","block_context":{"text":"Coordinate","link":"https:\/\/www.robertosedda.it\/?cat=52"},"img":{"alt_text":"","src":"","width":0,"height":0},"classes":[]},{"id":18217,"url":"https:\/\/www.robertosedda.it\/?p=18217","url_meta":{"origin":12223,"position":4},"title":"Il grande amore del suo cuore","author":"Rufus","date":"21\/07\/2020","format":false,"excerpt":"Tempo fa mi \u00e8 capitato di imbattermi nel Racconto di marzo di Neil Gaiman. \u00c8 un racconto brevissimo, e fa parte di un progetto collaborativo col pubblico sponsorizzato da Blackberry anni fa. Al tempo Gaiman ha scritto una serie di tweet, uno per ogni mese, facendo delle domande ai lettori:\u2026","rel":"","context":"In &quot;Cappe e spade&quot;","block_context":{"text":"Cappe e spade","link":"https:\/\/www.robertosedda.it\/?cat=70"},"img":{"alt_text":"","src":"https:\/\/i0.wp.com\/www.robertosedda.it\/wp-content\/uploads\/2020\/07\/March-tale-inspiration.png?fit=445%2C406&ssl=1&resize=350%2C200","width":350,"height":200},"classes":[]},{"id":9305,"url":"https:\/\/www.robertosedda.it\/?p=9305","url_meta":{"origin":12223,"position":5},"title":"Come diceva don Milani&#8230; o Guccini?","author":"Rufus","date":"02\/01\/2015","format":"video","excerpt":"Jimmy's Hall (Ken Loach, UK, Francia, Irlanda 2014) Ken Loach riprende il filo del suo racconto della storia d'Irlanda mettendo in scena una storia che si colloca dieci anni esatti dopo la fine degli eventi de Il vento che accarezza l'erba, nel 1932. Al governo sono arrivati i Repubblicani di\u2026","rel":"","context":"In &quot;Biografie&quot;","block_context":{"text":"Biografie","link":"https:\/\/www.robertosedda.it\/?cat=83"},"img":{"alt_text":"","src":"https:\/\/i0.wp.com\/img.youtube.com\/vi\/g0-mD_Lfjl4\/0.jpg?resize=350%2C200","width":350,"height":200},"classes":[]}],"_links":{"self":[{"href":"https:\/\/www.robertosedda.it\/index.php?rest_route=\/wp\/v2\/posts\/12223"}],"collection":[{"href":"https:\/\/www.robertosedda.it\/index.php?rest_route=\/wp\/v2\/posts"}],"about":[{"href":"https:\/\/www.robertosedda.it\/index.php?rest_route=\/wp\/v2\/types\/post"}],"author":[{"embeddable":true,"href":"https:\/\/www.robertosedda.it\/index.php?rest_route=\/wp\/v2\/users\/1"}],"replies":[{"embeddable":true,"href":"https:\/\/www.robertosedda.it\/index.php?rest_route=%2Fwp%2Fv2%2Fcomments&post=12223"}],"version-history":[{"count":6,"href":"https:\/\/www.robertosedda.it\/index.php?rest_route=\/wp\/v2\/posts\/12223\/revisions"}],"predecessor-version":[{"id":15518,"href":"https:\/\/www.robertosedda.it\/index.php?rest_route=\/wp\/v2\/posts\/12223\/revisions\/15518"}],"wp:featuredmedia":[{"embeddable":true,"href":"https:\/\/www.robertosedda.it\/index.php?rest_route=\/wp\/v2\/media\/12224"}],"wp:attachment":[{"href":"https:\/\/www.robertosedda.it\/index.php?rest_route=%2Fwp%2Fv2%2Fmedia&parent=12223"}],"wp:term":[{"taxonomy":"category","embeddable":true,"href":"https:\/\/www.robertosedda.it\/index.php?rest_route=%2Fwp%2Fv2%2Fcategories&post=12223"},{"taxonomy":"post_tag","embeddable":true,"href":"https:\/\/www.robertosedda.it\/index.php?rest_route=%2Fwp%2Fv2%2Ftags&post=12223"}],"curies":[{"name":"wp","href":"https:\/\/api.w.org\/{rel}","templated":true}]}}