{"id":12198,"date":"2016-07-05T13:25:10","date_gmt":"2016-07-05T11:25:10","guid":{"rendered":"http:\/\/www.robertosedda.it\/?p=12198"},"modified":"2018-07-12T10:18:28","modified_gmt":"2018-07-12T08:18:28","slug":"narrazioni-appropriate","status":"publish","type":"post","link":"https:\/\/www.robertosedda.it\/?p=12198","title":{"rendered":"Narrazioni appropriate"},"content":{"rendered":"<p>Prometto che poi non parlo (quasi) pi\u00f9 di\u00a0<em>Brexit<\/em>.<\/p>\n<p><img data-attachment-id=\"12201\" data-permalink=\"https:\/\/www.robertosedda.it\/?attachment_id=12201\" data-orig-file=\"https:\/\/i0.wp.com\/www.robertosedda.it\/wp-content\/uploads\/2016\/07\/brexit-foreign.jpg?fit=1024%2C631&amp;ssl=1\" data-orig-size=\"1024,631\" data-comments-opened=\"1\" data-image-meta=\"{&quot;aperture&quot;:&quot;0&quot;,&quot;credit&quot;:&quot;PLP Architecture&quot;,&quot;camera&quot;:&quot;&quot;,&quot;caption&quot;:&quot;&quot;,&quot;created_timestamp&quot;:&quot;0&quot;,&quot;copyright&quot;:&quot;&quot;,&quot;focal_length&quot;:&quot;0&quot;,&quot;iso&quot;:&quot;0&quot;,&quot;shutter_speed&quot;:&quot;0&quot;,&quot;title&quot;:&quot;&quot;,&quot;orientation&quot;:&quot;0&quot;}\" data-image-title=\"brexit-foreign\" data-image-description=\"\" data-image-caption=\"\" data-medium-file=\"https:\/\/i0.wp.com\/www.robertosedda.it\/wp-content\/uploads\/2016\/07\/brexit-foreign.jpg?fit=300%2C185&amp;ssl=1\" data-large-file=\"https:\/\/i0.wp.com\/www.robertosedda.it\/wp-content\/uploads\/2016\/07\/brexit-foreign.jpg?fit=510%2C314&amp;ssl=1\" decoding=\"async\" loading=\"lazy\" class=\"aligncenter size-full wp-image-12201\" src=\"https:\/\/i0.wp.com\/www.robertosedda.it\/wp-content\/uploads\/2016\/07\/brexit-foreign.jpg?resize=800%2C493\" alt=\"brexit-foreign\" width=\"800\" height=\"493\" srcset=\"https:\/\/i0.wp.com\/www.robertosedda.it\/wp-content\/uploads\/2016\/07\/brexit-foreign.jpg?w=1024&amp;ssl=1 1024w, https:\/\/i0.wp.com\/www.robertosedda.it\/wp-content\/uploads\/2016\/07\/brexit-foreign.jpg?resize=150%2C92&amp;ssl=1 150w, https:\/\/i0.wp.com\/www.robertosedda.it\/wp-content\/uploads\/2016\/07\/brexit-foreign.jpg?resize=300%2C185&amp;ssl=1 300w, https:\/\/i0.wp.com\/www.robertosedda.it\/wp-content\/uploads\/2016\/07\/brexit-foreign.jpg?resize=510%2C314&amp;ssl=1 510w, https:\/\/i0.wp.com\/www.robertosedda.it\/wp-content\/uploads\/2016\/07\/brexit-foreign.jpg?resize=640%2C395&amp;ssl=1 640w, https:\/\/i0.wp.com\/www.robertosedda.it\/wp-content\/uploads\/2016\/07\/brexit-foreign.jpg?resize=310%2C190&amp;ssl=1 310w, https:\/\/i0.wp.com\/www.robertosedda.it\/wp-content\/uploads\/2016\/07\/brexit-foreign.jpg?resize=700%2C431&amp;ssl=1 700w\" sizes=\"(max-width: 800px) 100vw, 800px\" data-recalc-dims=\"1\" \/>Per\u00f2 riflettevo ieri, alla caduta dell&#8217;ennesima testa (quella di Farage, dopo Cameron, Corbyn, Johnson e un po&#8217; di minori le cui ambizioni sono state spente sul nascere) che per raccontarla ci sarebbero tante narrazioni gi\u00e0 pronte molto appropriate.<\/p>\n<p>Al circolo\u00a0<em>Me-Ti<\/em> per iniziare il dibattito ho usato la figura della <em>catastrofe<\/em>: l&#8217;esito rovinoso e la rivoluzione assoluta che\u00a0man mano ogni cosa divora e dalla quale nessuno \u00e8 immune, chi l&#8217;ha creata e chi l&#8217;ha subita, Cameron e Johnson, Corbyn e Farage, chiunque sia nella stanza sebbene sia seduto in angoli opposti. Un po&#8217; come nel finale dell&#8217;<em>Amleto<\/em>: la finta pazzia di Amleto fa morire\u00a0Ofelia,\u00a0quindi c&#8217;\u00e8 il famoso duello: prima muore Gertrude, poi muore Laerte, poi Claudio, poi Amleto, alla fine arriva Fortebraccio e muore direttamente il regno.<\/p>\n<p>Non \u00e8 una brutta chiave di lettura.<\/p>\n<p><img data-attachment-id=\"12200\" data-permalink=\"https:\/\/www.robertosedda.it\/?attachment_id=12200\" data-orig-file=\"https:\/\/i0.wp.com\/www.robertosedda.it\/wp-content\/uploads\/2016\/07\/Brexit-Game-of-thrones.png?fit=672%2C362&amp;ssl=1\" data-orig-size=\"672,362\" data-comments-opened=\"1\" data-image-meta=\"{&quot;aperture&quot;:&quot;0&quot;,&quot;credit&quot;:&quot;&quot;,&quot;camera&quot;:&quot;&quot;,&quot;caption&quot;:&quot;&quot;,&quot;created_timestamp&quot;:&quot;0&quot;,&quot;copyright&quot;:&quot;&quot;,&quot;focal_length&quot;:&quot;0&quot;,&quot;iso&quot;:&quot;0&quot;,&quot;shutter_speed&quot;:&quot;0&quot;,&quot;title&quot;:&quot;&quot;,&quot;orientation&quot;:&quot;0&quot;}\" data-image-title=\"Brexit Game of thrones\" data-image-description=\"\" data-image-caption=\"\" data-medium-file=\"https:\/\/i0.wp.com\/www.robertosedda.it\/wp-content\/uploads\/2016\/07\/Brexit-Game-of-thrones.png?fit=300%2C162&amp;ssl=1\" data-large-file=\"https:\/\/i0.wp.com\/www.robertosedda.it\/wp-content\/uploads\/2016\/07\/Brexit-Game-of-thrones.png?fit=510%2C275&amp;ssl=1\" decoding=\"async\" loading=\"lazy\" class=\"aligncenter size-full wp-image-12200\" src=\"https:\/\/i0.wp.com\/www.robertosedda.it\/wp-content\/uploads\/2016\/07\/Brexit-Game-of-thrones.png?resize=672%2C362\" alt=\"Brexit Game of thrones\" width=\"672\" height=\"362\" srcset=\"https:\/\/i0.wp.com\/www.robertosedda.it\/wp-content\/uploads\/2016\/07\/Brexit-Game-of-thrones.png?w=672&amp;ssl=1 672w, https:\/\/i0.wp.com\/www.robertosedda.it\/wp-content\/uploads\/2016\/07\/Brexit-Game-of-thrones.png?resize=150%2C81&amp;ssl=1 150w, https:\/\/i0.wp.com\/www.robertosedda.it\/wp-content\/uploads\/2016\/07\/Brexit-Game-of-thrones.png?resize=300%2C162&amp;ssl=1 300w, https:\/\/i0.wp.com\/www.robertosedda.it\/wp-content\/uploads\/2016\/07\/Brexit-Game-of-thrones.png?resize=510%2C275&amp;ssl=1 510w\" sizes=\"(max-width: 672px) 100vw, 672px\" data-recalc-dims=\"1\" \/>Oppure si pu\u00f2 pensare a\u00a0<em>Game of Thrones\u00a0<\/em>(spero che apprezzerete l&#8217;eleganza con la quale saltabecco da Shakespeare alla TV di largo consumo): tutti sono armati contro tutti, e i tradimenti si sprecano: Cameron \u00e8 estromesso e mandato in esilio; a Grande Inverno Laburista i vassalli degli Stark\u00a0tradiscono\u00a0il loro legittimo signore Corbyn e si dividono prontamente su chi debba essere Re del Nord; oltre la Barriera gli scozzesi si armano; nel frattempo ad Approdo del Re Ditocorto Gove finge di appoggiare le pretese al trono di Boris Johnson ma poi lo pugnala alle spalle su suggerimento della moglie mentre le altre casate Tory cominciano ciascuna ad avanzare i propri pretendenti&#8230;<\/p>\n<p><img data-attachment-id=\"12199\" data-permalink=\"https:\/\/www.robertosedda.it\/?attachment_id=12199\" data-orig-file=\"https:\/\/i0.wp.com\/www.robertosedda.it\/wp-content\/uploads\/2016\/07\/Asterix-e-goti-2.gif?fit=210%2C156&amp;ssl=1\" data-orig-size=\"210,156\" data-comments-opened=\"1\" data-image-meta=\"{&quot;aperture&quot;:&quot;0&quot;,&quot;credit&quot;:&quot;&quot;,&quot;camera&quot;:&quot;&quot;,&quot;caption&quot;:&quot;&quot;,&quot;created_timestamp&quot;:&quot;0&quot;,&quot;copyright&quot;:&quot;&quot;,&quot;focal_length&quot;:&quot;0&quot;,&quot;iso&quot;:&quot;0&quot;,&quot;shutter_speed&quot;:&quot;0&quot;,&quot;title&quot;:&quot;&quot;,&quot;orientation&quot;:&quot;0&quot;}\" data-image-title=\"Asterix e goti 2\" data-image-description=\"\" data-image-caption=\"\" data-medium-file=\"https:\/\/i0.wp.com\/www.robertosedda.it\/wp-content\/uploads\/2016\/07\/Asterix-e-goti-2.gif?fit=210%2C156&amp;ssl=1\" data-large-file=\"https:\/\/i0.wp.com\/www.robertosedda.it\/wp-content\/uploads\/2016\/07\/Asterix-e-goti-2.gif?fit=210%2C156&amp;ssl=1\" decoding=\"async\" loading=\"lazy\" class=\"alignright size-full wp-image-12199\" src=\"https:\/\/i0.wp.com\/www.robertosedda.it\/wp-content\/uploads\/2016\/07\/Asterix-e-goti-2.gif?resize=210%2C156\" alt=\"Asterix e goti 2\" width=\"210\" height=\"156\" data-recalc-dims=\"1\" \/>Anche questa non \u00e8 una cattiva chiave di lettura. A\u00a0dir la verit\u00e0 prima di <em>Game of Thrones\u00a0<\/em>mi \u00e8 venuta in mente una storica vignetta di <em>Asterix<\/em>\u00a0sulla successione dei Re Goti che si prendono a martellate sulla testa:<em>\u00a0<\/em>Duracervico venne spodestato da Grugnosferico\u00a0a cui successe Enterico\u00a0che venne scacciato\u00a0da Elettrico che venne sconfitto\u00a0da Cloridrico che per\u00ec per mano di Teleferico che venne sfidato da Stallatico&#8230;<\/p>\n<p>Quella che invece non mi convince, come chiave di lettura, e che infatti narrativamente non funziona, \u00e8 quella per la quale se la sono fatta sotto. \u00c8 una narrazione diffusa e anche autorevole &#8211; per dire, l&#8217;ho trovata anche sul\u00a0<em>New Yorker <\/em>&#8211;\u00a0ma non funziona perch\u00e9 non pu\u00f2 includere, al momento, Corbyn o Cameron n\u00e9 la lunga fila di uomini politici che si dispongono a prenderne il posto e dispostissimi a gestire la <em>Brexit<\/em>, in un modo o nell&#8217;altro.<\/p>\n","protected":false},"excerpt":{"rendered":"<p>Prometto che poi non parlo (quasi) pi\u00f9 di\u00a0Brexit. Per\u00f2 riflettevo ieri, alla caduta dell&#8217;ennesima testa (quella di Farage, dopo Cameron,<\/p>\n","protected":false},"author":1,"featured_media":12200,"comment_status":"open","ping_status":"open","sticky":false,"template":"","format":"standard","meta":{"_mi_skip_tracking":false,"_monsterinsights_sitenote_active":false,"_monsterinsights_sitenote_note":"","_monsterinsights_sitenote_category":0,"jetpack_post_was_ever_published":false,"_jetpack_newsletter_access":"","jetpack_publicize_message":"","jetpack_is_tweetstorm":false,"jetpack_publicize_feature_enabled":true,"jetpack_social_post_already_shared":true,"jetpack_social_options":{"image_generator_settings":{"template":"highway","enabled":false}}},"categories":[52,57,17,59,16],"tags":[],"jetpack_publicize_connections":[],"jetpack_featured_media_url":"https:\/\/i0.wp.com\/www.robertosedda.it\/wp-content\/uploads\/2016\/07\/Brexit-Game-of-thrones.png?fit=672%2C362&ssl=1","jetpack_sharing_enabled":true,"jetpack_shortlink":"https:\/\/wp.me\/p4jV2T-3aK","jetpack_likes_enabled":true,"jetpack-related-posts":[{"id":12164,"url":"https:\/\/www.robertosedda.it\/?p=12164","url_meta":{"origin":12198,"position":0},"title":"La Brexit vince. Un&#8217;illusione muore","author":"Rufus","date":"30\/06\/2016","format":false,"excerpt":"Ho proposto che il seminario di Cagliari Citt\u00e0 Capitale e del Circolo Me-Ti prenda spunto da un articolo del giornalista inglese Paul Mason (un importante editorialista e commentatore televisivo, molto schierato a sinistra), di cui ho gi\u00e0 detto che Si tratta di un articolo che si propone di suggerire al\u2026","rel":"","context":"In &quot;Coordinate&quot;","block_context":{"text":"Coordinate","link":"https:\/\/www.robertosedda.it\/?cat=52"},"img":{"alt_text":"","src":"https:\/\/i0.wp.com\/www.robertosedda.it\/wp-content\/uploads\/2016\/06\/maxresdefault-1.jpg?fit=1200%2C675&ssl=1&resize=350%2C200","width":350,"height":200,"srcset":"https:\/\/i0.wp.com\/www.robertosedda.it\/wp-content\/uploads\/2016\/06\/maxresdefault-1.jpg?fit=1200%2C675&ssl=1&resize=350%2C200 1x, https:\/\/i0.wp.com\/www.robertosedda.it\/wp-content\/uploads\/2016\/06\/maxresdefault-1.jpg?fit=1200%2C675&ssl=1&resize=700%2C400 2x, https:\/\/i0.wp.com\/www.robertosedda.it\/wp-content\/uploads\/2016\/06\/maxresdefault-1.jpg?fit=1200%2C675&ssl=1&resize=1050%2C600 3x"},"classes":[]},{"id":10836,"url":"https:\/\/www.robertosedda.it\/?p=10836","url_meta":{"origin":12198,"position":1},"title":"Sono di nuovo on air (e anche on line!)","author":"Rufus","date":"15\/09\/2015","format":false,"excerpt":"Da gioved\u00ec prossimo ricomincia\u00a0Oggi parliamo di libri, al solito orario delle 19.10 e in replica il venerd\u00ec mattina alle 8.30. La grossa novit\u00e0 di quest'anno \u00e8 il\u00a0podcast, che permetter\u00e0 di riascoltare le puntate quasi immediatamente senza bisogno di aspettare che io le metta in rete per conto mio. Continuer\u00f2 comunque\u2026","rel":"","context":"In &quot;Coordinate&quot;","block_context":{"text":"Coordinate","link":"https:\/\/www.robertosedda.it\/?cat=52"},"img":{"alt_text":"","src":"https:\/\/i0.wp.com\/www.robertosedda.it\/wp-content\/uploads\/2015\/09\/Radio-Kalaritana-On-Air.jpg?fit=850%2C310&ssl=1&resize=350%2C200","width":350,"height":200,"srcset":"https:\/\/i0.wp.com\/www.robertosedda.it\/wp-content\/uploads\/2015\/09\/Radio-Kalaritana-On-Air.jpg?fit=850%2C310&ssl=1&resize=350%2C200 1x, https:\/\/i0.wp.com\/www.robertosedda.it\/wp-content\/uploads\/2015\/09\/Radio-Kalaritana-On-Air.jpg?fit=850%2C310&ssl=1&resize=700%2C400 2x"},"classes":[]},{"id":20342,"url":"https:\/\/www.robertosedda.it\/?p=20342","url_meta":{"origin":12198,"position":2},"title":"Il rischio reputazionale di Nigel Farage","author":"Rufus","date":"20\/07\/2023","format":false,"excerpt":"Il mio amico Domenico Licheri, fidato spacciatore di notizie d'oltre Manica, mi segnala un articolo del Guardian dedicato alla vicenda della chiusura del conto di Nigel Farage da parte della banca Coutts. Dato che si tratta di una vicenda molto inglese, forse \u00e8 utile riassumerla. Immagino che tutti sappiano che\u2026","rel":"","context":"In &quot;Banche e finanza&quot;","block_context":{"text":"Banche e finanza","link":"https:\/\/www.robertosedda.it\/?cat=72"},"img":{"alt_text":"","src":"https:\/\/i0.wp.com\/www.robertosedda.it\/wp-content\/uploads\/2023\/07\/Farage-conto.png?fit=876%2C349&ssl=1&resize=350%2C200","width":350,"height":200,"srcset":"https:\/\/i0.wp.com\/www.robertosedda.it\/wp-content\/uploads\/2023\/07\/Farage-conto.png?fit=876%2C349&ssl=1&resize=350%2C200 1x, https:\/\/i0.wp.com\/www.robertosedda.it\/wp-content\/uploads\/2023\/07\/Farage-conto.png?fit=876%2C349&ssl=1&resize=700%2C400 2x"},"classes":[]},{"id":9885,"url":"https:\/\/www.robertosedda.it\/?p=9885","url_meta":{"origin":12198,"position":3},"title":"Tristano e Isotta, cos\u00ec uguali e cos\u00ec diversi","author":"Rufus","date":"02\/04\/2015","format":"video","excerpt":"Per una volta sono riuscito a trovare sulla rete (e liberamente disponibile) una dispensa alla quale posso tranquillamente delegare buona parte delle cose che dovrei dire. Si tratta di materiale preparato dal professor Tagliani dell'Universit\u00e0 di Milano per il suo corso di Filologia romanza ed \u00e8 veramente di ottima qualit\u00e0\u00a0ed\u2026","rel":"","context":"In &quot;Coordinate&quot;","block_context":{"text":"Coordinate","link":"https:\/\/www.robertosedda.it\/?cat=52"},"img":{"alt_text":"","src":"https:\/\/i0.wp.com\/img.youtube.com\/vi\/KGK31EuPOXk\/0.jpg?resize=350%2C200","width":350,"height":200},"classes":[]},{"id":8391,"url":"https:\/\/www.robertosedda.it\/?p=8391","url_meta":{"origin":12198,"position":4},"title":"La fantasy dopo George R.R. Martin","author":"Rufus","date":"11\/09\/2014","format":false,"excerpt":"The Red Knight (Miles Cameron,\u00a0Gollancz 2013) Sto leggendo diversi libri di\u00a0fantasy, in questo periodo, e tutti mi suggeriscono l'idea di essere parte di una evoluzione del genere \"post-martiniano\": come se il vecchio George fosse un riferimento imprescindibile, s\u00ec, ma anche un incidente di percorso che va messo da parte per\u2026","rel":"","context":"In &quot;Coordinate&quot;","block_context":{"text":"Coordinate","link":"https:\/\/www.robertosedda.it\/?cat=52"},"img":{"alt_text":"","src":"https:\/\/i0.wp.com\/www.robertosedda.it\/wp-content\/uploads\/2014\/09\/Red-Knight-sito.jpg.jpg?fit=1200%2C844&ssl=1&resize=350%2C200","width":350,"height":200,"srcset":"https:\/\/i0.wp.com\/www.robertosedda.it\/wp-content\/uploads\/2014\/09\/Red-Knight-sito.jpg.jpg?fit=1200%2C844&ssl=1&resize=350%2C200 1x, https:\/\/i0.wp.com\/www.robertosedda.it\/wp-content\/uploads\/2014\/09\/Red-Knight-sito.jpg.jpg?fit=1200%2C844&ssl=1&resize=700%2C400 2x, https:\/\/i0.wp.com\/www.robertosedda.it\/wp-content\/uploads\/2014\/09\/Red-Knight-sito.jpg.jpg?fit=1200%2C844&ssl=1&resize=1050%2C600 3x"},"classes":[]},{"id":11409,"url":"https:\/\/www.robertosedda.it\/?p=11409","url_meta":{"origin":12198,"position":5},"title":"Il magnifico Shakespeare","author":"Rufus","date":"18\/01\/2016","format":false,"excerpt":"Ho letto per la prima volta Shakespeare quando avevo credo dodici o tredici anni. Quando dico\u00a0leggerlo non intendo un sunto scolastico o altre cose del genere: intendo una lettura continuativa di tutto il tomo\u00a0Sansoni dell'opera\u00a0completa, dal primo dramma storico (credo il\u00a0Riccardo II) al\u00a0poemetto sullo stupro\u00a0di Lucrezia che era in appendice.\u2026","rel":"","context":"In &quot;Coordinate&quot;","block_context":{"text":"Coordinate","link":"https:\/\/www.robertosedda.it\/?cat=52"},"img":{"alt_text":"","src":"https:\/\/i0.wp.com\/www.robertosedda.it\/wp-content\/uploads\/2016\/01\/Shakespeare.jpg?fit=670%2C875&ssl=1&resize=350%2C200","width":350,"height":200},"classes":[]}],"_links":{"self":[{"href":"https:\/\/www.robertosedda.it\/index.php?rest_route=\/wp\/v2\/posts\/12198"}],"collection":[{"href":"https:\/\/www.robertosedda.it\/index.php?rest_route=\/wp\/v2\/posts"}],"about":[{"href":"https:\/\/www.robertosedda.it\/index.php?rest_route=\/wp\/v2\/types\/post"}],"author":[{"embeddable":true,"href":"https:\/\/www.robertosedda.it\/index.php?rest_route=\/wp\/v2\/users\/1"}],"replies":[{"embeddable":true,"href":"https:\/\/www.robertosedda.it\/index.php?rest_route=%2Fwp%2Fv2%2Fcomments&post=12198"}],"version-history":[{"count":6,"href":"https:\/\/www.robertosedda.it\/index.php?rest_route=\/wp\/v2\/posts\/12198\/revisions"}],"predecessor-version":[{"id":15461,"href":"https:\/\/www.robertosedda.it\/index.php?rest_route=\/wp\/v2\/posts\/12198\/revisions\/15461"}],"wp:featuredmedia":[{"embeddable":true,"href":"https:\/\/www.robertosedda.it\/index.php?rest_route=\/wp\/v2\/media\/12200"}],"wp:attachment":[{"href":"https:\/\/www.robertosedda.it\/index.php?rest_route=%2Fwp%2Fv2%2Fmedia&parent=12198"}],"wp:term":[{"taxonomy":"category","embeddable":true,"href":"https:\/\/www.robertosedda.it\/index.php?rest_route=%2Fwp%2Fv2%2Fcategories&post=12198"},{"taxonomy":"post_tag","embeddable":true,"href":"https:\/\/www.robertosedda.it\/index.php?rest_route=%2Fwp%2Fv2%2Ftags&post=12198"}],"curies":[{"name":"wp","href":"https:\/\/api.w.org\/{rel}","templated":true}]}}