{"id":12183,"date":"2016-06-29T16:00:34","date_gmt":"2016-06-29T14:00:34","guid":{"rendered":"http:\/\/www.robertosedda.it\/?p=12183"},"modified":"2022-06-29T11:36:30","modified_gmt":"2022-06-29T09:36:30","slug":"la-cultura-non-si-affonda","status":"publish","type":"post","link":"https:\/\/www.robertosedda.it\/?p=12183","title":{"rendered":"La cultura non si affonda"},"content":{"rendered":"<p>Chi segue questo&nbsp;<em>blog<\/em> sa che <a href=\"http:\/\/www.robertosedda.it\/?p=8570\">apprezzo molto la compagnia teatrale&nbsp;<em>\u00e7\u00e0jka<\/em> e Francesco Origo<\/a>, e in particolare il lavoro che fanno durante l&#8217;estate con i&nbsp;<em>Teatridimare<\/em>.<\/p>\n<p>Quest&#8217;anno i <em>Teatridimare <\/em>si rivolgono al loro pubblico non solo nei modi usuali (\u00abveniteci a vedere\u00bb, diciamo), ma anche con una richiesta di supporto diretto, con<a href=\"https:\/\/www.produzionidalbasso.com\/project\/la-cultura-non-si-affonda-teatridimare-2016\/\"> il <em>crowdfunding<\/em> sulla benemerita piattaforma di&nbsp;<em>Produzioni dal basso<\/em><\/a>&nbsp;(che \u00e8 <a href=\"https:\/\/www.produzionidalbasso.com\/network\/di\/banca-etica\">la stessa che usa anche Banca Etica<\/a>, peraltro).<\/p>\n<div class=\"jetpack-video-wrapper\"><span class=\"embed-youtube\" style=\"text-align:center; display: block;\"><iframe loading=\"lazy\" class=\"youtube-player\" width=\"800\" height=\"450\" src=\"https:\/\/www.youtube.com\/embed\/ZA6sVLCg0VI?version=3&#038;rel=1&#038;showsearch=0&#038;showinfo=1&#038;iv_load_policy=1&#038;fs=1&#038;hl=it-IT&#038;autohide=2&#038;wmode=transparent\" allowfullscreen=\"true\" style=\"border:0;\" sandbox=\"allow-scripts allow-same-origin allow-popups allow-presentation\"><\/iframe><\/span><\/div>\n<p>Con Maria Bonaria abbiamo deciso di&nbsp;ripagare un po&#8217; del piacere ricevuto negli anni, e quindi abbiamo fatto un&#8217;offerta. Ne guadagniamo uno&nbsp;<em>shopper<\/em>, una maglietta e la soddisfazione di far galleggiare un altro po&#8217; la cultura. Non \u00e8 un cattivo affare.<\/p>\n<p>Non vorrei essere troppo aggressivo, ma ecco: secondo me dovreste fare altrettanto (nei limiti delle possibilit\u00e0 di ognuno,&nbsp;<em>\u00e7a va sans dire<\/em>). Mi sono anche sbagliato e vi sto avvisando quando mancano solo otto giorni, quindi sbrigatevi.<\/p>\n<p>&nbsp;<\/p>\n","protected":false},"excerpt":{"rendered":"<p>Chi segue questo&nbsp;blog sa che apprezzo molto la compagnia teatrale&nbsp;\u00e7\u00e0jka e Francesco Origo, e in particolare il lavoro che fanno<\/p>\n","protected":false},"author":1,"featured_media":0,"comment_status":"open","ping_status":"open","sticky":false,"template":"","format":"video","meta":{"_mi_skip_tracking":false,"_monsterinsights_sitenote_active":false,"_monsterinsights_sitenote_note":"","_monsterinsights_sitenote_category":0,"jetpack_post_was_ever_published":false,"_jetpack_newsletter_access":"","jetpack_publicize_message":"La cultura non si affonda #teatridimare #laculturanonsiaffonda","jetpack_is_tweetstorm":false,"jetpack_publicize_feature_enabled":true,"jetpack_social_post_already_shared":true,"jetpack_social_options":{"image_generator_settings":{"template":"highway","enabled":false}}},"categories":[52,55,77,17,16],"tags":[],"jetpack_publicize_connections":[],"jetpack_featured_media_url":"","jetpack_sharing_enabled":true,"jetpack_shortlink":"https:\/\/wp.me\/p4jV2T-3av","jetpack_likes_enabled":true,"jetpack-related-posts":[{"id":5078,"url":"https:\/\/www.robertosedda.it\/?p=5078","url_meta":{"origin":12183,"position":0},"title":"C&#8217;\u00e8 flashmob e flashmob","author":"Rufus","date":"22\/11\/2013","format":"video","excerpt":"Da un po' di tempo gir\u00e0 su Facebook un filmato che \u00e8 introdotto pi\u00f9 o meno da frasi come queste: \u00abGuardate cosa fa questa bambina e che sorpresa riceve in cambio di una monetina a\u00a0un musicista di strada. La moneta meglio spesa della storia\u00bb. Ora, a me c'era qualcosa che\u2026","rel":"","context":"In &quot;Coordinate&quot;","block_context":{"text":"Coordinate","link":"https:\/\/www.robertosedda.it\/?cat=52"},"img":{"alt_text":"","src":"https:\/\/i0.wp.com\/img.youtube.com\/vi\/GBaHPND2QJg\/0.jpg?resize=350%2C200","width":350,"height":200},"classes":[]},{"id":11180,"url":"https:\/\/www.robertosedda.it\/?p=11180","url_meta":{"origin":12183,"position":1},"title":"Strane cose a Nantucket","author":"Rufus","date":"17\/11\/2015","format":false,"excerpt":"Ho letto da poco su\u00a0LitHub\u00a0un bellissimo articolo che mette insieme il ricordo un po' sognante e un po' nostalgico\u00a0della cultura dei balenieri di Nantucket (quella di\u00a0Moby Dick, per capirci), la ricostruzione formale dell'invenzione di una tradizione - spesso sappiamo che una tradizione \u00e8 stata inventata, ma non \u00e8 facile ricostruire\u2026","rel":"","context":"In &quot;Coordinate&quot;","block_context":{"text":"Coordinate","link":"https:\/\/www.robertosedda.it\/?cat=52"},"img":{"alt_text":"","src":"https:\/\/i0.wp.com\/www.robertosedda.it\/wp-content\/uploads\/2015\/11\/Cape-Cod.jpg?fit=340%2C270&ssl=1&resize=350%2C200","width":350,"height":200},"classes":[]},{"id":13810,"url":"https:\/\/www.robertosedda.it\/?p=13810","url_meta":{"origin":12183,"position":2},"title":"Culture aziendali","author":"Rufus","date":"07\/06\/2017","format":false,"excerpt":"Il mio amico e compagno in Banca Etica Paolo Mascellani mi ha suggerito la lettura del documento sulla propria cultura aziendale che\u00a0Netflix\u00a0ha reso pubblico in rete. Paolo sa che i temi della cultura e della organizzazione aziendale mi interessano molto, ma probabilmente mi ha segnalato la lettura per una questione\u2026","rel":"","context":"In &quot;Coordinate&quot;","block_context":{"text":"Coordinate","link":"https:\/\/www.robertosedda.it\/?cat=52"},"img":{"alt_text":"","src":"https:\/\/i0.wp.com\/www.robertosedda.it\/wp-content\/uploads\/2017\/06\/Cultura-aziendale.jpg?fit=750%2C500&ssl=1&resize=350%2C200","width":350,"height":200,"srcset":"https:\/\/i0.wp.com\/www.robertosedda.it\/wp-content\/uploads\/2017\/06\/Cultura-aziendale.jpg?fit=750%2C500&ssl=1&resize=350%2C200 1x, https:\/\/i0.wp.com\/www.robertosedda.it\/wp-content\/uploads\/2017\/06\/Cultura-aziendale.jpg?fit=750%2C500&ssl=1&resize=700%2C400 2x"},"classes":[]},{"id":4760,"url":"https:\/\/www.robertosedda.it\/?p=4760","url_meta":{"origin":12183,"position":3},"title":"Quando poi uno \u00e8 pi\u00f9 colto di te","author":"Rufus","date":"22\/10\/2013","format":false,"excerpt":"Su Orfani, di cui ho parlato nell'articolo precedente, segnalo un bell'articolo pubblicato su Lo spazio bianco, un blog molto valido che per un periodo \u00e8 stato anche nel mio blogroll (e mi sa che ce lo rimetter\u00f2). L'articolo dice con una cultura enormemente superiore alla mia molte delle cose che\u2026","rel":"","context":"In &quot;Fantasy e fantascienza&quot;","block_context":{"text":"Fantasy e fantascienza","link":"https:\/\/www.robertosedda.it\/?cat=63"},"img":{"alt_text":"","src":"https:\/\/i0.wp.com\/www.robertosedda.it\/wp-content\/uploads\/2013\/10\/Orfani-Recchioni-Mammuccari-Carnevale.jpg?fit=913%2C1200&ssl=1&resize=350%2C200","width":350,"height":200,"srcset":"https:\/\/i0.wp.com\/www.robertosedda.it\/wp-content\/uploads\/2013\/10\/Orfani-Recchioni-Mammuccari-Carnevale.jpg?fit=913%2C1200&ssl=1&resize=350%2C200 1x, https:\/\/i0.wp.com\/www.robertosedda.it\/wp-content\/uploads\/2013\/10\/Orfani-Recchioni-Mammuccari-Carnevale.jpg?fit=913%2C1200&ssl=1&resize=700%2C400 2x"},"classes":[]},{"id":3241,"url":"https:\/\/www.robertosedda.it\/?p=3241","url_meta":{"origin":12183,"position":4},"title":"Quel primitivo di Jack London","author":"Rufus","date":"21\/05\/2013","format":"video","excerpt":"Ho messo in linea oggi la puntata di Oggi parliamo di libri dedicata a Jack London e al Il richiamo della foresta. Come ho spiegato in trasmissione la puntata doveva essere dedicata al western e poi ho parzialmente cambiato obiettivo: in London infatti non c'\u00e8 tanto una riflessione sul West\u2026","rel":"","context":"In &quot;Coordinate&quot;","block_context":{"text":"Coordinate","link":"https:\/\/www.robertosedda.it\/?cat=52"},"img":{"alt_text":"","src":"https:\/\/i0.wp.com\/img.youtube.com\/vi\/9QTWkpWFFzs\/0.jpg?resize=350%2C200","width":350,"height":200},"classes":[]},{"id":9011,"url":"https:\/\/www.robertosedda.it\/?p=9011","url_meta":{"origin":12183,"position":5},"title":"Ascoltate Cinematica!!","author":"Rufus","date":"06\/12\/2014","format":false,"excerpt":"Devo confessare, anche se \u00e8 una trasmissione della concorrenza, che sono un fan sfegatato di Cinematica, la trasmissione ideata e condotta da Gianmarco Diana e dedicata alla musica da, per, intorno, sopra e sotto il cinema. Non \u00e8 solo che la trasmissione mi consente di mettere insieme due passioni come\u2026","rel":"","context":"In &quot;Coordinate&quot;","block_context":{"text":"Coordinate","link":"https:\/\/www.robertosedda.it\/?cat=52"},"img":{"alt_text":"","src":"","width":0,"height":0},"classes":[]}],"_links":{"self":[{"href":"https:\/\/www.robertosedda.it\/index.php?rest_route=\/wp\/v2\/posts\/12183"}],"collection":[{"href":"https:\/\/www.robertosedda.it\/index.php?rest_route=\/wp\/v2\/posts"}],"about":[{"href":"https:\/\/www.robertosedda.it\/index.php?rest_route=\/wp\/v2\/types\/post"}],"author":[{"embeddable":true,"href":"https:\/\/www.robertosedda.it\/index.php?rest_route=\/wp\/v2\/users\/1"}],"replies":[{"embeddable":true,"href":"https:\/\/www.robertosedda.it\/index.php?rest_route=%2Fwp%2Fv2%2Fcomments&post=12183"}],"version-history":[{"count":2,"href":"https:\/\/www.robertosedda.it\/index.php?rest_route=\/wp\/v2\/posts\/12183\/revisions"}],"predecessor-version":[{"id":19772,"href":"https:\/\/www.robertosedda.it\/index.php?rest_route=\/wp\/v2\/posts\/12183\/revisions\/19772"}],"wp:attachment":[{"href":"https:\/\/www.robertosedda.it\/index.php?rest_route=%2Fwp%2Fv2%2Fmedia&parent=12183"}],"wp:term":[{"taxonomy":"category","embeddable":true,"href":"https:\/\/www.robertosedda.it\/index.php?rest_route=%2Fwp%2Fv2%2Fcategories&post=12183"},{"taxonomy":"post_tag","embeddable":true,"href":"https:\/\/www.robertosedda.it\/index.php?rest_route=%2Fwp%2Fv2%2Ftags&post=12183"}],"curies":[{"name":"wp","href":"https:\/\/api.w.org\/{rel}","templated":true}]}}