{"id":12104,"date":"2016-06-15T16:01:45","date_gmt":"2016-06-15T14:01:45","guid":{"rendered":"http:\/\/www.robertosedda.it\/?p=12104"},"modified":"2022-06-16T08:17:14","modified_gmt":"2022-06-16T06:17:14","slug":"da-non-perdere","status":"publish","type":"post","link":"https:\/\/www.robertosedda.it\/?p=12104","title":{"rendered":"Da non perdere"},"content":{"rendered":"<h4>La&nbsp;<em>Bonelli<\/em> ripubblica in un&#8217;unico volume di quasi cinquecento pagine i cinque albi originali di&nbsp;<em>Magico Vento<\/em> dedicati alla <em>guerra delle Black Hills<\/em>.<\/h4>\n<p><img data-attachment-id=\"12105\" data-permalink=\"https:\/\/www.robertosedda.it\/?attachment_id=12105\" data-orig-file=\"https:\/\/i0.wp.com\/www.robertosedda.it\/wp-content\/uploads\/2016\/06\/Magico-Vento-Guerra-delle-Blck-Hills.jpg?fit=968%2C1325&amp;ssl=1\" data-orig-size=\"968,1325\" data-comments-opened=\"1\" data-image-meta=\"{&quot;aperture&quot;:&quot;0&quot;,&quot;credit&quot;:&quot;&quot;,&quot;camera&quot;:&quot;&quot;,&quot;caption&quot;:&quot;&quot;,&quot;created_timestamp&quot;:&quot;0&quot;,&quot;copyright&quot;:&quot;&quot;,&quot;focal_length&quot;:&quot;0&quot;,&quot;iso&quot;:&quot;0&quot;,&quot;shutter_speed&quot;:&quot;0&quot;,&quot;title&quot;:&quot;&quot;,&quot;orientation&quot;:&quot;0&quot;}\" data-image-title=\"Magico Vento Guerra delle Blck Hills\" data-image-description=\"\" data-image-caption=\"\" data-medium-file=\"https:\/\/i0.wp.com\/www.robertosedda.it\/wp-content\/uploads\/2016\/06\/Magico-Vento-Guerra-delle-Blck-Hills.jpg?fit=219%2C300&amp;ssl=1\" data-large-file=\"https:\/\/i0.wp.com\/www.robertosedda.it\/wp-content\/uploads\/2016\/06\/Magico-Vento-Guerra-delle-Blck-Hills.jpg?fit=510%2C698&amp;ssl=1\" decoding=\"async\" loading=\"lazy\" class=\"aligncenter size-full wp-image-12105\" src=\"https:\/\/i0.wp.com\/www.robertosedda.it\/wp-content\/uploads\/2016\/06\/Magico-Vento-Guerra-delle-Blck-Hills.jpg?resize=800%2C1095\" alt=\"Magico Vento Guerra delle Blck Hills\" width=\"800\" height=\"1095\" srcset=\"https:\/\/i0.wp.com\/www.robertosedda.it\/wp-content\/uploads\/2016\/06\/Magico-Vento-Guerra-delle-Blck-Hills.jpg?w=968&amp;ssl=1 968w, https:\/\/i0.wp.com\/www.robertosedda.it\/wp-content\/uploads\/2016\/06\/Magico-Vento-Guerra-delle-Blck-Hills.jpg?resize=110%2C150&amp;ssl=1 110w, https:\/\/i0.wp.com\/www.robertosedda.it\/wp-content\/uploads\/2016\/06\/Magico-Vento-Guerra-delle-Blck-Hills.jpg?resize=219%2C300&amp;ssl=1 219w, https:\/\/i0.wp.com\/www.robertosedda.it\/wp-content\/uploads\/2016\/06\/Magico-Vento-Guerra-delle-Blck-Hills.jpg?resize=510%2C698&amp;ssl=1 510w, https:\/\/i0.wp.com\/www.robertosedda.it\/wp-content\/uploads\/2016\/06\/Magico-Vento-Guerra-delle-Blck-Hills.jpg?resize=700%2C958&amp;ssl=1 700w\" sizes=\"(max-width: 800px) 100vw, 800px\" data-recalc-dims=\"1\" \/>Ed \u00e8 una buona, anzi un&#8217;ottima&nbsp;notizia.<\/p>\n<p>Per chi non avesse mai seguito la serie originale,&nbsp;<em>Magico Vento<\/em>&nbsp;un&nbsp;<em>western<\/em> con forti componenti fantastiche e <em>horror<\/em>. Il&nbsp;<em>mix<\/em> di storie&nbsp;<em>western&nbsp;<\/em>classiche con situazioni pi\u00f9 legate ad altri autori della tradizioni americana (da Bierce a Poe, esplicitamente richiamato da uno dei comprimari, a Lovecraft) dava un gran numero di frecce all&#8217;arco della serialit\u00e0, perch\u00e9 permetteva di spaziare e di sorprendere il lettore con atmosfere diverse, per non parlare della possibilit\u00e0 di contaminazioni inaspettate.<\/p>\n<p>Ma il punto&nbsp;<em>davvero<\/em> di forza della serie, secondo me e molti altri lettori, era la grande attenzione riservata ai popoli nativi, non solo descritti sempre con grande rigore antropologico (in fondo, anche solo nel fumetto bonelliano c&#8217;era gi\u00e0 stato <em>Ken Parker<\/em>&nbsp;ad avere questa caratteristica), ma anche avendo grande cura&nbsp;nel riflettere il <em>loro<\/em> punto di vista sugli eventi dell&#8217;Ottocento americano, e questo \u00e8 gi\u00e0 meno comune. Le storie naturalmente sono sempre avventurose e il&nbsp;<em>mix<\/em> di ricostruzione storica, belle descrizioni psicologiche&nbsp;e&nbsp;trame avvincenti trovava il suo punto pi\u00f9 alto proprio nei cinque albi ora ripresentati, che raccontano la partecipazione del protagonista, dalla parte dei Lakota alla&nbsp;<em>guerra delle Black Hills<\/em>, quella, per capirci, di Little Big Horn e del Generale Custer (e di Toro Seduto, Cavallo Pazzo eccetera).<\/p>\n<p>Un&#8217;unica avvertenza: secondo il nuovo corso Bonelli il volume si trova in libreria e nelle fumetterie (costo 27 euro e li vale tutti, direi).<\/p>\n","protected":false},"excerpt":{"rendered":"<p>La&nbsp;Bonelli ripubblica in un&#8217;unico volume di quasi cinquecento pagine i cinque albi originali di&nbsp;Magico Vento dedicati alla guerra delle Black<\/p>\n","protected":false},"author":1,"featured_media":12105,"comment_status":"open","ping_status":"open","sticky":false,"template":"","format":"standard","meta":{"_mi_skip_tracking":false,"_monsterinsights_sitenote_active":false,"_monsterinsights_sitenote_note":"","_monsterinsights_sitenote_category":0,"jetpack_post_was_ever_published":false,"_jetpack_newsletter_access":"","jetpack_publicize_message":"","jetpack_is_tweetstorm":false,"jetpack_publicize_feature_enabled":true,"jetpack_social_post_already_shared":true,"jetpack_social_options":{"image_generator_settings":{"template":"highway","enabled":false}}},"categories":[70,52,56,95,16],"tags":[],"jetpack_publicize_connections":[],"jetpack_featured_media_url":"https:\/\/i0.wp.com\/www.robertosedda.it\/wp-content\/uploads\/2016\/06\/Magico-Vento-Guerra-delle-Blck-Hills.jpg?fit=968%2C1325&ssl=1","jetpack_sharing_enabled":true,"jetpack_shortlink":"https:\/\/wp.me\/p4jV2T-39e","jetpack_likes_enabled":true,"jetpack-related-posts":[{"id":1033,"url":"https:\/\/www.robertosedda.it\/?p=1033","url_meta":{"origin":12104,"position":0},"title":"La leggenda di Shangai Devil","author":"Rufus","date":"14\/10\/2012","format":false,"excerpt":"Dopo aver finito il tredicesimo numero di Shangai Devil, Sette diavoli, riflettevo che questa serie sarebbe piaciuta al vecchio David Gemmell, i cui romanzi finivano tutti per arrivare ad un assedio disperato in cui pochi eroi affrontavano forze soverchianti. Dalle Termopili a Davy Crockett ad Alamo si tratta di un\u2026","rel":"","context":"In &quot;Cappe e spade&quot;","block_context":{"text":"Cappe e spade","link":"https:\/\/www.robertosedda.it\/?cat=70"},"img":{"alt_text":"","src":"https:\/\/i0.wp.com\/www.robertosedda.it\/wp-content\/uploads\/2012\/10\/98_1318261248.jpg?fit=447%2C379&ssl=1&resize=350%2C200","width":350,"height":200},"classes":[]},{"id":2621,"url":"https:\/\/www.robertosedda.it\/?p=2621","url_meta":{"origin":12104,"position":1},"title":"Da un Manfredi all&#8217;altro","author":"Rufus","date":"20\/03\/2013","format":false,"excerpt":"Gianfranco Manfredi uno: finisce Shangai Devil \u00c8 terminata pochi giorni fa la serie di Shangai Devil, di cui ho parlato tempo fa. Ne ho approfittato per rileggere di un fiato tutti i diciotto numeri della miniserie: una esperienza piacevole che ha ingentilito un fine settimana con l'influenza. Con una rilettura\u2026","rel":"","context":"In &quot;Cappe e spade&quot;","block_context":{"text":"Cappe e spade","link":"https:\/\/www.robertosedda.it\/?cat=70"},"img":{"alt_text":"","src":"https:\/\/i0.wp.com\/www.robertosedda.it\/wp-content\/uploads\/2013\/03\/magico-vento2.jpg?fit=400%2C392&ssl=1&resize=350%2C200","width":350,"height":200},"classes":[]},{"id":3241,"url":"https:\/\/www.robertosedda.it\/?p=3241","url_meta":{"origin":12104,"position":2},"title":"Quel primitivo di Jack London","author":"Rufus","date":"21\/05\/2013","format":"video","excerpt":"Ho messo in linea oggi la puntata di Oggi parliamo di libri dedicata a Jack London e al Il richiamo della foresta. Come ho spiegato in trasmissione la puntata doveva essere dedicata al western e poi ho parzialmente cambiato obiettivo: in London infatti non c'\u00e8 tanto una riflessione sul West\u2026","rel":"","context":"In &quot;Coordinate&quot;","block_context":{"text":"Coordinate","link":"https:\/\/www.robertosedda.it\/?cat=52"},"img":{"alt_text":"","src":"https:\/\/i0.wp.com\/img.youtube.com\/vi\/9QTWkpWFFzs\/0.jpg?resize=350%2C200","width":350,"height":200},"classes":[]},{"id":17458,"url":"https:\/\/www.robertosedda.it\/?p=17458","url_meta":{"origin":12104,"position":3},"title":"Film in libera circolazione","author":"Rufus","date":"16\/10\/2019","format":false,"excerpt":"L'avevo segnalato tempo fa, ma mi sono accorto che l'indicazione dell'indirizzo web era fuorviante e la ripeto di nuovo: sul sito Open Culture c'\u00e8 un catalogo di 1150 film liberamente visionabili, compreso un numero sterminato di classici (proprio l'altro giorno durante la visione di Iene avevo un dubbio sull'Andrei Rublev,\u2026","rel":"","context":"In &quot;Coordinate&quot;","block_context":{"text":"Coordinate","link":"https:\/\/www.robertosedda.it\/?cat=52"},"img":{"alt_text":"","src":"https:\/\/i0.wp.com\/www.robertosedda.it\/wp-content\/uploads\/2019\/10\/Andrei-Rublev.jpeg?fit=1152%2C576&ssl=1&resize=350%2C200","width":350,"height":200,"srcset":"https:\/\/i0.wp.com\/www.robertosedda.it\/wp-content\/uploads\/2019\/10\/Andrei-Rublev.jpeg?fit=1152%2C576&ssl=1&resize=350%2C200 1x, https:\/\/i0.wp.com\/www.robertosedda.it\/wp-content\/uploads\/2019\/10\/Andrei-Rublev.jpeg?fit=1152%2C576&ssl=1&resize=700%2C400 2x, https:\/\/i0.wp.com\/www.robertosedda.it\/wp-content\/uploads\/2019\/10\/Andrei-Rublev.jpeg?fit=1152%2C576&ssl=1&resize=1050%2C600 3x"},"classes":[]},{"id":7827,"url":"https:\/\/www.robertosedda.it\/?p=7827","url_meta":{"origin":12104,"position":4},"title":"Generi da riscoprire","author":"Rufus","date":"24\/06\/2014","format":false,"excerpt":"In questo periodo oltre a libri \"nuovi\" sto rileggendo due serie di romanzi che ho gi\u00e0 abbondantemente letto e riletto. Una \u00e8 la serie di romanzi navali di Patrick O'Brian\u00a0e l'altra sono i gialli di Raymond Chandler con protagonista Philip Marlowe.\u00a0Potenza del palmare: ti porti dietro\u00a0un sacco di libri e\u2026","rel":"","context":"In &quot;Cappe e spade&quot;","block_context":{"text":"Cappe e spade","link":"https:\/\/www.robertosedda.it\/?cat=70"},"img":{"alt_text":"","src":"https:\/\/i0.wp.com\/www.robertosedda.it\/wp-content\/uploads\/2014\/06\/Silken-prey.jpg?fit=260%2C393&ssl=1&resize=350%2C200","width":350,"height":200},"classes":[]},{"id":2004,"url":"https:\/\/www.robertosedda.it\/?p=2004","url_meta":{"origin":12104,"position":5},"title":"Conan a &#8220;Oggi parliamo di libri&#8221;","author":"Rufus","date":"23\/01\/2013","format":false,"excerpt":"La quarta puntata di Oggi parliamo di libri era dedicata a Conan. La quarta? E ormai \u00e8 andata in onda gi\u00e0 la settima! Sono in ritardissimo nella trascrizione delle puntate. Me tapino... Comunque, la puntata si \u00e8 aperta col botto. Con voce impostata (che temo facesse un po' ridere) ho\u2026","rel":"","context":"In &quot;Coordinate&quot;","block_context":{"text":"Coordinate","link":"https:\/\/www.robertosedda.it\/?cat=52"},"img":{"alt_text":"","src":"https:\/\/i0.wp.com\/www.robertosedda.it\/wp-content\/uploads\/2013\/01\/Conan-cimmero.jpg?fit=466%2C720&ssl=1&resize=350%2C200","width":350,"height":200},"classes":[]}],"_links":{"self":[{"href":"https:\/\/www.robertosedda.it\/index.php?rest_route=\/wp\/v2\/posts\/12104"}],"collection":[{"href":"https:\/\/www.robertosedda.it\/index.php?rest_route=\/wp\/v2\/posts"}],"about":[{"href":"https:\/\/www.robertosedda.it\/index.php?rest_route=\/wp\/v2\/types\/post"}],"author":[{"embeddable":true,"href":"https:\/\/www.robertosedda.it\/index.php?rest_route=\/wp\/v2\/users\/1"}],"replies":[{"embeddable":true,"href":"https:\/\/www.robertosedda.it\/index.php?rest_route=%2Fwp%2Fv2%2Fcomments&post=12104"}],"version-history":[{"count":3,"href":"https:\/\/www.robertosedda.it\/index.php?rest_route=\/wp\/v2\/posts\/12104\/revisions"}],"predecessor-version":[{"id":18842,"href":"https:\/\/www.robertosedda.it\/index.php?rest_route=\/wp\/v2\/posts\/12104\/revisions\/18842"}],"wp:featuredmedia":[{"embeddable":true,"href":"https:\/\/www.robertosedda.it\/index.php?rest_route=\/wp\/v2\/media\/12105"}],"wp:attachment":[{"href":"https:\/\/www.robertosedda.it\/index.php?rest_route=%2Fwp%2Fv2%2Fmedia&parent=12104"}],"wp:term":[{"taxonomy":"category","embeddable":true,"href":"https:\/\/www.robertosedda.it\/index.php?rest_route=%2Fwp%2Fv2%2Fcategories&post=12104"},{"taxonomy":"post_tag","embeddable":true,"href":"https:\/\/www.robertosedda.it\/index.php?rest_route=%2Fwp%2Fv2%2Ftags&post=12104"}],"curies":[{"name":"wp","href":"https:\/\/api.w.org\/{rel}","templated":true}]}}