{"id":12100,"date":"2016-06-15T11:07:52","date_gmt":"2016-06-15T09:07:52","guid":{"rendered":"http:\/\/www.robertosedda.it\/?p=12100"},"modified":"2022-06-16T08:17:23","modified_gmt":"2022-06-16T06:17:23","slug":"mettersi-con-goethe","status":"publish","type":"post","link":"https:\/\/www.robertosedda.it\/?p=12100","title":{"rendered":"Mettersi con Goethe"},"content":{"rendered":"\n<p>Non lo so perch\u00e9 ho tutto questo rispetto reverenziale nei confronti di Goethe, rispetto che non ho, poniamo, per l&#8217;amato Shakespeare o Anton \u010cechov o per altri autori che ho trattato in puntate precedenti o successive.<\/p>\n\n\n\n<div class=\"wp-block-image\"><figure class=\"aligncenter\"><img data-attachment-id=\"12102\" data-permalink=\"https:\/\/www.robertosedda.it\/?attachment_id=12102\" data-orig-file=\"https:\/\/i0.wp.com\/www.robertosedda.it\/wp-content\/uploads\/2016\/06\/Faust.jpg?fit=1280%2C720&amp;ssl=1\" data-orig-size=\"1280,720\" data-comments-opened=\"1\" data-image-meta=\"{&quot;aperture&quot;:&quot;0&quot;,&quot;credit&quot;:&quot;&quot;,&quot;camera&quot;:&quot;&quot;,&quot;caption&quot;:&quot;&quot;,&quot;created_timestamp&quot;:&quot;0&quot;,&quot;copyright&quot;:&quot;&quot;,&quot;focal_length&quot;:&quot;0&quot;,&quot;iso&quot;:&quot;0&quot;,&quot;shutter_speed&quot;:&quot;0&quot;,&quot;title&quot;:&quot;&quot;,&quot;orientation&quot;:&quot;0&quot;}\" data-image-title=\"Faust\" data-image-description=\"\" data-image-caption=\"\" data-medium-file=\"https:\/\/i0.wp.com\/www.robertosedda.it\/wp-content\/uploads\/2016\/06\/Faust.jpg?fit=300%2C169&amp;ssl=1\" data-large-file=\"https:\/\/i0.wp.com\/www.robertosedda.it\/wp-content\/uploads\/2016\/06\/Faust.jpg?fit=510%2C287&amp;ssl=1\" decoding=\"async\" loading=\"lazy\" width=\"800\" height=\"450\" src=\"https:\/\/i0.wp.com\/www.robertosedda.it\/wp-content\/uploads\/2016\/06\/Faust.jpg?resize=800%2C450\" alt=\"Faust\" class=\"wp-image-12102\" srcset=\"https:\/\/i0.wp.com\/www.robertosedda.it\/wp-content\/uploads\/2016\/06\/Faust.jpg?w=1280&amp;ssl=1 1280w, https:\/\/i0.wp.com\/www.robertosedda.it\/wp-content\/uploads\/2016\/06\/Faust.jpg?resize=150%2C84&amp;ssl=1 150w, https:\/\/i0.wp.com\/www.robertosedda.it\/wp-content\/uploads\/2016\/06\/Faust.jpg?resize=300%2C169&amp;ssl=1 300w, https:\/\/i0.wp.com\/www.robertosedda.it\/wp-content\/uploads\/2016\/06\/Faust.jpg?resize=510%2C287&amp;ssl=1 510w, https:\/\/i0.wp.com\/www.robertosedda.it\/wp-content\/uploads\/2016\/06\/Faust.jpg?resize=700%2C394&amp;ssl=1 700w\" sizes=\"(max-width: 800px) 100vw, 800px\" data-recalc-dims=\"1\" \/><\/figure><\/div>\n\n\n\n<p>Per\u00f2 per tutta la puntata ho avuto l&#8217;idea che fosse in qualche modo&nbsp;<em>sbagliato<\/em> parlare di Goethe, e la fastidiosa sensazione, in fondo, di non avere capito nulla del&nbsp;<em>Faust<\/em>.<\/p>\n\n\n\n<!--[if lt IE 9]><script>document.createElement('audio');<\/script><![endif]-->\n<audio class=\"wp-audio-shortcode\" id=\"audio-12100-1\" preload=\"none\" style=\"width: 100%;\" controls=\"controls\"><source type=\"audio\/mpeg\" src=\"http:\/\/www.radiokalaritana.it\/audio\/download\/LIB-S04E26-Goethe_Faust-20160331.mp3?_=1\" \/><a href=\"http:\/\/www.radiokalaritana.it\/audio\/download\/LIB-S04E26-Goethe_Faust-20160331.mp3\">http:\/\/www.radiokalaritana.it\/audio\/download\/LIB-S04E26-Goethe_Faust-20160331.mp3<\/a><\/audio>\n\n\n\n<p>Detto questo la puntata, come avrete sentito, non \u00e8 male. \u00c8 informativa il giusto, personale il giusto e tutto sommato si inserisce correttamente nel ciclo di puntate sull&#8217;Ottocento teatrale (credo di averla richiamata direttamente quando poi ho parlato di Hugo).<\/p>\n\n\n\n<p>L&#8217;unico appunto&nbsp;\u00e8 che potevo far notare che si tratta in realt\u00e0 di un&nbsp;<em>closet drama<\/em>, ma in realt\u00e0 da quando \u00e8 stato scritto il&nbsp;<em>Faust<\/em> non \u00e8 stato solo letto, come forse era nelle aspettative del suo autore, ma realmente messo in scena in mille teatri e pi\u00f9 volte anche al cinema e quindi l&#8217;omissione non \u00e8 grave: poteva al pi\u00f9 servire a rafforzare la linea principale della puntata, che era quella di sottolineare la straordinaria vitalit\u00e0 del&nbsp;<em>Faust<\/em>, grande mito moderno.<\/p>\n\n\n\n<p>Insomma, non ho di che lamentarmi della puntata.<\/p>\n\n\n\n<p>Ma mi rimane il dubbio: non mi ci dovevo mettere, con Goethe.<\/p>\n","protected":false},"excerpt":{"rendered":"<p>Non lo so perch\u00e9 ho tutto questo rispetto reverenziale nei confronti di Goethe, rispetto che non ho, poniamo, per l&#8217;amato<\/p>\n","protected":false},"author":1,"featured_media":12102,"comment_status":"open","ping_status":"open","sticky":false,"template":"","format":"standard","meta":{"_mi_skip_tracking":false,"_monsterinsights_sitenote_active":false,"_monsterinsights_sitenote_note":"","_monsterinsights_sitenote_category":0,"jetpack_post_was_ever_published":false,"_jetpack_newsletter_access":"","jetpack_publicize_message":"","jetpack_is_tweetstorm":false,"jetpack_publicize_feature_enabled":true,"jetpack_social_post_already_shared":true,"jetpack_social_options":{"image_generator_settings":{"template":"highway","enabled":false}}},"categories":[52,56,13,101,12],"tags":[],"jetpack_publicize_connections":[],"jetpack_featured_media_url":"https:\/\/i0.wp.com\/www.robertosedda.it\/wp-content\/uploads\/2016\/06\/Faust.jpg?fit=1280%2C720&ssl=1","jetpack_sharing_enabled":true,"jetpack_shortlink":"https:\/\/wp.me\/p4jV2T-39a","jetpack_likes_enabled":true,"jetpack-related-posts":[{"id":7627,"url":"https:\/\/www.robertosedda.it\/?p=7627","url_meta":{"origin":12100,"position":0},"title":"Non per soldi ma per lettura","author":"Rufus","date":"06\/06\/2014","format":false,"excerpt":"Il mio amico Antonio Messina, coordinatore del gruppo dei soci di Banca Etica delle Marche settentrionali, cela fra le tante sue multiformi capacit\u00e0 e interessi anche la voglia di costruire una bibliografia di narrativa in cui si affronti in\u00a0qualche modo il tema del denaro. Antonio ha\u00a0chiesto qualche suggerimento a me\u2026","rel":"","context":"In &quot;Coordinate&quot;","block_context":{"text":"Coordinate","link":"https:\/\/www.robertosedda.it\/?cat=52"},"img":{"alt_text":"","src":"https:\/\/i0.wp.com\/www.robertosedda.it\/wp-content\/uploads\/2014\/02\/Banca-Etica-15-anni.jpg?fit=510%2C250&ssl=1&resize=350%2C200","width":350,"height":200},"classes":[]},{"id":8150,"url":"https:\/\/www.robertosedda.it\/?p=8150","url_meta":{"origin":12100,"position":1},"title":"L&#8217;ombra della paura a &#8220;Oggi parliamo di libri&#8221;","author":"Rufus","date":"05\/08\/2014","format":"video","excerpt":"L'ombra del vento (Carlos Ruiz Zaf\u00f3n, Mondadori 2006) Ho messo in linea da alcuni giorni sul mio solito canale Youtube da alcuni giorni la puntata dedicata a L'ombra del vento di Carlos Ruiz Zaf\u00f3n. Due cose da dire a cui tenevo Come avrete sentito ci sono nella parte iniziale della\u2026","rel":"","context":"In &quot;Coordinate&quot;","block_context":{"text":"Coordinate","link":"https:\/\/www.robertosedda.it\/?cat=52"},"img":{"alt_text":"","src":"https:\/\/i0.wp.com\/www.robertosedda.it\/wp-content\/uploads\/2014\/08\/Zafon.png?fit=768%2C438&ssl=1&resize=350%2C200","width":350,"height":200,"srcset":"https:\/\/i0.wp.com\/www.robertosedda.it\/wp-content\/uploads\/2014\/08\/Zafon.png?fit=768%2C438&ssl=1&resize=350%2C200 1x, https:\/\/i0.wp.com\/www.robertosedda.it\/wp-content\/uploads\/2014\/08\/Zafon.png?fit=768%2C438&ssl=1&resize=700%2C400 2x"},"classes":[]},{"id":2865,"url":"https:\/\/www.robertosedda.it\/?p=2865","url_meta":{"origin":12100,"position":2},"title":"Un imprevisto romanzo d&#8217;avventura","author":"Rufus","date":"12\/04\/2013","format":"video","excerpt":"Oggi dopo aver messo in linea l'ultima puntata del ciclo del fantasy\u00a0ho caricato anche la prima della nuova serie, in cui ho parlato de I promessi sposi di Alessandro Manzoni. Lo so, lo so: ci sono molti appassionati di letteratura di genere che preferirebbero farsi tagliare le mani piuttosto che\u2026","rel":"","context":"In &quot;Cappe e spade&quot;","block_context":{"text":"Cappe e spade","link":"https:\/\/www.robertosedda.it\/?cat=70"},"img":{"alt_text":"","src":"https:\/\/i0.wp.com\/www.robertosedda.it\/wp-content\/uploads\/2013\/04\/Manzoni.jpg?fit=1010%2C706&ssl=1&resize=350%2C200","width":350,"height":200,"srcset":"https:\/\/i0.wp.com\/www.robertosedda.it\/wp-content\/uploads\/2013\/04\/Manzoni.jpg?fit=1010%2C706&ssl=1&resize=350%2C200 1x, https:\/\/i0.wp.com\/www.robertosedda.it\/wp-content\/uploads\/2013\/04\/Manzoni.jpg?fit=1010%2C706&ssl=1&resize=700%2C400 2x"},"classes":[]},{"id":2398,"url":"https:\/\/www.robertosedda.it\/?p=2398","url_meta":{"origin":12100,"position":3},"title":"La mano sinistra delle tenebre","author":"Rufus","date":"01\/03\/2013","format":"video","excerpt":"Ho messo in linea una nuova puntata di Oggi parliamo di libri, quella dedicata a La mano sinistra delle tenebre di Ursula K. LeGuin. Riascoltando la puntata mi accorgo, come gi\u00e0 subito dopo la trasmissione, che ho fatto un bel po' di pasticci terminologici, in una occasione in cui scegliere\u2026","rel":"","context":"In &quot;Coordinate&quot;","block_context":{"text":"Coordinate","link":"https:\/\/www.robertosedda.it\/?cat=52"},"img":{"alt_text":"","src":"https:\/\/i0.wp.com\/www.robertosedda.it\/wp-content\/uploads\/2013\/03\/WeirdTales-Feb36-205x300.jpg?resize=350%2C200","width":350,"height":200},"classes":[]},{"id":9093,"url":"https:\/\/www.robertosedda.it\/?p=9093","url_meta":{"origin":12100,"position":4},"title":"Grandi speranze a &#8220;Oggi parliamo di libri&#8221;","author":"Rufus","date":"22\/12\/2014","format":"video","excerpt":"Dolci sogni. Sogni dolcissimi di ricchezza, amore e successo sono quelli che animano Pip in\u00a0Grandi speranze. Se si guarda il testo di\u00a0Sweet dreams degli\u00a0Eurythmics si nota che il nesso con le vicende del libro \u00e8 molto labile, ma ho scelto lo stesso questo brano \u00a0come pausa musicale perch\u00e9 il titolo\u2026","rel":"","context":"In &quot;Coordinate&quot;","block_context":{"text":"Coordinate","link":"https:\/\/www.robertosedda.it\/?cat=52"},"img":{"alt_text":"","src":"https:\/\/i0.wp.com\/www.robertosedda.it\/wp-content\/uploads\/2014\/12\/Grandi-speranze.jpg?fit=1012%2C765&ssl=1&resize=350%2C200","width":350,"height":200,"srcset":"https:\/\/i0.wp.com\/www.robertosedda.it\/wp-content\/uploads\/2014\/12\/Grandi-speranze.jpg?fit=1012%2C765&ssl=1&resize=350%2C200 1x, https:\/\/i0.wp.com\/www.robertosedda.it\/wp-content\/uploads\/2014\/12\/Grandi-speranze.jpg?fit=1012%2C765&ssl=1&resize=700%2C400 2x"},"classes":[]},{"id":9332,"url":"https:\/\/www.robertosedda.it\/?p=9332","url_meta":{"origin":12100,"position":5},"title":"L&#8217;amore nella &#8220;casa dell&#8217;attimo&#8221;","author":"Rufus","date":"07\/01\/2015","format":"video","excerpt":"Ho messo poco fa in linea la nona puntata di quest'anno di Oggi parliamo di libri, dedicata a Maison Ikkoku di Rumiko Takahashi. Ho scelto questa storia, dapprima, perch\u00e9 volevo inserire nel ciclo di puntate sulle grandi storie d'amore una che fosse stata raccontata a fumetti: e dopo essermi scervellato\u2026","rel":"","context":"In &quot;Coordinate&quot;","block_context":{"text":"Coordinate","link":"https:\/\/www.robertosedda.it\/?cat=52"},"img":{"alt_text":"","src":"https:\/\/i0.wp.com\/img.youtube.com\/vi\/pjbGPK5TzMk\/0.jpg?resize=350%2C200","width":350,"height":200},"classes":[]}],"_links":{"self":[{"href":"https:\/\/www.robertosedda.it\/index.php?rest_route=\/wp\/v2\/posts\/12100"}],"collection":[{"href":"https:\/\/www.robertosedda.it\/index.php?rest_route=\/wp\/v2\/posts"}],"about":[{"href":"https:\/\/www.robertosedda.it\/index.php?rest_route=\/wp\/v2\/types\/post"}],"author":[{"embeddable":true,"href":"https:\/\/www.robertosedda.it\/index.php?rest_route=\/wp\/v2\/users\/1"}],"replies":[{"embeddable":true,"href":"https:\/\/www.robertosedda.it\/index.php?rest_route=%2Fwp%2Fv2%2Fcomments&post=12100"}],"version-history":[{"count":3,"href":"https:\/\/www.robertosedda.it\/index.php?rest_route=\/wp\/v2\/posts\/12100\/revisions"}],"predecessor-version":[{"id":18843,"href":"https:\/\/www.robertosedda.it\/index.php?rest_route=\/wp\/v2\/posts\/12100\/revisions\/18843"}],"wp:featuredmedia":[{"embeddable":true,"href":"https:\/\/www.robertosedda.it\/index.php?rest_route=\/wp\/v2\/media\/12102"}],"wp:attachment":[{"href":"https:\/\/www.robertosedda.it\/index.php?rest_route=%2Fwp%2Fv2%2Fmedia&parent=12100"}],"wp:term":[{"taxonomy":"category","embeddable":true,"href":"https:\/\/www.robertosedda.it\/index.php?rest_route=%2Fwp%2Fv2%2Fcategories&post=12100"},{"taxonomy":"post_tag","embeddable":true,"href":"https:\/\/www.robertosedda.it\/index.php?rest_route=%2Fwp%2Fv2%2Ftags&post=12100"}],"curies":[{"name":"wp","href":"https:\/\/api.w.org\/{rel}","templated":true}]}}