{"id":12092,"date":"2016-06-09T18:20:23","date_gmt":"2016-06-09T16:20:23","guid":{"rendered":"http:\/\/www.robertosedda.it\/?p=12092"},"modified":"2017-06-16T10:05:32","modified_gmt":"2017-06-16T08:05:32","slug":"avercelo-il-tempo","status":"publish","type":"post","link":"https:\/\/www.robertosedda.it\/?p=12092","title":{"rendered":"Avercelo, il tempo"},"content":{"rendered":"<p>Seguendo una segnalazione del mio amico Vincenzo Palla ho letto oggi un commento su\u00a0<em>Facebook<\/em> senz&#8217;altro notevole (il discorso riguardava un&#8217;omelia di don Massimiliano Pusceddu che sta facendo il giro dell&#8217;<em>internet<\/em><em>\u00a0<\/em>e a cui mi sembra inutile procurare\u00a0accessi):<\/p>\n<p><img data-attachment-id=\"12093\" data-permalink=\"https:\/\/www.robertosedda.it\/?attachment_id=12093\" data-orig-file=\"https:\/\/i0.wp.com\/www.robertosedda.it\/wp-content\/uploads\/2016\/06\/zara.jpg?fit=495%2C496&amp;ssl=1\" data-orig-size=\"495,496\" data-comments-opened=\"1\" data-image-meta=\"{&quot;aperture&quot;:&quot;0&quot;,&quot;credit&quot;:&quot;Roberto Sedda&quot;,&quot;camera&quot;:&quot;&quot;,&quot;caption&quot;:&quot;&quot;,&quot;created_timestamp&quot;:&quot;1465481228&quot;,&quot;copyright&quot;:&quot;&quot;,&quot;focal_length&quot;:&quot;0&quot;,&quot;iso&quot;:&quot;0&quot;,&quot;shutter_speed&quot;:&quot;0&quot;,&quot;title&quot;:&quot;&quot;,&quot;orientation&quot;:&quot;0&quot;}\" data-image-title=\"zara\" data-image-description=\"\" data-image-caption=\"\" data-medium-file=\"https:\/\/i0.wp.com\/www.robertosedda.it\/wp-content\/uploads\/2016\/06\/zara.jpg?fit=300%2C300&amp;ssl=1\" data-large-file=\"https:\/\/i0.wp.com\/www.robertosedda.it\/wp-content\/uploads\/2016\/06\/zara.jpg?fit=495%2C496&amp;ssl=1\" decoding=\"async\" loading=\"lazy\" class=\"aligncenter size-full wp-image-12093\" src=\"https:\/\/i0.wp.com\/www.robertosedda.it\/wp-content\/uploads\/2016\/06\/zara.jpg?resize=495%2C496\" alt=\"zara\" width=\"495\" height=\"496\" srcset=\"https:\/\/i0.wp.com\/www.robertosedda.it\/wp-content\/uploads\/2016\/06\/zara.jpg?w=495&amp;ssl=1 495w, https:\/\/i0.wp.com\/www.robertosedda.it\/wp-content\/uploads\/2016\/06\/zara.jpg?resize=150%2C150&amp;ssl=1 150w, https:\/\/i0.wp.com\/www.robertosedda.it\/wp-content\/uploads\/2016\/06\/zara.jpg?resize=300%2C300&amp;ssl=1 300w, https:\/\/i0.wp.com\/www.robertosedda.it\/wp-content\/uploads\/2016\/06\/zara.jpg?resize=100%2C100&amp;ssl=1 100w\" sizes=\"(max-width: 495px) 100vw, 495px\" data-recalc-dims=\"1\" \/>\u00ab\u00c8 un\u00a0<em>fake<\/em>\u00bb,\u00a0\u00e8 stato il mio primo pensiero.<\/p>\n<p>\u00abBei tempi quando c&#8217;era l&#8217;Inquisizione\u00bb, \u00e8 stato, lo ammetto, il secondo pensiero. Per\u00f2 non \u00e8 molto politicamente corretto, quindi mi sono concentrato sull&#8217;idea del\u00a0<em>fake<\/em> e sono andato a vedere il signore in questione.<\/p>\n<p>Sono rimasto un po&#8217; deluso: non tanto perch\u00e9 aveva quasi un centinaio di amici, fra i quali un noto sacerdote della diocesi che, ho scoperto con l&#8217;occasione, \u00e8 vandeano (bei tempi, dicevo). In fondo uno cento amici se li pu\u00f2 fare giocando sulla distrazione o ingenuit\u00e0\u00a0degli altri: da poco\u00a0<em>Facebook<\/em> mi ha proposto l&#8217;amicizia di una tizia dal nome russo la cui occupazione principale sembrava quella di occupare vasche da bagno e piscine piene di bollicine strategicamente posizionate, e ho scoperto che avevamo la bellezza di trentotto amici in comune, in maggioranza cinquantenni come me; capita di essere un po&#8217; distratti e di dare l&#8217;amicizia pensando di avere delle affinit\u00e0 per poi, magari, scoprire che la signorina in questione \u00e8 molto povera, non ha neanche i soldi per comprare la legna per scaldare l&#8217;acqua della vasca da bagno e vorrebbe un bonifico.<\/p>\n<p>Ma divago. Insomma, sono andato sulla pagina del signore autore della curiosa analisi politico-ecclesiale-esorcistica di cui sopra e, appurato che aveva quegli amici, ho pensato di vedere invece quando si fosse iscritto per la prima volta a\u00a0<em>Facebook<\/em>.<\/p>\n<p>Sono un\u00a0<em>social media warrior<\/em> esperto, conosco tutti i trucchi.<\/p>\n<p>E quindi scrollo verso il basso, per vedere a quando risale il primo messaggio.<\/p>\n<p>Ecco, non si pu\u00f2.<\/p>\n<p>Sono\u00a0<em>tantissimi<\/em>.<\/p>\n<p>Calcolo a occhio che al giorno siano\u00a0il quadruplo dei miei, e io sono senz&#8217;altro un utente\u00a0<em>Facebook<\/em> forte.<\/p>\n<p>Sono per lo pi\u00f9 condivisioni di messaggi della Madonna, intervallati da altre perle:<\/p>\n<blockquote><p>Hanno dato la notizia poi hanno censurato tutte le televisioni, Bergoglio, Renzi, Berlusconi, fanno parte della stessa setta satanica e Piersilvio Berlusconi, ha detto che il migliore dopo il padre \u00e8 Renzi, preparatevi tutti al furto dei vostri soldi dalle banche, essi investono in oro poi le fanno fallire. Siamo in pieno regime, vietato parlare e nulla informazione, solo falsit\u00e0 perch\u00e9 uomini di satana<\/p><\/blockquote>\n<p>che, lo ammetto, rafforza l&#8217;idea del <em>fake.<\/em><\/p>\n<p>Ma il grosso sono rivelazioni offerte dalla Madonna, pi\u00f9 raramente da Nostro Signore, rilanciate da altri profili appositi su\u00a0<em>Facebook<\/em> (cio\u00e8 interamente dedicati al tema). Situazioni un po&#8217;\u00a0anche furbette, se vogliamo, perch\u00e9 mettono le mani avanti in maniera sospetta:<\/p>\n<blockquote><p>NOTA INFORMATIVA:<\/p>\n<p>Dopo l\u2019abrogazione dei canoni 1399 e 2318 del Codice di Diritto Canonico, per decisione di Paolo VI negli \u201cActa Apostolicae Sedis\u201d (Vol. 58, Numero 16) del 15 novembre 1966, pubblicata il 29 dicembre dello stesso anno, gli scritti riferiti a nuove pubblicazioni, manifestazioni, miracoli, etc., possono essere diffusi e letti dai fedeli, anche senza l\u2019espressa autorizzazione dell\u2019Autorit\u00e0 Ecclesiastica, purch\u00e9 venga rispettata la Morale Cristiana Generale.<\/p>\n<p>Ricordiamoci anche di San Paolo che ci esorta: &#8220;Non disprezzate le profezie; esaminate ogni cosa e conservate ci\u00f2 che \u00e8 buono&#8221; 1 lett. ai Tessalonicesi 5;20<\/p><\/blockquote>\n<p>Eeeh, caro Paolo VI&#8230; cosa hai fatto: bei tempi, <em>prima<\/em>&#8230;<\/p>\n<p>Uh,\u00a0non so se i pi\u00f9 tecnici fra voi notano che la forma della citazione dalla prima lettera ai Tessalonicesi \u00e8 nella forma anglosassone &#8211;\u00a0<a href=\"http:\/\/www.biblestudytools.com\/riv\/1-tessalonicesi\/passage\/?q=1-tessalonicesi+5:20-28\">e probabilmente protestante<\/a>, siamo sempre <a href=\"http:\/\/www.robertosedda.it\/?p=4917\">nel campo degli strani compagni di letto<\/a>\u00a0del movimento carismatico &#8211; mentre secondo l&#8217;uso\u00a0italiano sarebbe scritta come 1 Ts 5,20; poi non si sono accorti che la citazione completa comprenderebbe anche il versetto 21, ma pazienza: fra gli autori dei messaggi rilanciati si trova di tutto, compreso un tizio che vorrebbe cambiare nome a Ges\u00f9 e un frate francescano ridotto allo stato laicale per \u00abdivulgazione di dubbie dottrine, manipolazione delle coscienze, sospetto misticismo, disobbedienza ad ordini legittimamente impartiti ed addebiti <em>contra sextum<\/em>\u00a0(cio\u00e8 contro il sesto comandamento)\u00bb &#8211; vedi che in realt\u00e0 la Congregazione per la Dottrina della Fede serve?<\/p>\n<p>Certo, <a href=\"http:\/\/www.vatican.va\/roman_curia\/congregations\/cfaith\/documents\/rc_con_cfaith_doc_19840806_theology-liberation_it.html\">a volte anche no<\/a>.<\/p>\n<p>Ma pi\u00f9 furbette sono\u00a0le pagine\u00a0<em>web<\/em> di molti\u00a0dei siti in giro per il mondo dai quali provengono originariamente i messaggi che poi le pagine\u00a0<em>Facebook <\/em>aggregano<em> e\u00a0<\/em>rilanciano: non solo perch\u00e9 \u00e8 sempre molto ambigua la loro effettiva collocazione ecclesiale, ma soprattutto perch\u00e9 spesso\u00a0la prima cosa che si vede aprendo la pagina sono i codici IBAN sui quali\u00a0fare offerte\u00a0&#8211; e mai che ci sia un rendiconto dell&#8217;utilizzo fatto delle donazioni,\u00a0ovviamente.<\/p>\n<p>Ma entrare in tutto questo discorso \u00e8\u00a0<em>estremamente<\/em> scivoloso, perch\u00e9\u00a0il confine fra\u00a0deridere la fede semplice delle persone e richiamare all&#8217;osservanza della buona dottrina \u00e8 abbastanza sottile, quindi non ci voglio entrare.<\/p>\n<p>Quello che mi chiedo, piuttosto, \u00e8: uno che pubblica in media otto o dieci messaggi al giorno,\u00a0<em>esclusivamente\u00a0<\/em>di questo genere, e poi va pure sul sito dell&#8217;<em>Unione Sarda<\/em> o altrove a discutere nella sezione commenti, oppure il redattore di una della pagine <em>Facebook<\/em> che ho visitato, che dalle otto a mezzanotte puntualmente ogni ora rilancia un messaggio della Madonna proveniente da chiss\u00e0 dove (e perci\u00f2 se l&#8217;\u00e8 cercato, l&#8217;ha copiato, ha cercato su\u00a0<em>Google<\/em> una foto della Madonna rigorosamente con il manto azzurro o di Ges\u00f9 biondo e bello,\u00a0<em>diverse<\/em>\u00a0da tutte quelle gi\u00e0 utilizzate, e ha composto la nota: un lavoro a tempo pieno), davvero, non hanno\u00a0altro da fare nella vita? Anche di buono, che so: dar da mangiare agli affamati, dar da bere agli assetati, vestire gli ignudi, alloggiare i pellegrini, visitare gli infermi, visitare i carcerati, seppellire i defunti, consigliare i dubbiosi, insegnare agli ignoranti, ammonire i peccatori, consolare gli afflitti, perdonare le offese, sopportare pazientemente le persone moleste, pregare Dio per i vivi e per i morti.<\/p>\n<p>In fondo \u00e8 esattamente quello che per questo Anno Santo consiglia Papa Bergoglio.<\/p>\n<p>Ah no, <em>ooops<\/em>.<\/p>\n","protected":false},"excerpt":{"rendered":"<p>Seguendo una segnalazione del mio amico Vincenzo Palla ho letto oggi un commento su\u00a0Facebook senz&#8217;altro notevole (il discorso riguardava un&#8217;omelia<\/p>\n","protected":false},"author":1,"featured_media":12093,"comment_status":"open","ping_status":"open","sticky":false,"template":"","format":"standard","meta":{"_mi_skip_tracking":false,"_monsterinsights_sitenote_active":false,"_monsterinsights_sitenote_note":"","_monsterinsights_sitenote_category":0,"jetpack_post_was_ever_published":false,"_jetpack_newsletter_access":"","jetpack_publicize_message":"","jetpack_is_tweetstorm":false,"jetpack_publicize_feature_enabled":true,"jetpack_social_post_already_shared":true,"jetpack_social_options":{"image_generator_settings":{"template":"highway","enabled":false}}},"categories":[52,54,17,62,16],"tags":[],"jetpack_publicize_connections":[],"jetpack_featured_media_url":"https:\/\/i0.wp.com\/www.robertosedda.it\/wp-content\/uploads\/2016\/06\/zara.jpg?fit=495%2C496&ssl=1","jetpack_sharing_enabled":true,"jetpack_shortlink":"https:\/\/wp.me\/p4jV2T-392","jetpack_likes_enabled":true,"jetpack-related-posts":[{"id":2318,"url":"https:\/\/www.robertosedda.it\/?p=2318","url_meta":{"origin":12092,"position":0},"title":"Dai fake all&#8217;IMU","author":"Rufus","date":"24\/02\/2013","format":false,"excerpt":"Chi \u00e8 Nana Nino?! Da ieri Facebook mi propone (insistentemente) di fare amicizia con lei: considerato che non abbiamo amici in comune, suppongo che sia frutto di un'inserzione a pagamento. Nana Nino \u00e8 entrata in Facebook gioved\u00ec scorso, ha un solo amico (che si chiama Vota Il Movimento), un'icona che\u2026","rel":"","context":"In &quot;Coordinate&quot;","block_context":{"text":"Coordinate","link":"https:\/\/www.robertosedda.it\/?cat=52"},"img":{"alt_text":"","src":"","width":0,"height":0},"classes":[]},{"id":14634,"url":"https:\/\/www.robertosedda.it\/?p=14634","url_meta":{"origin":12092,"position":1},"title":"Suggerimenti per giornalisti d&#8217;assalto","author":"Rufus","date":"06\/02\/2018","format":false,"excerpt":"L'altro giorno discutevo con un'amica di un messaggio che aveva condiviso su\u00a0Facebook. \u00ab\u00c8 un\u00a0fake\u00bb, dicevo. \u00abMolto elaborato, ma un\u00a0fake\u00bb. \u00abBeh, se \u00e8 un\u00a0fake\u00bb, mi diceva, \u00abtanto di cappello: sta in rete tutto il giorno, a parte\u00a0Facebook\u00a0lo trovi a commentare su siti di ogni tipo, ma non ce l'ha una vita\u2026","rel":"","context":"In &quot;Coordinate&quot;","block_context":{"text":"Coordinate","link":"https:\/\/www.robertosedda.it\/?cat=52"},"img":{"alt_text":"","src":"https:\/\/i0.wp.com\/www.robertosedda.it\/wp-content\/uploads\/2018\/02\/Fake.png?fit=1200%2C628&ssl=1&resize=350%2C200","width":350,"height":200,"srcset":"https:\/\/i0.wp.com\/www.robertosedda.it\/wp-content\/uploads\/2018\/02\/Fake.png?fit=1200%2C628&ssl=1&resize=350%2C200 1x, https:\/\/i0.wp.com\/www.robertosedda.it\/wp-content\/uploads\/2018\/02\/Fake.png?fit=1200%2C628&ssl=1&resize=700%2C400 2x, https:\/\/i0.wp.com\/www.robertosedda.it\/wp-content\/uploads\/2018\/02\/Fake.png?fit=1200%2C628&ssl=1&resize=1050%2C600 3x"},"classes":[]},{"id":16367,"url":"https:\/\/www.robertosedda.it\/?p=16367","url_meta":{"origin":12092,"position":2},"title":"Tempi e segnali","author":"Rufus","date":"19\/03\/2019","format":false,"excerpt":"Vedo che la strage di Christchurch ha fatto aguzzare le orecchie a chi fa parte, in un modo o nell'altro, dell'ambiente ludico, e non avrebbe potuto essere altrimenti. Tutte le stragi fanno impressione a chi abbia un minimo di umanit\u00e0, ma qui erano evidenti tutta una serie di simbolismi che\u2026","rel":"","context":"In &quot;Coordinate&quot;","block_context":{"text":"Coordinate","link":"https:\/\/www.robertosedda.it\/?cat=52"},"img":{"alt_text":"","src":"https:\/\/i0.wp.com\/www.robertosedda.it\/wp-content\/uploads\/2019\/03\/Mantellini.jpg?fit=1176%2C338&ssl=1&resize=350%2C200","width":350,"height":200,"srcset":"https:\/\/i0.wp.com\/www.robertosedda.it\/wp-content\/uploads\/2019\/03\/Mantellini.jpg?fit=1176%2C338&ssl=1&resize=350%2C200 1x, https:\/\/i0.wp.com\/www.robertosedda.it\/wp-content\/uploads\/2019\/03\/Mantellini.jpg?fit=1176%2C338&ssl=1&resize=700%2C400 2x, https:\/\/i0.wp.com\/www.robertosedda.it\/wp-content\/uploads\/2019\/03\/Mantellini.jpg?fit=1176%2C338&ssl=1&resize=1050%2C600 3x"},"classes":[]},{"id":1581,"url":"https:\/\/www.robertosedda.it\/?p=1581","url_meta":{"origin":12092,"position":3},"title":"Poesie, radio e Paolo Maccioni","author":"Rufus","date":"06\/12\/2012","format":false,"excerpt":"Visto che sono in fase di avvicinamento alla\u00a0messa in onda\u00a0di Oggi parliamo di libri mi \u00e8 venuto in mente di rispolverare la mia unica esperienza precedente in radio, un'ospitata su Cono Sur, il programma sulla Latinoamerica di Paolo Maccioni (sulla Radiopress dei bei tempi). Ho ritrovato la data: il 19\u2026","rel":"","context":"In &quot;Coordinate&quot;","block_context":{"text":"Coordinate","link":"https:\/\/www.robertosedda.it\/?cat=52"},"img":{"alt_text":"","src":"","width":0,"height":0},"classes":[]},{"id":11415,"url":"https:\/\/www.robertosedda.it\/?p=11415","url_meta":{"origin":12092,"position":4},"title":"Troppo da perdere","author":"Rufus","date":"19\/01\/2016","format":false,"excerpt":"Riflettevo in questi giorni ai tempi beati in cui non avevo il carico di nessuno. Lo dico dal punto di vista associativo o politico, naturalmente, anche se la cosa si applica anche all'ambito familiare: \u00e8 quella situazione\u00a0per la quale prima di fare una cosa ti senti costretto a considerare le\u2026","rel":"","context":"In &quot;Coordinate&quot;","block_context":{"text":"Coordinate","link":"https:\/\/www.robertosedda.it\/?cat=52"},"img":{"alt_text":"","src":"https:\/\/i0.wp.com\/www.robertosedda.it\/wp-content\/uploads\/2013\/10\/Rufus-clown.jpg?fit=604%2C415&ssl=1&resize=350%2C200","width":350,"height":200},"classes":[]},{"id":15409,"url":"https:\/\/www.robertosedda.it\/?p=15409","url_meta":{"origin":12092,"position":5},"title":"Parlare di videogame","author":"Rufus","date":"27\/06\/2018","format":false,"excerpt":"Mi sono sempre dimenticato di raccontare che uscir\u00e0 credo a settembre un\u00a0dossier che ho curato assieme ai\u00a0Fabbricastorie sui videogame, per Mosaico di pace. Naturalmente quando uscir\u00e0 il\u00a0dossier vi avviser\u00f2 (cos\u00ec magari vi abbonate alla rivista o la comprate) ma visto che oggi mi sono ricordato volevo condividere con voi alcune\u2026","rel":"","context":"In &quot;Coordinate&quot;","block_context":{"text":"Coordinate","link":"https:\/\/www.robertosedda.it\/?cat=52"},"img":{"alt_text":"","src":"https:\/\/i0.wp.com\/www.robertosedda.it\/wp-content\/uploads\/2016\/07\/This-war-of-mine.jpg?fit=617%2C347&ssl=1&resize=350%2C200","width":350,"height":200},"classes":[]}],"_links":{"self":[{"href":"https:\/\/www.robertosedda.it\/index.php?rest_route=\/wp\/v2\/posts\/12092"}],"collection":[{"href":"https:\/\/www.robertosedda.it\/index.php?rest_route=\/wp\/v2\/posts"}],"about":[{"href":"https:\/\/www.robertosedda.it\/index.php?rest_route=\/wp\/v2\/types\/post"}],"author":[{"embeddable":true,"href":"https:\/\/www.robertosedda.it\/index.php?rest_route=\/wp\/v2\/users\/1"}],"replies":[{"embeddable":true,"href":"https:\/\/www.robertosedda.it\/index.php?rest_route=%2Fwp%2Fv2%2Fcomments&post=12092"}],"version-history":[{"count":5,"href":"https:\/\/www.robertosedda.it\/index.php?rest_route=\/wp\/v2\/posts\/12092\/revisions"}],"predecessor-version":[{"id":13850,"href":"https:\/\/www.robertosedda.it\/index.php?rest_route=\/wp\/v2\/posts\/12092\/revisions\/13850"}],"wp:featuredmedia":[{"embeddable":true,"href":"https:\/\/www.robertosedda.it\/index.php?rest_route=\/wp\/v2\/media\/12093"}],"wp:attachment":[{"href":"https:\/\/www.robertosedda.it\/index.php?rest_route=%2Fwp%2Fv2%2Fmedia&parent=12092"}],"wp:term":[{"taxonomy":"category","embeddable":true,"href":"https:\/\/www.robertosedda.it\/index.php?rest_route=%2Fwp%2Fv2%2Fcategories&post=12092"},{"taxonomy":"post_tag","embeddable":true,"href":"https:\/\/www.robertosedda.it\/index.php?rest_route=%2Fwp%2Fv2%2Ftags&post=12092"}],"curies":[{"name":"wp","href":"https:\/\/api.w.org\/{rel}","templated":true}]}}