{"id":1202,"date":"2012-11-01T18:20:35","date_gmt":"2012-11-01T17:20:35","guid":{"rendered":"http:\/\/www.robertosedda.it\/?p=1202"},"modified":"2012-11-01T18:40:47","modified_gmt":"2012-11-01T17:40:47","slug":"ho-scritto-a-brunetta","status":"publish","type":"post","link":"https:\/\/www.robertosedda.it\/?p=1202","title":{"rendered":"Ho scritto a Brunetta"},"content":{"rendered":"<p>Mi \u00e8 costato un po&#8217;, ma era necessario.<\/p>\n<p>Ieri ho ricevuto questa mail, inviatami da un altro socio di Banca Popolare Etica:<\/p>\n<blockquote><p>Cari soci di Banca Etica,<\/p>\n<p>l&#8217;azionariato popolare diffuso, che rappresenta il tessuto vitale della nostra organizzazione \u00e8 in grave difficolt\u00e0 a causa di una norma, introdotta con la manovra Salva Italia del dicembre 2011, che applica l&#8217;imposta di bollo su tutti i depositi titoli, eliminando l&#8217;esenzione, fino ad allora prevista, per le somme sotto i mille euro.<\/p>\n<p>Migliaia di soci di Banca Etica partecipano al capitale sociale di questa esperienza di democrazia economica con somme ridotte. Banca Etica fino a oggi ha pagato il bollo per conto dei piccoli risparmiatori, ma con la nuova imposta di 34 euro l&#8217;esborso per Banca Etica sarebbe troppo oneroso (circa 1 milione di euro l&#8217;anno). Nel corso del 2012 ci siamo adoperati per ottenere una modifica della norma, ma tutti gli emendamenti presentati da Deputati e Senatori, idealmente vicini a Banca Etica, sono stati respinti dal Governo.Oggi torniamo alla carica in occasione dell&#8217;approvazione della legge di stabilit\u00e0 e abbiamo bisogno del vostro aiuto per inviare ai componenti della Commissione Bilancio della Camera dei Deputati l&#8217;appello sotto riportato.<\/p><\/blockquote>\n<p>Seguiva l&#8217;appello, che vi far\u00f2 leggere fra un attimo. Prima per\u00f2 vorrei rivolgermi idealmente al mio amico e compare Andrea Assorgia, che nel luglio 2011, in una situazione simile (in quell&#8217;occasione i piccoli azionisti furono salvati da un emendamento) mi fece notare che \u00e8 sempre meglio tassare i patrimoni che il lavoro. Ovviamente Andrea &#8211; che fa l&#8217;imprenditore, eh, non \u00e8 un impiegato pubblico fannullone come me &#8211;\u00a0 ha ragione, ma il fatto \u00e8 che tasse come le imposte di bollo (e &#8211; diciamolo &#8211; anche l&#8217;aumento dell&#8217;IVA) sono per loro natura regressive, e colpiscono i piccoli molto pi\u00f9 dei grandi (per i quali, immagino, 34 euro non sono un problema). Per questo mi sono sentito di spedire questa <em>mail<\/em> ai componenti della V Commissione della Camera dei Deputati, fra i quali, appunto, Renato Brunetta.<\/p>\n<blockquote><p>OGGETTO: Esentiamo dall&#8217;imposta di bollo i piccoli investimenti fino a 1.000 \u20ac &#8211; Salviamo l&#8217;azionariato popolare diffuso<\/p>\n<p>Onorevole Deputato,<\/p>\n<p>con la legge di stabilit\u00e0 che la Commissione Bilancio della Camera si accinge ad approvare, Le chiediamo di modificare la norma che impone l&#8217;imposta di bollo a tutti i depositi titoli anche di modesta entit\u00e0, eliminando l&#8217;esenzione fino a 1000 euro, in vigore fino alla legge n. 214 del 22 dicembre 2011.<\/p>\n<p>La reintroduzione di una franchigia \u00e8 necessaria per salvaguardare l&#8217;azionariato diffuso e popolare che \u00e8 alla base delle pi\u00f9 significative esperienze di democrazia economica, tra cui quella di Banca Etica a cui io stesso aderisco.<\/p>\n<p>Noi di Banca Etica non protestiamo contro ogni nuova tassa, da sempre ci battiamo contro l&#8217;evasione fiscale ( ad esempio la Banca non ha accettato i capitali rientrati con lo scudo fiscale) e da anni chiediamo una tassa sulla transazioni finanziarie, la cos\u00ec detta Tobin Tax che finalmente sta per entrare in vigore in Europa. Tale tassa pu\u00f2 davvero aiutare la frenare la speculazione finanziaria che ha messo in grave difficolt\u00e0 il nostro Paese, inoltre pu\u00f2 produrre un gettito da utilizzare per rilanciare le politiche di welfare e di cooperazione.<\/p>\n<p>Il bollo di 34 euro anche per i piccolissimi investimenti \u00e8 invece un balzello iniquo che ostacola la partecipazione e scoraggia i piccoli risparmiatori.<\/p>\n<p>Con viva cordialit\u00e0<\/p>\n<p>Roberto Sedda<br \/>\nreferente dei soci dell&#8217;Area Centro Italia<br \/>\nBanca Popolare Etica<\/p><\/blockquote>\n<p>Ovviamente, se mi sono sentito\u00a0 di mandarla io, questa <em>mail<\/em>, mi sento di chiederlo anche a voi. Basta che copiate il testo che ho inviato io e lo mandiate ai deputati che riporto qui sotto (le mail sono quelle indicate sul <a href=\"http:\/\/www.camera.it\/99?shadow_organo_parlamentare=1498\">sito della Camera<\/a>). Se poi volete, e magari segnalate questa cosa ai vostri contatti invitandoli a fare altrettanto non fate per niente male, \u00e8 chiaro! E un grazie, di cuore.<\/p>\n<p>Dimenticavo: dopo l&#8217;8 novembre la cosa diventa inutile, quindi sbrigatevi.<\/p>\n<p>giorgetti_g@camera.it, baretta_p@camera.it, marinello_g@camera.it, occhiuto_r@camera.it, marchi_m@camera.it, marsilio_m@camera.it, alfano_g@camera.it, aracu_s@camera.it, armosino_m@camera.it, baccini_m@camera.it, bitonci_m@camera.it, boccia_f@camera.it, borghesi_a@camera.it, r.brunetta@camera.it, calgaro_m@camera.it, calvisi_g@camera.it, cambursano_r@camera.it, capodicasa_a@camera.it, catone_g@camera.it, ceroni_r@camera.it, ciccanti_a@camera.it, commercio_r@camera.it, corsaro_m@camera.it, crosetto_g@camera.it, damico_c@camera.it, demicheli_p@camera.it, duilio_e@camera.it, fallica_g@camera.it, fitto_r@camera.it, genovese_f@camera.it, giorgetti_a@camera.it, girlanda_r@camera.it, lopresti_a@camera.it, mantovano_a@camera.it, marini_c@camera.it, marmo_r@camera.it, misiani_a@camera.it, moroni_c@camera.it, mura_s@camera.it, nannicini_r@camera.it, polledri@camera.it, rubinato_s@camera.it, sereni_m@camera.it, simonetti_r@camera.it, tabacci_b@camera.it, toccafondi_g@camera.it, traversa_m@camera.it, ventura_m@camera.it, verducci_f@camera.it<\/p>\n<p>&nbsp;<\/p>\n","protected":false},"excerpt":{"rendered":"<p>Mi \u00e8 costato un po&#8217;, ma era necessario. Ieri ho ricevuto questa mail, inviatami da un altro socio di Banca<\/p>\n","protected":false},"author":1,"featured_media":0,"comment_status":"open","ping_status":"open","sticky":false,"template":"","format":"standard","meta":{"_mi_skip_tracking":false,"_monsterinsights_sitenote_active":false,"_monsterinsights_sitenote_note":"","_monsterinsights_sitenote_category":0,"jetpack_post_was_ever_published":false,"_jetpack_newsletter_access":"","jetpack_publicize_message":"","jetpack_is_tweetstorm":false,"jetpack_publicize_feature_enabled":true,"jetpack_social_post_already_shared":false,"jetpack_social_options":{"image_generator_settings":{"template":"highway","enabled":false}}},"categories":[72,52,55,17,16],"tags":[],"jetpack_publicize_connections":[],"jetpack_featured_media_url":"","jetpack_sharing_enabled":true,"jetpack_shortlink":"https:\/\/wp.me\/p4jV2T-jo","jetpack_likes_enabled":true,"jetpack-related-posts":[{"id":10205,"url":"https:\/\/www.robertosedda.it\/?p=10205","url_meta":{"origin":1202,"position":0},"title":"Articoli dimenticati","author":"Rufus","date":"08\/05\/2015","format":false,"excerpt":"Mi sono accorto oggi che non avevo riportato sul\u00a0blog l'articolo che ho pubblicato sul supplemento diocesano di\u00a0Avvenire\u00a0del 19 aprile 2015, dedicato a Banca Etica. Lo riposto qui: \u00e8 un articolo brevissimo e anche piuttosto anonimo (me lo dico da solo...), nel senso che occorreva prima di tutto presentare la Banca\u2026","rel":"","context":"In &quot;Banche e finanza&quot;","block_context":{"text":"Banche e finanza","link":"https:\/\/www.robertosedda.it\/?cat=72"},"img":{"alt_text":"","src":"https:\/\/i0.wp.com\/www.robertosedda.it\/wp-content\/uploads\/2015\/05\/Avvenire-Cagliari-testata.jpg?fit=648%2C218&ssl=1&resize=350%2C200","width":350,"height":200},"classes":[]},{"id":6796,"url":"https:\/\/www.robertosedda.it\/?p=6796","url_meta":{"origin":1202,"position":1},"title":"Quel che ho detto alla festa dei quindici anni di Banca Etica a Sassari","author":"Rufus","date":"21\/03\/2014","format":false,"excerpt":"Ieri con Gaetano e Claudio siamo andati in trasferta (piuttosto stancante, devo dire, si vede che non ho pi\u00f9 l'et\u00e0) a Sassari per festeggiare anche l\u00ec i quindici anni di Banca Etica, insieme ai soci della Sardegna Settentrionale in un incontro davvero molto partecipato all'Universit\u00e0. Nell'occasione\u00a0mi hanno chiesto un saluto\u2026","rel":"","context":"In &quot;Banche e finanza&quot;","block_context":{"text":"Banche e finanza","link":"https:\/\/www.robertosedda.it\/?cat=72"},"img":{"alt_text":"","src":"https:\/\/i0.wp.com\/www.robertosedda.it\/wp-content\/uploads\/2014\/03\/Rufus-a-Cinque-su-quindici.jpg?fit=600%2C800&ssl=1&resize=350%2C200","width":350,"height":200},"classes":[]},{"id":11956,"url":"https:\/\/www.robertosedda.it\/?p=11956","url_meta":{"origin":1202,"position":2},"title":"Appello a un voto che non \u00e8 per me","author":"Rufus","date":"17\/05\/2016","format":false,"excerpt":"L'altro giorno ha suscitato panico l'idea, da me abilmente suggerita, che volessi candidarmi al Consiglio comunale.\u00a0Adesso passo direttamente all'appello al voto; ma \u00e8 per delle elezioni importanti, nelle quali per\u00f2\u00a0non sono candidato io (per fortuna di tutti). Per\u00f2 l'appello vale lo stesso e la lista, coi meccanismi partecipativi propri della\u2026","rel":"","context":"In &quot;Coordinate&quot;","block_context":{"text":"Coordinate","link":"https:\/\/www.robertosedda.it\/?cat=52"},"img":{"alt_text":"","src":"https:\/\/i0.wp.com\/www.robertosedda.it\/wp-content\/uploads\/2016\/05\/Dentico.jpg?fit=400%2C400&ssl=1&resize=350%2C200","width":350,"height":200},"classes":[]},{"id":4744,"url":"https:\/\/www.robertosedda.it\/?p=4744","url_meta":{"origin":1202,"position":3},"title":"Sabato la finanza etica era a Olbia","author":"Rufus","date":"21\/10\/2013","format":"video","excerpt":"Il 19 ottobre sono intervenuto con Carlo Usai al convegno La finanza etica ti toglie un peso. C'era anche Gaetano Lauta, responsabile dei soci di Banca Etica di Cagliari, e sia gli organizzatori che il pubblico erano largamente presenti persone legate al Movimento Cinque Stelle. \u00c8 stato un dibattito molto\u2026","rel":"","context":"In &quot;Banche e finanza&quot;","block_context":{"text":"Banche e finanza","link":"https:\/\/www.robertosedda.it\/?cat=72"},"img":{"alt_text":"","src":"https:\/\/i0.wp.com\/www.robertosedda.it\/wp-content\/uploads\/2013\/10\/Finanza-etica-Olbia-219x300.jpeg?resize=350%2C200","width":350,"height":200},"classes":[]},{"id":3702,"url":"https:\/\/www.robertosedda.it\/?p=3702","url_meta":{"origin":1202,"position":4},"title":"Un antico gemellaggio","author":"Rufus","date":"27\/06\/2013","format":false,"excerpt":"Preparando gli inviti per l'incontro con Ugo Biggeri domani alla MEM (17.30, non mancate!!)\u00a0\u00e8 saltata fuori una mia vecchia mail ai soci dell'Area Centro a proposito di un gemellaggio con i soci francesi della NEF (Nouvelle Economie fraternelle, la banca etica francese). La ripropongo cos\u00ec, perch\u00e9 ci sono cose divertenti:\u2026","rel":"","context":"In &quot;Banche e finanza&quot;","block_context":{"text":"Banche e finanza","link":"https:\/\/www.robertosedda.it\/?cat=72"},"img":{"alt_text":"","src":"https:\/\/i0.wp.com\/www.robertosedda.it\/wp-content\/uploads\/2013\/06\/Jos\u00e9-Grajales.jpg?fit=453%2C604&ssl=1&resize=350%2C200","width":350,"height":200},"classes":[]},{"id":11252,"url":"https:\/\/www.robertosedda.it\/?p=11252","url_meta":{"origin":1202,"position":5},"title":"Cambiamenti climatici e clima della finanza","author":"Rufus","date":"04\/12\/2015","format":false,"excerpt":"Ripropongo anche su questo\u00a0blog la posizione di Banca Etica sulla conferenza sul clima in svolgimento in questi giorni a Parigi. Lo sapete vero che Cagliari \u00e8 fra le citt\u00e0 che si pensa possano scomparire sotto l'acqua fra poche decine d'anni? Ma l'articolo mi sembra interessante perch\u00e9 lega, come dice nelle\u2026","rel":"","context":"In &quot;Banche e finanza&quot;","block_context":{"text":"Banche e finanza","link":"https:\/\/www.robertosedda.it\/?cat=72"},"img":{"alt_text":"","src":"","width":0,"height":0},"classes":[]}],"_links":{"self":[{"href":"https:\/\/www.robertosedda.it\/index.php?rest_route=\/wp\/v2\/posts\/1202"}],"collection":[{"href":"https:\/\/www.robertosedda.it\/index.php?rest_route=\/wp\/v2\/posts"}],"about":[{"href":"https:\/\/www.robertosedda.it\/index.php?rest_route=\/wp\/v2\/types\/post"}],"author":[{"embeddable":true,"href":"https:\/\/www.robertosedda.it\/index.php?rest_route=\/wp\/v2\/users\/1"}],"replies":[{"embeddable":true,"href":"https:\/\/www.robertosedda.it\/index.php?rest_route=%2Fwp%2Fv2%2Fcomments&post=1202"}],"version-history":[{"count":24,"href":"https:\/\/www.robertosedda.it\/index.php?rest_route=\/wp\/v2\/posts\/1202\/revisions"}],"predecessor-version":[{"id":1204,"href":"https:\/\/www.robertosedda.it\/index.php?rest_route=\/wp\/v2\/posts\/1202\/revisions\/1204"}],"wp:attachment":[{"href":"https:\/\/www.robertosedda.it\/index.php?rest_route=%2Fwp%2Fv2%2Fmedia&parent=1202"}],"wp:term":[{"taxonomy":"category","embeddable":true,"href":"https:\/\/www.robertosedda.it\/index.php?rest_route=%2Fwp%2Fv2%2Fcategories&post=1202"},{"taxonomy":"post_tag","embeddable":true,"href":"https:\/\/www.robertosedda.it\/index.php?rest_route=%2Fwp%2Fv2%2Ftags&post=1202"}],"curies":[{"name":"wp","href":"https:\/\/api.w.org\/{rel}","templated":true}]}}