{"id":11956,"date":"2016-05-17T10:01:46","date_gmt":"2016-05-17T08:01:46","guid":{"rendered":"http:\/\/www.robertosedda.it\/?p=11956"},"modified":"2017-06-08T10:51:29","modified_gmt":"2017-06-08T08:51:29","slug":"appello-a-un-voto-che-non-e-mio","status":"publish","type":"post","link":"https:\/\/www.robertosedda.it\/?p=11956","title":{"rendered":"Appello a un voto che non \u00e8 per me"},"content":{"rendered":"<h4>L&#8217;altro giorno ha suscitato panico l&#8217;idea, da me abilmente suggerita, che volessi candidarmi al Consiglio comunale.\u00a0Adesso passo direttamente all&#8217;appello al voto; ma \u00e8 per delle elezioni importanti, nelle quali per\u00f2\u00a0non sono candidato io (per fortuna di tutti). Per\u00f2 l&#8217;appello vale lo stesso e la lista, coi meccanismi partecipativi propri della Banca Etica, l&#8217;ho formata anch&#8217;io e, per un pezzetto, \u00e8 mia.<\/h4>\n<header class=\"entry-header\">\n<h2 class=\"entry-title\">Appello al voto per la lista-P \u201cPer Banca\u00a0Etica\u201d<\/h2>\n<\/header>\n<p><img data-attachment-id=\"11957\" data-permalink=\"https:\/\/www.robertosedda.it\/?attachment_id=11957\" data-orig-file=\"https:\/\/i0.wp.com\/www.robertosedda.it\/wp-content\/uploads\/2016\/05\/Biggeri.jpg?fit=700%2C538&amp;ssl=1\" data-orig-size=\"700,538\" data-comments-opened=\"1\" data-image-meta=\"{&quot;aperture&quot;:&quot;7.1&quot;,&quot;credit&quot;:&quot;&quot;,&quot;camera&quot;:&quot;NIKON D80&quot;,&quot;caption&quot;:&quot;&quot;,&quot;created_timestamp&quot;:&quot;1349456967&quot;,&quot;copyright&quot;:&quot;&quot;,&quot;focal_length&quot;:&quot;220&quot;,&quot;iso&quot;:&quot;0&quot;,&quot;shutter_speed&quot;:&quot;0.016666666666667&quot;,&quot;title&quot;:&quot;&quot;,&quot;orientation&quot;:&quot;1&quot;}\" data-image-title=\"Biggeri\" data-image-description=\"\" data-image-caption=\"\" data-medium-file=\"https:\/\/i0.wp.com\/www.robertosedda.it\/wp-content\/uploads\/2016\/05\/Biggeri.jpg?fit=300%2C231&amp;ssl=1\" data-large-file=\"https:\/\/i0.wp.com\/www.robertosedda.it\/wp-content\/uploads\/2016\/05\/Biggeri.jpg?fit=510%2C392&amp;ssl=1\" decoding=\"async\" loading=\"lazy\" class=\"alignright wp-image-11957 size-thumbnail\" src=\"https:\/\/i0.wp.com\/www.robertosedda.it\/wp-content\/uploads\/2016\/05\/Biggeri.jpg?resize=150%2C115\" alt=\"Biggeri\" width=\"150\" height=\"115\" srcset=\"https:\/\/i0.wp.com\/www.robertosedda.it\/wp-content\/uploads\/2016\/05\/Biggeri.jpg?resize=150%2C115&amp;ssl=1 150w, https:\/\/i0.wp.com\/www.robertosedda.it\/wp-content\/uploads\/2016\/05\/Biggeri.jpg?resize=300%2C231&amp;ssl=1 300w, https:\/\/i0.wp.com\/www.robertosedda.it\/wp-content\/uploads\/2016\/05\/Biggeri.jpg?resize=510%2C392&amp;ssl=1 510w, https:\/\/i0.wp.com\/www.robertosedda.it\/wp-content\/uploads\/2016\/05\/Biggeri.jpg?w=700&amp;ssl=1 700w\" sizes=\"(max-width: 150px) 100vw, 150px\" data-recalc-dims=\"1\" \/>Care socie e cari soci,<\/p>\n<p>care reti ed organizzazioni socie,<\/p>\n<p>Siamo arrivati quasi al <strong>termine<\/strong> di questo percorso ed ecco il nostro appello al voto per la Lista-P\u00a0<em>PerBancaEtica<\/em> alla prossima Assemblea del 21\/5.<\/p>\n<p><strong><img data-attachment-id=\"11958\" data-permalink=\"https:\/\/www.robertosedda.it\/?attachment_id=11958\" data-orig-file=\"https:\/\/i0.wp.com\/www.robertosedda.it\/wp-content\/uploads\/2016\/05\/Baranes.jpg?fit=800%2C533&amp;ssl=1\" data-orig-size=\"800,533\" data-comments-opened=\"1\" data-image-meta=\"{&quot;aperture&quot;:&quot;16&quot;,&quot;credit&quot;:&quot;&quot;,&quot;camera&quot;:&quot;Canon EOS-1Ds Mark II&quot;,&quot;caption&quot;:&quot;&quot;,&quot;created_timestamp&quot;:&quot;1297917740&quot;,&quot;copyright&quot;:&quot;&quot;,&quot;focal_length&quot;:&quot;70&quot;,&quot;iso&quot;:&quot;200&quot;,&quot;shutter_speed&quot;:&quot;0.125&quot;,&quot;title&quot;:&quot;&quot;,&quot;orientation&quot;:&quot;1&quot;}\" data-image-title=\"Baranes\" data-image-description=\"\" data-image-caption=\"\" data-medium-file=\"https:\/\/i0.wp.com\/www.robertosedda.it\/wp-content\/uploads\/2016\/05\/Baranes.jpg?fit=300%2C200&amp;ssl=1\" data-large-file=\"https:\/\/i0.wp.com\/www.robertosedda.it\/wp-content\/uploads\/2016\/05\/Baranes.jpg?fit=510%2C340&amp;ssl=1\" decoding=\"async\" loading=\"lazy\" class=\"alignleft wp-image-11958 size-thumbnail\" src=\"https:\/\/i0.wp.com\/www.robertosedda.it\/wp-content\/uploads\/2016\/05\/Baranes.jpg?resize=150%2C100\" alt=\"Baranes\" width=\"150\" height=\"100\" srcset=\"https:\/\/i0.wp.com\/www.robertosedda.it\/wp-content\/uploads\/2016\/05\/Baranes.jpg?resize=150%2C100&amp;ssl=1 150w, https:\/\/i0.wp.com\/www.robertosedda.it\/wp-content\/uploads\/2016\/05\/Baranes.jpg?resize=300%2C200&amp;ssl=1 300w, https:\/\/i0.wp.com\/www.robertosedda.it\/wp-content\/uploads\/2016\/05\/Baranes.jpg?resize=510%2C340&amp;ssl=1 510w, https:\/\/i0.wp.com\/www.robertosedda.it\/wp-content\/uploads\/2016\/05\/Baranes.jpg?resize=700%2C466&amp;ssl=1 700w, https:\/\/i0.wp.com\/www.robertosedda.it\/wp-content\/uploads\/2016\/05\/Baranes.jpg?w=800&amp;ssl=1 800w\" sizes=\"(max-width: 150px) 100vw, 150px\" data-recalc-dims=\"1\" \/>Votare \u00e8 importante:<\/strong> \u00e8 parte della nostra essenza cooperativa e di finanza etica. Con il nuovo\u00a0regolamento elettorale sceglieremo la maggioranza di governo della nostra impresa bancaria. \u00c8 una\u00a0responsabilit\u00e0 importante di indirizzo sulla finanza etica in Italia e in Spagna, verso i soci e le socie,\u00a0le reti sociali che lavorano e credono nella finanza etica, i clienti.<\/p>\n<p><img data-attachment-id=\"11959\" data-permalink=\"https:\/\/www.robertosedda.it\/?attachment_id=11959\" data-orig-file=\"https:\/\/i0.wp.com\/www.robertosedda.it\/wp-content\/uploads\/2016\/05\/Dentico.jpg?fit=400%2C400&amp;ssl=1\" data-orig-size=\"400,400\" data-comments-opened=\"1\" data-image-meta=\"{&quot;aperture&quot;:&quot;0&quot;,&quot;credit&quot;:&quot;&quot;,&quot;camera&quot;:&quot;&quot;,&quot;caption&quot;:&quot;&quot;,&quot;created_timestamp&quot;:&quot;0&quot;,&quot;copyright&quot;:&quot;&quot;,&quot;focal_length&quot;:&quot;0&quot;,&quot;iso&quot;:&quot;0&quot;,&quot;shutter_speed&quot;:&quot;0&quot;,&quot;title&quot;:&quot;&quot;,&quot;orientation&quot;:&quot;0&quot;}\" data-image-title=\"Dentico\" data-image-description=\"\" data-image-caption=\"\" data-medium-file=\"https:\/\/i0.wp.com\/www.robertosedda.it\/wp-content\/uploads\/2016\/05\/Dentico.jpg?fit=300%2C300&amp;ssl=1\" data-large-file=\"https:\/\/i0.wp.com\/www.robertosedda.it\/wp-content\/uploads\/2016\/05\/Dentico.jpg?fit=400%2C400&amp;ssl=1\" decoding=\"async\" loading=\"lazy\" class=\"alignright wp-image-11959 size-thumbnail\" src=\"https:\/\/i0.wp.com\/www.robertosedda.it\/wp-content\/uploads\/2016\/05\/Dentico.jpg?resize=150%2C150\" alt=\"Dentico\" width=\"150\" height=\"150\" srcset=\"https:\/\/i0.wp.com\/www.robertosedda.it\/wp-content\/uploads\/2016\/05\/Dentico.jpg?resize=150%2C150&amp;ssl=1 150w, https:\/\/i0.wp.com\/www.robertosedda.it\/wp-content\/uploads\/2016\/05\/Dentico.jpg?resize=300%2C300&amp;ssl=1 300w, https:\/\/i0.wp.com\/www.robertosedda.it\/wp-content\/uploads\/2016\/05\/Dentico.jpg?resize=100%2C100&amp;ssl=1 100w, https:\/\/i0.wp.com\/www.robertosedda.it\/wp-content\/uploads\/2016\/05\/Dentico.jpg?w=400&amp;ssl=1 400w\" sizes=\"(max-width: 150px) 100vw, 150px\" data-recalc-dims=\"1\" \/>La Lista Partecipativa <em>PerBancaEtica<\/em> si \u00e8 costituita incarnando una nuova idea di partecipazione in\u00a0seno alla banca. Una<strong> modalit\u00e0 aperta, trasparente, partecipata, innovativa<\/strong> rispetto alle classiche\u00a0modalit\u00e0 di formazione delle liste. Dai dibattiti sui territori per la scelta delle possibili candidature\u00a0alla dialettica politica con il Comitato Promotore, dal sondaggio per la composizione finale della\u00a0lista alla scrittura del programma: migliaia di soci e socie hanno partecipato, discusso, influenzato.<\/p>\n<p><img data-attachment-id=\"11960\" data-permalink=\"https:\/\/www.robertosedda.it\/?attachment_id=11960\" data-orig-file=\"https:\/\/i0.wp.com\/www.robertosedda.it\/wp-content\/uploads\/2016\/05\/Di-Francesco.png?fit=1883%2C1718&amp;ssl=1\" data-orig-size=\"1883,1718\" data-comments-opened=\"1\" data-image-meta=\"{&quot;aperture&quot;:&quot;0&quot;,&quot;credit&quot;:&quot;&quot;,&quot;camera&quot;:&quot;&quot;,&quot;caption&quot;:&quot;&quot;,&quot;created_timestamp&quot;:&quot;0&quot;,&quot;copyright&quot;:&quot;&quot;,&quot;focal_length&quot;:&quot;0&quot;,&quot;iso&quot;:&quot;0&quot;,&quot;shutter_speed&quot;:&quot;0&quot;,&quot;title&quot;:&quot;&quot;,&quot;orientation&quot;:&quot;0&quot;}\" data-image-title=\"Di Francesco\" data-image-description=\"\" data-image-caption=\"\" data-medium-file=\"https:\/\/i0.wp.com\/www.robertosedda.it\/wp-content\/uploads\/2016\/05\/Di-Francesco.png?fit=300%2C274&amp;ssl=1\" data-large-file=\"https:\/\/i0.wp.com\/www.robertosedda.it\/wp-content\/uploads\/2016\/05\/Di-Francesco.png?fit=510%2C465&amp;ssl=1\" decoding=\"async\" loading=\"lazy\" class=\"alignleft wp-image-11960 size-thumbnail\" src=\"https:\/\/i0.wp.com\/www.robertosedda.it\/wp-content\/uploads\/2016\/05\/Di-Francesco.png?resize=150%2C137\" alt=\"Di Francesco\" width=\"150\" height=\"137\" srcset=\"https:\/\/i0.wp.com\/www.robertosedda.it\/wp-content\/uploads\/2016\/05\/Di-Francesco.png?resize=150%2C137&amp;ssl=1 150w, https:\/\/i0.wp.com\/www.robertosedda.it\/wp-content\/uploads\/2016\/05\/Di-Francesco.png?resize=300%2C274&amp;ssl=1 300w, https:\/\/i0.wp.com\/www.robertosedda.it\/wp-content\/uploads\/2016\/05\/Di-Francesco.png?resize=510%2C465&amp;ssl=1 510w, https:\/\/i0.wp.com\/www.robertosedda.it\/wp-content\/uploads\/2016\/05\/Di-Francesco.png?resize=700%2C639&amp;ssl=1 700w, https:\/\/i0.wp.com\/www.robertosedda.it\/wp-content\/uploads\/2016\/05\/Di-Francesco.png?w=1883&amp;ssl=1 1883w, https:\/\/i0.wp.com\/www.robertosedda.it\/wp-content\/uploads\/2016\/05\/Di-Francesco.png?w=1600 1600w\" sizes=\"(max-width: 150px) 100vw, 150px\" data-recalc-dims=\"1\" \/>Un percorso assolutamente <strong>innovativo<\/strong> per tutti. Ma dopo due avvicendamenti significativi nei\u00a0passati CdA (10 nuovi consiglieri su 13 nel 2010 e 8 consiglieri su 13 nel 2013) i soci e le socie\u00a0hanno chiaramente indicato voglia di continuit\u00e0 nelle preferenze espresse sui candidati e le\u00a0candidate della nostra lista: una indicazione di sostegno al riconoscibile processo di cambiamento\u00a0che \u00e8 in atto in questi anni in Banca Etica.<\/p>\n<p><img data-attachment-id=\"11961\" data-permalink=\"https:\/\/www.robertosedda.it\/?attachment_id=11961\" data-orig-file=\"https:\/\/i0.wp.com\/www.robertosedda.it\/wp-content\/uploads\/2016\/05\/fasano.jpg?fit=356%2C660&amp;ssl=1\" data-orig-size=\"356,660\" data-comments-opened=\"1\" data-image-meta=\"{&quot;aperture&quot;:&quot;0&quot;,&quot;credit&quot;:&quot;&quot;,&quot;camera&quot;:&quot;&quot;,&quot;caption&quot;:&quot;&quot;,&quot;created_timestamp&quot;:&quot;0&quot;,&quot;copyright&quot;:&quot;&quot;,&quot;focal_length&quot;:&quot;0&quot;,&quot;iso&quot;:&quot;0&quot;,&quot;shutter_speed&quot;:&quot;0&quot;,&quot;title&quot;:&quot;&quot;,&quot;orientation&quot;:&quot;0&quot;}\" data-image-title=\"fasano\" data-image-description=\"\" data-image-caption=\"\" data-medium-file=\"https:\/\/i0.wp.com\/www.robertosedda.it\/wp-content\/uploads\/2016\/05\/fasano.jpg?fit=162%2C300&amp;ssl=1\" data-large-file=\"https:\/\/i0.wp.com\/www.robertosedda.it\/wp-content\/uploads\/2016\/05\/fasano.jpg?fit=356%2C660&amp;ssl=1\" decoding=\"async\" loading=\"lazy\" class=\"alignright wp-image-11961\" src=\"https:\/\/i0.wp.com\/www.robertosedda.it\/wp-content\/uploads\/2016\/05\/fasano.jpg?resize=120%2C222\" alt=\"fasano\" width=\"120\" height=\"222\" srcset=\"https:\/\/i0.wp.com\/www.robertosedda.it\/wp-content\/uploads\/2016\/05\/fasano.jpg?resize=162%2C300&amp;ssl=1 162w, https:\/\/i0.wp.com\/www.robertosedda.it\/wp-content\/uploads\/2016\/05\/fasano.jpg?resize=81%2C150&amp;ssl=1 81w, https:\/\/i0.wp.com\/www.robertosedda.it\/wp-content\/uploads\/2016\/05\/fasano.jpg?w=356&amp;ssl=1 356w\" sizes=\"(max-width: 120px) 100vw, 120px\" data-recalc-dims=\"1\" \/>Formiamo una lista di persone veramente al servizio della banca.\u00a0Ci mettiamo la faccia, abbiamo\u00a0cercato di esprimere la massimo la nostra disponibilit\u00e0 e questo percorso elettorale non fa eccezione\u00a0in termini di dedizione, malgrado gli impegni professionali dei pi\u00f9.<br \/>\nSiamo tutti socie e socie, conosciamo la banca e ne siamo appassionati! Inoltre, abbiamo una\u00a0molteplicit\u00e0 di <strong>competenze<\/strong> oltre a quella finanziaria, perch\u00e9 questo serve a gestire la complessit\u00e0\u00a0crescente del fare banca etica. Abbiamo storie personali e di impegno coerenti con la finanza etica e\u00a0con i suoi valori. Ci muove il sogno di una banca capace di trasformare il mondo!<\/p>\n<p><img data-attachment-id=\"11962\" data-permalink=\"https:\/\/www.robertosedda.it\/?attachment_id=11962\" data-orig-file=\"https:\/\/i0.wp.com\/www.robertosedda.it\/wp-content\/uploads\/2016\/05\/Palladino.jpg?fit=730%2C486&amp;ssl=1\" data-orig-size=\"730,486\" data-comments-opened=\"1\" data-image-meta=\"{&quot;aperture&quot;:&quot;5.6&quot;,&quot;credit&quot;:&quot;&quot;,&quot;camera&quot;:&quot;Canon EOS 1000D&quot;,&quot;caption&quot;:&quot;&quot;,&quot;created_timestamp&quot;:&quot;1284219662&quot;,&quot;copyright&quot;:&quot;&quot;,&quot;focal_length&quot;:&quot;55&quot;,&quot;iso&quot;:&quot;400&quot;,&quot;shutter_speed&quot;:&quot;0.016666666666667&quot;,&quot;title&quot;:&quot;&quot;,&quot;orientation&quot;:&quot;1&quot;}\" data-image-title=\"Palladino\" data-image-description=\"\" data-image-caption=\"\" data-medium-file=\"https:\/\/i0.wp.com\/www.robertosedda.it\/wp-content\/uploads\/2016\/05\/Palladino.jpg?fit=300%2C200&amp;ssl=1\" data-large-file=\"https:\/\/i0.wp.com\/www.robertosedda.it\/wp-content\/uploads\/2016\/05\/Palladino.jpg?fit=510%2C340&amp;ssl=1\" decoding=\"async\" loading=\"lazy\" class=\"alignleft wp-image-11962\" src=\"https:\/\/i0.wp.com\/www.robertosedda.it\/wp-content\/uploads\/2016\/05\/Palladino.jpg?resize=170%2C113\" alt=\"Palladino\" width=\"170\" height=\"113\" srcset=\"https:\/\/i0.wp.com\/www.robertosedda.it\/wp-content\/uploads\/2016\/05\/Palladino.jpg?resize=150%2C100&amp;ssl=1 150w, https:\/\/i0.wp.com\/www.robertosedda.it\/wp-content\/uploads\/2016\/05\/Palladino.jpg?resize=300%2C200&amp;ssl=1 300w, https:\/\/i0.wp.com\/www.robertosedda.it\/wp-content\/uploads\/2016\/05\/Palladino.jpg?resize=510%2C340&amp;ssl=1 510w, https:\/\/i0.wp.com\/www.robertosedda.it\/wp-content\/uploads\/2016\/05\/Palladino.jpg?resize=700%2C466&amp;ssl=1 700w, https:\/\/i0.wp.com\/www.robertosedda.it\/wp-content\/uploads\/2016\/05\/Palladino.jpg?w=730&amp;ssl=1 730w\" sizes=\"(max-width: 170px) 100vw, 170px\" data-recalc-dims=\"1\" \/>Siamo un gruppo di persone che hanno saputo<strong> lavorare bene assieme<\/strong>, pur nella differenza delle\u00a0idee e nel confronto, condizione essenziale all&#8217;autocritica e dunque al miglioramento del nostro\u00a0operato. Il cambiamento \u00e8 un processo che si genera da persone che hanno la determinazione di\u00a0cercarlo e che sanno cambiare a partire dalle esperienze e dai percorsi gi\u00e0 in atto.<\/p>\n<p><img data-attachment-id=\"11963\" data-permalink=\"https:\/\/www.robertosedda.it\/?attachment_id=11963\" data-orig-file=\"https:\/\/i0.wp.com\/www.robertosedda.it\/wp-content\/uploads\/2016\/05\/Ruggiero.jpg?fit=1460%2C1524&amp;ssl=1\" data-orig-size=\"1460,1524\" data-comments-opened=\"1\" data-image-meta=\"{&quot;aperture&quot;:&quot;0&quot;,&quot;credit&quot;:&quot;&quot;,&quot;camera&quot;:&quot;&quot;,&quot;caption&quot;:&quot;&quot;,&quot;created_timestamp&quot;:&quot;0&quot;,&quot;copyright&quot;:&quot;&quot;,&quot;focal_length&quot;:&quot;0&quot;,&quot;iso&quot;:&quot;0&quot;,&quot;shutter_speed&quot;:&quot;0&quot;,&quot;title&quot;:&quot;&quot;,&quot;orientation&quot;:&quot;0&quot;}\" data-image-title=\"Ruggiero\" data-image-description=\"\" data-image-caption=\"\" data-medium-file=\"https:\/\/i0.wp.com\/www.robertosedda.it\/wp-content\/uploads\/2016\/05\/Ruggiero.jpg?fit=287%2C300&amp;ssl=1\" data-large-file=\"https:\/\/i0.wp.com\/www.robertosedda.it\/wp-content\/uploads\/2016\/05\/Ruggiero.jpg?fit=510%2C532&amp;ssl=1\" decoding=\"async\" loading=\"lazy\" class=\"alignright size-thumbnail wp-image-11963\" src=\"https:\/\/i0.wp.com\/www.robertosedda.it\/wp-content\/uploads\/2016\/05\/Ruggiero.jpg?resize=144%2C150\" alt=\"Ruggiero\" width=\"144\" height=\"150\" srcset=\"https:\/\/i0.wp.com\/www.robertosedda.it\/wp-content\/uploads\/2016\/05\/Ruggiero.jpg?resize=144%2C150&amp;ssl=1 144w, https:\/\/i0.wp.com\/www.robertosedda.it\/wp-content\/uploads\/2016\/05\/Ruggiero.jpg?resize=287%2C300&amp;ssl=1 287w, https:\/\/i0.wp.com\/www.robertosedda.it\/wp-content\/uploads\/2016\/05\/Ruggiero.jpg?resize=510%2C532&amp;ssl=1 510w, https:\/\/i0.wp.com\/www.robertosedda.it\/wp-content\/uploads\/2016\/05\/Ruggiero.jpg?resize=700%2C731&amp;ssl=1 700w, https:\/\/i0.wp.com\/www.robertosedda.it\/wp-content\/uploads\/2016\/05\/Ruggiero.jpg?w=1460&amp;ssl=1 1460w\" sizes=\"(max-width: 144px) 100vw, 144px\" data-recalc-dims=\"1\" \/>La nostra forza sta nell&#8217;attitudine alla governance cooperativa, nel riconoscere e chiamare per nome\u00a0le debolezze che riscontriamo nella operativit\u00e0 e in alcune dinamiche della banca, che i processi\u00a0partecipativi hanno evidenziato. Sappiamo che dovremo lavorare molto e bene su alcune criticit\u00e0 e\u00a0lo abbiamo sottolineato nel programma.<\/p>\n<p>Conosciamo bene i punti di forza del Gruppo Banca Etica, che sono gli elementi di forza della\u00a0finanza etica, territorio di interesse crescente per <img data-attachment-id=\"11964\" data-permalink=\"https:\/\/www.robertosedda.it\/?attachment_id=11964\" data-orig-file=\"https:\/\/i0.wp.com\/www.robertosedda.it\/wp-content\/uploads\/2016\/05\/Sasia.jpg?fit=646%2C373&amp;ssl=1\" data-orig-size=\"646,373\" data-comments-opened=\"1\" data-image-meta=\"{&quot;aperture&quot;:&quot;0&quot;,&quot;credit&quot;:&quot;&quot;,&quot;camera&quot;:&quot;&quot;,&quot;caption&quot;:&quot;&quot;,&quot;created_timestamp&quot;:&quot;0&quot;,&quot;copyright&quot;:&quot;&quot;,&quot;focal_length&quot;:&quot;0&quot;,&quot;iso&quot;:&quot;0&quot;,&quot;shutter_speed&quot;:&quot;0&quot;,&quot;title&quot;:&quot;&quot;,&quot;orientation&quot;:&quot;0&quot;}\" data-image-title=\"Sasia\" data-image-description=\"\" data-image-caption=\"\" data-medium-file=\"https:\/\/i0.wp.com\/www.robertosedda.it\/wp-content\/uploads\/2016\/05\/Sasia.jpg?fit=300%2C173&amp;ssl=1\" data-large-file=\"https:\/\/i0.wp.com\/www.robertosedda.it\/wp-content\/uploads\/2016\/05\/Sasia.jpg?fit=510%2C294&amp;ssl=1\" decoding=\"async\" loading=\"lazy\" class=\"alignleft wp-image-11964\" src=\"https:\/\/i0.wp.com\/www.robertosedda.it\/wp-content\/uploads\/2016\/05\/Sasia.jpg?resize=170%2C98\" alt=\"Sasia\" width=\"170\" height=\"98\" srcset=\"https:\/\/i0.wp.com\/www.robertosedda.it\/wp-content\/uploads\/2016\/05\/Sasia.jpg?resize=150%2C87&amp;ssl=1 150w, https:\/\/i0.wp.com\/www.robertosedda.it\/wp-content\/uploads\/2016\/05\/Sasia.jpg?resize=300%2C173&amp;ssl=1 300w, https:\/\/i0.wp.com\/www.robertosedda.it\/wp-content\/uploads\/2016\/05\/Sasia.jpg?resize=510%2C294&amp;ssl=1 510w, https:\/\/i0.wp.com\/www.robertosedda.it\/wp-content\/uploads\/2016\/05\/Sasia.jpg?resize=640%2C373&amp;ssl=1 640w, https:\/\/i0.wp.com\/www.robertosedda.it\/wp-content\/uploads\/2016\/05\/Sasia.jpg?w=646&amp;ssl=1 646w\" sizes=\"(max-width: 170px) 100vw, 170px\" data-recalc-dims=\"1\" \/>la societ\u00e0 tutta. Il valore della partecipazione dei\u00a0soci e dipendenti, i forti legami con le reti sociali, le opportunit\u00e0 di sviluppo date dalla nostra buona\u00a0reputazione, il nostro \u201c<strong>essere diversi<\/strong>\u201d capaci di dare senso alla finanza, le opportunit\u00e0 che ci\u00a0daranno lo sviluppo dell\u2019area Spagnola e il rinnovamento in corso nella struttura di Banca Etica.<\/p>\n<p><strong><img data-attachment-id=\"11965\" data-permalink=\"https:\/\/www.robertosedda.it\/?attachment_id=11965\" data-orig-file=\"https:\/\/i0.wp.com\/www.robertosedda.it\/wp-content\/uploads\/2016\/05\/Siniscalchi.jpg?fit=608%2C388&amp;ssl=1\" data-orig-size=\"608,388\" data-comments-opened=\"1\" data-image-meta=\"{&quot;aperture&quot;:&quot;0&quot;,&quot;credit&quot;:&quot;&quot;,&quot;camera&quot;:&quot;&quot;,&quot;caption&quot;:&quot;&quot;,&quot;created_timestamp&quot;:&quot;0&quot;,&quot;copyright&quot;:&quot;&quot;,&quot;focal_length&quot;:&quot;0&quot;,&quot;iso&quot;:&quot;0&quot;,&quot;shutter_speed&quot;:&quot;0&quot;,&quot;title&quot;:&quot;&quot;,&quot;orientation&quot;:&quot;0&quot;}\" data-image-title=\"Siniscalchi\" data-image-description=\"\" data-image-caption=\"\" data-medium-file=\"https:\/\/i0.wp.com\/www.robertosedda.it\/wp-content\/uploads\/2016\/05\/Siniscalchi.jpg?fit=300%2C191&amp;ssl=1\" data-large-file=\"https:\/\/i0.wp.com\/www.robertosedda.it\/wp-content\/uploads\/2016\/05\/Siniscalchi.jpg?fit=510%2C325&amp;ssl=1\" decoding=\"async\" loading=\"lazy\" class=\"alignright wp-image-11965\" src=\"https:\/\/i0.wp.com\/www.robertosedda.it\/wp-content\/uploads\/2016\/05\/Siniscalchi.jpg?resize=170%2C108\" alt=\"Siniscalchi\" width=\"170\" height=\"108\" srcset=\"https:\/\/i0.wp.com\/www.robertosedda.it\/wp-content\/uploads\/2016\/05\/Siniscalchi.jpg?resize=150%2C96&amp;ssl=1 150w, https:\/\/i0.wp.com\/www.robertosedda.it\/wp-content\/uploads\/2016\/05\/Siniscalchi.jpg?resize=300%2C191&amp;ssl=1 300w, https:\/\/i0.wp.com\/www.robertosedda.it\/wp-content\/uploads\/2016\/05\/Siniscalchi.jpg?resize=510%2C325&amp;ssl=1 510w, https:\/\/i0.wp.com\/www.robertosedda.it\/wp-content\/uploads\/2016\/05\/Siniscalchi.jpg?w=608&amp;ssl=1 608w\" sizes=\"(max-width: 170px) 100vw, 170px\" data-recalc-dims=\"1\" \/>Opportunit\u00e0 e sfide<\/strong> che ci attendono nei prossimi tre anni.<\/p>\n<p>Vogliamo partire dai buoni risultati che i numeri di Banca Etica ci raccontano e che abbiamo avuto\u00a0negli anni della peggior crisi del settore finanziario.<\/p>\n<p>Con coraggio, determinazione, competenza, disponibilit\u00e0 e passione: <em>PerBancaEtica<\/em>!<\/p>\n<p>Programma, numeri, informazioni sul nostro <a href=\"https:\/\/perbancaetica.wordpress.com\/\">blog<\/a>.<\/p>\n<p><strong>BUON VOTO!<\/strong><\/p>\n","protected":false},"excerpt":{"rendered":"<p>L&#8217;altro giorno ha suscitato panico l&#8217;idea, da me abilmente suggerita, che volessi candidarmi al Consiglio comunale.\u00a0Adesso passo direttamente all&#8217;appello al<\/p>\n","protected":false},"author":1,"featured_media":11959,"comment_status":"open","ping_status":"open","sticky":false,"template":"","format":"standard","meta":{"_mi_skip_tracking":false,"_monsterinsights_sitenote_active":false,"_monsterinsights_sitenote_note":"","_monsterinsights_sitenote_category":0,"jetpack_post_was_ever_published":false,"_jetpack_newsletter_access":"","jetpack_publicize_message":"","jetpack_is_tweetstorm":false,"jetpack_publicize_feature_enabled":true,"jetpack_social_post_already_shared":true,"jetpack_social_options":{"image_generator_settings":{"template":"highway","enabled":false}}},"categories":[52,17,59,16],"tags":[],"jetpack_publicize_connections":[],"jetpack_featured_media_url":"https:\/\/i0.wp.com\/www.robertosedda.it\/wp-content\/uploads\/2016\/05\/Dentico.jpg?fit=400%2C400&ssl=1","jetpack_sharing_enabled":true,"jetpack_shortlink":"https:\/\/wp.me\/p4jV2T-36Q","jetpack_likes_enabled":true,"jetpack-related-posts":[{"id":2257,"url":"https:\/\/www.robertosedda.it\/?p=2257","url_meta":{"origin":11956,"position":0},"title":"Se lo fai ti voto","author":"Rufus","date":"19\/02\/2013","format":false,"excerpt":"Appelli (ai) politici Mai come questa volta in vista delle elezioni ci sono stati pezzi della societ\u00e0 civile (anzi, della societ\u00e0 tout court) che hanno lavorato per mettere in chiaro le proprie esigenze e aspirazioni e sottoporle ai candidati e ai partiti, in modo da sollecitare un loro pronunciamento chiaro\u2026","rel":"","context":"In &quot;Coordinate&quot;","block_context":{"text":"Coordinate","link":"https:\/\/www.robertosedda.it\/?cat=52"},"img":{"alt_text":"","src":"https:\/\/i0.wp.com\/www.robertosedda.it\/wp-content\/uploads\/2013\/02\/Greenpeace-io-non-vi-voto.jpg?fit=580%2C243&ssl=1&resize=350%2C200","width":350,"height":200},"classes":[]},{"id":20583,"url":"https:\/\/www.robertosedda.it\/?p=20583","url_meta":{"origin":11956,"position":1},"title":"Sul percorso elettorale di Banca Etica","author":"Rufus","date":"05\/05\/2025","format":false,"excerpt":"Premessa: questo articolo \u00e8 scritto un po' come una cipolla, a strati. Se vi interessa solo sapere chi voter\u00f2, potete fermarvi all'inizio. Se volete le motivazioni e un po' di ulteriori riflessioni, andate avanti. L'immagine qui a fianco serve a dire che s\u00ec, non \u00e8 solo una dichiarazione di appoggio,\u2026","rel":"","context":"In &quot;Banche e finanza&quot;","block_context":{"text":"Banche e finanza","link":"https:\/\/www.robertosedda.it\/?cat=72"},"img":{"alt_text":"","src":"https:\/\/i0.wp.com\/www.robertosedda.it\/wp-content\/uploads\/2019\/08\/Rufus-1.png?fit=834%2C720&ssl=1&resize=350%2C200","width":350,"height":200,"srcset":"https:\/\/i0.wp.com\/www.robertosedda.it\/wp-content\/uploads\/2019\/08\/Rufus-1.png?fit=834%2C720&ssl=1&resize=350%2C200 1x, https:\/\/i0.wp.com\/www.robertosedda.it\/wp-content\/uploads\/2019\/08\/Rufus-1.png?fit=834%2C720&ssl=1&resize=700%2C400 2x"},"classes":[]},{"id":2307,"url":"https:\/\/www.robertosedda.it\/?p=2307","url_meta":{"origin":11956,"position":2},"title":"Al seggio","author":"Rufus","date":"23\/02\/2013","format":false,"excerpt":"Ernesto Buonaiuti (storia del cristianesimo), Giuseppe Antonio Borgese (estetica), Mario Carrara (antropologia criminale), Antonio De Viti De Marco (scienza delle finanze), Gaetano De Sanctis (storia antica), Floriano Del Secolo (lettere e filosofia), Giorgio Errera (chimica), Giorgio Levi Della Vida (lingue semitiche), Piero Martinetti (filosofia), Fabio Luzzatto (diritto civile), Bartolo Nigrisoli\u2026","rel":"","context":"In &quot;Coordinate&quot;","block_context":{"text":"Coordinate","link":"https:\/\/www.robertosedda.it\/?cat=52"},"img":{"alt_text":"","src":"https:\/\/i0.wp.com\/www.robertosedda.it\/wp-content\/uploads\/2013\/02\/vignetta-staino-america-vs-italia.jpg?fit=400%2C319&ssl=1&resize=350%2C200","width":350,"height":200},"classes":[]},{"id":12353,"url":"https:\/\/www.robertosedda.it\/?p=12353","url_meta":{"origin":11956,"position":3},"title":"Lo dico sinceramente&#8230;","author":"Rufus","date":"25\/08\/2016","format":false,"excerpt":"\u00c8 stato pubblicato oggi\u00a0sul sito di Banca Etica l'annuncio ufficiale del fatto\u00a0che il 23 settembre inauguriamo ufficialmente la nuova sede del banchiere ambulante a Cagliari. E quindi ciao, arrivederci, \u00e8 stato bello conoscervi: fino al 23 io non esisto pi\u00f9,\u00a0kaputt, c'\u00e8 un monte impressionante di cose da fare, perch\u00e9 ci\u2026","rel":"","context":"In &quot;Banche e finanza&quot;","block_context":{"text":"Banche e finanza","link":"https:\/\/www.robertosedda.it\/?cat=72"},"img":{"alt_text":"","src":"https:\/\/i0.wp.com\/www.robertosedda.it\/wp-content\/uploads\/2016\/08\/Banca-Etica-Cagliari.jpg?fit=962%2C726&ssl=1&resize=350%2C200","width":350,"height":200,"srcset":"https:\/\/i0.wp.com\/www.robertosedda.it\/wp-content\/uploads\/2016\/08\/Banca-Etica-Cagliari.jpg?fit=962%2C726&ssl=1&resize=350%2C200 1x, https:\/\/i0.wp.com\/www.robertosedda.it\/wp-content\/uploads\/2016\/08\/Banca-Etica-Cagliari.jpg?fit=962%2C726&ssl=1&resize=700%2C400 2x"},"classes":[]},{"id":11224,"url":"https:\/\/www.robertosedda.it\/?p=11224","url_meta":{"origin":11956,"position":4},"title":"Di assemblee, regolamenti elettorali e teoria dei giochi","author":"Rufus","date":"26\/11\/2015","format":false,"excerpt":"Domani presto prendo l'aereo per poter essere, sabato, all'Assemblea straordinaria di Banca Etica a Padova. Approveremo una serie di modifiche statutarie e il nuovo regolamento per l'elezione del Consiglio di Amministrazione della Banca e io ci devo essere perch\u00e9, in un certo senso, \u00e8 tutta colpa mia. Cio\u00e8, non esageriamo.\u2026","rel":"","context":"In &quot;Coordinate&quot;","block_context":{"text":"Coordinate","link":"https:\/\/www.robertosedda.it\/?cat=52"},"img":{"alt_text":"","src":"https:\/\/i0.wp.com\/www.robertosedda.it\/wp-content\/uploads\/2015\/11\/assemblea.jpg?fit=925%2C250&ssl=1&resize=350%2C200","width":350,"height":200,"srcset":"https:\/\/i0.wp.com\/www.robertosedda.it\/wp-content\/uploads\/2015\/11\/assemblea.jpg?fit=925%2C250&ssl=1&resize=350%2C200 1x, https:\/\/i0.wp.com\/www.robertosedda.it\/wp-content\/uploads\/2015\/11\/assemblea.jpg?fit=925%2C250&ssl=1&resize=700%2C400 2x"},"classes":[]},{"id":1202,"url":"https:\/\/www.robertosedda.it\/?p=1202","url_meta":{"origin":11956,"position":5},"title":"Ho scritto a Brunetta","author":"Rufus","date":"01\/11\/2012","format":false,"excerpt":"Mi \u00e8 costato un po', ma era necessario. Ieri ho ricevuto questa mail, inviatami da un altro socio di Banca Popolare Etica: Cari soci di Banca Etica, l'azionariato popolare diffuso, che rappresenta il tessuto vitale della nostra organizzazione \u00e8 in grave difficolt\u00e0 a causa di una norma, introdotta con la\u2026","rel":"","context":"In &quot;Banche e finanza&quot;","block_context":{"text":"Banche e finanza","link":"https:\/\/www.robertosedda.it\/?cat=72"},"img":{"alt_text":"","src":"","width":0,"height":0},"classes":[]}],"_links":{"self":[{"href":"https:\/\/www.robertosedda.it\/index.php?rest_route=\/wp\/v2\/posts\/11956"}],"collection":[{"href":"https:\/\/www.robertosedda.it\/index.php?rest_route=\/wp\/v2\/posts"}],"about":[{"href":"https:\/\/www.robertosedda.it\/index.php?rest_route=\/wp\/v2\/types\/post"}],"author":[{"embeddable":true,"href":"https:\/\/www.robertosedda.it\/index.php?rest_route=\/wp\/v2\/users\/1"}],"replies":[{"embeddable":true,"href":"https:\/\/www.robertosedda.it\/index.php?rest_route=%2Fwp%2Fv2%2Fcomments&post=11956"}],"version-history":[{"count":2,"href":"https:\/\/www.robertosedda.it\/index.php?rest_route=\/wp\/v2\/posts\/11956\/revisions"}],"predecessor-version":[{"id":13827,"href":"https:\/\/www.robertosedda.it\/index.php?rest_route=\/wp\/v2\/posts\/11956\/revisions\/13827"}],"wp:featuredmedia":[{"embeddable":true,"href":"https:\/\/www.robertosedda.it\/index.php?rest_route=\/wp\/v2\/media\/11959"}],"wp:attachment":[{"href":"https:\/\/www.robertosedda.it\/index.php?rest_route=%2Fwp%2Fv2%2Fmedia&parent=11956"}],"wp:term":[{"taxonomy":"category","embeddable":true,"href":"https:\/\/www.robertosedda.it\/index.php?rest_route=%2Fwp%2Fv2%2Fcategories&post=11956"},{"taxonomy":"post_tag","embeddable":true,"href":"https:\/\/www.robertosedda.it\/index.php?rest_route=%2Fwp%2Fv2%2Ftags&post=11956"}],"curies":[{"name":"wp","href":"https:\/\/api.w.org\/{rel}","templated":true}]}}