{"id":11945,"date":"2016-05-11T16:45:57","date_gmt":"2016-05-11T14:45:57","guid":{"rendered":"http:\/\/www.robertosedda.it\/?p=11945"},"modified":"2023-06-21T10:19:26","modified_gmt":"2023-06-21T08:19:26","slug":"oggi-parliamo-di-libri-arriva-allottocento","status":"publish","type":"post","link":"https:\/\/www.robertosedda.it\/?p=11945","title":{"rendered":"<em>Oggi parliamo di libri<\/em> arriva all&#8217;Ottocento"},"content":{"rendered":"<p>Sono abbastanza soddisfatto della puntata di <em>Oggi parliamo di libri<\/em> con cui ho aperto l&#8217;ultimo, lungo, ciclo di trasmissioni della stagione (\u00e8 ormai chiaro che non riuscir\u00f2 a parlare del teatro del &#8216;900).<\/p>\n<!--[if lt IE 9]><script>document.createElement('audio');<\/script><![endif]-->\n<audio class=\"wp-audio-shortcode\" id=\"audio-11945-1\" preload=\"none\" style=\"width: 100%;\" controls=\"controls\"><source type=\"audio\/mpeg\" src=\"http:\/\/www.radiokalaritana.it\/audio\/download\/LIB-S04E25-Il_teatro_nel_1800-20160317.mp3?_=1\" \/><a href=\"http:\/\/www.radiokalaritana.it\/audio\/download\/LIB-S04E25-Il_teatro_nel_1800-20160317.mp3\">http:\/\/www.radiokalaritana.it\/audio\/download\/LIB-S04E25-Il_teatro_nel_1800-20160317.mp3<\/a><\/audio>\n<h4><em>Il teatro nell&#8217;800<\/em><\/h4>\n<p><img data-attachment-id=\"11947\" data-permalink=\"https:\/\/www.robertosedda.it\/?attachment_id=11947\" data-orig-file=\"https:\/\/i0.wp.com\/www.robertosedda.it\/wp-content\/uploads\/2016\/05\/Hobsbawm-Et\u00e0-rivoluzione-e1683811506646.jpg?fit=750%2C1088&amp;ssl=1\" data-orig-size=\"750,1088\" data-comments-opened=\"1\" data-image-meta=\"{&quot;aperture&quot;:&quot;0&quot;,&quot;credit&quot;:&quot;&quot;,&quot;camera&quot;:&quot;&quot;,&quot;caption&quot;:&quot;&quot;,&quot;created_timestamp&quot;:&quot;0&quot;,&quot;copyright&quot;:&quot;&quot;,&quot;focal_length&quot;:&quot;0&quot;,&quot;iso&quot;:&quot;0&quot;,&quot;shutter_speed&quot;:&quot;0&quot;,&quot;title&quot;:&quot;&quot;,&quot;orientation&quot;:&quot;0&quot;}\" data-image-title=\"Hobsbawm Et\u00e0 rivoluzione\" data-image-description=\"\" data-image-caption=\"\" data-medium-file=\"https:\/\/i0.wp.com\/www.robertosedda.it\/wp-content\/uploads\/2016\/05\/Hobsbawm-Et\u00e0-rivoluzione-e1683811506646.jpg?fit=207%2C300&amp;ssl=1\" data-large-file=\"https:\/\/i0.wp.com\/www.robertosedda.it\/wp-content\/uploads\/2016\/05\/Hobsbawm-Et\u00e0-rivoluzione-e1683811506646.jpg?fit=510%2C740&amp;ssl=1\" decoding=\"async\" loading=\"lazy\" class=\"alignleft size-medium wp-image-11947\" src=\"https:\/\/i0.wp.com\/www.robertosedda.it\/wp-content\/uploads\/2016\/05\/Hobsbawm-Et\u00e0-rivoluzione.jpg?resize=207%2C300\" alt=\"Hobsbawm Et\u00e0 rivoluzione\" width=\"207\" height=\"300\" data-recalc-dims=\"1\" \/>Non \u00e8 che sempre bisogna dire cose straordinarie (infatti io non ci riesco mai, temo), la puntata fa onorevolmente il suo mestiere e, miracolo miracolo, non trovo necessario fare correzioni o integrazioni. Quindi se l&#8217;ascoltate trovate la giustificazione che riguarda il teatro del quale&nbsp;<em>non&nbsp;<\/em>parler\u00f2 e la chiave di lettura che accompagner\u00e0 le puntate che ho gi\u00e0 fatto e quelle che saranno mandate in onda entro fine maggio: l&#8217;800 come secolo della borghesia e il teatro come specchio della borghesia, dei suoi sogni e delle sue inquietudini.<\/p>\n<p>Con questa chiave interpretativa&nbsp;c&#8217;erano dei testi dei quali era ovvio suggerire la lettura e sono contentissimo di avere avuto l&#8217;occasione di presentare i tre libri di Hobsbawm, a proposito dei quali per\u00f2 un errorino l&#8217;ho fatto:&nbsp;<em>L&#8217;et\u00e0 della rivoluzione&nbsp;<\/em>arriva fino al 1848 (io ho detto 1820) e non \u00e8 pubblicato da <em>Laterza<\/em>: sono peccati veniali, comunque, e in ogni caso vale il fatto che si tratta davvero di testi bellissimi che meritano di essere letti (e riletti).<\/p>\n<p>&nbsp;<\/p>\n","protected":false},"excerpt":{"rendered":"<p>Sono abbastanza soddisfatto della puntata di Oggi parliamo di libri con cui ho aperto l&#8217;ultimo, lungo, ciclo di trasmissioni della<\/p>\n","protected":false},"author":1,"featured_media":11947,"comment_status":"open","ping_status":"open","sticky":false,"template":"","format":"standard","meta":{"_mi_skip_tracking":false,"_monsterinsights_sitenote_active":false,"_monsterinsights_sitenote_note":"","_monsterinsights_sitenote_category":0,"jetpack_post_was_ever_published":false,"_jetpack_newsletter_access":"","jetpack_publicize_message":"","jetpack_is_tweetstorm":false,"jetpack_publicize_feature_enabled":true,"jetpack_social_post_already_shared":true,"jetpack_social_options":{"image_generator_settings":{"template":"highway","enabled":false}}},"categories":[52,56,13,101,12],"tags":[],"jetpack_publicize_connections":[],"jetpack_featured_media_url":"https:\/\/i0.wp.com\/www.robertosedda.it\/wp-content\/uploads\/2016\/05\/Hobsbawm-Et\u00e0-rivoluzione-e1683811506646.jpg?fit=750%2C1088&ssl=1","jetpack_sharing_enabled":true,"jetpack_shortlink":"https:\/\/wp.me\/p4jV2T-36F","jetpack_likes_enabled":true,"jetpack-related-posts":[{"id":10947,"url":"https:\/\/www.robertosedda.it\/?p=10947","url_meta":{"origin":11945,"position":0},"title":"&#8216;na tragedia","author":"Rufus","date":"01\/10\/2015","format":"audio","excerpt":"Per fare pubblicit\u00e0 al fatto che stasera alle 19.10 va in onda la nuova puntata di\u00a0Oggi parliamo di libri (dedicata alla\u00a0Medea di Euripide, non perdetela!), vi invito all'ascolto della puntata precedente, in cui ho parlato della tragedia greca in generale. La tragedia greca (Oggi parliamo di libri, 29\/09\/2015) La puntata\u2026","rel":"","context":"In &quot;Coordinate&quot;","block_context":{"text":"Coordinate","link":"https:\/\/www.robertosedda.it\/?cat=52"},"img":{"alt_text":"","src":"","width":0,"height":0},"classes":[]},{"id":12472,"url":"https:\/\/www.robertosedda.it\/?p=12472","url_meta":{"origin":11945,"position":1},"title":"Cos\u00ec fin\u00ec Oggi parliamo di libri","author":"Rufus","date":"06\/09\/2016","format":false,"excerpt":"Trovate qui sotto l'ultima puntata della stagione 2015\/2016 di\u00a0Oggi parliamo di libri, dedicata a\u00a0Liol\u00e0\u00a0di Pirandello: si tratta anche dell'ultima puntata in generale della trasmissione, perch\u00e9 per l'anno prossimo mi piacerebbe molto che venisse accettata la mia proposta di parlare di giochi\u00a0(se si parte si parte ad ottobre, ma mi pare\u2026","rel":"","context":"In &quot;Coordinate&quot;","block_context":{"text":"Coordinate","link":"https:\/\/www.robertosedda.it\/?cat=52"},"img":{"alt_text":"","src":"https:\/\/i0.wp.com\/www.robertosedda.it\/wp-content\/uploads\/2016\/09\/Oggi-parliamo-di-libri-1.jpg?fit=480%2C360&ssl=1&resize=350%2C200","width":350,"height":200},"classes":[]},{"id":10888,"url":"https:\/\/www.robertosedda.it\/?p=10888","url_meta":{"origin":11945,"position":2},"title":"Come detto, teatro","author":"Rufus","date":"24\/09\/2015","format":"video","excerpt":"http:\/\/www.radiokalaritana.it\/audio\/LIB-S04E01-Le_opere_teatrali-20150917.mp3 Parlare di teatro (Oggi parliamo di libri, 17\/09\/2015) La presenza del\u00a0podcast mi permette di riproporre qui sul blog\u00a0le puntate di\u00a0Oggi parliamo di libri\u00a0in maniera pi\u00f9 puntuale: questa \u00e8 la prima, andata in onda la settimana scorsa, e la sua pubblicazione vale anche come invito ad ascoltare la seconda, questa\u2026","rel":"","context":"In &quot;Coordinate&quot;","block_context":{"text":"Coordinate","link":"https:\/\/www.robertosedda.it\/?cat=52"},"img":{"alt_text":"","src":"","width":0,"height":0},"classes":[]},{"id":11710,"url":"https:\/\/www.robertosedda.it\/?p=11710","url_meta":{"origin":11945,"position":3},"title":"Il Re Cervo a Oggi parliamo di libri","author":"Rufus","date":"22\/03\/2016","format":false,"excerpt":"La settimana scorsa ho pubblicato qui sul sito le puntate di\u00a0Oggi parliamo di libri dedicate a Corneille e Racine; la vicinanza cronologica di questi due autori con Moli\u00e8re deve avermi confuso, perch\u00e9 non mi sono accorto che facendoli succedere immediatamente al Tartufo\u00a0saltavo due puntate intermedie, quelle nelle quali avevo proseguito\u2026","rel":"","context":"In &quot;Coordinate&quot;","block_context":{"text":"Coordinate","link":"https:\/\/www.robertosedda.it\/?cat=52"},"img":{"alt_text":"","src":"https:\/\/i0.wp.com\/www.robertosedda.it\/wp-content\/uploads\/2016\/03\/Re-Cervo.jpg?fit=720%2C618&ssl=1&resize=350%2C200","width":350,"height":200,"srcset":"https:\/\/i0.wp.com\/www.robertosedda.it\/wp-content\/uploads\/2016\/03\/Re-Cervo.jpg?fit=720%2C618&ssl=1&resize=350%2C200 1x, https:\/\/i0.wp.com\/www.robertosedda.it\/wp-content\/uploads\/2016\/03\/Re-Cervo.jpg?fit=720%2C618&ssl=1&resize=700%2C400 2x"},"classes":[]},{"id":12337,"url":"https:\/\/www.robertosedda.it\/?p=12337","url_meta":{"origin":11945,"position":4},"title":"Cavalleria rusticana alla radio","author":"Rufus","date":"23\/08\/2016","format":false,"excerpt":"Mi sono accorto che non ho ancora pubblicato le ultime puntate di\u00a0Oggi parliamo di libri\u00a0della scorsa stagione. Ecco quindi a voi\u00a0Cavalleria rusticana. Devo dire che sono abbastanza soddisfatto della puntata, che si inserisce discretamente nel filone conclusivo della stagione, dedicato al teatro dell'Ottocento come teatro borghese. Emerge prima di tutto\u2026","rel":"","context":"In &quot;Coordinate&quot;","block_context":{"text":"Coordinate","link":"https:\/\/www.robertosedda.it\/?cat=52"},"img":{"alt_text":"","src":"https:\/\/i0.wp.com\/www.robertosedda.it\/wp-content\/uploads\/2016\/08\/Cavalleria-rusticana.jpg?fit=400%2C302&ssl=1&resize=350%2C200","width":350,"height":200},"classes":[]},{"id":11154,"url":"https:\/\/www.robertosedda.it\/?p=11154","url_meta":{"origin":11945,"position":5},"title":"Le mutande della monaca","author":"Rufus","date":"10\/11\/2015","format":false,"excerpt":"http:\/\/www.radiokalaritana.it\/audio\/LIB-S04E06-Rosvita%20Dgandersheim-20151022.mp3 Il teatro medievale: 1 -\u00a0Rosvita di Gandersheim http:\/\/www.radiokalaritana.it\/audio\/LIB-S04E07-Il_teatro_nella_vita_della_Chiesa-20151029.mp3 Il teatro medievale: 2\u00a0- Le sacre rappresentazioni Riascoltando le due puntate di\u00a0Oggi parliamo di libri dedicate al teatro medievale ho una certa esitazione, che del resto mi ha accompagnato anche quando le ho preparate: il dubbio di essere stato, come dire?\u2026","rel":"","context":"In &quot;Coordinate&quot;","block_context":{"text":"Coordinate","link":"https:\/\/www.robertosedda.it\/?cat=52"},"img":{"alt_text":"","src":"https:\/\/i0.wp.com\/www.robertosedda.it\/wp-content\/uploads\/2015\/11\/Rosvita.jpg?fit=327%2C363&ssl=1&resize=350%2C200","width":350,"height":200},"classes":[]}],"_links":{"self":[{"href":"https:\/\/www.robertosedda.it\/index.php?rest_route=\/wp\/v2\/posts\/11945"}],"collection":[{"href":"https:\/\/www.robertosedda.it\/index.php?rest_route=\/wp\/v2\/posts"}],"about":[{"href":"https:\/\/www.robertosedda.it\/index.php?rest_route=\/wp\/v2\/types\/post"}],"author":[{"embeddable":true,"href":"https:\/\/www.robertosedda.it\/index.php?rest_route=\/wp\/v2\/users\/1"}],"replies":[{"embeddable":true,"href":"https:\/\/www.robertosedda.it\/index.php?rest_route=%2Fwp%2Fv2%2Fcomments&post=11945"}],"version-history":[{"count":2,"href":"https:\/\/www.robertosedda.it\/index.php?rest_route=\/wp\/v2\/posts\/11945\/revisions"}],"predecessor-version":[{"id":20118,"href":"https:\/\/www.robertosedda.it\/index.php?rest_route=\/wp\/v2\/posts\/11945\/revisions\/20118"}],"wp:featuredmedia":[{"embeddable":true,"href":"https:\/\/www.robertosedda.it\/index.php?rest_route=\/wp\/v2\/media\/11947"}],"wp:attachment":[{"href":"https:\/\/www.robertosedda.it\/index.php?rest_route=%2Fwp%2Fv2%2Fmedia&parent=11945"}],"wp:term":[{"taxonomy":"category","embeddable":true,"href":"https:\/\/www.robertosedda.it\/index.php?rest_route=%2Fwp%2Fv2%2Fcategories&post=11945"},{"taxonomy":"post_tag","embeddable":true,"href":"https:\/\/www.robertosedda.it\/index.php?rest_route=%2Fwp%2Fv2%2Ftags&post=11945"}],"curies":[{"name":"wp","href":"https:\/\/api.w.org\/{rel}","templated":true}]}}