{"id":11897,"date":"2016-05-04T17:22:55","date_gmt":"2016-05-04T15:22:55","guid":{"rendered":"http:\/\/www.robertosedda.it\/?p=11897"},"modified":"2023-05-10T11:43:54","modified_gmt":"2023-05-10T09:43:54","slug":"reblog-il-leicester-come-una-fiaba-descritta-da-propp","status":"publish","type":"post","link":"https:\/\/www.robertosedda.it\/?p=11897","title":{"rendered":"REBLOG: Il Leicester come una fiaba descritta da Propp"},"content":{"rendered":"<p><a href=\"http:\/\/www.ultimouomo.com\/lincredibile-assurdo-miracolo-leicester\/\">So che in questo periodo avrete letto e sentito molto sul Leicester, e molto di questo sar\u00e0 patetico, banale o ripetitivo. Su&nbsp;<em>ultimouomo<\/em> invece una bella analisi della vicenda con gli strumenti della narratologia: un articolo davvero magistrale, che consiglio senza riserve.<\/a><\/p>\n","protected":false},"excerpt":{"rendered":"<p>So che in questo periodo avrete letto e sentito molto sul Leicester, e molto di questo sar\u00e0 patetico, banale o<\/p>\n","protected":false},"author":1,"featured_media":19581,"comment_status":"open","ping_status":"open","sticky":false,"template":"","format":"standard","meta":{"_mi_skip_tracking":false,"_monsterinsights_sitenote_active":false,"_monsterinsights_sitenote_note":"","_monsterinsights_sitenote_category":0,"jetpack_post_was_ever_published":false,"_jetpack_newsletter_access":"","jetpack_publicize_message":"","jetpack_is_tweetstorm":false,"jetpack_publicize_feature_enabled":true,"jetpack_social_post_already_shared":true,"jetpack_social_options":{"image_generator_settings":{"template":"highway","enabled":false}}},"categories":[95,16],"tags":[],"jetpack_publicize_connections":[],"jetpack_featured_media_url":"https:\/\/i0.wp.com\/www.robertosedda.it\/wp-content\/uploads\/2016\/05\/Ultimo-uomo.png?fit=225%2C225&ssl=1","jetpack_sharing_enabled":true,"jetpack_shortlink":"https:\/\/wp.me\/p4jV2T-35T","jetpack_likes_enabled":true,"jetpack-related-posts":[{"id":8990,"url":"https:\/\/www.robertosedda.it\/?p=8990","url_meta":{"origin":11897,"position":0},"title":"Back to basics (del perch\u00e9 lo zio Rufus in questo periodo \u00e8 molto contento)","author":"Rufus","date":"03\/12\/2014","format":false,"excerpt":"Non voglio recensire l'incontro che Andrea Salidu ha condotto domenica, per conto dei Fabbricastorie, perch\u00e9 spetta prima di tutto ad Andrea, che sta preparando un articolo apposito per il blog dell'associazione. Voglio per\u00f2 prendere spunto per raccontarvi una piccola riflessione personale. Mi ha molto colpito che Andrea abbia insisitito assai,\u2026","rel":"","context":"In &quot;Coordinate&quot;","block_context":{"text":"Coordinate","link":"https:\/\/www.robertosedda.it\/?cat=52"},"img":{"alt_text":"","src":"https:\/\/i0.wp.com\/www.robertosedda.it\/wp-content\/uploads\/2014\/12\/Dilemmi-diletti-del-gioco.jpg?fit=200%2C277&ssl=1&resize=350%2C200","width":350,"height":200},"classes":[]},{"id":7175,"url":"https:\/\/www.robertosedda.it\/?p=7175","url_meta":{"origin":11897,"position":1},"title":"Se guardi Capitan America e ti viene da dire &#8220;Times are a-changing&#8221;","author":"Rufus","date":"24\/04\/2014","format":"video","excerpt":"Trovo\u00a0un po' strano che da Capitan America, che era uno dei fumetti di supereroi che preferivo di meno, traggano invece quelli che trovo i film pi\u00f9 riusciti. Mi era molto piaciuto il primo e anche questo\u00a0Winter soldier non mi sembra niente male. In realt\u00e0, come avrete letto nel titolo e\u2026","rel":"","context":"In &quot;Coordinate&quot;","block_context":{"text":"Coordinate","link":"https:\/\/www.robertosedda.it\/?cat=52"},"img":{"alt_text":"","src":"https:\/\/i0.wp.com\/www.robertosedda.it\/wp-content\/uploads\/2014\/04\/Winter-soldier.jpg?fit=1200%2C675&ssl=1&resize=350%2C200","width":350,"height":200,"srcset":"https:\/\/i0.wp.com\/www.robertosedda.it\/wp-content\/uploads\/2014\/04\/Winter-soldier.jpg?fit=1200%2C675&ssl=1&resize=350%2C200 1x, https:\/\/i0.wp.com\/www.robertosedda.it\/wp-content\/uploads\/2014\/04\/Winter-soldier.jpg?fit=1200%2C675&ssl=1&resize=700%2C400 2x, https:\/\/i0.wp.com\/www.robertosedda.it\/wp-content\/uploads\/2014\/04\/Winter-soldier.jpg?fit=1200%2C675&ssl=1&resize=1050%2C600 3x"},"classes":[]},{"id":5222,"url":"https:\/\/www.robertosedda.it\/?p=5222","url_meta":{"origin":11897,"position":2},"title":"Le foto di Scirarindi 2013","author":"Rufus","date":"02\/12\/2013","format":"gallery","excerpt":"Ci siamo divertiti parecchio e stancati molto di pi\u00f9. Ci sarebbero un po' di cose da discutere, e che nei corridoi sono state molto discusse (Herbalife al festival della sostenibilit\u00e0?! Davvero?? ma la risposta \u00e8 molto meno socntata di quel che potrebbe sembrare...) ma quello sar\u00e0 il tema di domani\u2026","rel":"","context":"In &quot;Coordinate&quot;","block_context":{"text":"Coordinate","link":"https:\/\/www.robertosedda.it\/?cat=52"},"img":{"alt_text":"","src":"https:\/\/i0.wp.com\/www.robertosedda.it\/wp-content\/uploads\/2013\/12\/2013-12-01-19.36.27-e1638449402367.jpg?fit=900%2C1200&ssl=1&resize=350%2C200","width":350,"height":200,"srcset":"https:\/\/i0.wp.com\/www.robertosedda.it\/wp-content\/uploads\/2013\/12\/2013-12-01-19.36.27-e1638449402367.jpg?fit=900%2C1200&ssl=1&resize=350%2C200 1x, https:\/\/i0.wp.com\/www.robertosedda.it\/wp-content\/uploads\/2013\/12\/2013-12-01-19.36.27-e1638449402367.jpg?fit=900%2C1200&ssl=1&resize=700%2C400 2x"},"classes":[]},{"id":14553,"url":"https:\/\/www.robertosedda.it\/?p=14553","url_meta":{"origin":11897,"position":3},"title":"Non potrei essere pi\u00f9 orgoglioso!","author":"Rufus","date":"12\/01\/2018","format":false,"excerpt":"Mia nipote piccola Marta l'altro giorno ha scritto una letterina al padre che ha avuto molto successo in famiglia (e non solo). Rafforzata dalla approvazione degli adulti deve quindi avere deciso di intraprendere delle fitte corrispondenze familiari: ieri sono tornato a casa e, in una bustina accuratamente piegata ho trovo\u2026","rel":"","context":"In &quot;Coordinate&quot;","block_context":{"text":"Coordinate","link":"https:\/\/www.robertosedda.it\/?cat=52"},"img":{"alt_text":"","src":"https:\/\/i0.wp.com\/www.robertosedda.it\/wp-content\/uploads\/2018\/01\/ALIM4925-e1515775298857.jpg?fit=900%2C1200&ssl=1&resize=350%2C200","width":350,"height":200,"srcset":"https:\/\/i0.wp.com\/www.robertosedda.it\/wp-content\/uploads\/2018\/01\/ALIM4925-e1515775298857.jpg?fit=900%2C1200&ssl=1&resize=350%2C200 1x, https:\/\/i0.wp.com\/www.robertosedda.it\/wp-content\/uploads\/2018\/01\/ALIM4925-e1515775298857.jpg?fit=900%2C1200&ssl=1&resize=700%2C400 2x"},"classes":[]},{"id":3672,"url":"https:\/\/www.robertosedda.it\/?p=3672","url_meta":{"origin":11897,"position":4},"title":"Com&#8217;\u00e8 andata a finire quella storia delle dimissioni?","author":"Rufus","date":"24\/06\/2013","format":false,"excerpt":"Non so se ve ne ricordate. Ieri e avantieri c'\u00e8 stata la riunione del Coordinamento dei soci della Banca Etica del Centro Italia e, dopo una lunghissima discussione, molto intensa, i Coordinatori mi hanno chiesto di ritirare\u00a0 le dimissioni e io ho accettato. Della discussione sono molto contento e, non\u2026","rel":"","context":"In &quot;Banche e finanza&quot;","block_context":{"text":"Banche e finanza","link":"https:\/\/www.robertosedda.it\/?cat=72"},"img":{"alt_text":"","src":"","width":0,"height":0},"classes":[]},{"id":10694,"url":"https:\/\/www.robertosedda.it\/?p=10694","url_meta":{"origin":11897,"position":5},"title":"La musica dei colori","author":"Rufus","date":"24\/08\/2015","format":"video","excerpt":"Segnalo un cortometraggio molto interessante trovato casualmente in rete. Si racconta di una ragazzo, Neil Harbisson, nato con una rara malattia che lo rende cieco ai colori. Neil ha una \"antenna\" collegata a un\u00a0chip installato nel suo cranio che \"traduce\" le varie sfumature di colore in suoni di tonalit\u00e0 diverse.\u2026","rel":"","context":"In &quot;Coordinate&quot;","block_context":{"text":"Coordinate","link":"https:\/\/www.robertosedda.it\/?cat=52"},"img":{"alt_text":"","src":"","width":0,"height":0},"classes":[]}],"_links":{"self":[{"href":"https:\/\/www.robertosedda.it\/index.php?rest_route=\/wp\/v2\/posts\/11897"}],"collection":[{"href":"https:\/\/www.robertosedda.it\/index.php?rest_route=\/wp\/v2\/posts"}],"about":[{"href":"https:\/\/www.robertosedda.it\/index.php?rest_route=\/wp\/v2\/types\/post"}],"author":[{"embeddable":true,"href":"https:\/\/www.robertosedda.it\/index.php?rest_route=\/wp\/v2\/users\/1"}],"replies":[{"embeddable":true,"href":"https:\/\/www.robertosedda.it\/index.php?rest_route=%2Fwp%2Fv2%2Fcomments&post=11897"}],"version-history":[{"count":2,"href":"https:\/\/www.robertosedda.it\/index.php?rest_route=\/wp\/v2\/posts\/11897\/revisions"}],"predecessor-version":[{"id":19582,"href":"https:\/\/www.robertosedda.it\/index.php?rest_route=\/wp\/v2\/posts\/11897\/revisions\/19582"}],"wp:featuredmedia":[{"embeddable":true,"href":"https:\/\/www.robertosedda.it\/index.php?rest_route=\/wp\/v2\/media\/19581"}],"wp:attachment":[{"href":"https:\/\/www.robertosedda.it\/index.php?rest_route=%2Fwp%2Fv2%2Fmedia&parent=11897"}],"wp:term":[{"taxonomy":"category","embeddable":true,"href":"https:\/\/www.robertosedda.it\/index.php?rest_route=%2Fwp%2Fv2%2Fcategories&post=11897"},{"taxonomy":"post_tag","embeddable":true,"href":"https:\/\/www.robertosedda.it\/index.php?rest_route=%2Fwp%2Fv2%2Ftags&post=11897"}],"curies":[{"name":"wp","href":"https:\/\/api.w.org\/{rel}","templated":true}]}}