{"id":11872,"date":"2016-04-26T18:41:52","date_gmt":"2016-04-26T16:41:52","guid":{"rendered":"http:\/\/www.robertosedda.it\/?p=11872"},"modified":"2022-05-03T16:49:32","modified_gmt":"2022-05-03T14:49:32","slug":"dampyr-a-cagliari-la-recensione","status":"publish","type":"post","link":"https:\/\/www.robertosedda.it\/?p=11872","title":{"rendered":"Dampyr a Cagliari: la recensione"},"content":{"rendered":"<h2><em>I misteri di Cagliari<\/em><em>\u00a0<\/em>(<em>Dampyr\u00a0<\/em>193, Boselli e Genzianella)<\/h2>\n<p><img data-attachment-id=\"11873\" data-permalink=\"https:\/\/www.robertosedda.it\/?attachment_id=11873\" data-orig-file=\"https:\/\/i0.wp.com\/www.robertosedda.it\/wp-content\/uploads\/2016\/04\/Dampyr-193-Cagliari.jpg?fit=640%2C840&amp;ssl=1\" data-orig-size=\"640,840\" data-comments-opened=\"1\" data-image-meta=\"{&quot;aperture&quot;:&quot;0&quot;,&quot;credit&quot;:&quot;&quot;,&quot;camera&quot;:&quot;&quot;,&quot;caption&quot;:&quot;&quot;,&quot;created_timestamp&quot;:&quot;0&quot;,&quot;copyright&quot;:&quot;&quot;,&quot;focal_length&quot;:&quot;0&quot;,&quot;iso&quot;:&quot;0&quot;,&quot;shutter_speed&quot;:&quot;0&quot;,&quot;title&quot;:&quot;&quot;,&quot;orientation&quot;:&quot;0&quot;}\" data-image-title=\"Dampyr 193 Cagliari\" data-image-description=\"\" data-image-caption=\"\" data-medium-file=\"https:\/\/i0.wp.com\/www.robertosedda.it\/wp-content\/uploads\/2016\/04\/Dampyr-193-Cagliari.jpg?fit=229%2C300&amp;ssl=1\" data-large-file=\"https:\/\/i0.wp.com\/www.robertosedda.it\/wp-content\/uploads\/2016\/04\/Dampyr-193-Cagliari.jpg?fit=510%2C669&amp;ssl=1\" decoding=\"async\" loading=\"lazy\" class=\"alignright size-medium wp-image-11873\" src=\"https:\/\/i0.wp.com\/www.robertosedda.it\/wp-content\/uploads\/2016\/04\/Dampyr-193-Cagliari.jpg?resize=229%2C300\" alt=\"Dampyr 193 Cagliari\" width=\"229\" height=\"300\" srcset=\"https:\/\/i0.wp.com\/www.robertosedda.it\/wp-content\/uploads\/2016\/04\/Dampyr-193-Cagliari.jpg?resize=229%2C300&amp;ssl=1 229w, https:\/\/i0.wp.com\/www.robertosedda.it\/wp-content\/uploads\/2016\/04\/Dampyr-193-Cagliari.jpg?resize=114%2C150&amp;ssl=1 114w, https:\/\/i0.wp.com\/www.robertosedda.it\/wp-content\/uploads\/2016\/04\/Dampyr-193-Cagliari.jpg?resize=510%2C669&amp;ssl=1 510w, https:\/\/i0.wp.com\/www.robertosedda.it\/wp-content\/uploads\/2016\/04\/Dampyr-193-Cagliari.jpg?w=640&amp;ssl=1 640w\" sizes=\"(max-width: 229px) 100vw, 229px\" data-recalc-dims=\"1\" \/>Non ho avuto occasione avuto ancora occasione di parlare de\u00a0<em>I misteri di Cagliari<\/em>, l&#8217;albo di\u00a0<em>Dampyr\u00a0<\/em>ambientato in Sardegna.<\/p>\n<p>L&#8217;albo esibisce tutte le caratteristiche abituali della collana (meno una, sulla quale torneremo): a fronte di alcuni scenari ricorrenti (Praga, soprattutto, ma anche Londra, la California, la Scozia, il Galles) le avventure di Harlan Draka sono spesso ambientate in localit\u00e0 diverse, alcune esotiche e altre pi\u00f9 vicine a noi &#8211; in Italia abbiamo avuto, che io ricordi, almeno la <em>bassa<\/em> padana, Milano, Palermo, Napoli e <a href=\"http:\/\/www.robertosedda.it\/?p=2168\">l&#8217;Aquila<\/a>. In realt\u00e0 il confine fra le localit\u00e0 che caratterizzano la saga e quelle puramente estemporanee \u00e8 fluido: alcune localit\u00e0 che sembrano inizialmente destinate a essere semplicemente attraversate ritornano poi pi\u00f9 volte fino a diventare ricorrenti.<\/p>\n<p>La probabilit\u00e0 o meno che questo passaggio avvenga dipende da un altro degli elementi tipici di\u00a0<em>Dampyr<\/em>, che \u00e8 la vera e propria folla di\u00a0comprimari messi in scena (che ne fanno una specie di serie corale a bassa intensit\u00e0, nel senso che pur emergendo con chiarezza dallo sfondo raramente riescono ad assurgere al rango di co-protagonisti) e la mastodontica quantit\u00e0 di sottotrame che Boselli tesse, scompone e ricompone: pi\u00f9 questi comprimari e le loro vicende ritornano e crescono, pi\u00f9 le localit\u00e0 a loro connesse diventano ovviamente ricorrenti nella serie.<\/p>\n<p><img data-attachment-id=\"11875\" data-permalink=\"https:\/\/www.robertosedda.it\/?attachment_id=11875\" data-orig-file=\"https:\/\/i0.wp.com\/www.robertosedda.it\/wp-content\/uploads\/2016\/04\/Testata-Dampyr-193-Cagliari.jpg?fit=1175%2C1600&amp;ssl=1\" data-orig-size=\"1175,1600\" data-comments-opened=\"1\" data-image-meta=\"{&quot;aperture&quot;:&quot;0&quot;,&quot;credit&quot;:&quot;&quot;,&quot;camera&quot;:&quot;&quot;,&quot;caption&quot;:&quot;&quot;,&quot;created_timestamp&quot;:&quot;0&quot;,&quot;copyright&quot;:&quot;&quot;,&quot;focal_length&quot;:&quot;0&quot;,&quot;iso&quot;:&quot;0&quot;,&quot;shutter_speed&quot;:&quot;0&quot;,&quot;title&quot;:&quot;&quot;,&quot;orientation&quot;:&quot;0&quot;}\" data-image-title=\"Testata Dampyr 193 Cagliari\" data-image-description=\"\" data-image-caption=\"\" data-medium-file=\"https:\/\/i0.wp.com\/www.robertosedda.it\/wp-content\/uploads\/2016\/04\/Testata-Dampyr-193-Cagliari.jpg?fit=220%2C300&amp;ssl=1\" data-large-file=\"https:\/\/i0.wp.com\/www.robertosedda.it\/wp-content\/uploads\/2016\/04\/Testata-Dampyr-193-Cagliari.jpg?fit=510%2C694&amp;ssl=1\" decoding=\"async\" loading=\"lazy\" class=\"aligncenter size-full wp-image-11875\" src=\"https:\/\/i0.wp.com\/www.robertosedda.it\/wp-content\/uploads\/2016\/04\/Testata-Dampyr-193-Cagliari.jpg?resize=800%2C1089\" alt=\"Testata Dampyr 193 Cagliari\" width=\"800\" height=\"1089\" srcset=\"https:\/\/i0.wp.com\/www.robertosedda.it\/wp-content\/uploads\/2016\/04\/Testata-Dampyr-193-Cagliari.jpg?w=1175&amp;ssl=1 1175w, https:\/\/i0.wp.com\/www.robertosedda.it\/wp-content\/uploads\/2016\/04\/Testata-Dampyr-193-Cagliari.jpg?resize=110%2C150&amp;ssl=1 110w, https:\/\/i0.wp.com\/www.robertosedda.it\/wp-content\/uploads\/2016\/04\/Testata-Dampyr-193-Cagliari.jpg?resize=220%2C300&amp;ssl=1 220w, https:\/\/i0.wp.com\/www.robertosedda.it\/wp-content\/uploads\/2016\/04\/Testata-Dampyr-193-Cagliari.jpg?resize=510%2C694&amp;ssl=1 510w, https:\/\/i0.wp.com\/www.robertosedda.it\/wp-content\/uploads\/2016\/04\/Testata-Dampyr-193-Cagliari.jpg?resize=700%2C953&amp;ssl=1 700w\" sizes=\"(max-width: 800px) 100vw, 800px\" data-recalc-dims=\"1\" \/>Sotto questo punto di vista\u00a0<em>I misteri di Cagliari<\/em> segna il passaggio della Sardegna dalla serie C alla serie B, potremmo dire: con tre storie ormai ambientate nell&#8217;isola (oltre a questa il numero 59 della serie regolare,\u00a0<em>Le terminatrici<\/em>, e il numero speciale del 2008,\u00a0<em>Il viaggio dei folli<\/em>) siamo oltre l&#8217;episodicit\u00e0. Non siamo ancora in serie A, peraltro, per motivi che esploreremo fra un attimo: per il momento fermiamoci ai comprimari che giustificano il viaggio di Harlan Draka in Sardegna.\u00a0<em>I misteri di Cagliari<\/em> recupera e mette assieme i due antropologi del numero 59, Sophie Mutter &#8211; una delle mille squinzie di Harlan o ex squinzie di Harlan &#8211; e Angelo Sanna, e uno dei personaggi secondari de\u00a0<em>Il viaggio dei folli<\/em>, Nicholas, un vampiro-bambino. A loro si uniscono due avversari, il duca Nergal, che \u00e8 uno degli arcinemici pi\u00f9 arcinemici che ci siano nella serie, e la succuba Meridiana, che dovrebbe essere gi\u00e0 comparsa da qualche parte ma non ricordo dove: al contrario dei comprimari, che sono legati a un luogo, in\u00a0<em>Dampyr<\/em> gli antagonisti sono trasversali e vengono fatti comparire e ricomparire ovunque secondo necessit\u00e0.<em><br \/>\n<\/em><\/p>\n<p>Quindi il meccanismo della trama \u00e8 legato al triangolo Harlan &#8211; comprimari &#8211; antagonisti: Harlan e Nergal potrebbero regolare i loro conti, Harlan \u00e8 in relazione con\u00a0i comprimari, i comprimari sono minacciati da Nergal e hanno oltretutto le loro vicende personali e cos\u00ec via. Queste vicende, e il triangolo narrativo, si estendono come spesso nella serie oltre il presente, consentendo di ricostruire leggende o vicende storiche o\u00a0<em>folklore<\/em> locale (in questo caso la presenza e la cacciata della comunit\u00e0 ebraica cagliaritana nel 1492, ma c&#8217;\u00e8 anche una sottotrama che per diverse pagine ci porta nelle Roma dell&#8217;Anno 1000).<\/p>\n<p>Con tutto questo po&#8217; po&#8217; di roba\u00a0<em>I misteri di Cagliari<\/em> \u00e8 piuttosto rappresentativo della serie e si potrebbe quasi consigliare a un lettore che ci si volesse avvicinare per la prima volta. Se si esita a farlo \u00e8 perch\u00e9 l&#8217;albo \u00e8 un po&#8217; irrisolto, e questo ci porta alla serie A e all&#8217;elemento mancante\u00a0fra quelli che caratterizzano la serie.<\/p>\n<p><img data-attachment-id=\"11877\" data-permalink=\"https:\/\/www.robertosedda.it\/?attachment_id=11877\" data-orig-file=\"https:\/\/i0.wp.com\/www.robertosedda.it\/wp-content\/uploads\/2016\/04\/Dampyr-Meridiana.jpg?fit=1190%2C1600&amp;ssl=1\" data-orig-size=\"1190,1600\" data-comments-opened=\"1\" data-image-meta=\"{&quot;aperture&quot;:&quot;0&quot;,&quot;credit&quot;:&quot;&quot;,&quot;camera&quot;:&quot;&quot;,&quot;caption&quot;:&quot;&quot;,&quot;created_timestamp&quot;:&quot;0&quot;,&quot;copyright&quot;:&quot;&quot;,&quot;focal_length&quot;:&quot;0&quot;,&quot;iso&quot;:&quot;0&quot;,&quot;shutter_speed&quot;:&quot;0&quot;,&quot;title&quot;:&quot;&quot;,&quot;orientation&quot;:&quot;0&quot;}\" data-image-title=\"Dampyr Meridiana\" data-image-description=\"\" data-image-caption=\"\" data-medium-file=\"https:\/\/i0.wp.com\/www.robertosedda.it\/wp-content\/uploads\/2016\/04\/Dampyr-Meridiana.jpg?fit=223%2C300&amp;ssl=1\" data-large-file=\"https:\/\/i0.wp.com\/www.robertosedda.it\/wp-content\/uploads\/2016\/04\/Dampyr-Meridiana.jpg?fit=510%2C686&amp;ssl=1\" decoding=\"async\" loading=\"lazy\" class=\"alignleft size-medium wp-image-11877\" src=\"https:\/\/i0.wp.com\/www.robertosedda.it\/wp-content\/uploads\/2016\/04\/Dampyr-Meridiana.jpg?resize=223%2C300\" alt=\"Dampyr Meridiana\" width=\"223\" height=\"300\" srcset=\"https:\/\/i0.wp.com\/www.robertosedda.it\/wp-content\/uploads\/2016\/04\/Dampyr-Meridiana.jpg?resize=223%2C300&amp;ssl=1 223w, https:\/\/i0.wp.com\/www.robertosedda.it\/wp-content\/uploads\/2016\/04\/Dampyr-Meridiana.jpg?resize=112%2C150&amp;ssl=1 112w, https:\/\/i0.wp.com\/www.robertosedda.it\/wp-content\/uploads\/2016\/04\/Dampyr-Meridiana.jpg?resize=510%2C686&amp;ssl=1 510w, https:\/\/i0.wp.com\/www.robertosedda.it\/wp-content\/uploads\/2016\/04\/Dampyr-Meridiana.jpg?resize=700%2C941&amp;ssl=1 700w, https:\/\/i0.wp.com\/www.robertosedda.it\/wp-content\/uploads\/2016\/04\/Dampyr-Meridiana.jpg?w=1190&amp;ssl=1 1190w\" sizes=\"(max-width: 223px) 100vw, 223px\" data-recalc-dims=\"1\" \/>Il problema \u00e8 che i comprimari, per quanto professionalmente gestiti da Boselli, non sono <em>davvero<\/em>\u00a0interessanti: la gestione del passaggio dello scettico professor Sanna da incredulo &#8211; dei vampiri &#8211; a credente \u00e8 elegantemente condotto ma \u00e8 sostanzialmente un di pi\u00f9, e gli aspetti pi\u00f9 interessanti di Nicholas\u00a0&#8211;\u00a0un fanatico religioso medievale trasformato in vampiro-bambino &#8211; sono complessivamente trascurati in favore di una storiella di cappa e spada e amore nella Cagliari del 1492. Con\u00a0Nicholas \u00e8 sostanzialmente irrisolto anche il personaggio centrale della storia, cio\u00e8 Meridiana, che ne dovrebbe rappresentare in un certo senso il contraltare oscuro\u00a0e non riesce a emergere come dovrebbe. Inoltre la tematica della religiosit\u00e0 medievale rimane puramente annunciata senza essere sviluppata e in diversi momenti la storia arranca mentre si spera che si arrivi al dunque.<\/p>\n<p><img data-attachment-id=\"11878\" data-permalink=\"https:\/\/www.robertosedda.it\/?attachment_id=11878\" data-orig-file=\"https:\/\/i0.wp.com\/www.robertosedda.it\/wp-content\/uploads\/2016\/04\/Dampyr-Meridiana-2.jpg?fit=600%2C791&amp;ssl=1\" data-orig-size=\"600,791\" data-comments-opened=\"1\" data-image-meta=\"{&quot;aperture&quot;:&quot;0&quot;,&quot;credit&quot;:&quot;&quot;,&quot;camera&quot;:&quot;&quot;,&quot;caption&quot;:&quot;&quot;,&quot;created_timestamp&quot;:&quot;0&quot;,&quot;copyright&quot;:&quot;&quot;,&quot;focal_length&quot;:&quot;0&quot;,&quot;iso&quot;:&quot;0&quot;,&quot;shutter_speed&quot;:&quot;0&quot;,&quot;title&quot;:&quot;&quot;,&quot;orientation&quot;:&quot;1&quot;}\" data-image-title=\"Dampyr Meridiana 2\" data-image-description=\"\" data-image-caption=\"\" data-medium-file=\"https:\/\/i0.wp.com\/www.robertosedda.it\/wp-content\/uploads\/2016\/04\/Dampyr-Meridiana-2.jpg?fit=228%2C300&amp;ssl=1\" data-large-file=\"https:\/\/i0.wp.com\/www.robertosedda.it\/wp-content\/uploads\/2016\/04\/Dampyr-Meridiana-2.jpg?fit=510%2C672&amp;ssl=1\" decoding=\"async\" loading=\"lazy\" class=\"alignright size-medium wp-image-11878\" src=\"https:\/\/i0.wp.com\/www.robertosedda.it\/wp-content\/uploads\/2016\/04\/Dampyr-Meridiana-2.jpg?resize=228%2C300\" alt=\"Dampyr Meridiana 2\" width=\"228\" height=\"300\" srcset=\"https:\/\/i0.wp.com\/www.robertosedda.it\/wp-content\/uploads\/2016\/04\/Dampyr-Meridiana-2.jpg?resize=228%2C300&amp;ssl=1 228w, https:\/\/i0.wp.com\/www.robertosedda.it\/wp-content\/uploads\/2016\/04\/Dampyr-Meridiana-2.jpg?resize=114%2C150&amp;ssl=1 114w, https:\/\/i0.wp.com\/www.robertosedda.it\/wp-content\/uploads\/2016\/04\/Dampyr-Meridiana-2.jpg?resize=510%2C672&amp;ssl=1 510w, https:\/\/i0.wp.com\/www.robertosedda.it\/wp-content\/uploads\/2016\/04\/Dampyr-Meridiana-2.jpg?w=600&amp;ssl=1 600w\" sizes=\"(max-width: 228px) 100vw, 228px\" data-recalc-dims=\"1\" \/>Arrancando arrancando, insomma, emerge sempre pi\u00f9 la mancanza di quello che nei suoi momenti migliori \u00e8 l&#8217;elemento vincente del tipo di storie di\u00a0<em>Dampyr<\/em> delle quali\u00a0<em>I misteri di Cagliari<\/em> \u00e8 espressione, e cio\u00e8 l&#8217;afflato patetico (l&#8217;altro elemento \u00e8 la dimensione avventurosa, che qui\u00a0non decolla quasi mai).<\/p>\n<p>Le prime bolse pagine di <em>infodumping<\/em> si possono anche perdonare, ma poi man mano si vede che Boselli tenta pi\u00f9 volte di collocare la zampata e che Meridiana \u00e8\u00a0<em>costruita<\/em> per quello scopo, ma il groppo in gola non arriva mai, forse perch\u00e9 troppe pagine sono occupate da salamelecchi fra Harlan, Sophie e Sanna: mi chiedo come avrebbe reso Meridiana dentro una mini serie libera a lei dedicata, per esempio, nella quale non ci fosse Harlan a rubarle le pagine. Oppure non so:\u00a0\u00e8\u00a0una storia nella quale si dovrebbe pensare di pi\u00f9 e forse perfino piangere un pochetto, invece manca il colpo da <em>ko<\/em> e un paio di volte\u00a0cascano pure le braccia, come quando ci viene offerta\u00a0una roba da\u00a0<em>manga<\/em> da ragazze\u00a0sul fatto che chi ama mantiene il cuore puro e resiste di pi\u00f9 al processo di trasformazione vampirica\u00a0&#8211; siamo in un fumetto\u00a0<em>horror<\/em> per adulti, perdiana!<\/p>\n<p>Dove la storia eccelle, in realt\u00e0, \u00e8 nella capacit\u00e0 di costruire un altro tassello della serie: senza voler troppo svelare i particolari al termine ci troviamo con Nicholas destinato a diventare un personaggio presumibilmente ricorrente, siamo in ansia per la sorte di Meridiana e in dubbio sul destino finale di Nergal: non sono propriamente <em>cliffhanger<\/em>, nel senso che si intuisce che le soluzioni ci saranno magari fra molti numeri, ma \u00e8 evidente che \u00e8 stato fatto un gran lavoro nel far procedere in modo fluido la trama principale della serie. Il problema \u00e8 che assistere a questi sviluppi non \u00e8 stato particolarmente\u00a0<em>interessante<\/em>, e quando una serie accumula sviluppi senza appassionare nei passaggi intermedi\u00a0alla fine il lettore si stufa.<img data-attachment-id=\"11879\" data-permalink=\"https:\/\/www.robertosedda.it\/?attachment_id=11879\" data-orig-file=\"https:\/\/i0.wp.com\/www.robertosedda.it\/wp-content\/uploads\/2016\/04\/Dampyr-Bastione.png?fit=494%2C680&amp;ssl=1\" data-orig-size=\"494,680\" data-comments-opened=\"1\" data-image-meta=\"{&quot;aperture&quot;:&quot;0&quot;,&quot;credit&quot;:&quot;&quot;,&quot;camera&quot;:&quot;&quot;,&quot;caption&quot;:&quot;&quot;,&quot;created_timestamp&quot;:&quot;0&quot;,&quot;copyright&quot;:&quot;&quot;,&quot;focal_length&quot;:&quot;0&quot;,&quot;iso&quot;:&quot;0&quot;,&quot;shutter_speed&quot;:&quot;0&quot;,&quot;title&quot;:&quot;&quot;,&quot;orientation&quot;:&quot;0&quot;}\" data-image-title=\"Dampyr Bastione\" data-image-description=\"\" data-image-caption=\"\" data-medium-file=\"https:\/\/i0.wp.com\/www.robertosedda.it\/wp-content\/uploads\/2016\/04\/Dampyr-Bastione.png?fit=218%2C300&amp;ssl=1\" data-large-file=\"https:\/\/i0.wp.com\/www.robertosedda.it\/wp-content\/uploads\/2016\/04\/Dampyr-Bastione.png?fit=494%2C680&amp;ssl=1\" decoding=\"async\" loading=\"lazy\" class=\"aligncenter size-full wp-image-11879\" src=\"https:\/\/i0.wp.com\/www.robertosedda.it\/wp-content\/uploads\/2016\/04\/Dampyr-Bastione.png?resize=494%2C680\" alt=\"Dampyr Bastione\" width=\"494\" height=\"680\" srcset=\"https:\/\/i0.wp.com\/www.robertosedda.it\/wp-content\/uploads\/2016\/04\/Dampyr-Bastione.png?w=494&amp;ssl=1 494w, https:\/\/i0.wp.com\/www.robertosedda.it\/wp-content\/uploads\/2016\/04\/Dampyr-Bastione.png?resize=109%2C150&amp;ssl=1 109w, https:\/\/i0.wp.com\/www.robertosedda.it\/wp-content\/uploads\/2016\/04\/Dampyr-Bastione.png?resize=218%2C300&amp;ssl=1 218w\" sizes=\"(max-width: 494px) 100vw, 494px\" data-recalc-dims=\"1\" \/>E la serie B?<\/p>\n<p>Beh, con tre storie sarde siamo oltre la casualit\u00e0. Con una ex squinzia di Harlan residente l&#8217;aggancio per un ulteriore ritorno in Sardegna ci sarebbe. Ma siccome la storia non decolla mai fino in fondo anche lo scenario cagliaritano ne risulta in fondo depresso: la citt\u00e0 non assurge mai al ruolo di protagonista (Milano c&#8217;era riuscita molto di pi\u00f9), tanto pi\u00f9 che la vicenda degli ebrei che viene narrata \u00e8 tutto sommato marginale &#8211; o ricordata come marginale &#8211; nella storia della citt\u00e0, e quindi l&#8217;impressione \u00e8 che lo scenario cagliaritano\u00a0non abbia ancora la maturit\u00e0 per competere, diciamo, con Praga (direte, <em>bella forza<\/em>. Dipende da come si racconta, o credete che Vigata sia letteraria per meriti propri e non per la penna di Camilleri?).<\/p>\n<p>Devo dire che questa\u00a0sensazione di incompiutezza emerge anche dal racconto che della citt\u00e0 fa Genzianella (i cui disegni in tutto l&#8217;albo sono peraltro bellissimi). La descrizione varia dalla claustrofobicit\u00e0 dei vicoli medievali ai campi lunghi continui della citt\u00e0 contemporanea (il Poetto, il Bastione, l&#8217;Anfiteatro, perfino le cisterne sotto Castello sembrano\u00a0<em>grandi<\/em>). \u00c8 una descrizione della citt\u00e0 che non poteva che colpirmi: io avrei piuttosto pensato a Cagliari come un posto dove squarci di panorama ti colpiscono all&#8217;improvviso, non come un posto dove lo sguardo si estende all&#8217;infinito; ma non \u00e8 &#8211; per quel che ne posso capire &#8211; una descrizione\u00a0<em>memorabile<\/em>.\u00a0Oppure, diciamolo diversamente: Cagliari va disegnata a colori; nel bianco e nero, nel quale peraltro Genzianella \u00e8 bravissimo, la citt\u00e0 si perde. Ma del resto vale per tutto l&#8217;albo: Boselli questa storia doveva scriverla a colori, anzi coi fuochi artificiali\u00a0&#8211;\u00a0nel bianco e nero, per quanto di qualit\u00e0, la storia, come Cagliari, si perde.<\/p>\n","protected":false},"excerpt":{"rendered":"<p>I misteri di Cagliari\u00a0(Dampyr\u00a0193, Boselli e Genzianella) Non ho avuto occasione avuto ancora occasione di parlare de\u00a0I misteri di Cagliari,<\/p>\n","protected":false},"author":1,"featured_media":11873,"comment_status":"open","ping_status":"open","sticky":false,"template":"","format":"standard","meta":{"_mi_skip_tracking":false,"_monsterinsights_sitenote_active":false,"_monsterinsights_sitenote_note":"","_monsterinsights_sitenote_category":0,"jetpack_post_was_ever_published":false,"_jetpack_newsletter_access":"","jetpack_publicize_message":"","jetpack_is_tweetstorm":false,"jetpack_publicize_feature_enabled":true,"jetpack_social_post_already_shared":true,"jetpack_social_options":{"image_generator_settings":{"template":"highway","enabled":false}}},"categories":[52,63,20,56,12],"tags":[],"jetpack_publicize_connections":[],"jetpack_featured_media_url":"https:\/\/i0.wp.com\/www.robertosedda.it\/wp-content\/uploads\/2016\/04\/Dampyr-193-Cagliari.jpg?fit=640%2C840&ssl=1","jetpack_sharing_enabled":true,"jetpack_shortlink":"https:\/\/wp.me\/p4jV2T-35u","jetpack_likes_enabled":true,"jetpack-related-posts":[{"id":2168,"url":"https:\/\/www.robertosedda.it\/?p=2168","url_meta":{"origin":11872,"position":0},"title":"Conversazioni vaganti e vampiri a L&#8217;Aquila","author":"Rufus","date":"05\/02\/2013","format":false,"excerpt":"Dampyr 155, Il sigillo di Lazzaro Storia ambientata a L'Aquila della serie Bonelli sui cacciatori di vampiri (lo so che dire \"cacciatori di vampiri\" \u00e8 semplificare...), Il sigillo di Lazzaro mette un po' di folklore abruzzese al servizio di un albo di passaggio, che prosegue l'introduzione nella trama complessiva di\u2026","rel":"","context":"In &quot;Coordinate&quot;","block_context":{"text":"Coordinate","link":"https:\/\/www.robertosedda.it\/?cat=52"},"img":{"alt_text":"","src":"https:\/\/i0.wp.com\/www.robertosedda.it\/wp-content\/uploads\/2013\/02\/facebook_l_aquila_foto_massimo_alesi.jpg?fit=738%2C462&ssl=1&resize=350%2C200","width":350,"height":200,"srcset":"https:\/\/i0.wp.com\/www.robertosedda.it\/wp-content\/uploads\/2013\/02\/facebook_l_aquila_foto_massimo_alesi.jpg?fit=738%2C462&ssl=1&resize=350%2C200 1x, https:\/\/i0.wp.com\/www.robertosedda.it\/wp-content\/uploads\/2013\/02\/facebook_l_aquila_foto_massimo_alesi.jpg?fit=738%2C462&ssl=1&resize=700%2C400 2x"},"classes":[]},{"id":5629,"url":"https:\/\/www.robertosedda.it\/?p=5629","url_meta":{"origin":11872,"position":1},"title":"Due cortometraggi  ambientati a Cagliari","author":"Rufus","date":"29\/12\/2013","format":"video","excerpt":"Mi\u00a0sono capitati recentemente sotto gli occhi due cortometraggi entrambi ambientati a Cagliari: uno \u00e8 Buio di Jacopo Cullin, cabarettista, attore e regista molto noto al nostro pubblico locale (e anche oltre, ed \u00e8 stato anche il protagonista de L'arbitro di Paolo Zucca), l'altro \u00e8 il norvegese (immagino per la potenza\u2026","rel":"","context":"In &quot;Coordinate&quot;","block_context":{"text":"Coordinate","link":"https:\/\/www.robertosedda.it\/?cat=52"},"img":{"alt_text":"","src":"https:\/\/i0.wp.com\/img.youtube.com\/vi\/neREcQ5RJ1Y\/0.jpg?resize=350%2C200","width":350,"height":200},"classes":[]},{"id":6519,"url":"https:\/\/www.robertosedda.it\/?p=6519","url_meta":{"origin":11872,"position":2},"title":"Bustianu e Marcello Fois","author":"Rufus","date":"20\/02\/2014","format":"video","excerpt":"Ho dedicato una puntata a Bustianu e ai gialli di ambientazione ottocentesca di Marcello Fois, Sempre caro, Sangue dal cielo e L'altro mondo con qualche esitazione e una sicurezza. La sicurezza era che il brano musicale scelto per l'intermezzo era uno dei migliori di tutte le puntate: Fin da quando\u2026","rel":"","context":"In &quot;Coordinate&quot;","block_context":{"text":"Coordinate","link":"https:\/\/www.robertosedda.it\/?cat=52"},"img":{"alt_text":"","src":"https:\/\/i0.wp.com\/img.youtube.com\/vi\/p6OI5M5DYWw\/0.jpg?resize=350%2C200","width":350,"height":200},"classes":[]},{"id":8627,"url":"https:\/\/www.robertosedda.it\/?p=8627","url_meta":{"origin":11872,"position":3},"title":"La recensione che sarebbe stato pi\u00f9 prudente non fare","author":"Rufus","date":"16\/10\/2014","format":false,"excerpt":"Avevo detto che aspettavo con molta curiosit\u00e0\u00a0Adam Wild, il nuovo fumetto\u00a0Bonelli\u00a0sceneggiato da Gianfranco Manfredi. L'ho comprato e letto il giorno stesso che \u00e8 uscito, ma poi un po' di vicende\u00a0varie mi hanno impedito di farne qui una recensione a tamburo battente. Nel frattempo ho avuto occasione di vedere le recensioni\u2026","rel":"","context":"In &quot;Cappe e spade&quot;","block_context":{"text":"Cappe e spade","link":"https:\/\/www.robertosedda.it\/?cat=70"},"img":{"alt_text":"","src":"https:\/\/i0.wp.com\/www.robertosedda.it\/wp-content\/uploads\/2014\/10\/Contro-cover-Adam-Wild.jpg?fit=610%2C400&ssl=1&resize=350%2C200","width":350,"height":200},"classes":[]},{"id":3627,"url":"https:\/\/www.robertosedda.it\/?p=3627","url_meta":{"origin":11872,"position":4},"title":"Da un teaser su Cagliari all&#8217;altro","author":"Rufus","date":"21\/06\/2013","format":"video","excerpt":"Ieri, mentre preparavo la recensione della Cagliari Unofficial Guide, ho trovato un video che voglio farvi vedere. \u00c8 una pubblicit\u00e0 (si scopre a met\u00e0 del video) ma prima di tutto \u00e8 una descrizione di Cagliari a uso turisti, secondo me tra l'altro fatta piuttosto bene, divertente e accattivante. Ma quello\u2026","rel":"","context":"In &quot;Coordinate&quot;","block_context":{"text":"Coordinate","link":"https:\/\/www.robertosedda.it\/?cat=52"},"img":{"alt_text":"","src":"https:\/\/i0.wp.com\/www.robertosedda.it\/wp-content\/uploads\/2013\/06\/Teaser-Cagliari.png?fit=1200%2C673&ssl=1&resize=350%2C200","width":350,"height":200,"srcset":"https:\/\/i0.wp.com\/www.robertosedda.it\/wp-content\/uploads\/2013\/06\/Teaser-Cagliari.png?fit=1200%2C673&ssl=1&resize=350%2C200 1x, https:\/\/i0.wp.com\/www.robertosedda.it\/wp-content\/uploads\/2013\/06\/Teaser-Cagliari.png?fit=1200%2C673&ssl=1&resize=700%2C400 2x, https:\/\/i0.wp.com\/www.robertosedda.it\/wp-content\/uploads\/2013\/06\/Teaser-Cagliari.png?fit=1200%2C673&ssl=1&resize=1050%2C600 3x"},"classes":[]},{"id":10103,"url":"https:\/\/www.robertosedda.it\/?p=10103","url_meta":{"origin":11872,"position":5},"title":"Posti dove vado a mangiare e bere","author":"Rufus","date":"24\/04\/2015","format":false,"excerpt":"Dopo la volta della degustazione dei vini mi \u00e8 capitato di tornare da Cucina.eat per una degustazione di birre della Barley. Stasera ci torno per un'altra degustazione. Siccome sono fermamente intenzionato a non permettere che questo blog diventi un ricettacolo di recensioni e ricette e descrizioni di eventi, ma d'altra\u2026","rel":"","context":"In &quot;Cibo e cucine&quot;","block_context":{"text":"Cibo e cucine","link":"https:\/\/www.robertosedda.it\/?cat=71"},"img":{"alt_text":"","src":"https:\/\/i0.wp.com\/www.robertosedda.it\/wp-content\/uploads\/2013\/08\/ALIM3009.jpg?fit=1200%2C900&ssl=1&resize=350%2C200","width":350,"height":200,"srcset":"https:\/\/i0.wp.com\/www.robertosedda.it\/wp-content\/uploads\/2013\/08\/ALIM3009.jpg?fit=1200%2C900&ssl=1&resize=350%2C200 1x, https:\/\/i0.wp.com\/www.robertosedda.it\/wp-content\/uploads\/2013\/08\/ALIM3009.jpg?fit=1200%2C900&ssl=1&resize=700%2C400 2x, https:\/\/i0.wp.com\/www.robertosedda.it\/wp-content\/uploads\/2013\/08\/ALIM3009.jpg?fit=1200%2C900&ssl=1&resize=1050%2C600 3x"},"classes":[]}],"_links":{"self":[{"href":"https:\/\/www.robertosedda.it\/index.php?rest_route=\/wp\/v2\/posts\/11872"}],"collection":[{"href":"https:\/\/www.robertosedda.it\/index.php?rest_route=\/wp\/v2\/posts"}],"about":[{"href":"https:\/\/www.robertosedda.it\/index.php?rest_route=\/wp\/v2\/types\/post"}],"author":[{"embeddable":true,"href":"https:\/\/www.robertosedda.it\/index.php?rest_route=\/wp\/v2\/users\/1"}],"replies":[{"embeddable":true,"href":"https:\/\/www.robertosedda.it\/index.php?rest_route=%2Fwp%2Fv2%2Fcomments&post=11872"}],"version-history":[{"count":6,"href":"https:\/\/www.robertosedda.it\/index.php?rest_route=\/wp\/v2\/posts\/11872\/revisions"}],"predecessor-version":[{"id":19571,"href":"https:\/\/www.robertosedda.it\/index.php?rest_route=\/wp\/v2\/posts\/11872\/revisions\/19571"}],"wp:featuredmedia":[{"embeddable":true,"href":"https:\/\/www.robertosedda.it\/index.php?rest_route=\/wp\/v2\/media\/11873"}],"wp:attachment":[{"href":"https:\/\/www.robertosedda.it\/index.php?rest_route=%2Fwp%2Fv2%2Fmedia&parent=11872"}],"wp:term":[{"taxonomy":"category","embeddable":true,"href":"https:\/\/www.robertosedda.it\/index.php?rest_route=%2Fwp%2Fv2%2Fcategories&post=11872"},{"taxonomy":"post_tag","embeddable":true,"href":"https:\/\/www.robertosedda.it\/index.php?rest_route=%2Fwp%2Fv2%2Ftags&post=11872"}],"curies":[{"name":"wp","href":"https:\/\/api.w.org\/{rel}","templated":true}]}}