{"id":11858,"date":"2016-04-20T17:03:12","date_gmt":"2016-04-20T15:03:12","guid":{"rendered":"http:\/\/www.robertosedda.it\/?p=11858"},"modified":"2023-05-02T12:23:11","modified_gmt":"2023-05-02T10:23:11","slug":"la-perplessita-del-cuore","status":"publish","type":"post","link":"https:\/\/www.robertosedda.it\/?p=11858","title":{"rendered":"La perplessit\u00e0 del cuore"},"content":{"rendered":"<h4>Varr\u00e0 davvero\u00a0la pena di parlare (e soprattutto di leggere) di Vittorio Alfieri e del\u00a0<em>Saul<\/em>? Un&#8217;opera fuori del nostro tempo, probabilmente, eppure con un taglio inaspettatamente moderno.<img data-attachment-id=\"11861\" data-permalink=\"https:\/\/www.robertosedda.it\/?attachment_id=11861\" data-orig-file=\"https:\/\/i0.wp.com\/www.robertosedda.it\/wp-content\/uploads\/2016\/04\/Vittorio-Alfieri.jpg?fit=1024%2C768&amp;ssl=1\" data-orig-size=\"1024,768\" data-comments-opened=\"1\" data-image-meta=\"{&quot;aperture&quot;:&quot;0&quot;,&quot;credit&quot;:&quot;&quot;,&quot;camera&quot;:&quot;&quot;,&quot;caption&quot;:&quot;&quot;,&quot;created_timestamp&quot;:&quot;0&quot;,&quot;copyright&quot;:&quot;&quot;,&quot;focal_length&quot;:&quot;0&quot;,&quot;iso&quot;:&quot;0&quot;,&quot;shutter_speed&quot;:&quot;0&quot;,&quot;title&quot;:&quot;&quot;,&quot;orientation&quot;:&quot;0&quot;}\" data-image-title=\"Vittorio Alfieri\" data-image-description=\"\" data-image-caption=\"\" data-medium-file=\"https:\/\/i0.wp.com\/www.robertosedda.it\/wp-content\/uploads\/2016\/04\/Vittorio-Alfieri.jpg?fit=300%2C225&amp;ssl=1\" data-large-file=\"https:\/\/i0.wp.com\/www.robertosedda.it\/wp-content\/uploads\/2016\/04\/Vittorio-Alfieri.jpg?fit=510%2C383&amp;ssl=1\" decoding=\"async\" loading=\"lazy\" class=\"aligncenter size-full wp-image-11861\" src=\"https:\/\/i0.wp.com\/www.robertosedda.it\/wp-content\/uploads\/2016\/04\/Vittorio-Alfieri.jpg?resize=800%2C600\" alt=\"Vittorio Alfieri\" width=\"800\" height=\"600\" srcset=\"https:\/\/i0.wp.com\/www.robertosedda.it\/wp-content\/uploads\/2016\/04\/Vittorio-Alfieri.jpg?w=1024&amp;ssl=1 1024w, https:\/\/i0.wp.com\/www.robertosedda.it\/wp-content\/uploads\/2016\/04\/Vittorio-Alfieri.jpg?resize=150%2C113&amp;ssl=1 150w, https:\/\/i0.wp.com\/www.robertosedda.it\/wp-content\/uploads\/2016\/04\/Vittorio-Alfieri.jpg?resize=300%2C225&amp;ssl=1 300w, https:\/\/i0.wp.com\/www.robertosedda.it\/wp-content\/uploads\/2016\/04\/Vittorio-Alfieri.jpg?resize=510%2C383&amp;ssl=1 510w, https:\/\/i0.wp.com\/www.robertosedda.it\/wp-content\/uploads\/2016\/04\/Vittorio-Alfieri.jpg?resize=268%2C200&amp;ssl=1 268w, https:\/\/i0.wp.com\/www.robertosedda.it\/wp-content\/uploads\/2016\/04\/Vittorio-Alfieri.jpg?resize=700%2C525&amp;ssl=1 700w\" sizes=\"(max-width: 800px) 100vw, 800px\" data-recalc-dims=\"1\" \/><\/h4>\n<!--[if lt IE 9]><script>document.createElement('audio');<\/script><![endif]-->\n<audio class=\"wp-audio-shortcode\" id=\"audio-11858-1\" preload=\"none\" style=\"width: 100%;\" controls=\"controls\"><source type=\"audio\/mpeg\" src=\"http:\/\/www.radiokalaritana.it\/audio\/LIB-S04E23-Vittorio_Alfieri_Saul-20160303.mp3?_=1\" \/><a href=\"http:\/\/www.radiokalaritana.it\/audio\/LIB-S04E23-Vittorio_Alfieri_Saul-20160303.mp3\">http:\/\/www.radiokalaritana.it\/audio\/LIB-S04E23-Vittorio_Alfieri_Saul-20160303.mp3<\/a><\/audio>\n<h4><em>Saul<\/em> &#8211; Vittorio Alfieri<\/h4>\n<p>Metto in linea oggi la puntata di\u00a0<em>Oggi parliamo di libri\u00a0<\/em>dedicata al\u00a0<em>Saul<\/em> di Vittorio Alfieri, che\u00a0prosegue il quartetto di trasmissioni dedicate alle tragedie fra il Seicento e il primo Ottocento: Corneille, Racine, Alfieri e, prossimamente, Manzoni.<\/p>\n<p>Mia madre, che come sapete \u00e8 la mia prima ascoltatrice, sostiene che quest&#8217;anno parlo di cose che non legge nessuno. Pu\u00f2 essere vero, anche se in realt\u00e0 in un paese come il nostro nel quale gi\u00e0 si legge poco tanto meno c&#8217;\u00e8 qualcuno che legge teatro: Shakespeare sar\u00e0 certo pi\u00f9 noto ma, complessivamente, quanti lettori in pi\u00f9 avr\u00e0 di Alfieri? Lettori, attenzione, non spettatori.<\/p>\n<p>Ecco.<\/p>\n<p>Naturalmente non \u00e8 questo il problema; quel che ci si deve chiedere \u00e8 se vale la <em>pena<\/em> di leggerlo. Non \u00e8 poco\u00a0lo sforzo richiesto dall&#8217;inoltrarsi negli endecasillabi di Alfieri, che un po&#8217; al lettore ingenuo come me sanno di stanca riproposizione dell&#8217;Ariosto senza l&#8217;energia e la vivacit\u00e0 di quello e senza neppure il sostegno dell&#8217;ottava rima: \u00e8 uno sforzo rilevante che rende spregiudicato il mio suggerimento di adattare l&#8217;opera a una recita oratoriana &#8211; beh, un\u00a0<em>pochino<\/em> spregiudicato, dai.<\/p>\n<p>Uhm, ho dato un&#8217;occhiata su <em>Google<\/em> al tipo di teatro che usa in parrocchia di questi tempi. Ok, il mio \u00e8 un invito <em>molto<\/em> spregiudicato.<\/p>\n<p>A rendere affascinante l&#8217;opera d&#8217;altra parte non aiuta neanche la trama: manca un cattivo vero &#8211; Abner non \u00e8 certo Iago &#8211; e manca un incedere delle vicende che rapisca lo spettatore, Micol e Gionata sono troppo monodimensionali per suscitare la commozione necessaria e tutti i personaggi troppo portati alla declamazione: \u00e8 un <em>closet drama<\/em>, del resto, e questo si sente\u00a0fin troppo.<\/p>\n<p>E allora perch\u00e9 il\u00a0<em>Saul<\/em>?<\/p>\n<p>Per due motivi, che ho trovato nel commento stesso di Alfieri alla sua tragedia e che pertanto vi riporto nelle parole dell&#8217;autore in persona:<\/p>\n<blockquote><p>In questa tragedia l&#8217;autore ha sviluppata, e spinta assai pi\u00f9 oltre che nell&#8217;altre sue, quella perplessit\u00e0 del cuore umano, cos\u00ec magica per l&#8217;effetto; per cui un uomo appassionato di due passioni fra loro contrarie, a vicenda vuole e disvuole una cosa stessa. Questa perplessit\u00e0 \u00e8 uno dei maggiori segreti per generar commozione e sospensione in teatro. L&#8217;autore, forse per la natura sua poco perplessa, non intendeva questa parte nelle prime sue tragedie, e non abbastanza ha saputo valersene nelle seguenti, fino a questa, in cui l&#8217;ha adoprata per quanto era possibile in lui.<\/p><\/blockquote>\n<p>Si sente in Saul\u00a0questa\u00a0<em>perplessit\u00e0<\/em>, che \u00e8 ambiguit\u00e0 e ambivalenza e un&#8217;ampia gamma di sfumature\u00a0psicologiche che rendono il personaggio (e i suoi dialoghi) meritevole di essere letto e riletto &#8211; anche Abner \u00e8\u00a0<em>perplesso<\/em>, d&#8217;altra parte. E Alfieri, con quella sua autoironia<\/p>\n<blockquote><p>L&#8217;autore, forse per la natura sua poco perplessa<\/p><\/blockquote>\n<p>mi \u00e8 subito diventato simpatico.<\/p>\n","protected":false},"excerpt":{"rendered":"<p>Varr\u00e0 davvero\u00a0la pena di parlare (e soprattutto di leggere) di Vittorio Alfieri e del\u00a0Saul? Un&#8217;opera fuori del nostro tempo, probabilmente,<\/p>\n","protected":false},"author":1,"featured_media":11861,"comment_status":"open","ping_status":"open","sticky":false,"template":"","format":"standard","meta":{"_mi_skip_tracking":false,"_monsterinsights_sitenote_active":false,"_monsterinsights_sitenote_note":"","_monsterinsights_sitenote_category":0,"jetpack_post_was_ever_published":false,"_jetpack_newsletter_access":"","jetpack_publicize_message":"","jetpack_is_tweetstorm":false,"jetpack_publicize_feature_enabled":true,"jetpack_social_post_already_shared":true,"jetpack_social_options":{"image_generator_settings":{"template":"highway","enabled":false}}},"categories":[52,56,13,101,12],"tags":[],"jetpack_publicize_connections":[],"jetpack_featured_media_url":"https:\/\/i0.wp.com\/www.robertosedda.it\/wp-content\/uploads\/2016\/04\/Vittorio-Alfieri.jpg?fit=1024%2C768&ssl=1","jetpack_sharing_enabled":true,"jetpack_shortlink":"https:\/\/wp.me\/p4jV2T-35g","jetpack_likes_enabled":true,"jetpack-related-posts":[{"id":1072,"url":"https:\/\/www.robertosedda.it\/?p=1072","url_meta":{"origin":11858,"position":0},"title":"Liste di lettura e canoni letterari","author":"Rufus","date":"25\/10\/2012","format":false,"excerpt":"La discussione dei giorni scorsi su donne e letteratura mi ha fatto sorgere alcune curiosit\u00e0. Non voglio assolutamente riaprirla, ma solo raccontarvi qualcuna delle cose che ho scoperto. Una prima curiosit\u00e0 che mi \u00e8 venuta \u00e8 stato chiedermi che cosa succede all'estero. Non sono stato capace di scovare cosa debba\u2026","rel":"","context":"In &quot;Coordinate&quot;","block_context":{"text":"Coordinate","link":"https:\/\/www.robertosedda.it\/?cat=52"},"img":{"alt_text":"","src":"https:\/\/i0.wp.com\/www.robertosedda.it\/wp-content\/uploads\/2019\/06\/Italian.jpg?fit=938%2C453&ssl=1&resize=350%2C200","width":350,"height":200,"srcset":"https:\/\/i0.wp.com\/www.robertosedda.it\/wp-content\/uploads\/2019\/06\/Italian.jpg?fit=938%2C453&ssl=1&resize=350%2C200 1x, https:\/\/i0.wp.com\/www.robertosedda.it\/wp-content\/uploads\/2019\/06\/Italian.jpg?fit=938%2C453&ssl=1&resize=700%2C400 2x"},"classes":[]},{"id":12661,"url":"https:\/\/www.robertosedda.it\/?p=12661","url_meta":{"origin":11858,"position":1},"title":"Lo spiazzista non abita pi\u00f9 qui (e neanche Bob Dylan sta tanto bene)","author":"Rufus","date":"14\/10\/2016","format":"video","excerpt":"Le\u00a0 meravigliose discussioni sul Nobel a Bob Dylan, col loro meraviglioso ventaglio di opinioni e la loro (non tanto) meravigliosa superficialit\u00e0 mi hanno fatto pensare come l'avanzata galoppante del trasferimento del dibattito pubblico sui social e in generale sulla rete abbia comportato la repentina crisi di una figura che altrettanto\u2026","rel":"","context":"In &quot;Coordinate&quot;","block_context":{"text":"Coordinate","link":"https:\/\/www.robertosedda.it\/?cat=52"},"img":{"alt_text":"","src":"https:\/\/i0.wp.com\/img.youtube.com\/vi\/DHqqlm9yf7M\/0.jpg?resize=350%2C200","width":350,"height":200},"classes":[]},{"id":15965,"url":"https:\/\/www.robertosedda.it\/?p=15965","url_meta":{"origin":11858,"position":2},"title":"Ringhiano come cani","author":"Rufus","date":"11\/12\/2018","format":false,"excerpt":"Quando vado a Roma con Maria Bonaria vado spesso a dormire da Maritti\u00a0al rione Monti, che gi\u00e0 sono bravi di loro e poi trattano i soci di Banca Etica con un occhio di riguardo. Il rione Monti \u00e8 un posto fantastico, pieno di cose, di scoperte e di... trattorie. Non\u2026","rel":"","context":"In &quot;Coordinate&quot;","block_context":{"text":"Coordinate","link":"https:\/\/www.robertosedda.it\/?cat=52"},"img":{"alt_text":"","src":"https:\/\/i0.wp.com\/www.robertosedda.it\/wp-content\/uploads\/2018\/12\/Rabid-dog.png?fit=1200%2C1198&ssl=1&resize=350%2C200","width":350,"height":200,"srcset":"https:\/\/i0.wp.com\/www.robertosedda.it\/wp-content\/uploads\/2018\/12\/Rabid-dog.png?fit=1200%2C1198&ssl=1&resize=350%2C200 1x, https:\/\/i0.wp.com\/www.robertosedda.it\/wp-content\/uploads\/2018\/12\/Rabid-dog.png?fit=1200%2C1198&ssl=1&resize=700%2C400 2x, https:\/\/i0.wp.com\/www.robertosedda.it\/wp-content\/uploads\/2018\/12\/Rabid-dog.png?fit=1200%2C1198&ssl=1&resize=1050%2C600 3x"},"classes":[]},{"id":2512,"url":"https:\/\/www.robertosedda.it\/?p=2512","url_meta":{"origin":11858,"position":3},"title":"La storia infinita a &#8220;Oggi parliamo di libri&#8221;","author":"Rufus","date":"10\/03\/2013","format":"video","excerpt":"Ho pubblicato oggi la puntata di Oggi parliamo di libri dedicata a La storia infinita. Questa era la puntata del 21 febbraio, quindi ho quasi smaltito l'arretrato: presto sar\u00f2 in grado di pubblicare le puntate volta per volta (e voi non sarete pi\u00f9 subissati di post con le registrazioni). Sono\u2026","rel":"","context":"In &quot;Coordinate&quot;","block_context":{"text":"Coordinate","link":"https:\/\/www.robertosedda.it\/?cat=52"},"img":{"alt_text":"","src":"https:\/\/i0.wp.com\/img.youtube.com\/vi\/JBrr-FbFUew\/0.jpg?resize=350%2C200","width":350,"height":200},"classes":[]},{"id":2965,"url":"https:\/\/www.robertosedda.it\/?p=2965","url_meta":{"origin":11858,"position":4},"title":"Kim e il grande gioco a &#8220;Oggi parliamo di libri&#8221;","author":"Rufus","date":"22\/04\/2013","format":"video","excerpt":"Ho appena messo in linea la puntata di Oggi parliamo di libri dedicata a Kim, il capolavoro di Kipling. Ho approfittato della puntata per puntualizzare alcuni temi che mi accompagnano (devo dire: con un senso di sorpresa, perch\u00e9 son cose che ho scoperte rimettendo mano ai libri per preparare le\u2026","rel":"","context":"In &quot;Cappe e spade&quot;","block_context":{"text":"Cappe e spade","link":"https:\/\/www.robertosedda.it\/?cat=70"},"img":{"alt_text":"","src":"https:\/\/i0.wp.com\/www.robertosedda.it\/wp-content\/uploads\/2013\/04\/ilcosaccoGIGANTIAVVEN075-214x300.jpg?resize=350%2C200","width":350,"height":200},"classes":[]},{"id":11027,"url":"https:\/\/www.robertosedda.it\/?p=11027","url_meta":{"origin":11858,"position":5},"title":"Contro le buone pratiche","author":"Rufus","date":"17\/10\/2015","format":false,"excerpt":"Odio dirvelo, ma Babbo Natale non esiste... ... e neanche le buone pratiche. Lo so, lo so, non c'\u00e8 documento\u00a0di progettazione o bando pubblico che non le citi, che non chieda di precisare se il vostro prezioso progetto \u00e8 replicabile, scalabile o pu\u00f2 dare adito alla diffusione (ovviamente in rete!)\u2026","rel":"","context":"In &quot;Coordinate&quot;","block_context":{"text":"Coordinate","link":"https:\/\/www.robertosedda.it\/?cat=52"},"img":{"alt_text":"","src":"https:\/\/i0.wp.com\/www.robertosedda.it\/wp-content\/uploads\/2015\/10\/best-practices-bart-simpson.gif?fit=280%2C242&ssl=1&resize=350%2C200","width":350,"height":200},"classes":[]}],"_links":{"self":[{"href":"https:\/\/www.robertosedda.it\/index.php?rest_route=\/wp\/v2\/posts\/11858"}],"collection":[{"href":"https:\/\/www.robertosedda.it\/index.php?rest_route=\/wp\/v2\/posts"}],"about":[{"href":"https:\/\/www.robertosedda.it\/index.php?rest_route=\/wp\/v2\/types\/post"}],"author":[{"embeddable":true,"href":"https:\/\/www.robertosedda.it\/index.php?rest_route=\/wp\/v2\/users\/1"}],"replies":[{"embeddable":true,"href":"https:\/\/www.robertosedda.it\/index.php?rest_route=%2Fwp%2Fv2%2Fcomments&post=11858"}],"version-history":[{"count":7,"href":"https:\/\/www.robertosedda.it\/index.php?rest_route=\/wp\/v2\/posts\/11858\/revisions"}],"predecessor-version":[{"id":20073,"href":"https:\/\/www.robertosedda.it\/index.php?rest_route=\/wp\/v2\/posts\/11858\/revisions\/20073"}],"wp:featuredmedia":[{"embeddable":true,"href":"https:\/\/www.robertosedda.it\/index.php?rest_route=\/wp\/v2\/media\/11861"}],"wp:attachment":[{"href":"https:\/\/www.robertosedda.it\/index.php?rest_route=%2Fwp%2Fv2%2Fmedia&parent=11858"}],"wp:term":[{"taxonomy":"category","embeddable":true,"href":"https:\/\/www.robertosedda.it\/index.php?rest_route=%2Fwp%2Fv2%2Fcategories&post=11858"},{"taxonomy":"post_tag","embeddable":true,"href":"https:\/\/www.robertosedda.it\/index.php?rest_route=%2Fwp%2Fv2%2Ftags&post=11858"}],"curies":[{"name":"wp","href":"https:\/\/api.w.org\/{rel}","templated":true}]}}