{"id":1185,"date":"2012-10-30T11:00:12","date_gmt":"2012-10-30T10:00:12","guid":{"rendered":"http:\/\/www.robertosedda.it\/?p=1185"},"modified":"2020-09-09T17:46:53","modified_gmt":"2020-09-09T15:46:53","slug":"fare-i-sardi-e-bella-mariposas","status":"publish","type":"post","link":"https:\/\/www.robertosedda.it\/?p=1185","title":{"rendered":"Fare i sardi (e Bellas mariposas)"},"content":{"rendered":"<p>Era il 2007, credo. Una ventina di responsabili di cooperative sociali, associazioni e volontari di Banca Etica, provenienti da quasi tutta la Sardegna,\u00a0erano riuniti per un seminario di studio. Diversi di loro si alternavano a presentare progetti che le loro organizzazioni avevano intenzione di intraprendere nel futuro, per avere una consulenza (o almeno un parere) dagli altri partecipanti.<\/p>\n<p>Prese la parola un ragazzo proveniente da un piccolo comune del Sulcis. Spieg\u00f2 che la sua associazione aveva avuto in concessione un terreno comunale, ricco di ulivi secolari, su cui pensava di aprire un punto di ristoro e un ristorante, una piccola base per escursioni guidate, cose cos\u00ec.<\/p>\n<p>Un tizio che veniva da Sassari disse subito: \u00abNon si pu\u00f2 fare!\u00bb.<\/p>\n<p>Lo guardammo. Sentendosi in dovere di dare una spiegazione, aggiunse: \u00abPerch\u00e9 il pastore che pascola le sue pecore l\u00e0 attorno usa quel terreno come pascolo abusivo\u00bb. Il ragazzo del Sulcis assent\u00ec. \u00abSe gli togliete spazio vi mette fuoco, e addio\u00bb.<\/p>\n<p><em>Per\u00f2!<\/em>, pensai. <em>Non male per uno che abita a duecento chilometri di distanza esa i perch\u00e9 e i percome dell&#8217;allevamento brado di un comune a caso<\/em>. Il meglio, per\u00f2, doveva ancora venire.<\/p>\n<p>Un tizio di Samugheo si schiar\u00ec la voce: \u00abMa \u00e8 quel terreno sopra la cantoniera?\u00bb.<\/p>\n<p>\u00abNo-ooo\u00bb, disse uno di Cagliari. \u00abTu stai pensando a quell&#8217;uliveto a Santu Giacu. Questo \u00e8 sopra il santuario, ma il santuario \u00e8 quello di Sant&#8217;Isidoro\u00bb.<\/p>\n<p>\u00abEhia, alla cantoniera giro a destra&#8230;\u00bb.<\/p>\n<p>\u00abSi\u00bb, disse una signora di Nuoro, \u00abgiri a destra, ma poi non sali dietro Santu Giacu, vai gi\u00f9 nella valle e risali l\u00e0 dove c&#8217;era il terreno del vecchio dottor Floris\u00bb.<\/p>\n<p>\u00abMa il dottor Floris il farmacista? Quello che il figlio lavora a Is Mirrionis?\u00bb.<\/p>\n<p>E un altro: \u00abNo, il figlio di dottor Floris il farmacista lavora al Brotzu, adesso.\u00a0Si \u00e8 trasferito due anni fa. Comunque l\u00ec avevano terreni i Floris che adesso abitano a Selargius, non i parenti del farmacista\u00bb.<\/p>\n<p>\u00abPerch\u00e9 su quella\u00a0cantoniera c&#8217;\u00e8 un bando della Regione per fondi per attivit\u00e0 turistiche&#8230;\u00bb.<\/p>\n<p>\u00abEhia, ma fidati\u00bb, disse un\u00a0agronomo barbaricino. \u00abIl bando per la cantoniera \u00e8 un&#8217;altra cosa. Quel terreno \u00e8 pi\u00f9 oltre\u00bb.<\/p>\n<p>\u00abComunque quel pastore l\u00ec \u00e8 un tipo molto pericoloso\u00bb, disse una ragazza di Seneghe. \u00abSe non sbaglio non l&#8217;avevano inquisito anche per un sequestro?\u00bb.<\/p>\n<p>\u00abNo, il pastore del sequestro \u00e8 quello che\u00a0pascola dall&#8217;altra parte del paese\u00bb, rispose automaticamente il ragazzo del Sulcis. \u00abAnche l\u00ec c&#8217;\u00e8 un terreno con ulivi secolari\u00bb.<\/p>\n<p>\u00abPer\u00f2, pi\u00f9 che ulivi, querce\u00bb. precis\u00f2 il signore di Sassari.<\/p>\n<p>\u00abPerch\u00e9 l\u00ec il terreno \u00e8 diverso, \u00e8 esposto a nord\u00bb, si inser\u00ec un educatore penitenziario di Arborea.<\/p>\n<p>\u00abE comunque l\u00ec il terreno non \u00e8 comunale\u00bb, aggiunse il signore di Nuoro. \u00abL\u00ec avevano terreni i Matta, i Sanna, i Monni&#8230;\u00bb.<\/p>\n<p>\u00abA dire la vera verit\u00e0, i Monni i terreni ce l&#8217;avevano pi\u00f9 verso il fondo valle. Vicino ai Matta c&#8217;erano i Meloni\u00bb.<\/p>\n<p>\u00abPer\u00f2 poi il comune ha espropriato per fare la strada, e i Meloni sono andati via\u00bb.<\/p>\n<p>\u00abEh, lo so. Uno dei Meloni \u00e8 mio cognato&#8230;\u00bb.<\/p>\n<p>\u00abChi, Mario?\u00bb.<\/p>\n<p>\u00abNo, <em>Marieddu<\/em> Meloni \u00e8 il cugino di mio cognato. Cugino secondo. Io sono imparentato con&#8230;\u00bb.<\/p>\n<p>Sarebbero potuti andare avanti ancora a lungo, venti sardi provenienti da tutte\u00a0le parti dell&#8217;isola in grado di discutere con cognizione di causa ogni particolare riguardante un terreno agricolo di un comune minuscolo di un angolo sperduto della Sardegna.<\/p>\n<p>Per\u00f2 si faceva tardi e il conduttore del seminario (un cagliaritano grassoccio con la barba), tronc\u00f2 la discussione: \u00abAhi\u00f2, ragazzi, non fate i sardi&#8230;\u00bb. Tutti ammutolirono.<\/p>\n<p>Perch\u00e9 noi sardi siamo cos\u00ec: siamo molto competenti sulle cose che riguardano la nostra isola, amiamo dissezionarle all&#8217;infinito, e quando i particolari non ci tornano piantiamo delle rogne da non dire, magari (anzi sicuramente) perdendo di vista l&#8217;argomento principale. Se poi l&#8217;argomento \u00e8 la lingua, non se ne esce pi\u00f9.<\/p>\n<p><a href=\"http:\/\/www.robertosedda.it\/?p=1172\"><em>Bellas mariposas<\/em> mi \u00e8 piaciuto<\/a>, ma non \u00e8 questo il punto. A proposito delle <a href=\"http:\/\/vitobiolchini.wordpress.com\/2012\/10\/28\/bellas-mariposas-che-non-spiccano-il-volo-perche-mereu-doveva-puntare-tutto-sulla-lingua-non-sulla-storia-tratta-dal-racconto-di-atzeni\/\">polemiche sulla lingua usata nel <em>film<\/em> (e commenti annessi e connessi)<\/a> mi viene solo da dire: \u00abAhi\u00f2, ragazzi, non fate i sardi&#8230;\u00bb.<\/p>\n","protected":false},"excerpt":{"rendered":"<p>Era il 2007, credo. Una ventina di responsabili di cooperative sociali, associazioni e volontari di Banca Etica, provenienti da quasi<\/p>\n","protected":false},"author":1,"featured_media":0,"comment_status":"open","ping_status":"open","sticky":false,"template":"","format":"standard","meta":{"_mi_skip_tracking":false,"_monsterinsights_sitenote_active":false,"_monsterinsights_sitenote_note":"","_monsterinsights_sitenote_category":0,"jetpack_post_was_ever_published":false,"_jetpack_newsletter_access":"","jetpack_publicize_message":"","jetpack_is_tweetstorm":false,"jetpack_publicize_feature_enabled":true,"jetpack_social_post_already_shared":false,"jetpack_social_options":{"image_generator_settings":{"template":"highway","enabled":false}}},"categories":[52,56,17,82,16],"tags":[],"jetpack_publicize_connections":[],"jetpack_featured_media_url":"","jetpack_sharing_enabled":true,"jetpack_shortlink":"https:\/\/wp.me\/p4jV2T-j7","jetpack_likes_enabled":true,"jetpack-related-posts":[{"id":11737,"url":"https:\/\/www.robertosedda.it\/?p=11737","url_meta":{"origin":1185,"position":0},"title":"Il mio favoloso viaggio di nozze e uno degli uomini pi\u00f9 influenti del mondo","author":"Rufus","date":"31\/03\/2016","format":false,"excerpt":"Leggere che Domenico Mimmo\u00a0Lucano \u00e8 stato inserito nella lista che Fortune compila per elencare le sue cinquanta personalit\u00e0 dell'anno (letteralmente sono i\u00a0World's 50 Greatest Leaders,\u00a0i cinquanta\u00a0maggiori leader del mondo) mi ha fatto ripensare al mio matrimonio. Ho conosciuto Mimmo a Riace, il paese di cui oggi \u00e8 sindaco. Era il\u2026","rel":"","context":"In &quot;Coordinate&quot;","block_context":{"text":"Coordinate","link":"https:\/\/www.robertosedda.it\/?cat=52"},"img":{"alt_text":"","src":"https:\/\/i0.wp.com\/www.robertosedda.it\/wp-content\/uploads\/2016\/03\/Mimmo-Lucano.jpg?fit=635%2C324&ssl=1&resize=350%2C200","width":350,"height":200},"classes":[]},{"id":9296,"url":"https:\/\/www.robertosedda.it\/?p=9296","url_meta":{"origin":1185,"position":1},"title":"Ehi, non vi ho mai parlato della seconda serata del Festival delle Terre?!","author":"Rufus","date":"30\/12\/2014","format":"video","excerpt":"In un articolo ormai vecchio mi vantavo di aver fatto una recensione quasi in diretta della prima serata dell'edizione di Cagliari del\u00a0Festival delle Terre 2014. Per compensare solo oggi mi accorgo che non ho mai parlato della\u00a0seconda serata, che pure aveva parecchi elementi di interesse. Il seminario funziona sempre Il\u2026","rel":"","context":"In &quot;Coordinate&quot;","block_context":{"text":"Coordinate","link":"https:\/\/www.robertosedda.it\/?cat=52"},"img":{"alt_text":"","src":"https:\/\/i0.wp.com\/img.youtube.com\/vi\/plUX9Ut8Ljw\/0.jpg?resize=350%2C200","width":350,"height":200},"classes":[]},{"id":10138,"url":"https:\/\/www.robertosedda.it\/?p=10138","url_meta":{"origin":1185,"position":2},"title":"#ioleggoperch\u00e9 e la caccia al tesoro","author":"Rufus","date":"28\/04\/2015","format":false,"excerpt":"Come altri sono diventato un \"messaggero\" di #ioleggoperch\u00e9, l'iniziativa di promozione della lettura indetta dall'Associazione Italiana Editori. Ciascun messaggero ha ricevuto uno stock di libri da distribuire gratuitamente, per promuovere la lettura. L'iniziativa comprendeva anche altre attivit\u00e0, come potete vedere dal sito, ma questo era il cuore di tutto. Ho\u2026","rel":"","context":"In &quot;Coordinate&quot;","block_context":{"text":"Coordinate","link":"https:\/\/www.robertosedda.it\/?cat=52"},"img":{"alt_text":"","src":"https:\/\/i0.wp.com\/www.robertosedda.it\/wp-content\/uploads\/2015\/04\/Logo-ioleggoperch\u00e9.jpg?fit=1000%2C550&ssl=1&resize=350%2C200","width":350,"height":200,"srcset":"https:\/\/i0.wp.com\/www.robertosedda.it\/wp-content\/uploads\/2015\/04\/Logo-ioleggoperch\u00e9.jpg?fit=1000%2C550&ssl=1&resize=350%2C200 1x, https:\/\/i0.wp.com\/www.robertosedda.it\/wp-content\/uploads\/2015\/04\/Logo-ioleggoperch\u00e9.jpg?fit=1000%2C550&ssl=1&resize=700%2C400 2x"},"classes":[]},{"id":13184,"url":"https:\/\/www.robertosedda.it\/?p=13184","url_meta":{"origin":1185,"position":3},"title":"Come fu che imparai ad amare lo gnocco fritto e a essere felice","author":"Rufus","date":"31\/01\/2017","format":false,"excerpt":"Oggi a pranzo si mangia lo gnocco fritto, una delizia che vedete qui sopra riportata in un'immagine proveniente dal sito del Comune di Modena. Sono da sempre un fan dello gnocco fritto (anche della tigella, ma dello gnocco fritto di pi\u00f9). Non c'\u00e8 da stupirsi: \u00e8 una cosa grassa e\u2026","rel":"","context":"In &quot;Coordinate&quot;","block_context":{"text":"Coordinate","link":"https:\/\/www.robertosedda.it\/?cat=52"},"img":{"alt_text":"","src":"https:\/\/i0.wp.com\/www.robertosedda.it\/wp-content\/uploads\/2017\/01\/gnoccofritto.jpg?fit=900%2C455&ssl=1&resize=350%2C200","width":350,"height":200,"srcset":"https:\/\/i0.wp.com\/www.robertosedda.it\/wp-content\/uploads\/2017\/01\/gnoccofritto.jpg?fit=900%2C455&ssl=1&resize=350%2C200 1x, https:\/\/i0.wp.com\/www.robertosedda.it\/wp-content\/uploads\/2017\/01\/gnoccofritto.jpg?fit=900%2C455&ssl=1&resize=700%2C400 2x"},"classes":[]},{"id":8944,"url":"https:\/\/www.robertosedda.it\/?p=8944","url_meta":{"origin":1185,"position":4},"title":"Interrogativi sul crowdfunding di L\u00ecberos","author":"Rufus","date":"26\/11\/2014","format":false,"excerpt":"Come molti altri iscritti al social network di L\u00ecberos ho ricevuto nei giorni scorsi l'invito a contribuire alla nuova stagione di finanziamento del circuito\u00a0mediante il crowdfunding sulla nuova piattaforma SmartHub.\u00a0 Ci sono un paio di cose, nella mail di invito e nel video di lancio dell'iniziativa, che a pelle mi\u2026","rel":"","context":"In &quot;Coordinate&quot;","block_context":{"text":"Coordinate","link":"https:\/\/www.robertosedda.it\/?cat=52"},"img":{"alt_text":"","src":"https:\/\/i0.wp.com\/www.robertosedda.it\/wp-content\/uploads\/2014\/11\/SmartHub-liberos.jpg?fit=1200%2C629&ssl=1&resize=350%2C200","width":350,"height":200,"srcset":"https:\/\/i0.wp.com\/www.robertosedda.it\/wp-content\/uploads\/2014\/11\/SmartHub-liberos.jpg?fit=1200%2C629&ssl=1&resize=350%2C200 1x, https:\/\/i0.wp.com\/www.robertosedda.it\/wp-content\/uploads\/2014\/11\/SmartHub-liberos.jpg?fit=1200%2C629&ssl=1&resize=700%2C400 2x, https:\/\/i0.wp.com\/www.robertosedda.it\/wp-content\/uploads\/2014\/11\/SmartHub-liberos.jpg?fit=1200%2C629&ssl=1&resize=1050%2C600 3x"},"classes":[]},{"id":17549,"url":"https:\/\/www.robertosedda.it\/?p=17549","url_meta":{"origin":1185,"position":5},"title":"Non avendo ancora parlato&#8230;","author":"Rufus","date":"21\/11\/2019","format":false,"excerpt":"... del ritorno di PlayRooms, lo faccio ora. Come forse ricorderete la prima incarnazione di PlayRooms \u00e8 stata alla Manifattura, un po' pi\u00f9 di un anno fa. Volevamo investigare i giochi immersivi, che fossero videogiochi, giochi di ruolo, giochi teatrali, LARP o giochi di comitato. E volevamo farlo giocando (il\u2026","rel":"","context":"In &quot;Coordinate&quot;","block_context":{"text":"Coordinate","link":"https:\/\/www.robertosedda.it\/?cat=52"},"img":{"alt_text":"","src":"https:\/\/i0.wp.com\/www.robertosedda.it\/wp-content\/uploads\/2019\/11\/PlayRoom.jpg?fit=1200%2C900&ssl=1&resize=350%2C200","width":350,"height":200,"srcset":"https:\/\/i0.wp.com\/www.robertosedda.it\/wp-content\/uploads\/2019\/11\/PlayRoom.jpg?fit=1200%2C900&ssl=1&resize=350%2C200 1x, https:\/\/i0.wp.com\/www.robertosedda.it\/wp-content\/uploads\/2019\/11\/PlayRoom.jpg?fit=1200%2C900&ssl=1&resize=700%2C400 2x, https:\/\/i0.wp.com\/www.robertosedda.it\/wp-content\/uploads\/2019\/11\/PlayRoom.jpg?fit=1200%2C900&ssl=1&resize=1050%2C600 3x"},"classes":[]}],"_links":{"self":[{"href":"https:\/\/www.robertosedda.it\/index.php?rest_route=\/wp\/v2\/posts\/1185"}],"collection":[{"href":"https:\/\/www.robertosedda.it\/index.php?rest_route=\/wp\/v2\/posts"}],"about":[{"href":"https:\/\/www.robertosedda.it\/index.php?rest_route=\/wp\/v2\/types\/post"}],"author":[{"embeddable":true,"href":"https:\/\/www.robertosedda.it\/index.php?rest_route=\/wp\/v2\/users\/1"}],"replies":[{"embeddable":true,"href":"https:\/\/www.robertosedda.it\/index.php?rest_route=%2Fwp%2Fv2%2Fcomments&post=1185"}],"version-history":[{"count":10,"href":"https:\/\/www.robertosedda.it\/index.php?rest_route=\/wp\/v2\/posts\/1185\/revisions"}],"predecessor-version":[{"id":18304,"href":"https:\/\/www.robertosedda.it\/index.php?rest_route=\/wp\/v2\/posts\/1185\/revisions\/18304"}],"wp:attachment":[{"href":"https:\/\/www.robertosedda.it\/index.php?rest_route=%2Fwp%2Fv2%2Fmedia&parent=1185"}],"wp:term":[{"taxonomy":"category","embeddable":true,"href":"https:\/\/www.robertosedda.it\/index.php?rest_route=%2Fwp%2Fv2%2Fcategories&post=1185"},{"taxonomy":"post_tag","embeddable":true,"href":"https:\/\/www.robertosedda.it\/index.php?rest_route=%2Fwp%2Fv2%2Ftags&post=1185"}],"curies":[{"name":"wp","href":"https:\/\/api.w.org\/{rel}","templated":true}]}}