{"id":11676,"date":"2016-03-14T12:13:09","date_gmt":"2016-03-14T11:13:09","guid":{"rendered":"http:\/\/www.robertosedda.it\/?p=11676"},"modified":"2022-03-15T09:57:28","modified_gmt":"2022-03-15T08:57:28","slug":"sono-un-fungo-velenoso","status":"publish","type":"post","link":"https:\/\/www.robertosedda.it\/?p=11676","title":{"rendered":"Sono un fungo&#8230; velenoso!"},"content":{"rendered":"<p>Qualche giorno fa ho insegnato alle nipoti un vecchio&nbsp;<em>ban<\/em> (cio\u00e8 una canzone-gioco) che si chiama&nbsp;<em>Jack&nbsp;sta&nbsp;in cucina con Tina<\/em>.<\/p>\n<p>Potete farvene un&#8217;idea qui sotto:<\/p>\n<div class=\"jetpack-video-wrapper\"><span class=\"embed-youtube\" style=\"text-align:center; display: block;\"><iframe loading=\"lazy\" class=\"youtube-player\" width=\"800\" height=\"450\" src=\"https:\/\/www.youtube.com\/embed\/oxe_zMlBK8c?version=3&#038;rel=1&#038;showsearch=0&#038;showinfo=1&#038;iv_load_policy=1&#038;fs=1&#038;hl=it-IT&#038;autohide=2&#038;wmode=transparent\" allowfullscreen=\"true\" style=\"border:0;\" sandbox=\"allow-scripts allow-same-origin allow-popups allow-presentation\"><\/iframe><\/span><\/div>\n<p>Alle nipoti \u00e8 piaciuto moltissimo e adesso lo vogliono rifare tutte le volte che ci sono gli zii ospiti a cena. Di queste&nbsp;<em>performance<\/em> esiste temo, una documentazione video in mano a mio cognato Alberto, che spero vivamente non sia mai, mai e poi mai&nbsp;divulgata.<\/p>\n<p>Comunque alle nipoti&nbsp;<em>Jack sta in cucina con Tina<\/em> \u00e8 piaciuto moltissimo e l&#8217;altro giorno Marta ha chiesto alla zia di trovarlo su&nbsp;<em>Youtube<\/em> (dopo&nbsp;<em>La pappa col pomodoro<\/em> e&nbsp;<em>Gian Burrasca se ne va<\/em>, che sono&nbsp;<em>hit<\/em> assolute).<\/p>\n<p>Cercando questi video \u00e8 venuto fuori<\/p>\n<blockquote><p>Sono un fungo<br \/>\nvelenoso<br \/>\nsono vele<br \/>\nsono oso<\/p><\/blockquote>\n<div class=\"jetpack-video-wrapper\"><span class=\"embed-youtube\" style=\"text-align:center; display: block;\"><iframe loading=\"lazy\" class=\"youtube-player\" width=\"800\" height=\"450\" src=\"https:\/\/www.youtube.com\/embed\/L-oAhzTcvGY?version=3&#038;rel=1&#038;showsearch=0&#038;showinfo=1&#038;iv_load_policy=1&#038;fs=1&#038;hl=it-IT&#038;autohide=2&#038;wmode=transparent\" allowfullscreen=\"true\" style=\"border:0;\" sandbox=\"allow-scripts allow-same-origin allow-popups allow-presentation\"><\/iframe><\/span><\/div>\n<p>che Maria Bonaria mi ha insegnato ieri in macchina mentre da&nbsp;<em>Primavera in giardino<\/em> di Milis andavamo verso&nbsp;<em>Domus de lolla<\/em> a Samassi.<\/p>\n<p>\u00c8 fantastica. Ipnotica.<\/p>\n<p>Peggio dell&#8217;eroina.<\/p>\n<p>Se la cantate una volta poi non potrete pi\u00f9 smettere.<\/p>\n<p>Stamattina ero sotto la doccia e ho pensato fra me e me: \u00ab<em>Sono un fungo<\/em>&#8230;\u00bb. Dal corridoio ho sentito Maria Bonaria che mentre si infilava le scarpe gridava: \u00abSono un fungo &#8211; uacciuari &#8211; velenoso &#8211; uacciuari&#8230;\u00bb.<\/p>\n<p>P.S. Con l&#8217;occasione ho scoperto l&#8217;ennesimo&nbsp;nuovo mondo su&nbsp;<em>YouTube<\/em>.Per quelli di voi che hanno figli o che fanno gli animatori e gli educatori segnalo&nbsp;anche&nbsp;<em>Le canzoncine di Greta<\/em>.<\/p>\n<div class=\"jetpack-video-wrapper\"><span class=\"embed-youtube\" style=\"text-align:center; display: block;\"><iframe loading=\"lazy\" class=\"youtube-player\" width=\"800\" height=\"450\" src=\"https:\/\/www.youtube.com\/embed\/ypLYE80w0A4?version=3&#038;rel=1&#038;showsearch=0&#038;showinfo=1&#038;iv_load_policy=1&#038;fs=1&#038;hl=it-IT&#038;autohide=2&#038;wmode=transparent\" allowfullscreen=\"true\" style=\"border:0;\" sandbox=\"allow-scripts allow-same-origin allow-popups allow-presentation\"><\/iframe><\/span><\/div>\n","protected":false},"excerpt":{"rendered":"<p>Qualche giorno fa ho insegnato alle nipoti un vecchio&nbsp;ban (cio\u00e8 una canzone-gioco) che si chiama&nbsp;Jack&nbsp;sta&nbsp;in cucina con Tina. Potete farvene<\/p>\n","protected":false},"author":1,"featured_media":19271,"comment_status":"open","ping_status":"open","sticky":false,"template":"","format":"video","meta":{"_mi_skip_tracking":false,"_monsterinsights_sitenote_active":false,"_monsterinsights_sitenote_note":"","_monsterinsights_sitenote_category":0,"jetpack_post_was_ever_published":false,"_jetpack_newsletter_access":"","jetpack_publicize_message":"","jetpack_is_tweetstorm":false,"jetpack_publicize_feature_enabled":true,"jetpack_social_post_already_shared":true,"jetpack_social_options":{"image_generator_settings":{"template":"highway","enabled":false}}},"categories":[52,86,53],"tags":[],"jetpack_publicize_connections":[],"jetpack_featured_media_url":"https:\/\/i0.wp.com\/www.robertosedda.it\/wp-content\/uploads\/2016\/03\/Fungo-velenoso.jpg?fit=955%2C556&ssl=1","jetpack_sharing_enabled":true,"jetpack_shortlink":"https:\/\/wp.me\/p4jV2T-32k","jetpack_likes_enabled":true,"jetpack-related-posts":[{"id":13470,"url":"https:\/\/www.robertosedda.it\/?p=13470","url_meta":{"origin":11676,"position":0},"title":"Con la sola forza della voce e la pioggia nel pineto","author":"Rufus","date":"27\/03\/2017","format":"video","excerpt":"L'altro giorno in macchina io, Maria Bonaria e Gaetano - andavamo a mangiare panzerotti pugliesi a San Sperate, non eravamo in missione per conto di Banca Etica - ascoltavamo con vero piacere Africa dei Toto. Frugando su YouTube Maria Bonaria trovato una interpretazione che ci \u00e8 piaciuta molto del coro\u2026","rel":"","context":"In &quot;Coordinate&quot;","block_context":{"text":"Coordinate","link":"https:\/\/www.robertosedda.it\/?cat=52"},"img":{"alt_text":"","src":"https:\/\/i0.wp.com\/www.robertosedda.it\/wp-content\/uploads\/2017\/03\/Perpetuum-Jazzile.jpg?fit=1200%2C800&ssl=1&resize=350%2C200","width":350,"height":200,"srcset":"https:\/\/i0.wp.com\/www.robertosedda.it\/wp-content\/uploads\/2017\/03\/Perpetuum-Jazzile.jpg?fit=1200%2C800&ssl=1&resize=350%2C200 1x, https:\/\/i0.wp.com\/www.robertosedda.it\/wp-content\/uploads\/2017\/03\/Perpetuum-Jazzile.jpg?fit=1200%2C800&ssl=1&resize=700%2C400 2x, https:\/\/i0.wp.com\/www.robertosedda.it\/wp-content\/uploads\/2017\/03\/Perpetuum-Jazzile.jpg?fit=1200%2C800&ssl=1&resize=1050%2C600 3x"},"classes":[]},{"id":11722,"url":"https:\/\/www.robertosedda.it\/?p=11722","url_meta":{"origin":11676,"position":1},"title":"Opera buffa del Gioved\u00ec Santo","author":"Rufus","date":"24\/03\/2016","format":"video","excerpt":"Devo confessare che io di Roberto De Simone non so moltissimo: che \u00e8 un musicista e musicologo importante, certo, che \u00e8 stato determinante nella nascita di una\u00a0scena musicale napoletana che negli anni '70 e '80 mi piaceva molto, pure, ma a parte questo non ho mai ritenuto necessario approfondire e\u2026","rel":"","context":"In &quot;Coordinate&quot;","block_context":{"text":"Coordinate","link":"https:\/\/www.robertosedda.it\/?cat=52"},"img":{"alt_text":"","src":"https:\/\/i0.wp.com\/img.youtube.com\/vi\/DWTYwqBekfI\/0.jpg?resize=350%2C200","width":350,"height":200},"classes":[]},{"id":16105,"url":"https:\/\/www.robertosedda.it\/?p=16105","url_meta":{"origin":11676,"position":2},"title":"Mangiare con (la) cultura","author":"Rufus","date":"08\/01\/2019","format":false,"excerpt":"Sono molto grato al mio amico Maurizio Masala che mi ha segnalato questa conversazione di Massimo Montanari (del quale, come sapete, sono fan\u00a0di\u00a0lunga\u00a0data) sulla storia della pasta: https:\/\/www.youtube.com\/watch?v=NMoQsGYtDho&fbclid= Anche a Maria Bonaria, fra l'altro, il video \u00e8 piaciuto moltissimo e mi segnala che su YouTube conversazioni di Montanari sui pi\u00f9\u2026","rel":"","context":"In &quot;Segnalazioni&quot;","block_context":{"text":"Segnalazioni","link":"https:\/\/www.robertosedda.it\/?cat=95"},"img":{"alt_text":"","src":"https:\/\/i0.wp.com\/www.robertosedda.it\/wp-content\/uploads\/2019\/01\/Monatanari-Youtube.jpg?fit=942%2C622&ssl=1&resize=350%2C200","width":350,"height":200,"srcset":"https:\/\/i0.wp.com\/www.robertosedda.it\/wp-content\/uploads\/2019\/01\/Monatanari-Youtube.jpg?fit=942%2C622&ssl=1&resize=350%2C200 1x, https:\/\/i0.wp.com\/www.robertosedda.it\/wp-content\/uploads\/2019\/01\/Monatanari-Youtube.jpg?fit=942%2C622&ssl=1&resize=700%2C400 2x"},"classes":[]},{"id":13667,"url":"https:\/\/www.robertosedda.it\/?p=13667","url_meta":{"origin":11676,"position":3},"title":"Per la donna che non conosce gli Inti Illimani","author":"Rufus","date":"09\/05\/2017","format":"video","excerpt":"Domenica, durante la manifestazione per la pace di Iglesias, ho detto sogghignando a Gaetano: \u00abMa \u00e8 adesso che intoniamo\u00a0El pueblo unido?\u00bb. La Volante,\u00a0che ci marciava a fianco, ha detto: \u00abCantiamo cosa?\u00bb. \u00abEl pueblo...\u00bb. Mi sono\u00a0quasi\u00a0sentito mancare: \u00abVuoi dire che non conosci gli Inti Illimani?\u00bb. Lei mi ha guardato perplessa:\u00a0e che\u2026","rel":"","context":"In &quot;Coordinate&quot;","block_context":{"text":"Coordinate","link":"https:\/\/www.robertosedda.it\/?cat=52"},"img":{"alt_text":"","src":"https:\/\/i0.wp.com\/www.robertosedda.it\/wp-content\/uploads\/2017\/05\/18320612_1752601238100189_8065062830309173904_o.jpg?fit=1200%2C720&ssl=1&resize=350%2C200","width":350,"height":200,"srcset":"https:\/\/i0.wp.com\/www.robertosedda.it\/wp-content\/uploads\/2017\/05\/18320612_1752601238100189_8065062830309173904_o.jpg?fit=1200%2C720&ssl=1&resize=350%2C200 1x, https:\/\/i0.wp.com\/www.robertosedda.it\/wp-content\/uploads\/2017\/05\/18320612_1752601238100189_8065062830309173904_o.jpg?fit=1200%2C720&ssl=1&resize=700%2C400 2x, https:\/\/i0.wp.com\/www.robertosedda.it\/wp-content\/uploads\/2017\/05\/18320612_1752601238100189_8065062830309173904_o.jpg?fit=1200%2C720&ssl=1&resize=1050%2C600 3x"},"classes":[]},{"id":12115,"url":"https:\/\/www.robertosedda.it\/?p=12115","url_meta":{"origin":11676,"position":4},"title":"Mi sono emozionato","author":"Rufus","date":"17\/06\/2016","format":"video","excerpt":"Mi ha molto impressionato, stamattina, scoprire su Internazionale\u00a0che negli Stati Uniti inizia \u00e8 iniziato in questi giorni il processo contro il comandante del gruppo di militari che assassin\u00f2 il cantante Victor Jara, uno degli idoli della mia giovinezza, assassinato uno dei primi giorni dopo il colpo di stato di Pinochet.\u2026","rel":"","context":"In &quot;Coordinate&quot;","block_context":{"text":"Coordinate","link":"https:\/\/www.robertosedda.it\/?cat=52"},"img":{"alt_text":"","src":"https:\/\/i0.wp.com\/www.robertosedda.it\/wp-content\/uploads\/2016\/06\/Jara2.png?fit=1131%2C443&ssl=1&resize=350%2C200","width":350,"height":200,"srcset":"https:\/\/i0.wp.com\/www.robertosedda.it\/wp-content\/uploads\/2016\/06\/Jara2.png?fit=1131%2C443&ssl=1&resize=350%2C200 1x, https:\/\/i0.wp.com\/www.robertosedda.it\/wp-content\/uploads\/2016\/06\/Jara2.png?fit=1131%2C443&ssl=1&resize=700%2C400 2x, https:\/\/i0.wp.com\/www.robertosedda.it\/wp-content\/uploads\/2016\/06\/Jara2.png?fit=1131%2C443&ssl=1&resize=1050%2C600 3x"},"classes":[]},{"id":14926,"url":"https:\/\/www.robertosedda.it\/?p=14926","url_meta":{"origin":11676,"position":5},"title":"Danzare verso il cielo","author":"Rufus","date":"01\/04\/2018","format":"video","excerpt":"Care tutte, cari tutti, per gli auguri di Pasqua una bella canzone allegra, che Pasqua \u00e8 una festa gioiosa e va festeggiata cos\u00ec, mica con le omelie o con i Ges\u00f9 biondi con gli occhi azzurri ma ballando. https:\/\/m.youtube.com\/watch?v=klcsqF2pplA La canzone \u00e8 nota in italiano perch\u00e9 inclusa nelle raccolte liturgiche\u2026","rel":"","context":"In &quot;Coordinate&quot;","block_context":{"text":"Coordinate","link":"https:\/\/www.robertosedda.it\/?cat=52"},"img":{"alt_text":"","src":"https:\/\/i0.wp.com\/www.robertosedda.it\/wp-content\/uploads\/2018\/04\/Simon-Zealotes-Jesus-Christ-Superstar-7.jpg?fit=1200%2C512&ssl=1&resize=350%2C200","width":350,"height":200,"srcset":"https:\/\/i0.wp.com\/www.robertosedda.it\/wp-content\/uploads\/2018\/04\/Simon-Zealotes-Jesus-Christ-Superstar-7.jpg?fit=1200%2C512&ssl=1&resize=350%2C200 1x, https:\/\/i0.wp.com\/www.robertosedda.it\/wp-content\/uploads\/2018\/04\/Simon-Zealotes-Jesus-Christ-Superstar-7.jpg?fit=1200%2C512&ssl=1&resize=700%2C400 2x, https:\/\/i0.wp.com\/www.robertosedda.it\/wp-content\/uploads\/2018\/04\/Simon-Zealotes-Jesus-Christ-Superstar-7.jpg?fit=1200%2C512&ssl=1&resize=1050%2C600 3x"},"classes":[]}],"_links":{"self":[{"href":"https:\/\/www.robertosedda.it\/index.php?rest_route=\/wp\/v2\/posts\/11676"}],"collection":[{"href":"https:\/\/www.robertosedda.it\/index.php?rest_route=\/wp\/v2\/posts"}],"about":[{"href":"https:\/\/www.robertosedda.it\/index.php?rest_route=\/wp\/v2\/types\/post"}],"author":[{"embeddable":true,"href":"https:\/\/www.robertosedda.it\/index.php?rest_route=\/wp\/v2\/users\/1"}],"replies":[{"embeddable":true,"href":"https:\/\/www.robertosedda.it\/index.php?rest_route=%2Fwp%2Fv2%2Fcomments&post=11676"}],"version-history":[{"count":3,"href":"https:\/\/www.robertosedda.it\/index.php?rest_route=\/wp\/v2\/posts\/11676\/revisions"}],"predecessor-version":[{"id":19272,"href":"https:\/\/www.robertosedda.it\/index.php?rest_route=\/wp\/v2\/posts\/11676\/revisions\/19272"}],"wp:featuredmedia":[{"embeddable":true,"href":"https:\/\/www.robertosedda.it\/index.php?rest_route=\/wp\/v2\/media\/19271"}],"wp:attachment":[{"href":"https:\/\/www.robertosedda.it\/index.php?rest_route=%2Fwp%2Fv2%2Fmedia&parent=11676"}],"wp:term":[{"taxonomy":"category","embeddable":true,"href":"https:\/\/www.robertosedda.it\/index.php?rest_route=%2Fwp%2Fv2%2Fcategories&post=11676"},{"taxonomy":"post_tag","embeddable":true,"href":"https:\/\/www.robertosedda.it\/index.php?rest_route=%2Fwp%2Fv2%2Ftags&post=11676"}],"curies":[{"name":"wp","href":"https:\/\/api.w.org\/{rel}","templated":true}]}}