{"id":11641,"date":"2016-03-04T16:51:54","date_gmt":"2016-03-04T15:51:54","guid":{"rendered":"http:\/\/www.robertosedda.it\/?p=11641"},"modified":"2022-03-07T11:28:59","modified_gmt":"2022-03-07T10:28:59","slug":"a-proposito-di-traffico-darmi","status":"publish","type":"post","link":"https:\/\/www.robertosedda.it\/?p=11641","title":{"rendered":"A proposito di traffico d&#8217;armi"},"content":{"rendered":"<p><a href=\"http:\/\/www.visualcapitalist.com\/militarization-of-the-middle-east-in-numbers\/\">Un articolo su <em>Visual capitalist<\/em><\/a> fa il punto sulla crescita del commercio d&#8217;armi nell&#8217;ultimo paio d&#8217;anni: non vi stupir\u00e0 scoprire che fra i paesi di maggiore importanza ci sono l&#8217;Arabia Saudita, gli Emirati Arabi, la Turchia, l&#8217;India, il Pakistan e altri paesi orientali. Qui sotto una della infografiche pi\u00f9 significative, l&#8217;articolo ne ha altre.<\/p>\n<p><img data-attachment-id=\"11642\" data-permalink=\"https:\/\/www.robertosedda.it\/?attachment_id=11642\" data-orig-file=\"https:\/\/i0.wp.com\/www.robertosedda.it\/wp-content\/uploads\/2016\/03\/world-arm-trade.png?fit=620%2C1141&amp;ssl=1\" data-orig-size=\"620,1141\" data-comments-opened=\"1\" data-image-meta=\"{&quot;aperture&quot;:&quot;0&quot;,&quot;credit&quot;:&quot;&quot;,&quot;camera&quot;:&quot;&quot;,&quot;caption&quot;:&quot;&quot;,&quot;created_timestamp&quot;:&quot;0&quot;,&quot;copyright&quot;:&quot;&quot;,&quot;focal_length&quot;:&quot;0&quot;,&quot;iso&quot;:&quot;0&quot;,&quot;shutter_speed&quot;:&quot;0&quot;,&quot;title&quot;:&quot;&quot;,&quot;orientation&quot;:&quot;0&quot;}\" data-image-title=\"world-arm-trade\" data-image-description=\"\" data-image-caption=\"\" data-medium-file=\"https:\/\/i0.wp.com\/www.robertosedda.it\/wp-content\/uploads\/2016\/03\/world-arm-trade.png?fit=163%2C300&amp;ssl=1\" data-large-file=\"https:\/\/i0.wp.com\/www.robertosedda.it\/wp-content\/uploads\/2016\/03\/world-arm-trade.png?fit=510%2C939&amp;ssl=1\" decoding=\"async\" loading=\"lazy\" class=\"aligncenter size-full wp-image-11642\" src=\"https:\/\/i0.wp.com\/www.robertosedda.it\/wp-content\/uploads\/2016\/03\/world-arm-trade.png?resize=620%2C1141\" alt=\"world-arm-trade\" width=\"620\" height=\"1141\" srcset=\"https:\/\/i0.wp.com\/www.robertosedda.it\/wp-content\/uploads\/2016\/03\/world-arm-trade.png?w=620&amp;ssl=1 620w, https:\/\/i0.wp.com\/www.robertosedda.it\/wp-content\/uploads\/2016\/03\/world-arm-trade.png?resize=82%2C150&amp;ssl=1 82w, https:\/\/i0.wp.com\/www.robertosedda.it\/wp-content\/uploads\/2016\/03\/world-arm-trade.png?resize=163%2C300&amp;ssl=1 163w, https:\/\/i0.wp.com\/www.robertosedda.it\/wp-content\/uploads\/2016\/03\/world-arm-trade.png?resize=510%2C939&amp;ssl=1 510w\" sizes=\"(max-width: 620px) 100vw, 620px\" data-recalc-dims=\"1\" \/><\/p>\n","protected":false},"excerpt":{"rendered":"<p>Un articolo su Visual capitalist fa il punto sulla crescita del commercio d&#8217;armi nell&#8217;ultimo paio d&#8217;anni: non vi stupir\u00e0 scoprire<\/p>\n","protected":false},"author":1,"featured_media":11642,"comment_status":"open","ping_status":"open","sticky":false,"template":"","format":"standard","meta":{"_mi_skip_tracking":false,"_monsterinsights_sitenote_active":false,"_monsterinsights_sitenote_note":"","_monsterinsights_sitenote_category":0,"jetpack_post_was_ever_published":false,"_jetpack_newsletter_access":"","jetpack_publicize_message":"","jetpack_is_tweetstorm":false,"jetpack_publicize_feature_enabled":true,"jetpack_social_post_already_shared":true,"jetpack_social_options":{"image_generator_settings":{"template":"highway","enabled":false}}},"categories":[52,55,77,17,16],"tags":[],"jetpack_publicize_connections":[],"jetpack_featured_media_url":"https:\/\/i0.wp.com\/www.robertosedda.it\/wp-content\/uploads\/2016\/03\/world-arm-trade.png?fit=620%2C1141&ssl=1","jetpack_sharing_enabled":true,"jetpack_shortlink":"https:\/\/wp.me\/p4jV2T-31L","jetpack_likes_enabled":true,"jetpack-related-posts":[{"id":16397,"url":"https:\/\/www.robertosedda.it\/?p=16397","url_meta":{"origin":11641,"position":0},"title":"Armi italiane in Turkmenistan","author":"Rufus","date":"20\/03\/2019","format":false,"excerpt":"Dopo l'articolo di ieri mi sono messo a leggere meglio il sito di giornalismo investigativo Bell\u00bfngcat, che trovo straordinario e di cui mi chiedo come ho fatto a vivere senza. Fra le altre cose, guarda caso, trovo un articolo sulle forniture di armi italiane al Turkmenistan, uno dei paesi pi\u00f9\u2026","rel":"","context":"In &quot;Segnalazioni&quot;","block_context":{"text":"Segnalazioni","link":"https:\/\/www.robertosedda.it\/?cat=95"},"img":{"alt_text":"","src":"https:\/\/i0.wp.com\/www.robertosedda.it\/wp-content\/uploads\/2019\/03\/Turkmenistan.png?fit=955%2C685&ssl=1&resize=350%2C200","width":350,"height":200,"srcset":"https:\/\/i0.wp.com\/www.robertosedda.it\/wp-content\/uploads\/2019\/03\/Turkmenistan.png?fit=955%2C685&ssl=1&resize=350%2C200 1x, https:\/\/i0.wp.com\/www.robertosedda.it\/wp-content\/uploads\/2019\/03\/Turkmenistan.png?fit=955%2C685&ssl=1&resize=700%2C400 2x"},"classes":[]},{"id":19794,"url":"https:\/\/www.robertosedda.it\/?p=19794","url_meta":{"origin":11641,"position":1},"title":"Quel che non sappiamo sulle stragi e non solo","author":"Rufus","date":"14\/07\/2022","format":false,"excerpt":"Tempo fa ho salvato il riferimento a un articolo sull'Harvard Public Health Magazine, la rivista dell'Universit\u00e0 di Harvard sui temi della salute pubblica. Mi ha colpito molto perch\u00e9 aveva un approccio particolarmente problematico al tema delle stragi compiute negli Stati Uniti con armi da fuoco. Visto che negli ultimi giorni\u2026","rel":"","context":"In &quot;Coordinate&quot;","block_context":{"text":"Coordinate","link":"https:\/\/www.robertosedda.it\/?cat=52"},"img":{"alt_text":"","src":"https:\/\/i0.wp.com\/www.robertosedda.it\/wp-content\/uploads\/2022\/07\/David-Hemenway.png?fit=255%2C300&ssl=1&resize=350%2C200","width":350,"height":200},"classes":[]},{"id":14384,"url":"https:\/\/www.robertosedda.it\/?p=14384","url_meta":{"origin":11641,"position":2},"title":"Quel che ho detto al convegno &#8220;Pace &#8211; Lavoro &#8211; Sviluppo&#8221; di Iglesias","author":"Rufus","date":"06\/12\/2017","format":false,"excerpt":"Domenica scorsa in compagnia di un po' di soci di Banca Etica sono andato al Convegno\u00a0Pace - Lavoro - Sviluppo dedicato al tema della riconversione della fabbrica di Domusnovas della RWM. Al convegno hanno preso la parola molti relatori, tanti di alto livello. Fra quelli che hanno parlato ma che\u2026","rel":"","context":"In &quot;Banche e finanza&quot;","block_context":{"text":"Banche e finanza","link":"https:\/\/www.robertosedda.it\/?cat=72"},"img":{"alt_text":"","src":"https:\/\/i0.wp.com\/www.robertosedda.it\/wp-content\/uploads\/2017\/12\/Arcobaleno.jpg?fit=510%2C458&ssl=1&resize=350%2C200","width":350,"height":200},"classes":[]},{"id":11659,"url":"https:\/\/www.robertosedda.it\/?p=11659","url_meta":{"origin":11641,"position":3},"title":"Bambini e pistole","author":"Rufus","date":"15\/03\/2016","format":false,"excerpt":"Non so se la settimana scorsa avete visto passare da qualche parte la notizia che riguarda Jamie Gilt. Chi \u00e8 Jamie Gilt? Questa. Bella figliola, no? Molto fotogenica. Tanto che \u00e8 diventata famosetta, negli USA, come testimonial delle varie campagne a favore del diritto a portare armi, nonch\u00e9 piccolo idolo\u2026","rel":"","context":"In &quot;Coordinate&quot;","block_context":{"text":"Coordinate","link":"https:\/\/www.robertosedda.it\/?cat=52"},"img":{"alt_text":"","src":"https:\/\/i0.wp.com\/www.robertosedda.it\/wp-content\/uploads\/2016\/03\/Genitori-e-armi.jpg?fit=640%2C433&ssl=1&resize=350%2C200","width":350,"height":200},"classes":[]},{"id":16058,"url":"https:\/\/www.robertosedda.it\/?p=16058","url_meta":{"origin":11641,"position":4},"title":"I Vescovi sardi e la RWM","author":"Rufus","date":"27\/12\/2018","format":false,"excerpt":"Il documento dei Vescovi sardi per la giornata della pace 2019 affronta, sebbene senza nominarla direttamente, la questione della fabbrica RWM di Domusnovas. Sentiamo il dovere di dire no a tutto il business delle armi, in Sardegna e nel Paese intero. Chiediamo un serio sforzo per la riconversione di quelle\u2026","rel":"","context":"In &quot;Segnalazioni&quot;","block_context":{"text":"Segnalazioni","link":"https:\/\/www.robertosedda.it\/?cat=95"},"img":{"alt_text":"","src":"https:\/\/i0.wp.com\/www.robertosedda.it\/wp-content\/uploads\/2018\/12\/Francesco-2.jpeg?fit=540%2C281&ssl=1&resize=350%2C200","width":350,"height":200},"classes":[]},{"id":17308,"url":"https:\/\/www.robertosedda.it\/?p=17308","url_meta":{"origin":11641,"position":5},"title":"Allarme rosso","author":"Rufus","date":"22\/09\/2019","format":false,"excerpt":"Trovo su Wired un interessante articolo che racconta come in diversi Stati degli USA sia possibile ottenere un ordine del tribunale nei confronti di persone che mostrano indizi evidenti di voler commettere suicidio o compiere violenze domestiche o stragi, in modo che temporaneamente gli vengano sottratte le armi che possiedono.\u2026","rel":"","context":"In &quot;Coordinate&quot;","block_context":{"text":"Coordinate","link":"https:\/\/www.robertosedda.it\/?cat=52"},"img":{"alt_text":"","src":"","width":0,"height":0},"classes":[]}],"_links":{"self":[{"href":"https:\/\/www.robertosedda.it\/index.php?rest_route=\/wp\/v2\/posts\/11641"}],"collection":[{"href":"https:\/\/www.robertosedda.it\/index.php?rest_route=\/wp\/v2\/posts"}],"about":[{"href":"https:\/\/www.robertosedda.it\/index.php?rest_route=\/wp\/v2\/types\/post"}],"author":[{"embeddable":true,"href":"https:\/\/www.robertosedda.it\/index.php?rest_route=\/wp\/v2\/users\/1"}],"replies":[{"embeddable":true,"href":"https:\/\/www.robertosedda.it\/index.php?rest_route=%2Fwp%2Fv2%2Fcomments&post=11641"}],"version-history":[{"count":3,"href":"https:\/\/www.robertosedda.it\/index.php?rest_route=\/wp\/v2\/posts\/11641\/revisions"}],"predecessor-version":[{"id":19233,"href":"https:\/\/www.robertosedda.it\/index.php?rest_route=\/wp\/v2\/posts\/11641\/revisions\/19233"}],"wp:featuredmedia":[{"embeddable":true,"href":"https:\/\/www.robertosedda.it\/index.php?rest_route=\/wp\/v2\/media\/11642"}],"wp:attachment":[{"href":"https:\/\/www.robertosedda.it\/index.php?rest_route=%2Fwp%2Fv2%2Fmedia&parent=11641"}],"wp:term":[{"taxonomy":"category","embeddable":true,"href":"https:\/\/www.robertosedda.it\/index.php?rest_route=%2Fwp%2Fv2%2Fcategories&post=11641"},{"taxonomy":"post_tag","embeddable":true,"href":"https:\/\/www.robertosedda.it\/index.php?rest_route=%2Fwp%2Fv2%2Ftags&post=11641"}],"curies":[{"name":"wp","href":"https:\/\/api.w.org\/{rel}","templated":true}]}}