{"id":11626,"date":"2016-03-02T16:41:11","date_gmt":"2016-03-02T15:41:11","guid":{"rendered":"http:\/\/www.robertosedda.it\/?p=11626"},"modified":"2023-03-07T12:33:37","modified_gmt":"2023-03-07T11:33:37","slug":"eccitazione-incontenibile","status":"publish","type":"post","link":"https:\/\/www.robertosedda.it\/?p=11626","title":{"rendered":"Eccitazione incontenibile"},"content":{"rendered":"<p>Molti anni fa andavo spesso a prendere il caff\u00e8 di mezza mattina col mio amico Andrea Assorgia.<\/p>\n<p>Lungo la strada fra l&#8217;ufficio di Andrea e la pasticceria <em>Ecuador<\/em> incontravamo spesso un cane,\u00a0un\u00a0<em>bobtail<\/em>, sderenato sul marciapiede come un tappetino.<\/p>\n<p>Non so se fosse un cane anziano o semplicemente incline a prendere la vita con calma, con moooolta calma, ma tutto\u00a0nel suo atteggiamento faceva pensare al bradipo. In letargo. Se quel\u00a0<em>bobtail<\/em> un giorno avesse incontrato un bradipo, di sicuro l&#8217;avrebbe considerato un dannato girovago\u00a0che non se ne sta mai fermo un attimo.<\/p>\n<p>Non conoscendo il suo nome, io e Andrea avevamo soprannominato quel cane\u00a0<em>Fulmine<\/em>. Qualche volta, per fare gli spiritosi, passando gli dicevamo cose tipo:\u00a0<em>Azzanna, Fulmine!!<\/em> oppure: <em>Stai calmo, Fulmine!!<\/em><\/p>\n<p>Eravamo un po&#8217; stupidini, magari. Comunque\u00a0<em>Fulmine<\/em> non se ne dava pensiero: a malapena socchiudeva un occhio per guardarci con disapprovazione; gi\u00e0 alzare un orecchio avrebbe comportato rinnegare i valori di una vita intera di sedentariet\u00e0.<\/p>\n<p>***<\/p>\n<p>L&#8217;altro giorno ho ripensato a <em>Fulmine<\/em> perch\u00e9\u00a0hanno appeso sotto casa i cartelli elettorali di Giorgia Meloni.<\/p>\n<p>Che c&#8217;ha begli occhi, per carit\u00e0, ma quel motto (fra parentesi grafe, chiss\u00e0 perch\u00e9)\u00a0<em>La speranza divampa<\/em> davvero non c&#8217;entra nulla con la foto, che pi\u00f9 che l&#8217;idea del fuoco che impazza fa le spighe sembra suggerire una lunga deprivazione di sonno e cibo.<\/p>\n<p><em>Stai calma, Giorgia!!<\/em><br \/>\n<img data-attachment-id=\"11627\" data-permalink=\"https:\/\/www.robertosedda.it\/?attachment_id=11627\" data-orig-file=\"https:\/\/i0.wp.com\/www.robertosedda.it\/wp-content\/uploads\/2016\/03\/tesseramento.jpg?fit=2362%2C3307&amp;ssl=1\" data-orig-size=\"2362,3307\" data-comments-opened=\"1\" data-image-meta=\"{&quot;aperture&quot;:&quot;0&quot;,&quot;credit&quot;:&quot;&quot;,&quot;camera&quot;:&quot;&quot;,&quot;caption&quot;:&quot;&quot;,&quot;created_timestamp&quot;:&quot;0&quot;,&quot;copyright&quot;:&quot;&quot;,&quot;focal_length&quot;:&quot;0&quot;,&quot;iso&quot;:&quot;0&quot;,&quot;shutter_speed&quot;:&quot;0&quot;,&quot;title&quot;:&quot;&quot;,&quot;orientation&quot;:&quot;1&quot;}\" data-image-title=\"tesseramento\" data-image-description=\"\" data-image-caption=\"\" data-medium-file=\"https:\/\/i0.wp.com\/www.robertosedda.it\/wp-content\/uploads\/2016\/03\/tesseramento.jpg?fit=214%2C300&amp;ssl=1\" data-large-file=\"https:\/\/i0.wp.com\/www.robertosedda.it\/wp-content\/uploads\/2016\/03\/tesseramento.jpg?fit=510%2C714&amp;ssl=1\" decoding=\"async\" loading=\"lazy\" class=\"alignright size-full wp-image-11627\" src=\"https:\/\/i0.wp.com\/www.robertosedda.it\/wp-content\/uploads\/2016\/03\/tesseramento.jpg?resize=800%2C1120\" alt=\"tesseramento\" width=\"800\" height=\"1120\" srcset=\"https:\/\/i0.wp.com\/www.robertosedda.it\/wp-content\/uploads\/2016\/03\/tesseramento.jpg?w=2362&amp;ssl=1 2362w, https:\/\/i0.wp.com\/www.robertosedda.it\/wp-content\/uploads\/2016\/03\/tesseramento.jpg?resize=107%2C150&amp;ssl=1 107w, https:\/\/i0.wp.com\/www.robertosedda.it\/wp-content\/uploads\/2016\/03\/tesseramento.jpg?resize=214%2C300&amp;ssl=1 214w, https:\/\/i0.wp.com\/www.robertosedda.it\/wp-content\/uploads\/2016\/03\/tesseramento.jpg?resize=768%2C1075&amp;ssl=1 768w, https:\/\/i0.wp.com\/www.robertosedda.it\/wp-content\/uploads\/2016\/03\/tesseramento.jpg?resize=510%2C714&amp;ssl=1 510w, https:\/\/i0.wp.com\/www.robertosedda.it\/wp-content\/uploads\/2016\/03\/tesseramento.jpg?resize=700%2C980&amp;ssl=1 700w, https:\/\/i0.wp.com\/www.robertosedda.it\/wp-content\/uploads\/2016\/03\/tesseramento.jpg?w=1600 1600w\" sizes=\"(max-width: 800px) 100vw, 800px\" data-recalc-dims=\"1\" \/><\/p>\n","protected":false},"excerpt":{"rendered":"<p>Molti anni fa andavo spesso a prendere il caff\u00e8 di mezza mattina col mio amico Andrea Assorgia. Lungo la strada<\/p>\n","protected":false},"author":1,"featured_media":11627,"comment_status":"open","ping_status":"open","sticky":false,"template":"","format":"standard","meta":{"_mi_skip_tracking":false,"_monsterinsights_sitenote_active":false,"_monsterinsights_sitenote_note":"","_monsterinsights_sitenote_category":0,"jetpack_post_was_ever_published":false,"_jetpack_newsletter_access":"","jetpack_publicize_message":"","jetpack_is_tweetstorm":false,"jetpack_publicize_feature_enabled":true,"jetpack_social_post_already_shared":true,"jetpack_social_options":{"image_generator_settings":{"template":"highway","enabled":false}}},"categories":[52,57,17,59,16],"tags":[],"jetpack_publicize_connections":[],"jetpack_featured_media_url":"https:\/\/i0.wp.com\/www.robertosedda.it\/wp-content\/uploads\/2016\/03\/tesseramento.jpg?fit=2362%2C3307&ssl=1","jetpack_sharing_enabled":true,"jetpack_shortlink":"https:\/\/wp.me\/p4jV2T-31w","jetpack_likes_enabled":true,"jetpack-related-posts":[{"id":8558,"url":"https:\/\/www.robertosedda.it\/?p=8558","url_meta":{"origin":11626,"position":0},"title":"Il rotocalco della settimana: la volta che sono stato colpito dal fulmine, colabrodi informatici, fumetti e cose cos\u00ec","author":"Rufus","date":"06\/10\/2014","format":false,"excerpt":"Io canto il corpo elettrico Come sanno i miei vecchi amici, io sono fra coloro che sono stati colpiti dal fulmine e sono sopravvissuti. Nel mio caso accadde durante un campo scuola dell'Azione Cattolica nella vecchia \"casa di Sinnai\": ero al telefono e cadde un fulmine sul palo all'esterno, almeno\u2026","rel":"","context":"In &quot;Coordinate&quot;","block_context":{"text":"Coordinate","link":"https:\/\/www.robertosedda.it\/?cat=52"},"img":{"alt_text":"","src":"https:\/\/i0.wp.com\/www.robertosedda.it\/wp-content\/uploads\/2014\/10\/Fulmine.jpg?fit=1200%2C675&ssl=1&resize=350%2C200","width":350,"height":200,"srcset":"https:\/\/i0.wp.com\/www.robertosedda.it\/wp-content\/uploads\/2014\/10\/Fulmine.jpg?fit=1200%2C675&ssl=1&resize=350%2C200 1x, https:\/\/i0.wp.com\/www.robertosedda.it\/wp-content\/uploads\/2014\/10\/Fulmine.jpg?fit=1200%2C675&ssl=1&resize=700%2C400 2x, https:\/\/i0.wp.com\/www.robertosedda.it\/wp-content\/uploads\/2014\/10\/Fulmine.jpg?fit=1200%2C675&ssl=1&resize=1050%2C600 3x"},"classes":[]},{"id":18217,"url":"https:\/\/www.robertosedda.it\/?p=18217","url_meta":{"origin":11626,"position":1},"title":"Il grande amore del suo cuore","author":"Rufus","date":"21\/07\/2020","format":false,"excerpt":"Tempo fa mi \u00e8 capitato di imbattermi nel Racconto di marzo di Neil Gaiman. \u00c8 un racconto brevissimo, e fa parte di un progetto collaborativo col pubblico sponsorizzato da Blackberry anni fa. Al tempo Gaiman ha scritto una serie di tweet, uno per ogni mese, facendo delle domande ai lettori:\u2026","rel":"","context":"In &quot;Cappe e spade&quot;","block_context":{"text":"Cappe e spade","link":"https:\/\/www.robertosedda.it\/?cat=70"},"img":{"alt_text":"","src":"https:\/\/i0.wp.com\/www.robertosedda.it\/wp-content\/uploads\/2020\/07\/March-tale-inspiration.png?fit=445%2C406&ssl=1&resize=350%2C200","width":350,"height":200},"classes":[]},{"id":15736,"url":"https:\/\/www.robertosedda.it\/?p=15736","url_meta":{"origin":11626,"position":2},"title":"La caccia all&#8217;orso e Giulio Cesare","author":"Rufus","date":"12\/10\/2018","format":false,"excerpt":"Volevo segnalare agli anglofoni che su Slate \u00e8 appena terminata una serie di podcast intitolata Lend me your ears (\"Prestatemi orecchio\", dal discorso di Marco Antonio), che esplora il modo col quale Shakespeare si \u00e8 confrontato con la politica del suo tempo e come i suoi lettori hanno usato le\u2026","rel":"","context":"In &quot;Coordinate&quot;","block_context":{"text":"Coordinate","link":"https:\/\/www.robertosedda.it\/?cat=52"},"img":{"alt_text":"","src":"https:\/\/i0.wp.com\/www.robertosedda.it\/wp-content\/uploads\/2018\/10\/Julius-Caesar-in-the-park.jpg?fit=1200%2C773&ssl=1&resize=350%2C200","width":350,"height":200,"srcset":"https:\/\/i0.wp.com\/www.robertosedda.it\/wp-content\/uploads\/2018\/10\/Julius-Caesar-in-the-park.jpg?fit=1200%2C773&ssl=1&resize=350%2C200 1x, https:\/\/i0.wp.com\/www.robertosedda.it\/wp-content\/uploads\/2018\/10\/Julius-Caesar-in-the-park.jpg?fit=1200%2C773&ssl=1&resize=700%2C400 2x, https:\/\/i0.wp.com\/www.robertosedda.it\/wp-content\/uploads\/2018\/10\/Julius-Caesar-in-the-park.jpg?fit=1200%2C773&ssl=1&resize=1050%2C600 3x"},"classes":[]},{"id":1807,"url":"https:\/\/www.robertosedda.it\/?p=1807","url_meta":{"origin":11626,"position":3},"title":"Seconde possibilit\u00e0","author":"Rufus","date":"28\/12\/2012","format":"video","excerpt":"La parte degli angeli (Ken Loach, 2012) A Torino in carcere fanno il caff\u00e8: una parte lo passano ai detenuti del carcere di Saluzzo che producono birra e ne fanno anche una aromatizzata al caff\u00e8; a Siracusa invece fanno i dolci con le mandorle. Deve essere con una idea del\u2026","rel":"","context":"In &quot;Coordinate&quot;","block_context":{"text":"Coordinate","link":"https:\/\/www.robertosedda.it\/?cat=52"},"img":{"alt_text":"","src":"https:\/\/i0.wp.com\/www.robertosedda.it\/wp-content\/uploads\/2012\/12\/la_parte_degli_angeli3-209x300.jpg?resize=350%2C200","width":350,"height":200},"classes":[]},{"id":7923,"url":"https:\/\/www.robertosedda.it\/?p=7923","url_meta":{"origin":11626,"position":4},"title":"Anche i professori a volte sbagliano (un intervento di Nicol\u00f2 Migheli)","author":"Rufus","date":"08\/07\/2014","format":false,"excerpt":"L'articolo dei blogger del luned\u00ec\u00a0\u00e8 pubblicato oltre che su questo sito anche su quelli\u00a0di\u00a0Fondazione Sardinia,\u00a0Tramas de amistade,\u00a0Aladin pensiero,\u00a0Vito Biolchini,\u00a0Sardegna soprattutto,\u00a0Enrico Lobina,\u00a0Madrigopolis,\u00a0Forma paris\u00a0e\u00a0Tottus in pari. Anche i professori a volte sbagliano di Nicol\u00f2 Migheli Chiunque in questi ultimi vent'anni abbia seguito le tendenze demografiche della Sardegna ha consapevolezza che l'isola \u00e8\u2026","rel":"","context":"In &quot;Coordinate&quot;","block_context":{"text":"Coordinate","link":"https:\/\/www.robertosedda.it\/?cat=52"},"img":{"alt_text":"","src":"https:\/\/i0.wp.com\/www.robertosedda.it\/wp-content\/uploads\/2014\/07\/Nicol\u00f2-Migheli.jpg?fit=417%2C628&ssl=1&resize=350%2C200","width":350,"height":200},"classes":[]},{"id":17800,"url":"https:\/\/www.robertosedda.it\/?p=17800","url_meta":{"origin":11626,"position":5},"title":"L&#8217;importante \u00e8 l&#8217;allineamento","author":"Rufus","date":"10\/02\/2020","format":false,"excerpt":"Non so quanti che leggono questo blog sanno che io mi ritengo orgogliosamente appartenente alla categoria dei proprietari di cani, sebbene non in esercizio effettivo, diciamo. Dai sedici anni fin quasi ai trenta, infatti, ho avuto un cane bellissimo, ribaldo e molto di mondo che si chiamava Cico (con chiaro\u2026","rel":"","context":"In &quot;Coordinate&quot;","block_context":{"text":"Coordinate","link":"https:\/\/www.robertosedda.it\/?cat=52"},"img":{"alt_text":"","src":"https:\/\/i0.wp.com\/www.robertosedda.it\/wp-content\/uploads\/2014\/05\/Col-cane-Cico.jpg?fit=623%2C417&ssl=1&resize=350%2C200","width":350,"height":200},"classes":[]}],"_links":{"self":[{"href":"https:\/\/www.robertosedda.it\/index.php?rest_route=\/wp\/v2\/posts\/11626"}],"collection":[{"href":"https:\/\/www.robertosedda.it\/index.php?rest_route=\/wp\/v2\/posts"}],"about":[{"href":"https:\/\/www.robertosedda.it\/index.php?rest_route=\/wp\/v2\/types\/post"}],"author":[{"embeddable":true,"href":"https:\/\/www.robertosedda.it\/index.php?rest_route=\/wp\/v2\/users\/1"}],"replies":[{"embeddable":true,"href":"https:\/\/www.robertosedda.it\/index.php?rest_route=%2Fwp%2Fv2%2Fcomments&post=11626"}],"version-history":[{"count":2,"href":"https:\/\/www.robertosedda.it\/index.php?rest_route=\/wp\/v2\/posts\/11626\/revisions"}],"predecessor-version":[{"id":11629,"href":"https:\/\/www.robertosedda.it\/index.php?rest_route=\/wp\/v2\/posts\/11626\/revisions\/11629"}],"wp:featuredmedia":[{"embeddable":true,"href":"https:\/\/www.robertosedda.it\/index.php?rest_route=\/wp\/v2\/media\/11627"}],"wp:attachment":[{"href":"https:\/\/www.robertosedda.it\/index.php?rest_route=%2Fwp%2Fv2%2Fmedia&parent=11626"}],"wp:term":[{"taxonomy":"category","embeddable":true,"href":"https:\/\/www.robertosedda.it\/index.php?rest_route=%2Fwp%2Fv2%2Fcategories&post=11626"},{"taxonomy":"post_tag","embeddable":true,"href":"https:\/\/www.robertosedda.it\/index.php?rest_route=%2Fwp%2Fv2%2Ftags&post=11626"}],"curies":[{"name":"wp","href":"https:\/\/api.w.org\/{rel}","templated":true}]}}