{"id":11590,"date":"2016-02-23T18:25:45","date_gmt":"2016-02-23T17:25:45","guid":{"rendered":"http:\/\/www.robertosedda.it\/?p=11590"},"modified":"2022-03-02T14:41:37","modified_gmt":"2022-03-02T13:41:37","slug":"la-commedia-dellarte-a-oggi-parliamo-di-libri","status":"publish","type":"post","link":"https:\/\/www.robertosedda.it\/?p=11590","title":{"rendered":"La commedia dell&#8217;arte a <em>Oggi parliamo di libri<\/em>"},"content":{"rendered":"<!--[if lt IE 9]><script>document.createElement('audio');<\/script><![endif]-->\n<audio class=\"wp-audio-shortcode\" id=\"audio-11590-1\" preload=\"none\" style=\"width: 100%;\" controls=\"controls\"><source type=\"audio\/mpeg\" src=\"http:\/\/www.radiokalaritana.it\/audio\/LIB-S04E16-La_commedia_de_arte-20160114.mp3?_=1\" \/><a href=\"http:\/\/www.radiokalaritana.it\/audio\/LIB-S04E16-La_commedia_de_arte-20160114.mp3\">http:\/\/www.radiokalaritana.it\/audio\/LIB-S04E16-La_commedia_de_arte-20160114.mp3<\/a><\/audio>\n<h3><em>La commedia dell&#8217;arte<\/em><\/h3>\n<p>\u00c8 un po&#8217; che non riepilogo qui sul\u00a0<em>blog<\/em> le varie puntate di <em>Oggi parliamo di libri<\/em>.<\/p>\n<p>Dopo il ciclo dedicato a Shakespeare\u00a0avevo previsto di presentare Gozzi e Goldoni, ma nel preparare le puntate mi sono reso conto che affrontare direttamente questi due non si poteva: mi mancavano troppe premesse. E quindi ho deciso di premettere altre due puntate: questa sulla <em>commedia<\/em> <em>dell&#8217;arte\u00a0<\/em>e la successiva su Moli\u00e8re.<\/p>\n<p>La puntata. come avrete sentito, ha un grosso punto debole: che per quanto divertente possa essere accennare alle maschere e interessante raccontare di\u00a0<em>magnifici<\/em> e di <em>zanni<\/em>, alla fin fine a\u00a0<em>Oggi parliamo di libri<\/em> si dovrebbe parlare&#8230; di libri, e in termini di testi pubblicati non c&#8217;\u00e8 molto in materia che si possa proporre alla lettura odierna: testi troppo esili o di interesse troppo specialistico: quel che ci rimane de\u00a0<em>L&#8217;amore delle tre melarance<\/em>, per esempio, che oltretutto non \u00e8 nemmeno commedia dell&#8217;arte <em>pura<\/em>,\u00a0\u00e8 veramente\u00a0molto poco e forse non \u00e8 sufficiente a farsi un&#8217;idea di quel che dovesse succedere sul palco in queste rappresentazioni.<\/p>\n<p>La grande ironia \u00e8 quindi che per raccontare la <em>commedia dell&#8217;arte<\/em> mi sono alla fine dovuto rivolgere a chi l&#8217;ha messa definitivamente a riposo, cio\u00e8 Goldoni:\u00a0<em>Servitore di due padroni<\/em> d\u00e0 un&#8217;idea sufficientemente precisa di cosa potesse fare all&#8217;occasione un gran mattatore in una sarabanda di equivoci e frizzi come quella che Goldoni mette in scena &#8211; probabilmente con molto pi\u00f9 rigore di quel che potevano\u00a0fare altri teatranti\u00a0&#8211; e ha il vantaggio aggiuntivo di essere una macchina teatrale perfetta e\u00a0\u00a0davvero molto divertente.<\/p>\n<p>Menzione obbligatoria per\u00a0<em>I segreti di Arlecchino<\/em>, di e con Enrico Bonavera, lo spettacolo che ho visto questa estate grazie alla compagnia\u00a0<em>\u00e7\u00e0jka<\/em> e che fino a queste puntate era la fonte di tutto ci\u00f2 che sapevo sugli <em>zanni<\/em>.<img data-attachment-id=\"11591\" data-permalink=\"https:\/\/www.robertosedda.it\/?attachment_id=11591\" data-orig-file=\"https:\/\/i0.wp.com\/www.robertosedda.it\/wp-content\/uploads\/2016\/02\/Enrico-Bonavera.jpg?fit=1774%2C2510&amp;ssl=1\" data-orig-size=\"1774,2510\" data-comments-opened=\"1\" data-image-meta=\"{&quot;aperture&quot;:&quot;0&quot;,&quot;credit&quot;:&quot;&quot;,&quot;camera&quot;:&quot;&quot;,&quot;caption&quot;:&quot;&quot;,&quot;created_timestamp&quot;:&quot;0&quot;,&quot;copyright&quot;:&quot;&quot;,&quot;focal_length&quot;:&quot;0&quot;,&quot;iso&quot;:&quot;0&quot;,&quot;shutter_speed&quot;:&quot;0&quot;,&quot;title&quot;:&quot;&quot;,&quot;orientation&quot;:&quot;0&quot;}\" data-image-title=\"Enrico Bonavera\" data-image-description=\"\" data-image-caption=\"\" data-medium-file=\"https:\/\/i0.wp.com\/www.robertosedda.it\/wp-content\/uploads\/2016\/02\/Enrico-Bonavera.jpg?fit=212%2C300&amp;ssl=1\" data-large-file=\"https:\/\/i0.wp.com\/www.robertosedda.it\/wp-content\/uploads\/2016\/02\/Enrico-Bonavera.jpg?fit=510%2C722&amp;ssl=1\" decoding=\"async\" loading=\"lazy\" class=\"aligncenter size-large wp-image-11591\" src=\"https:\/\/i0.wp.com\/www.robertosedda.it\/wp-content\/uploads\/2016\/02\/Enrico-Bonavera.jpg?resize=510%2C722\" alt=\"Enrico Bonavera\" width=\"510\" height=\"722\" srcset=\"https:\/\/i0.wp.com\/www.robertosedda.it\/wp-content\/uploads\/2016\/02\/Enrico-Bonavera.jpg?resize=510%2C722&amp;ssl=1 510w, https:\/\/i0.wp.com\/www.robertosedda.it\/wp-content\/uploads\/2016\/02\/Enrico-Bonavera.jpg?resize=106%2C150&amp;ssl=1 106w, https:\/\/i0.wp.com\/www.robertosedda.it\/wp-content\/uploads\/2016\/02\/Enrico-Bonavera.jpg?resize=212%2C300&amp;ssl=1 212w, https:\/\/i0.wp.com\/www.robertosedda.it\/wp-content\/uploads\/2016\/02\/Enrico-Bonavera.jpg?resize=768%2C1087&amp;ssl=1 768w, https:\/\/i0.wp.com\/www.robertosedda.it\/wp-content\/uploads\/2016\/02\/Enrico-Bonavera.jpg?resize=700%2C990&amp;ssl=1 700w, https:\/\/i0.wp.com\/www.robertosedda.it\/wp-content\/uploads\/2016\/02\/Enrico-Bonavera.jpg?w=1774&amp;ssl=1 1774w, https:\/\/i0.wp.com\/www.robertosedda.it\/wp-content\/uploads\/2016\/02\/Enrico-Bonavera.jpg?w=1600 1600w\" sizes=\"(max-width: 510px) 100vw, 510px\" data-recalc-dims=\"1\" \/><\/p>\n","protected":false},"excerpt":{"rendered":"<p>http:\/\/www.radiokalaritana.it\/audio\/LIB-S04E16-La_commedia_de_arte-20160114.mp3 La commedia dell&#8217;arte \u00c8 un po&#8217; che non riepilogo qui sul\u00a0blog le varie puntate di Oggi parliamo di libri.<\/p>\n","protected":false},"author":1,"featured_media":11591,"comment_status":"open","ping_status":"open","sticky":false,"template":"","format":"standard","meta":{"_mi_skip_tracking":false,"_monsterinsights_sitenote_active":false,"_monsterinsights_sitenote_note":"","_monsterinsights_sitenote_category":0,"jetpack_post_was_ever_published":false,"_jetpack_newsletter_access":"","jetpack_publicize_message":"","jetpack_is_tweetstorm":false,"jetpack_publicize_feature_enabled":true,"jetpack_social_post_already_shared":true,"jetpack_social_options":{"image_generator_settings":{"template":"highway","enabled":false}}},"categories":[52,56,13,101,12],"tags":[],"jetpack_publicize_connections":[],"jetpack_featured_media_url":"https:\/\/i0.wp.com\/www.robertosedda.it\/wp-content\/uploads\/2016\/02\/Enrico-Bonavera.jpg?fit=1774%2C2510&ssl=1","jetpack_sharing_enabled":true,"jetpack_shortlink":"https:\/\/wp.me\/p4jV2T-30W","jetpack_likes_enabled":true,"jetpack-related-posts":[{"id":11710,"url":"https:\/\/www.robertosedda.it\/?p=11710","url_meta":{"origin":11590,"position":0},"title":"Il Re Cervo a Oggi parliamo di libri","author":"Rufus","date":"22\/03\/2016","format":false,"excerpt":"La settimana scorsa ho pubblicato qui sul sito le puntate di\u00a0Oggi parliamo di libri dedicate a Corneille e Racine; la vicinanza cronologica di questi due autori con Moli\u00e8re deve avermi confuso, perch\u00e9 non mi sono accorto che facendoli succedere immediatamente al Tartufo\u00a0saltavo due puntate intermedie, quelle nelle quali avevo proseguito\u2026","rel":"","context":"In &quot;Coordinate&quot;","block_context":{"text":"Coordinate","link":"https:\/\/www.robertosedda.it\/?cat=52"},"img":{"alt_text":"","src":"https:\/\/i0.wp.com\/www.robertosedda.it\/wp-content\/uploads\/2016\/03\/Re-Cervo.jpg?fit=720%2C618&ssl=1&resize=350%2C200","width":350,"height":200,"srcset":"https:\/\/i0.wp.com\/www.robertosedda.it\/wp-content\/uploads\/2016\/03\/Re-Cervo.jpg?fit=720%2C618&ssl=1&resize=350%2C200 1x, https:\/\/i0.wp.com\/www.robertosedda.it\/wp-content\/uploads\/2016\/03\/Re-Cervo.jpg?fit=720%2C618&ssl=1&resize=700%2C400 2x"},"classes":[]},{"id":2209,"url":"https:\/\/www.robertosedda.it\/?p=2209","url_meta":{"origin":11590,"position":1},"title":"La puntata su Harry Potter","author":"Rufus","date":"12\/02\/2013","format":false,"excerpt":"Ho caricato oggi la puntata di Oggi parliamo di libri dedicata ad Harry Potter (andata in onda il 3 gennaio 2013)\u00a0. Non sono io quello pi\u00f9 in grado, ovviamente, di valutare la qualit\u00e0 della puntata, per\u00f2 devo dire che mi sono molto divertito a farla (una della volte che mi\u2026","rel":"","context":"In &quot;Coordinate&quot;","block_context":{"text":"Coordinate","link":"https:\/\/www.robertosedda.it\/?cat=52"},"img":{"alt_text":"","src":"https:\/\/i0.wp.com\/www.robertosedda.it\/wp-content\/uploads\/2018\/03\/Harry-Potter.jpg?fit=1200%2C824&ssl=1&resize=350%2C200","width":350,"height":200,"srcset":"https:\/\/i0.wp.com\/www.robertosedda.it\/wp-content\/uploads\/2018\/03\/Harry-Potter.jpg?fit=1200%2C824&ssl=1&resize=350%2C200 1x, https:\/\/i0.wp.com\/www.robertosedda.it\/wp-content\/uploads\/2018\/03\/Harry-Potter.jpg?fit=1200%2C824&ssl=1&resize=700%2C400 2x, https:\/\/i0.wp.com\/www.robertosedda.it\/wp-content\/uploads\/2018\/03\/Harry-Potter.jpg?fit=1200%2C824&ssl=1&resize=1050%2C600 3x"},"classes":[]},{"id":12472,"url":"https:\/\/www.robertosedda.it\/?p=12472","url_meta":{"origin":11590,"position":2},"title":"Cos\u00ec fin\u00ec Oggi parliamo di libri","author":"Rufus","date":"06\/09\/2016","format":false,"excerpt":"Trovate qui sotto l'ultima puntata della stagione 2015\/2016 di\u00a0Oggi parliamo di libri, dedicata a\u00a0Liol\u00e0\u00a0di Pirandello: si tratta anche dell'ultima puntata in generale della trasmissione, perch\u00e9 per l'anno prossimo mi piacerebbe molto che venisse accettata la mia proposta di parlare di giochi\u00a0(se si parte si parte ad ottobre, ma mi pare\u2026","rel":"","context":"In &quot;Coordinate&quot;","block_context":{"text":"Coordinate","link":"https:\/\/www.robertosedda.it\/?cat=52"},"img":{"alt_text":"","src":"https:\/\/i0.wp.com\/www.robertosedda.it\/wp-content\/uploads\/2016\/09\/Oggi-parliamo-di-libri-1.jpg?fit=480%2C360&ssl=1&resize=350%2C200","width":350,"height":200},"classes":[]},{"id":8315,"url":"https:\/\/www.robertosedda.it\/?p=8315","url_meta":{"origin":11590,"position":3},"title":"Riparte &#8220;Oggi parliamo di libri&#8221;","author":"Rufus","date":"03\/09\/2014","format":false,"excerpt":"EDIT: scopro dalla redazione che ho fatto casino e che ripartiamo l'11 settembre. Ehm. Aggiorno. Domani gioved\u00ec 4 settembre\u00a0L'11 settembre torno in onda con Oggi parliamo di libri, la trasmissione di Radio Kalaritana nella quale, immagina un po'?, parlo di libri. Volete sapere: l'orario? Ogni gioved\u00ec alle 19.10 e in\u2026","rel":"","context":"In &quot;Coordinate&quot;","block_context":{"text":"Coordinate","link":"https:\/\/www.robertosedda.it\/?cat=52"},"img":{"alt_text":"","src":"https:\/\/i0.wp.com\/www.robertosedda.it\/wp-content\/uploads\/2014\/09\/Diapositiva10.jpg?fit=960%2C720&ssl=1&resize=350%2C200","width":350,"height":200,"srcset":"https:\/\/i0.wp.com\/www.robertosedda.it\/wp-content\/uploads\/2014\/09\/Diapositiva10.jpg?fit=960%2C720&ssl=1&resize=350%2C200 1x, https:\/\/i0.wp.com\/www.robertosedda.it\/wp-content\/uploads\/2014\/09\/Diapositiva10.jpg?fit=960%2C720&ssl=1&resize=700%2C400 2x"},"classes":[]},{"id":2512,"url":"https:\/\/www.robertosedda.it\/?p=2512","url_meta":{"origin":11590,"position":4},"title":"La storia infinita a &#8220;Oggi parliamo di libri&#8221;","author":"Rufus","date":"10\/03\/2013","format":"video","excerpt":"Ho pubblicato oggi la puntata di Oggi parliamo di libri dedicata a La storia infinita. Questa era la puntata del 21 febbraio, quindi ho quasi smaltito l'arretrato: presto sar\u00f2 in grado di pubblicare le puntate volta per volta (e voi non sarete pi\u00f9 subissati di post con le registrazioni). Sono\u2026","rel":"","context":"In &quot;Coordinate&quot;","block_context":{"text":"Coordinate","link":"https:\/\/www.robertosedda.it\/?cat=52"},"img":{"alt_text":"","src":"https:\/\/i0.wp.com\/img.youtube.com\/vi\/JBrr-FbFUew\/0.jpg?resize=350%2C200","width":350,"height":200},"classes":[]},{"id":10009,"url":"https:\/\/www.robertosedda.it\/?p=10009","url_meta":{"origin":11590,"position":5},"title":"Di nuovo sulla &#8220;Gerusalemme liberata&#8221;","author":"Rufus","date":"21\/04\/2015","format":"video","excerpt":"Della\u00a0Gerusalemme liberata ho gi\u00e0 parlato pi\u00f9 o meno un anno e mezzo fa, quindi oggi mi limito a segnalare che ho messo in linea la puntata che ho dedicato al poema su\u00a0Oggi parliamo di libri e a invitarvi all'ascolto, oltre che della puntata, della pausa musicale con la strepitosa Mahalia\u2026","rel":"","context":"In &quot;Coordinate&quot;","block_context":{"text":"Coordinate","link":"https:\/\/www.robertosedda.it\/?cat=52"},"img":{"alt_text":"","src":"https:\/\/i0.wp.com\/img.youtube.com\/vi\/gPZuWzZvoYQ\/0.jpg?resize=350%2C200","width":350,"height":200},"classes":[]}],"_links":{"self":[{"href":"https:\/\/www.robertosedda.it\/index.php?rest_route=\/wp\/v2\/posts\/11590"}],"collection":[{"href":"https:\/\/www.robertosedda.it\/index.php?rest_route=\/wp\/v2\/posts"}],"about":[{"href":"https:\/\/www.robertosedda.it\/index.php?rest_route=\/wp\/v2\/types\/post"}],"author":[{"embeddable":true,"href":"https:\/\/www.robertosedda.it\/index.php?rest_route=\/wp\/v2\/users\/1"}],"replies":[{"embeddable":true,"href":"https:\/\/www.robertosedda.it\/index.php?rest_route=%2Fwp%2Fv2%2Fcomments&post=11590"}],"version-history":[{"count":2,"href":"https:\/\/www.robertosedda.it\/index.php?rest_route=\/wp\/v2\/posts\/11590\/revisions"}],"predecessor-version":[{"id":19208,"href":"https:\/\/www.robertosedda.it\/index.php?rest_route=\/wp\/v2\/posts\/11590\/revisions\/19208"}],"wp:featuredmedia":[{"embeddable":true,"href":"https:\/\/www.robertosedda.it\/index.php?rest_route=\/wp\/v2\/media\/11591"}],"wp:attachment":[{"href":"https:\/\/www.robertosedda.it\/index.php?rest_route=%2Fwp%2Fv2%2Fmedia&parent=11590"}],"wp:term":[{"taxonomy":"category","embeddable":true,"href":"https:\/\/www.robertosedda.it\/index.php?rest_route=%2Fwp%2Fv2%2Fcategories&post=11590"},{"taxonomy":"post_tag","embeddable":true,"href":"https:\/\/www.robertosedda.it\/index.php?rest_route=%2Fwp%2Fv2%2Ftags&post=11590"}],"curies":[{"name":"wp","href":"https:\/\/api.w.org\/{rel}","templated":true}]}}