{"id":11538,"date":"2016-02-09T17:30:15","date_gmt":"2016-02-09T16:30:15","guid":{"rendered":"http:\/\/www.robertosedda.it\/?p=11538"},"modified":"2016-02-11T12:19:49","modified_gmt":"2016-02-11T11:19:49","slug":"e-intanto-la-polizia-brancola-nel-buio","status":"publish","type":"post","link":"https:\/\/www.robertosedda.it\/?p=11538","title":{"rendered":"E intanto la polizia brancola nel buio"},"content":{"rendered":"<p><img data-attachment-id=\"11540\" data-permalink=\"https:\/\/www.robertosedda.it\/?attachment_id=11540\" data-orig-file=\"https:\/\/i0.wp.com\/www.robertosedda.it\/wp-content\/uploads\/2016\/02\/crimine.jpg?fit=594%2C395&amp;ssl=1\" data-orig-size=\"594,395\" data-comments-opened=\"1\" data-image-meta=\"{&quot;aperture&quot;:&quot;0&quot;,&quot;credit&quot;:&quot;&quot;,&quot;camera&quot;:&quot;&quot;,&quot;caption&quot;:&quot;&quot;,&quot;created_timestamp&quot;:&quot;0&quot;,&quot;copyright&quot;:&quot;&quot;,&quot;focal_length&quot;:&quot;0&quot;,&quot;iso&quot;:&quot;0&quot;,&quot;shutter_speed&quot;:&quot;0&quot;,&quot;title&quot;:&quot;&quot;,&quot;orientation&quot;:&quot;0&quot;}\" data-image-title=\"crimine\" data-image-description=\"\" data-image-caption=\"\" data-medium-file=\"https:\/\/i0.wp.com\/www.robertosedda.it\/wp-content\/uploads\/2016\/02\/crimine.jpg?fit=300%2C199&amp;ssl=1\" data-large-file=\"https:\/\/i0.wp.com\/www.robertosedda.it\/wp-content\/uploads\/2016\/02\/crimine.jpg?fit=510%2C339&amp;ssl=1\" decoding=\"async\" loading=\"lazy\" class=\"aligncenter size-full wp-image-11540\" src=\"https:\/\/i0.wp.com\/www.robertosedda.it\/wp-content\/uploads\/2016\/02\/crimine.jpg?resize=594%2C395\" alt=\"crimine\" width=\"594\" height=\"395\" srcset=\"https:\/\/i0.wp.com\/www.robertosedda.it\/wp-content\/uploads\/2016\/02\/crimine.jpg?w=594&amp;ssl=1 594w, https:\/\/i0.wp.com\/www.robertosedda.it\/wp-content\/uploads\/2016\/02\/crimine.jpg?resize=150%2C100&amp;ssl=1 150w, https:\/\/i0.wp.com\/www.robertosedda.it\/wp-content\/uploads\/2016\/02\/crimine.jpg?resize=300%2C199&amp;ssl=1 300w, https:\/\/i0.wp.com\/www.robertosedda.it\/wp-content\/uploads\/2016\/02\/crimine.jpg?resize=510%2C339&amp;ssl=1 510w\" sizes=\"(max-width: 594px) 100vw, 594px\" data-recalc-dims=\"1\" \/>L&#8217;altro giorno entro in un bar a prendere un caff\u00e8.<\/p>\n<p>Il barista \u00e8 giovane, atletico, anzi muscoloso.<\/p>\n<p>Subito dopo di me entra una coppia, salutano calorosamente il barista, evidentemente si conoscono bene. Sento\u00a0distrattamente qualche battuta sul fatto che la coppia questa estate ha gestito un locale.<\/p>\n<p>Insieme con un tizio di un quartiere preciso della citt\u00e0. Dicono al barista: \u00abLo conosci, no? Una volta che eravamo insieme tu l&#8217;hai salutato. \u00c8 quello l\u00ec, fa <em>body building<\/em>&#8230;\u00bb.<\/p>\n<p>Ci devono essere dei sottintesi, perch\u00e9 il barista nicchia: \u00ab\u00c8 amico di mie amiche, io quelli di quel giro li conosco tutti perch\u00e9 uscivo con quelle ragazze\u00bb. Poi per\u00f2 si sente in dovere di difendere la categoria: \u00abComunque quale\u00a0<em>body builder<\/em>. Si\u00a0<em>bomba<\/em>, \u00e8 uno che si\u00a0<em>bomba<\/em>, questo s\u00ec\u00bb.<\/p>\n<p>Certo, concordano gli altri, un pallone gonfiato, anzi\u00a0<em>bombato<\/em>. \u00c8 tutta acqua, non sono mica muscoli.<\/p>\n<p>Comunque il barista prudentemente torna a bom&#8230; scusate, torna all&#8217;argomento originario: \u00abE com&#8217;\u00e8 andata col locale?\u00bb.<\/p>\n<p>Insomma, cos\u00ec cos\u00ec, parrebbe. Bene con la clientela, ma c&#8217;era gente che gli ha messo i bastoni fra le ruote in tutti i modi. Non li volevano. E poi quello l\u00ec che si\u00a0<em>bomba<\/em>, quello l\u00ec voleva il locale.<\/p>\n<p>\u00abHa fatto anche cose dure, capito?\u00bb, fa l&#8217;uomo della coppia. \u00abSiamo arrivati all&#8217;estorsione, al ricatto. Mi aveva filmato con una ragazza e mi minacciava di dire tutto a lei\u00bb, indica la compagna.<\/p>\n<p>\u00abGi\u00e0\u00bb, chiosa lei, \u00abstavamo per divorziare per colpa di quello, ti rendi conto?\u00bb.<\/p>\n<p>Io non so bene dove mettermi. Sono incerto fra cercare di\u00a0farmi notare per pagare e andarmene o farmi piccolo per non ricordargli che ci sono.<\/p>\n<p>\u00abCerto\u00bb, fa l&#8217;uomo, \u00abper fortuna ci siamo parlati, ci siamo voluti chiarire&#8230;\u00bb.<\/p>\n<p><em>Tsk tsk<\/em>, fa cenno il barista.<\/p>\n<p>\u00abPerch\u00e9 quello l\u00ec si\u00a0<em>bomba<\/em> per fare paura, per essere grosso e fare paura. Ma paura a chi? Adesso che siamo tornati lo sto cercando per tutta la citt\u00e0: se lo trovo lo ammazzo.\u00a0Se gli metto le mani addosso glielo faccio vedere io a cosa serve essere <em>bombato<\/em>. Lo ammazzo. A proposito, tu l&#8217;hai visto?\u00bb.<\/p>\n<p>La moglie chiede: \u00abLo vuoi un cioccolatino dopo il caff\u00e8?\u00bb<\/p>\n<p>Io, nel frattempo, pago e esco.<\/p>\n<p>***<\/p>\n<p>Sull&#8217;autobus c&#8217;\u00e8 una bella ragazza, vistosa, magari un po&#8217; volgarotta, con i\u00a0<em>panta<\/em> aderentissimi.<\/p>\n<p>Parla al telefono. A voce altissima.<\/p>\n<p>Ci informa per filo e per segno di un mascalzone. L&#8217;ha tradita molte volte, lei cretina c&#8217;\u00e8 sempre ricascata. Poi le ha anche fregato dei soldi. E di nuovo l&#8217;ha tradita.<\/p>\n<p>E per\u00f2 a un certo punto ne ha avuto abbastanza.<\/p>\n<p>Una notte, alle tre di notte, ha preso un martello, ha chiamato un taxi, si \u00e8 fatta portare a due isolati da casa di lui&#8230;<\/p>\n<p>&#8230; perch\u00e9 lei non \u00e8 mica scema&#8230;<\/p>\n<p>&#8230; \u00e8 andata sotto casa di lui, gli ha spaccato i finestrini e i fari, gli ha rigato le portiere, poi ha fatto un pezzo a piedi e ha chiamato un altro taxi.<\/p>\n<p>Perch\u00e9 lei \u00e8 una criminale esperta, sembrerebbe voler dire. Non \u00e8 mica scema, non chiama mica un taxi proprio dove ha appena sfasciato una macchina. Va pi\u00f9 lontano.<\/p>\n<p>Lo racconta, a voce altissima, sull&#8217;autobus.<\/p>\n","protected":false},"excerpt":{"rendered":"<p>L&#8217;altro giorno entro in un bar a prendere un caff\u00e8. Il barista \u00e8 giovane, atletico, anzi muscoloso. Subito dopo di<\/p>\n","protected":false},"author":1,"featured_media":11540,"comment_status":"open","ping_status":"open","sticky":false,"template":"","format":"standard","meta":{"_mi_skip_tracking":false,"_monsterinsights_sitenote_active":false,"_monsterinsights_sitenote_note":"","_monsterinsights_sitenote_category":0,"jetpack_post_was_ever_published":false,"_jetpack_newsletter_access":"","jetpack_publicize_message":"","jetpack_is_tweetstorm":false,"jetpack_publicize_feature_enabled":true,"jetpack_social_post_already_shared":true,"jetpack_social_options":{"image_generator_settings":{"template":"highway","enabled":false}}},"categories":[52,56,18,61,16],"tags":[],"jetpack_publicize_connections":[],"jetpack_featured_media_url":"https:\/\/i0.wp.com\/www.robertosedda.it\/wp-content\/uploads\/2016\/02\/crimine.jpg?fit=594%2C395&ssl=1","jetpack_sharing_enabled":true,"jetpack_shortlink":"https:\/\/wp.me\/p4jV2T-306","jetpack_likes_enabled":true,"jetpack-related-posts":[{"id":673,"url":"https:\/\/www.robertosedda.it\/?p=673","url_meta":{"origin":11538,"position":0},"title":"Da Londra","author":"Rufus","date":"23\/08\/2012","format":false,"excerpt":"Carissimi durante il fine settimana a Londra con Maria Bonaria alcune delle cose che abbiamo fatto o visto mi hanno suggerito dei pensieri \"lapirici\" che finalmente, adesso che ho un po' di tempo, vi rigiro. Non \u00e8 quindi un resoconto di cosa abbiamo mangiato o cosa abbiamo visto, ma due\u2026","rel":"","context":"In &quot;Coordinate&quot;","block_context":{"text":"Coordinate","link":"https:\/\/www.robertosedda.it\/?cat=52"},"img":{"alt_text":"","src":"","width":0,"height":0},"classes":[]},{"id":9685,"url":"https:\/\/www.robertosedda.it\/?p=9685","url_meta":{"origin":11538,"position":1},"title":"La cavalleria \u00e8 morta","author":"Rufus","date":"26\/02\/2015","format":false,"excerpt":"Mercoled\u00ec della settimana scorsa sono stato a Roma per una riunione di Banca Etica. Casualmente ho viaggiato con RyanAir e altrettanto casualmente sono rimasto impigliato nei controlli di sicurezza e sono arrivato al gate fra gli ultimi. Poco avanti a me una ragazza con un trolley piuttosto voluminoso, del quale\u2026","rel":"","context":"In &quot;Coordinate&quot;","block_context":{"text":"Coordinate","link":"https:\/\/www.robertosedda.it\/?cat=52"},"img":{"alt_text":"","src":"https:\/\/i0.wp.com\/www.robertosedda.it\/wp-content\/uploads\/2015\/02\/Fatina-buona.jpg?fit=640%2C480&ssl=1&resize=350%2C200","width":350,"height":200},"classes":[]},{"id":1047,"url":"https:\/\/www.robertosedda.it\/?p=1047","url_meta":{"origin":11538,"position":2},"title":"Il blues dell&#8217;aeroporto","author":"Rufus","date":"16\/10\/2012","format":false,"excerpt":"Mi aggiro per Fiumicino. A un certo punto entro in un negozio che vende accessori per iPhone, cellulari, tablet: custodie, caricabatterie eccetera. Cartelle da viaggio, custodie per computer, cose cos\u00ec. Ci sono un padre e un figlio che esaminano con aria critica i prezzi della roba per iPhone. Il figlio,\u2026","rel":"","context":"In &quot;Coordinate&quot;","block_context":{"text":"Coordinate","link":"https:\/\/www.robertosedda.it\/?cat=52"},"img":{"alt_text":"","src":"","width":0,"height":0},"classes":[]},{"id":8570,"url":"https:\/\/www.robertosedda.it\/?p=8570","url_meta":{"origin":11538,"position":3},"title":"Cose che capitano a teatro","author":"Rufus","date":"06\/10\/2014","format":false,"excerpt":"Venerd\u00ec sono andato a teatro con Maria Bonaria a vedere uno spettacolo gratuito, Canzoni senza terra di e con Enrico Bonavera. \u00c8 stato molto divertente, Bonavera molto bravo e il tutto mi ha ricordato un vecchissimo spettacolo con Maurizio Micheli, Mi voleva Strehler, che a suo tempo mi era piaciuto\u2026","rel":"","context":"In &quot;Coordinate&quot;","block_context":{"text":"Coordinate","link":"https:\/\/www.robertosedda.it\/?cat=52"},"img":{"alt_text":"","src":"https:\/\/i0.wp.com\/www.robertosedda.it\/wp-content\/uploads\/2014\/10\/cajka_teatri-di-mare.jpg?fit=436%2C230&ssl=1&resize=350%2C200","width":350,"height":200},"classes":[]},{"id":2369,"url":"https:\/\/www.robertosedda.it\/?p=2369","url_meta":{"origin":11538,"position":4},"title":"Maschi, politica, donne e fucili","author":"Rufus","date":"27\/02\/2013","format":false,"excerpt":"Al chiosco del caff\u00e9 una delle conversazioni pi\u00f9 cicliche a cui mi sia capitato di assistere. Tre giovanotti, studenti di Giurisprudenza.\u00a0 Discutono di elezioni. Prima parlano male del candidato Cinque Stelle di Cagliari (immagino Roberto Cotti) che in piazza dei Centomila ha proposto di chiudere immediatamente la Saras: non \u00e8\u2026","rel":"","context":"In &quot;Coordinate&quot;","block_context":{"text":"Coordinate","link":"https:\/\/www.robertosedda.it\/?cat=52"},"img":{"alt_text":"","src":"","width":0,"height":0},"classes":[]},{"id":5863,"url":"https:\/\/www.robertosedda.it\/?p=5863","url_meta":{"origin":11538,"position":5},"title":"Solo posti in piedi al MAMbo di Bologna","author":"Rufus","date":"16\/01\/2014","format":false,"excerpt":"Dei vantaggi comparati di diverse citt\u00e0 Uno dei vantaggi meno noti che una citt\u00e0 come Bologna ha nei confronti di altri centri urbani pi\u00f9 sfortunati \u00e8 il fatto che, essendo la sigla della provincia una bella sillaba piena e roBOante, si presta bene a essere inserita in tutta una serie\u2026","rel":"","context":"In &quot;Coordinate&quot;","block_context":{"text":"Coordinate","link":"https:\/\/www.robertosedda.it\/?cat=52"},"img":{"alt_text":"","src":"https:\/\/i0.wp.com\/www.robertosedda.it\/wp-content\/uploads\/2014\/01\/Il-lamento-dellora.jpg?fit=915%2C1200&ssl=1&resize=350%2C200","width":350,"height":200,"srcset":"https:\/\/i0.wp.com\/www.robertosedda.it\/wp-content\/uploads\/2014\/01\/Il-lamento-dellora.jpg?fit=915%2C1200&ssl=1&resize=350%2C200 1x, https:\/\/i0.wp.com\/www.robertosedda.it\/wp-content\/uploads\/2014\/01\/Il-lamento-dellora.jpg?fit=915%2C1200&ssl=1&resize=700%2C400 2x"},"classes":[]}],"_links":{"self":[{"href":"https:\/\/www.robertosedda.it\/index.php?rest_route=\/wp\/v2\/posts\/11538"}],"collection":[{"href":"https:\/\/www.robertosedda.it\/index.php?rest_route=\/wp\/v2\/posts"}],"about":[{"href":"https:\/\/www.robertosedda.it\/index.php?rest_route=\/wp\/v2\/types\/post"}],"author":[{"embeddable":true,"href":"https:\/\/www.robertosedda.it\/index.php?rest_route=\/wp\/v2\/users\/1"}],"replies":[{"embeddable":true,"href":"https:\/\/www.robertosedda.it\/index.php?rest_route=%2Fwp%2Fv2%2Fcomments&post=11538"}],"version-history":[{"count":2,"href":"https:\/\/www.robertosedda.it\/index.php?rest_route=\/wp\/v2\/posts\/11538\/revisions"}],"predecessor-version":[{"id":11541,"href":"https:\/\/www.robertosedda.it\/index.php?rest_route=\/wp\/v2\/posts\/11538\/revisions\/11541"}],"wp:featuredmedia":[{"embeddable":true,"href":"https:\/\/www.robertosedda.it\/index.php?rest_route=\/wp\/v2\/media\/11540"}],"wp:attachment":[{"href":"https:\/\/www.robertosedda.it\/index.php?rest_route=%2Fwp%2Fv2%2Fmedia&parent=11538"}],"wp:term":[{"taxonomy":"category","embeddable":true,"href":"https:\/\/www.robertosedda.it\/index.php?rest_route=%2Fwp%2Fv2%2Fcategories&post=11538"},{"taxonomy":"post_tag","embeddable":true,"href":"https:\/\/www.robertosedda.it\/index.php?rest_route=%2Fwp%2Fv2%2Ftags&post=11538"}],"curies":[{"name":"wp","href":"https:\/\/api.w.org\/{rel}","templated":true}]}}