{"id":1149,"date":"2013-01-31T16:05:18","date_gmt":"2013-01-31T15:05:18","guid":{"rendered":"http:\/\/www.robertosedda.it\/?p=1149"},"modified":"2015-02-03T11:12:43","modified_gmt":"2015-02-03T10:12:43","slug":"a-montecitorio","status":"publish","type":"post","link":"https:\/\/www.robertosedda.it\/?p=1149","title":{"rendered":"A Montecitorio"},"content":{"rendered":"<p>Questo rivangare nei ricordi risale a tre anni fa, sulla lista del gruppo La Pira: l&#8217;ho trovata un po&#8217; perch\u00e9 recentemente mi \u00e8 capitato di pensare alle mie vecchie esperienze da obiettore, un po&#8217; perch\u00e9 Banca Etica si avvicina di nuovo all&#8217;Assemblea, un po&#8217; perch\u00e9 cercavo altra roba sull&#8217;<em>hard disk<\/em>. La ripubblico perch\u00e9 comunque \u00e8 in tema con alcune altre cose, e poi perch\u00e9 il finale, ancora a distanza di tre anni, mi ha fatto ridere.<\/p>\n<p>***<\/p>\n<p>Era la primavera dell&#8217;87, credo. Io e Mauro Scano, tutti e due obiettori della Caritas di Cagliari, stavamo seduti con una trentina di altri ragazzotti pacifisti nell&#8217;ufficio centrale della Caritas, davanti alla Basilica di San Paolo. In piedi, con l&#8217;aria molto carismatica, don Bruno Frediani ci disse papale papale che era impossibile che la Caritas appoggiasse la campagna nazionale per ridurre la durata del servizio civile equiparandola a quella del servizio militare. \u00abSe lo facessimo\u00bb, disse, \u00abSpadolini ha minacciato di far saltare la firma del Concordato\u00bb. Roberto Falciola, massimo esperto vivente della vita di Alberto Marvelli e futuro vicepresidente nazionale dei giovani di AC, che tutti riconoscevamo come <em>leader<\/em> degli obiettori Caritas, fece un sospiro disilluso. Sono sicuro che mentalmente fece alcune considerazioni su Frediani, ma Roberto era un gentiluomo e non disse niente.<\/p>\n<p>Alla fine della riunione io e Mauro Scano ci alzammo, uscimmo e, alla prima cabina telefonica, chiamammo Giovanni Berlinguer per un consiglio, che ricevemmo. Riattaccammo e andammo difilato a Montecitorio, dove il segretario di Edo Ronchi, allora semi-sconosciuto deputato verde, era il segretario della LOC, la lega nazionale degli obiettori di coscienza &#8211; e un amico.<\/p>\n<p>Io ero vestito in giacca e cravatta, non il modo migliore di vestire per chi viaggia in nave, con un orrendo panciotto cammello che \u00e8 sempre piaciuto molto al mio amico Giuseppe Puddu, per motivi incomprensibili; Mauro aveva il chiodo e la <em>kefiah.<\/em> Giuseppe, che ci aveva raggiunto, era vestito un po&#8217; da paninaro. I commessi di Montecitorio ci guardarono male ma non sollevarono obiezioni su nessuno di noi.<\/p>\n<p>Montecitorio ci apparve un labirinto. Nella nostra ingenuit\u00e0 credevamo si entrasse dalla porta principale: in realt\u00e0 uffici, sedi e sale sono sparsi su diversi isolati, collegati da un intrico di gallerie, sottopassaggi, cortili, quindi facemmo dei bei giri. Era sporco e fumoso (nei miei ricordi tutti gli anni &#8217;80 sono sempre sporchi e fumosi), e lo scenario della nostra piccola congiura fu una saletta del gruppo Verde, con gente che passava da tutte le parti. La LOC fece uscire un velenoso comunicato stampa, Ronchi fece, credo, una interrogazione parlamentare, Spadolini sment\u00ec senza troppa convinzione, la Caritas sment\u00ec con <em>molta<\/em> indignazione, e la vicenda della durata del Servizio Civile fece l&#8217;ennesimo giro di valzer &#8211; di fatto, venne risolta non in via politica ma giudiziaria, da una sentenza epocale della Corte Costituzionale&#8230; ma quella \u00e8 un&#8217;altra storia.<\/p>\n<p>Essendo quindi stato a Montecitorio in quella occasione, confesso che il luogo non rappresentava per me nulla di speciale; \u00e8 stato quindi con una certa sorpresa che, annunciando in famiglia di dovere andare a un seminario di Banca Etica alla Sala delle Colonne della Camera, ho notato un&#8217;agitazione imprevista. Mia mamma si \u00e8 raccomandata che mi vestissi bene, mi rasassi e mi tagliassi i capelli; mia zia ha telefonato, prima per sapere se era vero e dopo per sapere come fosse andata&#8230; altri soggetti vari si sono raccomandati sul fatto che mi portassi la giacca e la cravatta. Io osservavo questa ansia con\u00a0una certa\u00a0incomprensione, come la volta che ho viaggiato a fianco a Pieraccioni in aereo. \u00abE com&#8217;\u00e8?\u00bb, mi chiedevano tutti. \u00abE come doveva essere? Uno cos\u00ec, uno normale&#8230;\u00bb, mi veniva da rispondere.<\/p>\n<p><em>Emb\u00e9<\/em>, mi sarebbe venuto voglia di dire, ma alle mamme e alle zie non ci si pu\u00f2 rivolgere cos\u00ec, no? Per\u00f2 l&#8217;enfasi un po&#8217; mi \u00e8 rimasta addosso, e la mia giornata romana di marted\u00ec alla fine \u00e8 rimasta molto segnata dalla curiosit\u00e0 di vedere come mi sentissi <em>a Montecitorio<\/em>, e che sensazioni provassi. Non dir\u00f2 che fosse il pensiero dominante, ma certo, fra un intervento del seminario e l&#8217;altro, un colloquio e l&#8217;altro (Banca Etica si avvicina all&#8217;Assemblea elettiva, per cui c&#8217;era molto da dire e da fare), insomma, ci sono stato attento.<\/p>\n<p>E quindi posso dirvi questo: quel che colpisce della Camera \u00e8 l&#8217;estremo formalismo. Anni fa l&#8217;avrei preso come segno dell&#8217;importanza del luogo (allo stesso modo dell&#8217;idea che non si parla a voce alta in chiesa), avant&#8217;ieri mi ha dato fastidio. Non \u00e8 tanto l&#8217;idea che alla Camera si possa entrare solo in giacca: \u00e8 l&#8217;eccesso, il fatto che il poliziotto di guardia che ti controlla i documenti sia vestito come un prefetto al culmine della carriera&#8230; infatti io, ingannato, ci ho imbastito una discussione &#8220;fra impiegati pubblici&#8221; sulla validit\u00e0 dei documenti d&#8217;identit\u00e0, per essere rapidamente rimbalzato su livelli pi\u00f9 adatti alla discussione a un posto di blocco (dove, come \u00e8 noto, NON ci si deve mettere MAI a discutere). Il formalismo \u00e8 persino imbarazzante: una povera addetta \u00e8 stata tutto il seminario vicino alla porta, con l&#8217;unica funzione di aprirla quando qualcuno doveva uscire: e, come in tutti i convegni, telefonini, andate in bagno e colloqui da fare al volo in corridoio hanno prodotto un via vai non da poco. E lei \u00e8 stata l\u00ec assai affaccendata, sebbene la porta avesse due belle maniglie e un ottimo sistema per evitare che sbattesse, dando fastidio. Altro esempio: a un certo momento, due persone del pubblico hanno fatto domande ai relatori, a voce, stando nelle loro sedie; istantaneamente un&#8217;altra commessa si \u00e8 precipitata nella saletta del <em>service<\/em> ed \u00e8 tornata con un microfono per gli interventi dal posto; compito inutile, perch\u00e9 la sala permetteva benissimo di sentirsi e nessuno ha richiesto il suo aiuto: ma lei \u00e8 rimasta l\u00e0, per tutto il resto del tempo, pronta.<\/p>\n<p>I luoghi, peraltro, sono bellissimi a livello commovente, molto pi\u00f9 belli di quanto sia funzionale: non so chi sia l&#8217;architetto che ha disegnato l&#8217;arredo della Sala delle Colonne, che d&#8217;altra parte era in quell&#8217;occasione, capiamoci, una saletta che viene affittata per conferenze, ma la sala era bellissima. Bellissima. Corridoi e retroscala, viceversa, per niente. E la sensazione \u00e8 che ci sia, dietro questi luoghi bellissimi, un universo di luoghi abbandonati, il cui senso si perde, luoghi di mezzo annidati negli interstizi. Fate voi, se volete, le necessarie equiparazioni: io non me la sento di spingermi fino a vedervi una metafora della politica o del potere, o, almeno, non me la sento del tutto.<\/p>\n<p>Per l&#8217;ultima delle mie impressioni, che come vedete sono abbastanza peculiari, devo raccontarvi che a un certo punto ho voluto andare in bagno. Mentre scendevo le scale mi sono chiesto (lo giuro!): \u00abE se adesso trovo i segni che qualcuno in bagno si \u00e8 fatto un <em>pistino<\/em> di cocaina?\u00bb. A parte il fatto che in realt\u00e0 non saprei identificare i segni di consimile attivit\u00e0 neanche se qualcuno me li sbattesse in faccia, ho avuto paura di me stesso: perch\u00e9 per quanto abituato a pesare le informazioni, evidentemente degli stereotipi passano e sedimentano in maniera inconsapevole. Il bagno comunque era confortevole sebbene niente di speciale; mentre sedevo l\u00ec, peraltro, ho notato una cosa che non avevo mai visto in nessun altro bagno: il sostegno per la carta igienica conteneva, allineati e perfetti, ben cinque rotoli.<\/p>\n<p>La ricerca che veniva presentata e che faceva da base al seminario \u00e8 pubblicata <a href=\"http:\/\/www.demos.it\/a00358.php\">qui<\/a>.<\/p>\n","protected":false},"excerpt":{"rendered":"<p>Questo rivangare nei ricordi risale a tre anni fa, sulla lista del gruppo La Pira: l&#8217;ho trovata un po&#8217; perch\u00e9<\/p>\n","protected":false},"author":1,"featured_media":0,"comment_status":"open","ping_status":"open","sticky":false,"template":"","format":"standard","meta":{"_mi_skip_tracking":false,"_monsterinsights_sitenote_active":false,"_monsterinsights_sitenote_note":"","_monsterinsights_sitenote_category":0,"jetpack_post_was_ever_published":false,"_jetpack_newsletter_access":"","jetpack_publicize_message":"","jetpack_is_tweetstorm":false,"jetpack_publicize_feature_enabled":true,"jetpack_social_post_already_shared":false,"jetpack_social_options":{"image_generator_settings":{"template":"highway","enabled":false}}},"categories":[83,52,56,17,16],"tags":[],"jetpack_publicize_connections":[],"jetpack_featured_media_url":"","jetpack_sharing_enabled":true,"jetpack_shortlink":"https:\/\/wp.me\/p4jV2T-ix","jetpack_likes_enabled":true,"jetpack-related-posts":[{"id":1805,"url":"https:\/\/www.robertosedda.it\/?p=1805","url_meta":{"origin":1149,"position":0},"title":"Due o tre cose che so sull&#8217;obiezione di coscienza","author":"Rufus","date":"04\/02\/2013","format":false,"excerpt":"Il post dell'altro giorno su Montecitorio e l'obiezione di coscienza \u00e8 legato al fatto che a fine dicembre \u00e8 stata esposta a Cagliari la Madonna di Nagasaki: in quell'occasione la Caritas ha organizzato un convegno per ricordare il trentennale della legge istitutiva del servizio civile. ll convegno \u00e8 stato un\u2026","rel":"","context":"In &quot;Biografie&quot;","block_context":{"text":"Biografie","link":"https:\/\/www.robertosedda.it\/?cat=83"},"img":{"alt_text":"","src":"https:\/\/i0.wp.com\/www.robertosedda.it\/wp-content\/uploads\/2013\/02\/189095_1008070813927_9322_n.jpg?fit=604%2C453&ssl=1&resize=350%2C200","width":350,"height":200},"classes":[]},{"id":19954,"url":"https:\/\/www.robertosedda.it\/?p=19954","url_meta":{"origin":1149,"position":1},"title":"Sfregi","author":"Rufus","date":"24\/02\/2023","format":false,"excerpt":"Repubblica equidistante Ho visto oggi en passant un certo stracciarsi le vesti (presumibilmente nere, sotto il doppiopetto gessato) per una manifestazione anarchica in favore di Cospito all'Altare della Patria. Il Tempo molto meno L'agitarsi di Crosetto e La Russa mi ha, come suol dirsi, sbloccato un ricordo, perch\u00e9 anch'io sono\u2026","rel":"","context":"In &quot;Coordinate&quot;","block_context":{"text":"Coordinate","link":"https:\/\/www.robertosedda.it\/?cat=52"},"img":{"alt_text":"","src":"https:\/\/i0.wp.com\/www.robertosedda.it\/wp-content\/uploads\/2023\/02\/Sfregio2.png?fit=802%2C656&ssl=1&resize=350%2C200","width":350,"height":200,"srcset":"https:\/\/i0.wp.com\/www.robertosedda.it\/wp-content\/uploads\/2023\/02\/Sfregio2.png?fit=802%2C656&ssl=1&resize=350%2C200 1x, https:\/\/i0.wp.com\/www.robertosedda.it\/wp-content\/uploads\/2023\/02\/Sfregio2.png?fit=802%2C656&ssl=1&resize=700%2C400 2x"},"classes":[]},{"id":20578,"url":"https:\/\/www.robertosedda.it\/?p=20578","url_meta":{"origin":1149,"position":2},"title":"Decisioni improvvise","author":"Rufus","date":"30\/04\/2025","format":false,"excerpt":"Lo scorso 25 aprile mi sono iscritto all'ANPI, devo dire: non so bene perch\u00e9. Nel senso: ci sono certamente pi\u00f9 e pi\u00f9 buone ragioni per iscriversi all'ANPI, tanto pi\u00f9 di questi tempi, per\u00f2 io non ci avevo mai pensato. Poi, alla manifestazione del 25 aprile ho incontrato un'amica carissima che\u2026","rel":"","context":"In &quot;Coordinate&quot;","block_context":{"text":"Coordinate","link":"https:\/\/www.robertosedda.it\/?cat=52"},"img":{"alt_text":"","src":"https:\/\/i0.wp.com\/www.robertosedda.it\/wp-content\/uploads\/2025\/04\/WhatsApp-Image-2025-04-30-at-12.24.57.jpeg?fit=923%2C1177&ssl=1&resize=350%2C200","width":350,"height":200,"srcset":"https:\/\/i0.wp.com\/www.robertosedda.it\/wp-content\/uploads\/2025\/04\/WhatsApp-Image-2025-04-30-at-12.24.57.jpeg?fit=923%2C1177&ssl=1&resize=350%2C200 1x, https:\/\/i0.wp.com\/www.robertosedda.it\/wp-content\/uploads\/2025\/04\/WhatsApp-Image-2025-04-30-at-12.24.57.jpeg?fit=923%2C1177&ssl=1&resize=700%2C400 2x"},"classes":[]},{"id":657,"url":"https:\/\/www.robertosedda.it\/?p=657","url_meta":{"origin":1149,"position":3},"title":"Non poteva funzionare","author":"Rufus","date":"23\/08\/2012","format":false,"excerpt":"Credo di avere sentito parlare per la prima volta di Banca Popolare Etica nell\u2019ottobre del 1995; un amico trasferitosi a Viterbo per studiare era entrato a far parte del GIT locale e ci segnal\u00f2 una presentazione pubblica che si doveva tenere a Cagliari. Mia moglie, che l\u2019ha sempre saputa molto\u2026","rel":"","context":"In &quot;Banche e finanza&quot;","block_context":{"text":"Banche e finanza","link":"https:\/\/www.robertosedda.it\/?cat=72"},"img":{"alt_text":"","src":"https:\/\/i0.wp.com\/www.robertosedda.it\/wp-content\/uploads\/2012\/08\/8930_1166680499070_1260200_n.jpg?fit=604%2C453&ssl=1&resize=350%2C200","width":350,"height":200},"classes":[]},{"id":14374,"url":"https:\/\/www.robertosedda.it\/?p=14374","url_meta":{"origin":1149,"position":4},"title":"Mendicare (e la Chiesa)","author":"Rufus","date":"28\/11\/2017","format":false,"excerpt":"Questa estate in Alto Adige sono andato in chiesa (a Malles) e ho trovato questo: Era la copertina di un volantino stampato dai Gesuiti di Innsbruck e poi fatto proprio dalla diocesi: una breve lettura molto interessante che raccomando (non vi preoccupate per il tedesco: \u00e8 bilingue). Dice cose tipo:\u2026","rel":"","context":"In &quot;Coordinate&quot;","block_context":{"text":"Coordinate","link":"https:\/\/www.robertosedda.it\/?cat=52"},"img":{"alt_text":"","src":"https:\/\/i0.wp.com\/www.robertosedda.it\/wp-content\/uploads\/2017\/11\/Noi-e-i-mendicanti.jpg?fit=1000%2C565&ssl=1&resize=350%2C200","width":350,"height":200,"srcset":"https:\/\/i0.wp.com\/www.robertosedda.it\/wp-content\/uploads\/2017\/11\/Noi-e-i-mendicanti.jpg?fit=1000%2C565&ssl=1&resize=350%2C200 1x, https:\/\/i0.wp.com\/www.robertosedda.it\/wp-content\/uploads\/2017\/11\/Noi-e-i-mendicanti.jpg?fit=1000%2C565&ssl=1&resize=700%2C400 2x"},"classes":[]},{"id":1056,"url":"https:\/\/www.robertosedda.it\/?p=1056","url_meta":{"origin":1149,"position":5},"title":"Storie di varia letteratura","author":"Rufus","date":"18\/10\/2012","format":false,"excerpt":"Ieri e avantieri mi sono ritrovato dentro una lunga discussione politico-letteraria su Liberos con niente po' po' di meno che Michela Murgia e Omar Onnis (fra gli altri) su un argomento che spaziava dalla letteratura al femminile alle quote rosa letterarie al fascismo, passando per Grazia Deledda. Non \u00e8 una\u2026","rel":"","context":"In &quot;Coordinate&quot;","block_context":{"text":"Coordinate","link":"https:\/\/www.robertosedda.it\/?cat=52"},"img":{"alt_text":"","src":"","width":0,"height":0},"classes":[]}],"_links":{"self":[{"href":"https:\/\/www.robertosedda.it\/index.php?rest_route=\/wp\/v2\/posts\/1149"}],"collection":[{"href":"https:\/\/www.robertosedda.it\/index.php?rest_route=\/wp\/v2\/posts"}],"about":[{"href":"https:\/\/www.robertosedda.it\/index.php?rest_route=\/wp\/v2\/types\/post"}],"author":[{"embeddable":true,"href":"https:\/\/www.robertosedda.it\/index.php?rest_route=\/wp\/v2\/users\/1"}],"replies":[{"embeddable":true,"href":"https:\/\/www.robertosedda.it\/index.php?rest_route=%2Fwp%2Fv2%2Fcomments&post=1149"}],"version-history":[{"count":14,"href":"https:\/\/www.robertosedda.it\/index.php?rest_route=\/wp\/v2\/posts\/1149\/revisions"}],"predecessor-version":[{"id":9531,"href":"https:\/\/www.robertosedda.it\/index.php?rest_route=\/wp\/v2\/posts\/1149\/revisions\/9531"}],"wp:attachment":[{"href":"https:\/\/www.robertosedda.it\/index.php?rest_route=%2Fwp%2Fv2%2Fmedia&parent=1149"}],"wp:term":[{"taxonomy":"category","embeddable":true,"href":"https:\/\/www.robertosedda.it\/index.php?rest_route=%2Fwp%2Fv2%2Fcategories&post=1149"},{"taxonomy":"post_tag","embeddable":true,"href":"https:\/\/www.robertosedda.it\/index.php?rest_route=%2Fwp%2Fv2%2Ftags&post=1149"}],"curies":[{"name":"wp","href":"https:\/\/api.w.org\/{rel}","templated":true}]}}