{"id":11229,"date":"2015-11-30T16:33:51","date_gmt":"2015-11-30T15:33:51","guid":{"rendered":"http:\/\/www.robertosedda.it\/?p=11229"},"modified":"2018-03-26T10:26:04","modified_gmt":"2018-03-26T08:26:04","slug":"la-verita-vi-fara-liberi","status":"publish","type":"post","link":"https:\/\/www.robertosedda.it\/?p=11229","title":{"rendered":"La verit\u00e0 vi far\u00e0 liberi"},"content":{"rendered":"<p><a href=\"https:\/\/i0.wp.com\/www.robertosedda.it\/wp-content\/uploads\/2015\/11\/Quattro-mori.png\"><img data-attachment-id=\"11230\" data-permalink=\"https:\/\/www.robertosedda.it\/?attachment_id=11230\" data-orig-file=\"https:\/\/i0.wp.com\/www.robertosedda.it\/wp-content\/uploads\/2015\/11\/Quattro-mori.png?fit=280%2C188&amp;ssl=1\" data-orig-size=\"280,188\" data-comments-opened=\"1\" data-image-meta=\"{&quot;aperture&quot;:&quot;0&quot;,&quot;credit&quot;:&quot;&quot;,&quot;camera&quot;:&quot;&quot;,&quot;caption&quot;:&quot;&quot;,&quot;created_timestamp&quot;:&quot;0&quot;,&quot;copyright&quot;:&quot;&quot;,&quot;focal_length&quot;:&quot;0&quot;,&quot;iso&quot;:&quot;0&quot;,&quot;shutter_speed&quot;:&quot;0&quot;,&quot;title&quot;:&quot;&quot;,&quot;orientation&quot;:&quot;0&quot;}\" data-image-title=\"Quattro mori\" data-image-description=\"\" data-image-caption=\"\" data-medium-file=\"https:\/\/i0.wp.com\/www.robertosedda.it\/wp-content\/uploads\/2015\/11\/Quattro-mori.png?fit=280%2C188&amp;ssl=1\" data-large-file=\"https:\/\/i0.wp.com\/www.robertosedda.it\/wp-content\/uploads\/2015\/11\/Quattro-mori.png?fit=280%2C188&amp;ssl=1\" decoding=\"async\" loading=\"lazy\" class=\"alignright size-full wp-image-11230\" src=\"https:\/\/i0.wp.com\/www.robertosedda.it\/wp-content\/uploads\/2015\/11\/Quattro-mori.png?resize=280%2C188\" alt=\"Quattro mori\" width=\"280\" height=\"188\" srcset=\"https:\/\/i0.wp.com\/www.robertosedda.it\/wp-content\/uploads\/2015\/11\/Quattro-mori.png?w=280&amp;ssl=1 280w, https:\/\/i0.wp.com\/www.robertosedda.it\/wp-content\/uploads\/2015\/11\/Quattro-mori.png?resize=150%2C101&amp;ssl=1 150w\" sizes=\"(max-width: 280px) 100vw, 280px\" data-recalc-dims=\"1\" \/><\/a>C&#8217;\u00e8 stato un tempo nel quale una parte del movimento indipendentista sardo ha lavorato seriamente a costituire e definire se stesso in maniera non-nazionalista (anche &#8220;non-molte-altre-cose&#8221;, ma questo adesso ci interessa meno).<\/p>\n<p>\u00c8 interessante notare come quella tendenza si sia andata via via perdendo: oggi i partiti e movimenti indipendentisti vanno dal &#8220;blandamente nazionalista&#8221; al &#8220;beceramente nazionalista&#8221; con tutta una serie di sfumature intermedie. Siccome, come diceva pi\u00f9 o meno Forrest Gump, nazionalista \u00e8 chi nazionalista fa, ne risulta spesso un restringimento del dibattito sulla Sardegna fino quasi all&#8217;asfissia, con la conseguenza di scacciarne tanta gente di buona volont\u00e0.<\/p>\n<p>Facciamo un esempio. Se io dicessi che, a mio parere, la Sardegna in quanto isola del Mediterraneo gode di una sufficiente identit\u00e0 e unicit\u00e0 <em>geografica<\/em> da suggerire che a questo debba corrispondere una unicit\u00e0 e identit\u00e0 statuale &#8211; detto in altri termini: siccome da qualunque parte ci giriamo ci sono almeno duecento chilometri di mare che ci separano da chiunque, inserirci in un sistema statuale con uno qualunque di questi chiunque crea delle tensioni ingovernabili e quindi ci dovremmo governare da soli.<\/p>\n<p>Oppure si potrebbe dire che costruire l&#8217;Europa sulla base dei grandi blocchi ottocenteschi non corrisponde pi\u00f9 alla realt\u00e0 del ventunesimo secolo, e che quindi il nuovo stato andrebbe costituito da blocchi pi\u00f9 piccoli, come la Sardegna, cosa che permetterebbe di approcciare il problema dell&#8217;identit\u00e0 europea in maniera pi\u00f9 efficace e pi\u00f9 rispondente all&#8217;enorme coacervo di territori e specificit\u00e0 che la compongono.<\/p>\n<p>Sono opinioni naturalmente del tutto discutibili, ma dal tono oggettivo e, non so se avete notato, non antagonista: non c&#8217;\u00e8 bisogno per discuterne di accampare cattivi d&#8217;occasione come il governo centralista, lo stato neocolonialista o &#8220;gli italiani&#8221;. Non si prestano cio\u00e8 alla polarizzazione delle opinioni che \u00e8 tanto comoda per creare movimenti di lotta e di governo dei quali mettersi opportunamente a capo.<\/p>\n<p>Ripeto: sono opinioni discutibili. Per esempio qualcuno potrebbe replicare che non \u00e8 proprio vero che ci sono duecento chilometri di mare da tutti i lati, che la Corsica \u00e8 piuttosto vicina e che c&#8217;\u00e8 un arcipelago di isole del Mediterraneo Occidentale che condividono, in forza dell&#8217;appartenenza allo stesso sistema geografico, sufficienti elementi da suggerire che debbano essere governate <em>insieme<\/em>. Lo Stato di Sardegna, Corsica e Baleari, che so. Oppure uno potrebbe pensare che le comunicazioni del ventunesimo secolo impongono di ragionare sulle geografie in modo diverso, e che occorrerebbe ragionare invece sui flussi internazionali di merci e persone. E si potrebbe anche discutere a lungo di Europa e dell&#8217;opportunit\u00e0 di starci dentro.<\/p>\n<p>Non ho un&#8217;opinione definita in materia: ho fatto degli esempi. La cosa interessante, per\u00f2, \u00e8 che si tratta sempre di argomentazioni per le quali si prova a fissare <em>prima<\/em> un dato oggettivo e <em>poi<\/em> a trarne le conseguenze, fino casomai al prospettare un esito indipendentista. \u00c8 il modo con il quale mi piacerebbe che si ragionasse.<\/p>\n<p>Invece il modo consueto con il quale procede il dibattito, di questi tempi, \u00e8 che <em>prima<\/em> si decide che si vuol essere indipendenti e <em>poi<\/em> si va alla caccia delle argomentazioni pi\u00f9 opportune.<\/p>\n<p>Talvolta, non trovandole, si fabbricano: la storia della Sardegna, per esempio, \u00e8 diventata non pi\u00f9 campo di ricerca scientifica ma campo di battaglia ideologico nel quale abili artigiani autodidatti costruiscono attrezzi utili alla lotta; \u00e8 vero che ogni storico \u00e8 sempre, ovviamente, condizionato dalle proprie appartenenze e credenze, ma almeno \u00e8 uno <em>storico<\/em>: il problema \u00e8 che oggi non si fa storia, si recitano dei <em>mantra<\/em>.<\/p>\n<p>Del resto la storia non \u00e8 l&#8217;unica cartina geografica sulla quale si cerca di piantare bandierine, come dimostrano le polemiche sui nomi da dare alle strade che girano in questi giorni: non hanno alcuna giustificazione se non l&#8217;ansia di costruire simbologie nazionaliste posticce sulle quali poi costruire, in un ricorso infinito, altre simbologie nazionaliste ancora pi\u00f9 posticce; per altro sono da tempo convinto che in Sardegna della lingua sarda interessi <em>davvero<\/em>, a livello culturale, a quattro gatti: tutti gli altri stanno sul campo perch\u00e9 gli interessa costruire identit\u00e0 &#8211; parliamo sardo <em>dunque<\/em> siamo sardi &#8211; e, appunto, abbigliarsi di simbologie potenti: il fiero popolo con la sua parlata, la sua radicale diversit\u00e0. In Catalogna ha funzionato, dicono, perch\u00e9 non da noi?<\/p>\n<p>Appena meno peggio sono i sardi di Pavlov, che di qualunque cosa si parli \u00e8 <em>sempre<\/em> colpa del fatto che non siamo indipendenti. <em>Qualunque<\/em> cosa.<\/p>\n<p>Lo so, mi scaldo. Del resto il nazionalismo ha sulla coscienza milioni di morti &#8211; altro che <em>libro nero del comunismo<\/em> &#8211; e interessanti esponenti al governo <em>oggi<\/em> in paesi come la Polonia o l&#8217;Ungheria, che fanno ballare la <em>rumba<\/em> ai loro governati, quindi io almeno questo alla Sardegna vorrei che venisse risparmiato.<\/p>\n<p>E c&#8217;\u00e8 un altro elemento sul quale riflettevo recentemente. Sta nel Vangelo di Giovanni, quando Ges\u00f9 dice ai Giudei:<\/p>\n<blockquote><p>La verit\u00e0 vi far\u00e0 liberi (Gv 8,32 ss)<\/p><\/blockquote>\n<p>Mi dicevo stamattina che credo che si possa tranquillamente usare il Vangelo per ammonire chi fa politica: <em>La verit\u00e0 vi far\u00e0 liberi<\/em>, <em>non c&#8217;\u00e8 vera liberazione se non c&#8217;\u00e8 verit\u00e0, qualunque liberazione ottenuta con la mistificazione degli argomenti e dei fatti non sar\u00e0 mai vera liberazione&#8230;<\/em><\/p>\n<p>Sono argomentazioni che la Chiesa ha sempre insegnato, varranno anche per gli indipendentisti.<\/p>\n<p>Poi sono andato a rivedermi il brano, prima di scrivere questo articolo, e ho scoperto che proprio nell&#8217;occasione i Giudei rispondono a Ges\u00f9:<\/p>\n<blockquote><p>Noi siamo discendenza di Abramo e non siamo mai stati schiavi di nessuno. Come puoi tu dire: Diventerete liberi? [&#8230;] Gli risposero: \u00abIl nostro padre \u00e8 Abramo\u00bb.<\/p><\/blockquote>\n<p>Orpo. Non \u00e8 una cosa che vale <em>anche <\/em> per i nazionalisti: parlava <em>proprio<\/em> con loro!<\/p>\n","protected":false},"excerpt":{"rendered":"<p>C&#8217;\u00e8 stato un tempo nel quale una parte del movimento indipendentista sardo ha lavorato seriamente a costituire e definire se<\/p>\n","protected":false},"author":1,"featured_media":11230,"comment_status":"open","ping_status":"open","sticky":false,"template":"","format":"standard","meta":{"_mi_skip_tracking":false,"_monsterinsights_sitenote_active":false,"_monsterinsights_sitenote_note":"","_monsterinsights_sitenote_category":0,"jetpack_post_was_ever_published":false,"_jetpack_newsletter_access":"","jetpack_publicize_message":"","jetpack_is_tweetstorm":false,"jetpack_publicize_feature_enabled":true,"jetpack_social_post_already_shared":true,"jetpack_social_options":{"image_generator_settings":{"template":"highway","enabled":false}}},"categories":[52,57,17,59,16],"tags":[],"jetpack_publicize_connections":[],"jetpack_featured_media_url":"https:\/\/i0.wp.com\/www.robertosedda.it\/wp-content\/uploads\/2015\/11\/Quattro-mori.png?fit=280%2C188&ssl=1","jetpack_sharing_enabled":true,"jetpack_shortlink":"https:\/\/wp.me\/p4jV2T-2V7","jetpack_likes_enabled":true,"jetpack-related-posts":[{"id":15971,"url":"https:\/\/www.robertosedda.it\/?p=15971","url_meta":{"origin":11229,"position":0},"title":"Credere o non credere","author":"Rufus","date":"11\/12\/2018","format":false,"excerpt":"I famosi nazionalisti russi filo-CocaCola Su\u00a0Esquire\u00a0un interessante articolo su un video che\u00a0sicuramente\u00a0avete visto anche voi e sulle guerre di propaganda al tempo della viralit\u00e0. L'unica conclusione possibile, dopo aver letto, \u00e8 che ci si deve rifugiare nell'agnosticismo, e rifiutarsi rigorosamente di prendere parte con gli uni o con gli altri\u2026","rel":"","context":"In &quot;Segnalazioni&quot;","block_context":{"text":"Segnalazioni","link":"https:\/\/www.robertosedda.it\/?cat=95"},"img":{"alt_text":"","src":"https:\/\/i0.wp.com\/www.robertosedda.it\/wp-content\/uploads\/2018\/12\/Dogvoyuk.jpg?fit=608%2C407&ssl=1&resize=350%2C200","width":350,"height":200},"classes":[]},{"id":14227,"url":"https:\/\/www.robertosedda.it\/?p=14227","url_meta":{"origin":11229,"position":1},"title":"Triste stato degli studi storici in Sardegna","author":"Rufus","date":"17\/10\/2017","format":false,"excerpt":"Veramente no, da quel che mi risulta gli studi storici seri, in Sardegna, godono di buona salute o, perlomeno, di una salute normale, come dappertutto (che, visto come vanno le cose nell'Universit\u00e0 italiana di questi tempi, potrebbe voler dire che sono in pericolo di vita). Per\u00f2 l'altro giorno l'ho pensato.\u2026","rel":"","context":"In &quot;Coordinate&quot;","block_context":{"text":"Coordinate","link":"https:\/\/www.robertosedda.it\/?cat=52"},"img":{"alt_text":"","src":"https:\/\/i0.wp.com\/www.robertosedda.it\/wp-content\/uploads\/2017\/10\/Ichnos.jpg?fit=1200%2C675&ssl=1&resize=350%2C200","width":350,"height":200,"srcset":"https:\/\/i0.wp.com\/www.robertosedda.it\/wp-content\/uploads\/2017\/10\/Ichnos.jpg?fit=1200%2C675&ssl=1&resize=350%2C200 1x, https:\/\/i0.wp.com\/www.robertosedda.it\/wp-content\/uploads\/2017\/10\/Ichnos.jpg?fit=1200%2C675&ssl=1&resize=700%2C400 2x, https:\/\/i0.wp.com\/www.robertosedda.it\/wp-content\/uploads\/2017\/10\/Ichnos.jpg?fit=1200%2C675&ssl=1&resize=1050%2C600 3x"},"classes":[]},{"id":14266,"url":"https:\/\/www.robertosedda.it\/?p=14266","url_meta":{"origin":11229,"position":2},"title":"Dal &#8217;48 al &#8217;77 (ma un po&#8217; anche: oggi in Spagna e domani in Italia)","author":"Rufus","date":"31\/10\/2017","format":false,"excerpt":"Ho finito di leggere ormai qualche settimana fa Il Risorgimento italiano di Alberto Mario Banti (Laterza, 2008, \u20ac 9,50), del quale ho gi\u00e0 commentato un estratto tempo fa. Era da un po' che volevo approfondire le mie conoscenze sul Risorgimento e questo articolo vorrebbe parlare del libro sotto questo punto\u2026","rel":"","context":"In &quot;Coordinate&quot;","block_context":{"text":"Coordinate","link":"https:\/\/www.robertosedda.it\/?cat=52"},"img":{"alt_text":"","src":"https:\/\/i0.wp.com\/www.robertosedda.it\/wp-content\/uploads\/2017\/09\/Risorgimento-Banti.jpg?fit=200%2C311&ssl=1&resize=350%2C200","width":350,"height":200},"classes":[]},{"id":6944,"url":"https:\/\/www.robertosedda.it\/?p=6944","url_meta":{"origin":11229,"position":3},"title":"Votare o no? Almeno dite la vostra idea di Europa, per\u00f2","author":"Rufus","date":"10\/04\/2014","format":false,"excerpt":"A costo di dare un dolore al mio amico Alberto Pintus, devo dire che non trovo particolarmente convincenti le posizioni di coloro che suggeriscono che, poich\u00e9 la Sardegna \u00e8 rimasta nel collegio unico con la Sicilia per le elezioni europee, allora \u00e8 opportuno astenersi e non partecipare alla prossima tornata\u2026","rel":"","context":"In &quot;Coordinate&quot;","block_context":{"text":"Coordinate","link":"https:\/\/www.robertosedda.it\/?cat=52"},"img":{"alt_text":"","src":"https:\/\/i0.wp.com\/www.robertosedda.it\/wp-content\/uploads\/2014\/04\/Francesca-Barracciu-211x300.jpg?resize=350%2C200","width":350,"height":200},"classes":[]},{"id":13832,"url":"https:\/\/www.robertosedda.it\/?p=13832","url_meta":{"origin":11229,"position":4},"title":"Nessuna piet\u00e0, siamo inglesi","author":"Rufus","date":"09\/06\/2017","format":false,"excerpt":"Stanotte, lo confesso, ho fatto le ore piccole per seguire le elezioni inglesi. Quando sono andato a dormire, peraltro, Corbyn era in testa di due punti percentuali e una decina di seggi: facile dire che questo dipendeva dalla particolare conformazione politica e demografica dei collegi\u00a0scrutinati fino a quel momento; stamattina,\u2026","rel":"","context":"In &quot;Antropologia&quot;","block_context":{"text":"Antropologia","link":"https:\/\/www.robertosedda.it\/?cat=97"},"img":{"alt_text":"","src":"https:\/\/i0.wp.com\/www.robertosedda.it\/wp-content\/uploads\/2017\/06\/Scalpare.jpg?fit=1024%2C718&ssl=1&resize=350%2C200","width":350,"height":200,"srcset":"https:\/\/i0.wp.com\/www.robertosedda.it\/wp-content\/uploads\/2017\/06\/Scalpare.jpg?fit=1024%2C718&ssl=1&resize=350%2C200 1x, https:\/\/i0.wp.com\/www.robertosedda.it\/wp-content\/uploads\/2017\/06\/Scalpare.jpg?fit=1024%2C718&ssl=1&resize=700%2C400 2x"},"classes":[]},{"id":4791,"url":"https:\/\/www.robertosedda.it\/?p=4791","url_meta":{"origin":11229,"position":5},"title":"Contraddizioni","author":"Rufus","date":"25\/10\/2013","format":false,"excerpt":"Introduzione acida Domenica a Nurachi si svolger\u00e0 un open space\u00a0sui temi della politica culturale in Sardegna, organizzato da Sardegna possibile nell'ambito della campagna elettorale di Michela Murgia. A coordinare l'attivit\u00e0 sar\u00e0 Iolanda Romano, che ho citato giusto ieri, una delle massime esperte di democrazia partecipativa italiane. Sapevo che la Romano\u2026","rel":"","context":"In &quot;Coordinate&quot;","block_context":{"text":"Coordinate","link":"https:\/\/www.robertosedda.it\/?cat=52"},"img":{"alt_text":"","src":"https:\/\/i0.wp.com\/www.robertosedda.it\/wp-content\/uploads\/2013\/10\/Intelligenze-sarde.jpg?fit=514%2C614&ssl=1&resize=350%2C200","width":350,"height":200},"classes":[]}],"_links":{"self":[{"href":"https:\/\/www.robertosedda.it\/index.php?rest_route=\/wp\/v2\/posts\/11229"}],"collection":[{"href":"https:\/\/www.robertosedda.it\/index.php?rest_route=\/wp\/v2\/posts"}],"about":[{"href":"https:\/\/www.robertosedda.it\/index.php?rest_route=\/wp\/v2\/types\/post"}],"author":[{"embeddable":true,"href":"https:\/\/www.robertosedda.it\/index.php?rest_route=\/wp\/v2\/users\/1"}],"replies":[{"embeddable":true,"href":"https:\/\/www.robertosedda.it\/index.php?rest_route=%2Fwp%2Fv2%2Fcomments&post=11229"}],"version-history":[{"count":6,"href":"https:\/\/www.robertosedda.it\/index.php?rest_route=\/wp\/v2\/posts\/11229\/revisions"}],"predecessor-version":[{"id":14896,"href":"https:\/\/www.robertosedda.it\/index.php?rest_route=\/wp\/v2\/posts\/11229\/revisions\/14896"}],"wp:featuredmedia":[{"embeddable":true,"href":"https:\/\/www.robertosedda.it\/index.php?rest_route=\/wp\/v2\/media\/11230"}],"wp:attachment":[{"href":"https:\/\/www.robertosedda.it\/index.php?rest_route=%2Fwp%2Fv2%2Fmedia&parent=11229"}],"wp:term":[{"taxonomy":"category","embeddable":true,"href":"https:\/\/www.robertosedda.it\/index.php?rest_route=%2Fwp%2Fv2%2Fcategories&post=11229"},{"taxonomy":"post_tag","embeddable":true,"href":"https:\/\/www.robertosedda.it\/index.php?rest_route=%2Fwp%2Fv2%2Ftags&post=11229"}],"curies":[{"name":"wp","href":"https:\/\/api.w.org\/{rel}","templated":true}]}}