{"id":11112,"date":"2015-11-03T16:01:37","date_gmt":"2015-11-03T15:01:37","guid":{"rendered":"http:\/\/www.robertosedda.it\/?p=11112"},"modified":"2015-11-06T13:27:46","modified_gmt":"2015-11-06T12:27:46","slug":"un-invito-settimana-impegnativa-1","status":"publish","type":"post","link":"https:\/\/www.robertosedda.it\/?p=11112","title":{"rendered":"Un invito (settimana impegnativa -1)"},"content":{"rendered":"<p><a href=\"https:\/\/i0.wp.com\/www.robertosedda.it\/wp-content\/uploads\/2015\/11\/Locandina-La-Pira-2015.jpg\"><img data-attachment-id=\"11113\" data-permalink=\"https:\/\/www.robertosedda.it\/?attachment_id=11113\" data-orig-file=\"https:\/\/i0.wp.com\/www.robertosedda.it\/wp-content\/uploads\/2015\/11\/Locandina-La-Pira-2015.jpg?fit=540%2C742&amp;ssl=1\" data-orig-size=\"540,742\" data-comments-opened=\"1\" data-image-meta=\"{&quot;aperture&quot;:&quot;0&quot;,&quot;credit&quot;:&quot;Roberto Sedda&quot;,&quot;camera&quot;:&quot;&quot;,&quot;caption&quot;:&quot;&quot;,&quot;created_timestamp&quot;:&quot;1446566401&quot;,&quot;copyright&quot;:&quot;&quot;,&quot;focal_length&quot;:&quot;0&quot;,&quot;iso&quot;:&quot;0&quot;,&quot;shutter_speed&quot;:&quot;0&quot;,&quot;title&quot;:&quot;&quot;,&quot;orientation&quot;:&quot;0&quot;}\" data-image-title=\"Locandina La Pira 2015\" data-image-description=\"\" data-image-caption=\"\" data-medium-file=\"https:\/\/i0.wp.com\/www.robertosedda.it\/wp-content\/uploads\/2015\/11\/Locandina-La-Pira-2015.jpg?fit=218%2C300&amp;ssl=1\" data-large-file=\"https:\/\/i0.wp.com\/www.robertosedda.it\/wp-content\/uploads\/2015\/11\/Locandina-La-Pira-2015.jpg?fit=510%2C701&amp;ssl=1\" decoding=\"async\" loading=\"lazy\" class=\"aligncenter size-full wp-image-11113\" src=\"https:\/\/i0.wp.com\/www.robertosedda.it\/wp-content\/uploads\/2015\/11\/Locandina-La-Pira-2015.jpg?resize=540%2C742\" alt=\"Locandina La Pira 2015\" width=\"540\" height=\"742\" srcset=\"https:\/\/i0.wp.com\/www.robertosedda.it\/wp-content\/uploads\/2015\/11\/Locandina-La-Pira-2015.jpg?w=540&amp;ssl=1 540w, https:\/\/i0.wp.com\/www.robertosedda.it\/wp-content\/uploads\/2015\/11\/Locandina-La-Pira-2015.jpg?resize=109%2C150&amp;ssl=1 109w, https:\/\/i0.wp.com\/www.robertosedda.it\/wp-content\/uploads\/2015\/11\/Locandina-La-Pira-2015.jpg?resize=218%2C300&amp;ssl=1 218w, https:\/\/i0.wp.com\/www.robertosedda.it\/wp-content\/uploads\/2015\/11\/Locandina-La-Pira-2015.jpg?resize=510%2C701&amp;ssl=1 510w\" sizes=\"(max-width: 540px) 100vw, 540px\" data-recalc-dims=\"1\" \/><\/a><\/p>\n","protected":false},"excerpt":{"rendered":"","protected":false},"author":1,"featured_media":11113,"comment_status":"open","ping_status":"open","sticky":false,"template":"","format":"image","meta":{"_mi_skip_tracking":false,"_monsterinsights_sitenote_active":false,"_monsterinsights_sitenote_note":"","_monsterinsights_sitenote_category":0,"jetpack_post_was_ever_published":false,"_jetpack_newsletter_access":"","jetpack_publicize_message":"","jetpack_is_tweetstorm":false,"jetpack_publicize_feature_enabled":true,"jetpack_social_post_already_shared":true,"jetpack_social_options":{"image_generator_settings":{"template":"highway","enabled":false}}},"categories":[76,52,54,95,16],"tags":[],"jetpack_publicize_connections":[],"jetpack_featured_media_url":"https:\/\/i0.wp.com\/www.robertosedda.it\/wp-content\/uploads\/2015\/11\/Locandina-La-Pira-2015.jpg?fit=540%2C742&ssl=1","jetpack_sharing_enabled":true,"jetpack_shortlink":"https:\/\/wp.me\/p4jV2T-2Te","jetpack_likes_enabled":true,"jetpack-related-posts":[{"id":14422,"url":"https:\/\/www.robertosedda.it\/?p=14422","url_meta":{"origin":11112,"position":0},"title":"Energia pulita","author":"Rufus","date":"13\/12\/2017","format":false,"excerpt":"Settimana impegnativa, questa. Se domani c'\u00e8 l'incontro con Becchetti, venerd\u00ec introdurr\u00f2 questo incontro sulla democrazia energetica: produrre la propria energia in piccoli impianti sostenibili locali, per esempio, oppure affidarsia fonritori sul mercato libero che garantisocno l'utilizzo di fonti rinnovabili. L'incontro serve anche a presentare due realt\u00e0 socie di Banca Etica\u2026","rel":"","context":"In &quot;Coordinate&quot;","block_context":{"text":"Coordinate","link":"https:\/\/www.robertosedda.it\/?cat=52"},"img":{"alt_text":"","src":"https:\/\/i0.wp.com\/www.robertosedda.it\/wp-content\/uploads\/2017\/12\/24232220_1761698587196586_895917333946927694_n.jpg?fit=810%2C450&ssl=1&resize=350%2C200","width":350,"height":200,"srcset":"https:\/\/i0.wp.com\/www.robertosedda.it\/wp-content\/uploads\/2017\/12\/24232220_1761698587196586_895917333946927694_n.jpg?fit=810%2C450&ssl=1&resize=350%2C200 1x, https:\/\/i0.wp.com\/www.robertosedda.it\/wp-content\/uploads\/2017\/12\/24232220_1761698587196586_895917333946927694_n.jpg?fit=810%2C450&ssl=1&resize=700%2C400 2x"},"classes":[]},{"id":577,"url":"https:\/\/www.robertosedda.it\/?p=577","url_meta":{"origin":11112,"position":1},"title":"La grande famiglia","author":"Rufus","date":"22\/08\/2012","format":false,"excerpt":"Per otto anni sono stata animatrice parrocchiale nell\u2019Azione Cattolica. Trovo questa frase, per noi abbastanza usuale, ad aprire il secondo capitolo di un libro \u201cdi richiamo\u201d appena uscito, Ave Mary di Michela Murgia, scritttrice ormai affermata dopo aver vinto con Accabbadora il premio Campiello e opinionista seguitissima, sia sul suo\u2026","rel":"","context":"In &quot;Azione Cattolica&quot;","block_context":{"text":"Azione Cattolica","link":"https:\/\/www.robertosedda.it\/?cat=76"},"img":{"alt_text":"","src":"","width":0,"height":0},"classes":[]},{"id":11403,"url":"https:\/\/www.robertosedda.it\/?p=11403","url_meta":{"origin":11112,"position":2},"title":"Ricordando Iside Spanu De Zolt","author":"Rufus","date":"15\/01\/2016","format":false,"excerpt":"Mi sono dimenticato di segnalare che sull'inserto diocesano\u00a0di Avvenire\u00a0del 20 dicembre scorso \u00e8 uscito un mio articolo dedicato a Iside De Zolt. Devo dire che, mentre ho molto apprezzato il fatto che l'Ufficio diocesano delle comunicazioni sociali\u00a0abbia deciso di ricordare Iside e di parlare, di conseguenza, di laici e di\u2026","rel":"","context":"In &quot;Coordinate&quot;","block_context":{"text":"Coordinate","link":"https:\/\/www.robertosedda.it\/?cat=52"},"img":{"alt_text":"","src":"","width":0,"height":0},"classes":[]},{"id":17017,"url":"https:\/\/www.robertosedda.it\/?p=17017","url_meta":{"origin":11112,"position":3},"title":"Conferme","author":"Rufus","date":"19\/08\/2019","format":false,"excerpt":"Tutto sommato mi pare che il meccanismo delle segnalazioni automatiche (inviti alla lettura, notiziole, collegamenti rapidi a notizie o articoli che non ho il tempo di commentare o tradurre) del periodo agostano non sia andato male, e quindi ho deciso di confermarlo. Ho gi\u00e0 programmato le segnalazioni da qui a\u2026","rel":"","context":"In &quot;Coordinate&quot;","block_context":{"text":"Coordinate","link":"https:\/\/www.robertosedda.it\/?cat=52"},"img":{"alt_text":"","src":"https:\/\/i0.wp.com\/www.robertosedda.it\/wp-content\/uploads\/2019\/08\/Rufus-1.png?fit=834%2C720&ssl=1&resize=350%2C200","width":350,"height":200,"srcset":"https:\/\/i0.wp.com\/www.robertosedda.it\/wp-content\/uploads\/2019\/08\/Rufus-1.png?fit=834%2C720&ssl=1&resize=350%2C200 1x, https:\/\/i0.wp.com\/www.robertosedda.it\/wp-content\/uploads\/2019\/08\/Rufus-1.png?fit=834%2C720&ssl=1&resize=700%2C400 2x"},"classes":[]},{"id":17604,"url":"https:\/\/www.robertosedda.it\/?p=17604","url_meta":{"origin":11112,"position":4},"title":"Finito!","author":"Rufus","date":"11\/12\/2019","format":false,"excerpt":"Ho finito questa settimana il lunghissimo corso d'inglese che mi ha accompagnato dalla primavera per ben ottanta ore. In onore della conclusione, e siccome ho scoperto che ci sono risorse molto utili che pochi conoscono, le elenco qui sotto. Free English language resources | Cambridge English. Devo dire, il sito\u2026","rel":"","context":"In &quot;Coordinate&quot;","block_context":{"text":"Coordinate","link":"https:\/\/www.robertosedda.it\/?cat=52"},"img":{"alt_text":"","src":"https:\/\/i0.wp.com\/www.robertosedda.it\/wp-content\/uploads\/2019\/12\/Six-minutes-english.png?fit=1025%2C571&ssl=1&resize=350%2C200","width":350,"height":200,"srcset":"https:\/\/i0.wp.com\/www.robertosedda.it\/wp-content\/uploads\/2019\/12\/Six-minutes-english.png?fit=1025%2C571&ssl=1&resize=350%2C200 1x, https:\/\/i0.wp.com\/www.robertosedda.it\/wp-content\/uploads\/2019\/12\/Six-minutes-english.png?fit=1025%2C571&ssl=1&resize=700%2C400 2x"},"classes":[]},{"id":14369,"url":"https:\/\/www.robertosedda.it\/?p=14369","url_meta":{"origin":11112,"position":5},"title":"Il gruppo La Pira batte un colpo!","author":"Rufus","date":"27\/11\/2017","format":false,"excerpt":"","rel":"","context":"In &quot;Coordinate&quot;","block_context":{"text":"Coordinate","link":"https:\/\/www.robertosedda.it\/?cat=52"},"img":{"alt_text":"","src":"https:\/\/i0.wp.com\/www.robertosedda.it\/wp-content\/uploads\/2017\/11\/Con-La-Pira-in-Viet-Nam.jpg?fit=793%2C1122&ssl=1&resize=350%2C200","width":350,"height":200,"srcset":"https:\/\/i0.wp.com\/www.robertosedda.it\/wp-content\/uploads\/2017\/11\/Con-La-Pira-in-Viet-Nam.jpg?fit=793%2C1122&ssl=1&resize=350%2C200 1x, https:\/\/i0.wp.com\/www.robertosedda.it\/wp-content\/uploads\/2017\/11\/Con-La-Pira-in-Viet-Nam.jpg?fit=793%2C1122&ssl=1&resize=700%2C400 2x"},"classes":[]}],"_links":{"self":[{"href":"https:\/\/www.robertosedda.it\/index.php?rest_route=\/wp\/v2\/posts\/11112"}],"collection":[{"href":"https:\/\/www.robertosedda.it\/index.php?rest_route=\/wp\/v2\/posts"}],"about":[{"href":"https:\/\/www.robertosedda.it\/index.php?rest_route=\/wp\/v2\/types\/post"}],"author":[{"embeddable":true,"href":"https:\/\/www.robertosedda.it\/index.php?rest_route=\/wp\/v2\/users\/1"}],"replies":[{"embeddable":true,"href":"https:\/\/www.robertosedda.it\/index.php?rest_route=%2Fwp%2Fv2%2Fcomments&post=11112"}],"version-history":[{"count":2,"href":"https:\/\/www.robertosedda.it\/index.php?rest_route=\/wp\/v2\/posts\/11112\/revisions"}],"predecessor-version":[{"id":11137,"href":"https:\/\/www.robertosedda.it\/index.php?rest_route=\/wp\/v2\/posts\/11112\/revisions\/11137"}],"wp:featuredmedia":[{"embeddable":true,"href":"https:\/\/www.robertosedda.it\/index.php?rest_route=\/wp\/v2\/media\/11113"}],"wp:attachment":[{"href":"https:\/\/www.robertosedda.it\/index.php?rest_route=%2Fwp%2Fv2%2Fmedia&parent=11112"}],"wp:term":[{"taxonomy":"category","embeddable":true,"href":"https:\/\/www.robertosedda.it\/index.php?rest_route=%2Fwp%2Fv2%2Fcategories&post=11112"},{"taxonomy":"post_tag","embeddable":true,"href":"https:\/\/www.robertosedda.it\/index.php?rest_route=%2Fwp%2Fv2%2Ftags&post=11112"}],"curies":[{"name":"wp","href":"https:\/\/api.w.org\/{rel}","templated":true}]}}