{"id":11067,"date":"2015-10-22T08:34:24","date_gmt":"2015-10-22T06:34:24","guid":{"rendered":"http:\/\/www.robertosedda.it\/?p=11067"},"modified":"2015-11-03T10:20:51","modified_gmt":"2015-11-03T09:20:51","slug":"anche-io-da-tempo","status":"publish","type":"post","link":"https:\/\/www.robertosedda.it\/?p=11067","title":{"rendered":"Anche io, da tempo&#8230;"},"content":{"rendered":"<p>Oggi \u00e8 una\u00a0giornata mondiale di mobilitaizone per la finanza etica.<\/p>\n<p>Pubblico il video della\u00a0<em>GABV,\u00a0<\/em>l&#8217;alleanza globale della finanza etica (<em>banking on values<\/em>, &#8220;costruire\/fare banca sui valori&#8221;,\u00a0<em>banking<\/em> in inglese ha pi\u00f9 sfumature).<\/p>\n<p>Siamo tutti banchieri&#8230;<\/p>\n<div class=\"jetpack-video-wrapper\"><span class=\"embed-youtube\" style=\"text-align:center; display: block;\"><iframe class=\"youtube-player\" width=\"800\" height=\"450\" src=\"https:\/\/www.youtube.com\/embed\/lySGHCjqoPQ?version=3&#038;rel=1&#038;showsearch=0&#038;showinfo=1&#038;iv_load_policy=1&#038;fs=1&#038;hl=it-IT&#038;autohide=2&#038;wmode=transparent\" allowfullscreen=\"true\" style=\"border:0;\" sandbox=\"allow-scripts allow-same-origin allow-popups allow-presentation\"><\/iframe><\/span><\/div>\n","protected":false},"excerpt":{"rendered":"<p>Oggi \u00e8 una\u00a0giornata mondiale di mobilitaizone per la finanza etica. Pubblico il video della\u00a0GABV,\u00a0l&#8217;alleanza globale della finanza etica (banking on<\/p>\n","protected":false},"author":1,"featured_media":0,"comment_status":"open","ping_status":"open","sticky":false,"template":"","format":"video","meta":{"_mi_skip_tracking":false,"_monsterinsights_sitenote_active":false,"_monsterinsights_sitenote_note":"","_monsterinsights_sitenote_category":0,"jetpack_post_was_ever_published":false,"_jetpack_newsletter_access":"","jetpack_publicize_message":"#bankingonvalues","jetpack_is_tweetstorm":false,"jetpack_publicize_feature_enabled":true,"jetpack_social_post_already_shared":true,"jetpack_social_options":{"image_generator_settings":{"template":"highway","enabled":false}}},"categories":[52,49,55,77,12],"tags":[],"jetpack_publicize_connections":[],"jetpack_featured_media_url":"","jetpack_sharing_enabled":true,"jetpack_shortlink":"https:\/\/wp.me\/p4jV2T-2Sv","jetpack_likes_enabled":true,"jetpack-related-posts":[{"id":1857,"url":"https:\/\/www.robertosedda.it\/?p=1857","url_meta":{"origin":11067,"position":0},"title":"Abbiamo ragione noi","author":"Rufus","date":"08\/01\/2013","format":false,"excerpt":"Mi accorgo di non ho ancora segnalato uno studio recentemente pubblicato dalla Global Alliance for Banking on Values (che vorrebbe dire pi\u00f9 o meno Alleanza globale per banche costruite sui valori), una associazione di importanti banche sostenibili di tutto il mondo di cui fa parte anche Banca Etica. Lo studio\u2026","rel":"","context":"In &quot;Banche e finanza&quot;","block_context":{"text":"Banche e finanza","link":"https:\/\/www.robertosedda.it\/?cat=72"},"img":{"alt_text":"","src":"","width":0,"height":0},"classes":[]},{"id":14873,"url":"https:\/\/www.robertosedda.it\/?p=14873","url_meta":{"origin":11067,"position":1},"title":"Per definire la finanza etica","author":"Rufus","date":"19\/03\/2018","format":false,"excerpt":"Stasera devo tenere una relazione al corso per futuri volontari della Bottega del Commercio Equo di\u00a0Oscar Romero\u00a0per spiegare cosa \u00e8 la finanza etica (punto centrale della relazione: una definizione comunemente accettata non c'\u00e8, facciamocene una ragione e costruiamoci la nostra). Mentre mi preparavo mi sono accorto che non esiste in\u2026","rel":"","context":"In &quot;Coordinate&quot;","block_context":{"text":"Coordinate","link":"https:\/\/www.robertosedda.it\/?cat=52"},"img":{"alt_text":"","src":"https:\/\/i0.wp.com\/www.robertosedda.it\/wp-content\/uploads\/2018\/03\/GABV-1.jpg?fit=1000%2C811&ssl=1&resize=350%2C200","width":350,"height":200,"srcset":"https:\/\/i0.wp.com\/www.robertosedda.it\/wp-content\/uploads\/2018\/03\/GABV-1.jpg?fit=1000%2C811&ssl=1&resize=350%2C200 1x, https:\/\/i0.wp.com\/www.robertosedda.it\/wp-content\/uploads\/2018\/03\/GABV-1.jpg?fit=1000%2C811&ssl=1&resize=700%2C400 2x"},"classes":[]},{"id":11252,"url":"https:\/\/www.robertosedda.it\/?p=11252","url_meta":{"origin":11067,"position":2},"title":"Cambiamenti climatici e clima della finanza","author":"Rufus","date":"04\/12\/2015","format":false,"excerpt":"Ripropongo anche su questo\u00a0blog la posizione di Banca Etica sulla conferenza sul clima in svolgimento in questi giorni a Parigi. Lo sapete vero che Cagliari \u00e8 fra le citt\u00e0 che si pensa possano scomparire sotto l'acqua fra poche decine d'anni? Ma l'articolo mi sembra interessante perch\u00e9 lega, come dice nelle\u2026","rel":"","context":"In &quot;Banche e finanza&quot;","block_context":{"text":"Banche e finanza","link":"https:\/\/www.robertosedda.it\/?cat=72"},"img":{"alt_text":"","src":"","width":0,"height":0},"classes":[]},{"id":8757,"url":"https:\/\/www.robertosedda.it\/?p=8757","url_meta":{"origin":11067,"position":3},"title":"I am banking on values, too","author":"Rufus","date":"23\/10\/2014","format":false,"excerpt":"","rel":"","context":"In &quot;Banche e finanza&quot;","block_context":{"text":"Banche e finanza","link":"https:\/\/www.robertosedda.it\/?cat=72"},"img":{"alt_text":"","src":"https:\/\/i0.wp.com\/www.robertosedda.it\/wp-content\/uploads\/2014\/10\/Banking-on-values.jpg?fit=765%2C365&ssl=1&resize=350%2C200","width":350,"height":200,"srcset":"https:\/\/i0.wp.com\/www.robertosedda.it\/wp-content\/uploads\/2014\/10\/Banking-on-values.jpg?fit=765%2C365&ssl=1&resize=350%2C200 1x, https:\/\/i0.wp.com\/www.robertosedda.it\/wp-content\/uploads\/2014\/10\/Banking-on-values.jpg?fit=765%2C365&ssl=1&resize=700%2C400 2x"},"classes":[]},{"id":14951,"url":"https:\/\/www.robertosedda.it\/?p=14951","url_meta":{"origin":11067,"position":4},"title":"Fatevi la vostra finanza etica: quel che ho detto alla Bottega &#8220;Oscar Romero&#8221;","author":"Rufus","date":"05\/04\/2018","format":false,"excerpt":"Il 19 marzo sono andato alla Bottega del commercio equo Oscar Romero di Cagliari a parlare di finanza etica. Era l'incontro conclusivo di un corso per futuri operatori della Bottega e in generale per volontari che volessero dotarsi di strumenti pi\u00f9 approfonditi, quindi non mi sembrava il caso di andare\u2026","rel":"","context":"In &quot;Banche e finanza&quot;","block_context":{"text":"Banche e finanza","link":"https:\/\/www.robertosedda.it\/?cat=72"},"img":{"alt_text":"","src":"https:\/\/i0.wp.com\/www.robertosedda.it\/wp-content\/uploads\/2018\/04\/Relaxione-finazna-etica-Oscar-Romero.jpg?fit=1200%2C828&ssl=1&resize=350%2C200","width":350,"height":200,"srcset":"https:\/\/i0.wp.com\/www.robertosedda.it\/wp-content\/uploads\/2018\/04\/Relaxione-finazna-etica-Oscar-Romero.jpg?fit=1200%2C828&ssl=1&resize=350%2C200 1x, https:\/\/i0.wp.com\/www.robertosedda.it\/wp-content\/uploads\/2018\/04\/Relaxione-finazna-etica-Oscar-Romero.jpg?fit=1200%2C828&ssl=1&resize=700%2C400 2x, https:\/\/i0.wp.com\/www.robertosedda.it\/wp-content\/uploads\/2018\/04\/Relaxione-finazna-etica-Oscar-Romero.jpg?fit=1200%2C828&ssl=1&resize=1050%2C600 3x"},"classes":[]},{"id":11801,"url":"https:\/\/www.robertosedda.it\/?p=11801","url_meta":{"origin":11067,"position":5},"title":"Quel che ho raccontato sulla finanza etica","author":"Rufus","date":"12\/04\/2016","format":false,"excerpt":"Venerd\u00ec scorso con il compagno Stefano Sanna sono andato a\u00a0fare una lezione sulla finanza etica ai ragazzi del secondo anno della scuola di partecipazione politica del Movimento politico per l'unit\u00e0\u00a0di Cagliari.\u00a0 Naturalmente con un esordio come questo \u00e8 finita che ho citato Brecht. Non era solo perch\u00e9 io in tutte\u2026","rel":"","context":"In &quot;Banche e finanza&quot;","block_context":{"text":"Banche e finanza","link":"https:\/\/www.robertosedda.it\/?cat=72"},"img":{"alt_text":"","src":"https:\/\/i0.wp.com\/www.robertosedda.it\/wp-content\/uploads\/2016\/04\/Diapositiva10.jpg?fit=960%2C720&ssl=1&resize=350%2C200","width":350,"height":200,"srcset":"https:\/\/i0.wp.com\/www.robertosedda.it\/wp-content\/uploads\/2016\/04\/Diapositiva10.jpg?fit=960%2C720&ssl=1&resize=350%2C200 1x, https:\/\/i0.wp.com\/www.robertosedda.it\/wp-content\/uploads\/2016\/04\/Diapositiva10.jpg?fit=960%2C720&ssl=1&resize=700%2C400 2x"},"classes":[]}],"_links":{"self":[{"href":"https:\/\/www.robertosedda.it\/index.php?rest_route=\/wp\/v2\/posts\/11067"}],"collection":[{"href":"https:\/\/www.robertosedda.it\/index.php?rest_route=\/wp\/v2\/posts"}],"about":[{"href":"https:\/\/www.robertosedda.it\/index.php?rest_route=\/wp\/v2\/types\/post"}],"author":[{"embeddable":true,"href":"https:\/\/www.robertosedda.it\/index.php?rest_route=\/wp\/v2\/users\/1"}],"replies":[{"embeddable":true,"href":"https:\/\/www.robertosedda.it\/index.php?rest_route=%2Fwp%2Fv2%2Fcomments&post=11067"}],"version-history":[{"count":1,"href":"https:\/\/www.robertosedda.it\/index.php?rest_route=\/wp\/v2\/posts\/11067\/revisions"}],"predecessor-version":[{"id":11068,"href":"https:\/\/www.robertosedda.it\/index.php?rest_route=\/wp\/v2\/posts\/11067\/revisions\/11068"}],"wp:attachment":[{"href":"https:\/\/www.robertosedda.it\/index.php?rest_route=%2Fwp%2Fv2%2Fmedia&parent=11067"}],"wp:term":[{"taxonomy":"category","embeddable":true,"href":"https:\/\/www.robertosedda.it\/index.php?rest_route=%2Fwp%2Fv2%2Fcategories&post=11067"},{"taxonomy":"post_tag","embeddable":true,"href":"https:\/\/www.robertosedda.it\/index.php?rest_route=%2Fwp%2Fv2%2Ftags&post=11067"}],"curies":[{"name":"wp","href":"https:\/\/api.w.org\/{rel}","templated":true}]}}