{"id":10998,"date":"2015-10-12T13:57:22","date_gmt":"2015-10-12T11:57:22","guid":{"rendered":"http:\/\/www.robertosedda.it\/?p=10998"},"modified":"2015-10-19T17:56:46","modified_gmt":"2015-10-19T15:56:46","slug":"piccole-cose-preziose","status":"publish","type":"post","link":"https:\/\/www.robertosedda.it\/?p=10998","title":{"rendered":"Piccole cose preziose"},"content":{"rendered":"<p>Nel magnifico <a href=\"https:\/\/www.facebook.com\/groups\/iacine\">gruppo\u00a0<em>Facebook<\/em> che raduna i reduci di <em>it.arti.cinema<\/em><\/a> stamattina \u00e8 passata\u00a0questa foto:<\/p>\n<p><a href=\"https:\/\/i0.wp.com\/www.robertosedda.it\/wp-content\/uploads\/2015\/10\/Giornale-Scarface.jpg\"><img data-attachment-id=\"10999\" data-permalink=\"https:\/\/www.robertosedda.it\/?attachment_id=10999\" data-orig-file=\"https:\/\/i0.wp.com\/www.robertosedda.it\/wp-content\/uploads\/2015\/10\/Giornale-Scarface.jpg?fit=1024%2C768&amp;ssl=1\" data-orig-size=\"1024,768\" data-comments-opened=\"1\" data-image-meta=\"{&quot;aperture&quot;:&quot;0&quot;,&quot;credit&quot;:&quot;&quot;,&quot;camera&quot;:&quot;&quot;,&quot;caption&quot;:&quot;&quot;,&quot;created_timestamp&quot;:&quot;0&quot;,&quot;copyright&quot;:&quot;&quot;,&quot;focal_length&quot;:&quot;0&quot;,&quot;iso&quot;:&quot;0&quot;,&quot;shutter_speed&quot;:&quot;0&quot;,&quot;title&quot;:&quot;&quot;,&quot;orientation&quot;:&quot;0&quot;}\" data-image-title=\"Giornale Scarface\" data-image-description=\"\" data-image-caption=\"\" data-medium-file=\"https:\/\/i0.wp.com\/www.robertosedda.it\/wp-content\/uploads\/2015\/10\/Giornale-Scarface.jpg?fit=300%2C225&amp;ssl=1\" data-large-file=\"https:\/\/i0.wp.com\/www.robertosedda.it\/wp-content\/uploads\/2015\/10\/Giornale-Scarface.jpg?fit=510%2C383&amp;ssl=1\" decoding=\"async\" loading=\"lazy\" class=\"aligncenter size-full wp-image-10999\" src=\"https:\/\/i0.wp.com\/www.robertosedda.it\/wp-content\/uploads\/2015\/10\/Giornale-Scarface.jpg?resize=800%2C600\" alt=\"Giornale Scarface\" width=\"800\" height=\"600\" srcset=\"https:\/\/i0.wp.com\/www.robertosedda.it\/wp-content\/uploads\/2015\/10\/Giornale-Scarface.jpg?w=1024&amp;ssl=1 1024w, https:\/\/i0.wp.com\/www.robertosedda.it\/wp-content\/uploads\/2015\/10\/Giornale-Scarface.jpg?resize=150%2C113&amp;ssl=1 150w, https:\/\/i0.wp.com\/www.robertosedda.it\/wp-content\/uploads\/2015\/10\/Giornale-Scarface.jpg?resize=300%2C225&amp;ssl=1 300w, https:\/\/i0.wp.com\/www.robertosedda.it\/wp-content\/uploads\/2015\/10\/Giornale-Scarface.jpg?resize=510%2C383&amp;ssl=1 510w, https:\/\/i0.wp.com\/www.robertosedda.it\/wp-content\/uploads\/2015\/10\/Giornale-Scarface.jpg?resize=268%2C200&amp;ssl=1 268w, https:\/\/i0.wp.com\/www.robertosedda.it\/wp-content\/uploads\/2015\/10\/Giornale-Scarface.jpg?resize=700%2C525&amp;ssl=1 700w\" sizes=\"(max-width: 800px) 100vw, 800px\" data-recalc-dims=\"1\" \/><\/a>Si tratta, come si capisce dalla differenza di caratteri e di lingua utilizzata fra diverse parti della pagina, di un fotogramma tratto da un film, uno di quei casi nei quali si fa vedere allo spettatore straniero una traduzione di un titolo altrimenti incomprensibile.<\/p>\n<p>Il fotogramma \u00e8 tratto da\u00a0<em>Scarface<\/em> e cela al proprio interno un piccolo e grazioso enigma, come spiega chi l&#8217;ha pubblicato, Marco Minniti:<\/p>\n<blockquote><p>Dunque, oggi mi sono riguardato lo Scarface del 1932, quello di Hawks, e mi sono accorto di questo evidentissimo errore, che alla prima visione mi era sfuggito.<span class=\"text_exposed_show\"> I personaggi leggono questa prima pagina di giornale, e sotto si vede un articolo che parla di Bob Dylan e dell&#8217;album Blood on The Tracks (ovviamente di decenni successivo all&#8217;ambientazione del film, ma anche alla sua realizzazione). Vedo in rete che \u00e8 un blooper noto, e che \u00e8 ovviamente da imputare alla versione italiana. La cosa strana \u00e8 che leggo su Wikipedia che il film sarebbe stato distribuito in Italia nel 1947 (quindi sempre MOLTO prima dell&#8217;uscita dell&#8217;album in questione). A questo punto mi viene da pensare che ne esistano due adattamenti diversi, e quello che ho visto sia stato realizzato dopo il 1975. Qualcuno aveva gi\u00e0 notato questo errore, o magari ha sottomano una qualsiasi versione italiana (home video, registrata dalla tv, ecc.) in cui l&#8217;errore NON c&#8217;\u00e8? \u00c8\u00a0una cosa che mi incuriosisce abbastanza.<\/span><\/p><\/blockquote>\n<p>Quindi abbiamo un film nel quale \u00e8 inserito un riferimento a un disco di molti decenni successivo.<\/p>\n<p>Il potente cervello collettivo del gruppo si \u00e8 messo in moto e qualcosa si comincia a capire (il <em>post<\/em>\u00a0\u00e8 del preparatissimo Alberto Farina):<\/p>\n<blockquote><p><span data-reactid=\".c.1:5.0.1:$comment1151742551520695_1151743334853950\/=10.0.$right.0.$left.0.0.1.$comment-body.0.0\"><span data-reactid=\".c.1:5.0.1:$comment1151742551520695_1151743334853950\/=10.0.$right.0.$left.0.0.1.$comment-body.0.0.$end\/=1$text0\/=010\">Rilancio sulla mia bacheca questa immagine pubblicata dall&#8217;amico Marco Minniti con un fotogramma dello &#8220;Scarface&#8221; (1932) di Howard Hawks in cui si fa riferimento (nel titolo in inglese in basso) a Bob Dylan (nato nel 1941) e a un suo al<\/span><\/span><span data-reactid=\".c.1:5.0.1:$comment1151742551520695_1151743334853950\/=10.0.$right.0.$left.0.0.1.$comment-body.0.3\"><span data-reactid=\".c.1:5.0.1:$comment1151742551520695_1151743334853950\/=10.0.$right.0.$left.0.0.1.$comment-body.0.3.0\"><span data-reactid=\".c.1:5.0.1:$comment1151742551520695_1151743334853950\/=10.0.$right.0.$left.0.0.1.$comment-body.0.3.0.$end\/=1$text0\/=010\">bum pubblicato nel 1975.<\/span><br data-reactid=\".c.1:5.0.1:$comment1151742551520695_1151743334853950\/=10.0.$right.0.$left.0.0.1.$comment-body.0.3.0.$end\/=1$text1\/=010\" \/><br data-reactid=\".c.1:5.0.1:$comment1151742551520695_1151743334853950\/=10.0.$right.0.$left.0.0.1.$comment-body.0.3.0.$end\/=1$text3\/=010\" \/><span data-reactid=\".c.1:5.0.1:$comment1151742551520695_1151743334853950\/=10.0.$right.0.$left.0.0.1.$comment-body.0.3.0.$end\/=1$text4\/=010\">Parlando col mio collega Leonardo Rossi, che lavora qui da decenni, ho appurato che fu proprio la Rai a ritradurre\/ridoppiare\/rilocalizzare in italiano &#8220;Scarface&#8221;, insieme a molti altri classici americani, in un periodo che per ora abbiamo circoscritto pi\u00f9 o meno al 1979-1986. Le indagini sono aperte per cercare di ricostruire chi abbia seguito la cosa: Bob Dylan sembra un nome troppo celebre perch\u00e9 nessuno abbia pensato che qualcuno poteva notare l&#8217;anacronismo, quindi viene da pensare che si sia trattato di una sorta di strizzata d&#8217;occhio agli spettatori pi\u00f9 attenti. Ma chi \u00e8 stato lo spiritoso?<\/span><br data-reactid=\".c.1:5.0.1:$comment1151742551520695_1151743334853950\/=10.0.$right.0.$left.0.0.1.$comment-body.0.3.0.$end\/=1$text5\/=010\" \/><br data-reactid=\".c.1:5.0.1:$comment1151742551520695_1151743334853950\/=10.0.$right.0.$left.0.0.1.$comment-body.0.3.0.$end\/=1$text7\/=010\" \/><span data-reactid=\".c.1:5.0.1:$comment1151742551520695_1151743334853950\/=10.0.$right.0.$left.0.0.1.$comment-body.0.3.0.$end\/=1$text8\/=010\">Intanto, se qualcuno ne ha la possibilit\u00e0, mi piacerebbe vedere qui sotto screenshot di altre versioni di questa pagina&#8230; adesso vedo se riesco a recuperare l&#8217;originale americano&#8230; ma chiss\u00e0 se da qualche parte salta fuori l&#8217;eventuale versione della prima distribuzione italiana del film nel 1947, per dire&#8230; o di versioni localizzate in altri paesi?&#8221; (to be continued&#8230;?)<\/span><\/span><\/span><\/p><\/blockquote>\n<p>To<em> be continued<\/em>. Nel frattempo riflettevo sui piccoli piaceri che d\u00e0 la cultura, come appunto apprezzare e risolvere enigmi come questi.<\/p>\n<p>Piccoli piaceri del tutto inutili, intendiamoci, a paragone della giustizia, del Regno di Dio e del destino del mondo;\u00a0ma quanto preziosi, tuttavia.<\/p>\n","protected":false},"excerpt":{"rendered":"<p>Nel magnifico gruppo\u00a0Facebook che raduna i reduci di it.arti.cinema stamattina \u00e8 passata\u00a0questa foto: Si tratta, come si capisce dalla differenza<\/p>\n","protected":false},"author":1,"featured_media":10999,"comment_status":"open","ping_status":"open","sticky":false,"template":"","format":"standard","meta":{"_mi_skip_tracking":false,"_monsterinsights_sitenote_active":false,"_monsterinsights_sitenote_note":"","_monsterinsights_sitenote_category":0,"jetpack_post_was_ever_published":false,"_jetpack_newsletter_access":"","jetpack_publicize_message":"","jetpack_is_tweetstorm":false,"jetpack_publicize_feature_enabled":true,"jetpack_social_post_already_shared":true,"jetpack_social_options":{"image_generator_settings":{"template":"highway","enabled":false}}},"categories":[52,55,77,17,16],"tags":[],"jetpack_publicize_connections":[],"jetpack_featured_media_url":"https:\/\/i0.wp.com\/www.robertosedda.it\/wp-content\/uploads\/2015\/10\/Giornale-Scarface.jpg?fit=1024%2C768&ssl=1","jetpack_sharing_enabled":true,"jetpack_shortlink":"https:\/\/wp.me\/p4jV2T-2Ro","jetpack_likes_enabled":true,"jetpack-related-posts":[{"id":224,"url":"https:\/\/www.robertosedda.it\/?p=224","url_meta":{"origin":10998,"position":0},"title":"Dizionario del cinema fantasy","author":"Rufus","date":"21\/08\/2012","format":false,"excerpt":"Dotato di un ricchissimo apparato iconografico, stampato lussuosamente su carta patinata, \u00e8 naturalmente un tipico oggetto di regalo per amanti del cinema e del fantastico (io l'ho ricevuto per Natale). Tuttavia non va sottovalutato come semplice strumento di lavoro e di consultazione: la sezione introduttiva, che dovrebbe permettere di farsi\u2026","rel":"","context":"In &quot;Coordinate&quot;","block_context":{"text":"Coordinate","link":"https:\/\/www.robertosedda.it\/?cat=52"},"img":{"alt_text":"","src":"","width":0,"height":0},"classes":[]},{"id":18506,"url":"https:\/\/www.robertosedda.it\/?p=18506","url_meta":{"origin":10998,"position":1},"title":"Occhi di lince in casa Sedda-Loi","author":"Rufus","date":"27\/04\/2021","format":false,"excerpt":"L'altro giorno stavamo guardando una puntata di Via dei Matti n. 0 (per l'esattezza quella del 12 aprile) quando Maria Bonaria ha detto: \u00abBollani ha perso un bottone\u00bb. Io mi sono girato a guardarla, un filino sorpreso, diciamo, e lei ha ripetuto: \u00abHa perso un bottone. Dalla manica della giacca.\u2026","rel":"","context":"In &quot;Coordinate&quot;","block_context":{"text":"Coordinate","link":"https:\/\/www.robertosedda.it\/?cat=52"},"img":{"alt_text":"","src":"https:\/\/i0.wp.com\/www.robertosedda.it\/wp-content\/uploads\/2021\/04\/Bollani-uno.png?fit=1200%2C569&ssl=1&resize=350%2C200","width":350,"height":200,"srcset":"https:\/\/i0.wp.com\/www.robertosedda.it\/wp-content\/uploads\/2021\/04\/Bollani-uno.png?fit=1200%2C569&ssl=1&resize=350%2C200 1x, https:\/\/i0.wp.com\/www.robertosedda.it\/wp-content\/uploads\/2021\/04\/Bollani-uno.png?fit=1200%2C569&ssl=1&resize=700%2C400 2x, https:\/\/i0.wp.com\/www.robertosedda.it\/wp-content\/uploads\/2021\/04\/Bollani-uno.png?fit=1200%2C569&ssl=1&resize=1050%2C600 3x"},"classes":[]},{"id":14405,"url":"https:\/\/www.robertosedda.it\/?p=14405","url_meta":{"origin":10998,"position":2},"title":"Io e Leonardo Becchetti","author":"Rufus","date":"11\/12\/2017","format":false,"excerpt":"Io e Leonardo Becchetti saremo insieme alle 18 di gioved\u00ec 14 dicembre sul palco dell'Auditorium Comunale per il festival Lei, che quest'anno \u00e8 dedicato al tema della felicit\u00e0. E sar\u00e0 proprio sulla felicit\u00e0 la prima domanda che rivolger\u00f2 a Leonardo, per introdurre la presentazione del suo libro Capire l'economia in\u2026","rel":"","context":"In &quot;Coordinate&quot;","block_context":{"text":"Coordinate","link":"https:\/\/www.robertosedda.it\/?cat=52"},"img":{"alt_text":"","src":"https:\/\/i0.wp.com\/www.robertosedda.it\/wp-content\/uploads\/2017\/12\/Becchetti-LEI.jpg?fit=960%2C768&ssl=1&resize=350%2C200","width":350,"height":200,"srcset":"https:\/\/i0.wp.com\/www.robertosedda.it\/wp-content\/uploads\/2017\/12\/Becchetti-LEI.jpg?fit=960%2C768&ssl=1&resize=350%2C200 1x, https:\/\/i0.wp.com\/www.robertosedda.it\/wp-content\/uploads\/2017\/12\/Becchetti-LEI.jpg?fit=960%2C768&ssl=1&resize=700%2C400 2x"},"classes":[]},{"id":1612,"url":"https:\/\/www.robertosedda.it\/?p=1612","url_meta":{"origin":10998,"position":3},"title":"Dimmi che destino avr\u00f2","author":"Rufus","date":"11\/12\/2012","format":"video","excerpt":"Dimmi che destino avr\u00f2, diretto da Peter Marcias (di cui avevo gi\u00e0 visto, con poca soddisfazione, I bambini della sua vita) e sceneggiato da Gianni Loy, ha parecchi meriti dal punto di vista politico.\u00a0Tratta infatti con coraggio il tema della condizione dei\u00a0rom in Italia non per interposta persona ma entrando\u2026","rel":"","context":"In &quot;Coordinate&quot;","block_context":{"text":"Coordinate","link":"https:\/\/www.robertosedda.it\/?cat=52"},"img":{"alt_text":"","src":"https:\/\/i0.wp.com\/img.youtube.com\/vi\/nncSN49Rd08\/0.jpg?resize=350%2C200","width":350,"height":200},"classes":[]},{"id":9296,"url":"https:\/\/www.robertosedda.it\/?p=9296","url_meta":{"origin":10998,"position":4},"title":"Ehi, non vi ho mai parlato della seconda serata del Festival delle Terre?!","author":"Rufus","date":"30\/12\/2014","format":"video","excerpt":"In un articolo ormai vecchio mi vantavo di aver fatto una recensione quasi in diretta della prima serata dell'edizione di Cagliari del\u00a0Festival delle Terre 2014. Per compensare solo oggi mi accorgo che non ho mai parlato della\u00a0seconda serata, che pure aveva parecchi elementi di interesse. Il seminario funziona sempre Il\u2026","rel":"","context":"In &quot;Coordinate&quot;","block_context":{"text":"Coordinate","link":"https:\/\/www.robertosedda.it\/?cat=52"},"img":{"alt_text":"","src":"https:\/\/i0.wp.com\/img.youtube.com\/vi\/plUX9Ut8Ljw\/0.jpg?resize=350%2C200","width":350,"height":200},"classes":[]},{"id":18982,"url":"https:\/\/www.robertosedda.it\/?p=18982","url_meta":{"origin":10998,"position":5},"title":"Un cuoco migliore","author":"Rufus","date":"02\/12\/2021","format":false,"excerpt":"Leggo casualmente sul Guardian quella che \u00e8, in realt\u00e0, una notarella di cronaca locale: il cuoco del pub di un piccolo villaggio inglese (che ha, fra l'altro, il nome bellissimo e molto hobbit di Hinton-in-the-Hedges, cio\u00e8 Maso fra le siepi) \u00e8 stato condannato a quattro mesi di carcere per avere\u2026","rel":"","context":"In &quot;Coordinate&quot;","block_context":{"text":"Coordinate","link":"https:\/\/www.robertosedda.it\/?cat=52"},"img":{"alt_text":"","src":"https:\/\/i0.wp.com\/www.robertosedda.it\/wp-content\/uploads\/2021\/12\/Shepherd-pie-avvelenata.jpg?fit=1200%2C371&ssl=1&resize=350%2C200","width":350,"height":200,"srcset":"https:\/\/i0.wp.com\/www.robertosedda.it\/wp-content\/uploads\/2021\/12\/Shepherd-pie-avvelenata.jpg?fit=1200%2C371&ssl=1&resize=350%2C200 1x, https:\/\/i0.wp.com\/www.robertosedda.it\/wp-content\/uploads\/2021\/12\/Shepherd-pie-avvelenata.jpg?fit=1200%2C371&ssl=1&resize=700%2C400 2x, https:\/\/i0.wp.com\/www.robertosedda.it\/wp-content\/uploads\/2021\/12\/Shepherd-pie-avvelenata.jpg?fit=1200%2C371&ssl=1&resize=1050%2C600 3x"},"classes":[]}],"_links":{"self":[{"href":"https:\/\/www.robertosedda.it\/index.php?rest_route=\/wp\/v2\/posts\/10998"}],"collection":[{"href":"https:\/\/www.robertosedda.it\/index.php?rest_route=\/wp\/v2\/posts"}],"about":[{"href":"https:\/\/www.robertosedda.it\/index.php?rest_route=\/wp\/v2\/types\/post"}],"author":[{"embeddable":true,"href":"https:\/\/www.robertosedda.it\/index.php?rest_route=\/wp\/v2\/users\/1"}],"replies":[{"embeddable":true,"href":"https:\/\/www.robertosedda.it\/index.php?rest_route=%2Fwp%2Fv2%2Fcomments&post=10998"}],"version-history":[{"count":1,"href":"https:\/\/www.robertosedda.it\/index.php?rest_route=\/wp\/v2\/posts\/10998\/revisions"}],"predecessor-version":[{"id":11000,"href":"https:\/\/www.robertosedda.it\/index.php?rest_route=\/wp\/v2\/posts\/10998\/revisions\/11000"}],"wp:featuredmedia":[{"embeddable":true,"href":"https:\/\/www.robertosedda.it\/index.php?rest_route=\/wp\/v2\/media\/10999"}],"wp:attachment":[{"href":"https:\/\/www.robertosedda.it\/index.php?rest_route=%2Fwp%2Fv2%2Fmedia&parent=10998"}],"wp:term":[{"taxonomy":"category","embeddable":true,"href":"https:\/\/www.robertosedda.it\/index.php?rest_route=%2Fwp%2Fv2%2Fcategories&post=10998"},{"taxonomy":"post_tag","embeddable":true,"href":"https:\/\/www.robertosedda.it\/index.php?rest_route=%2Fwp%2Fv2%2Ftags&post=10998"}],"curies":[{"name":"wp","href":"https:\/\/api.w.org\/{rel}","templated":true}]}}