{"id":10935,"date":"2015-09-30T09:39:46","date_gmt":"2015-09-30T07:39:46","guid":{"rendered":"http:\/\/www.robertosedda.it\/?p=10935"},"modified":"2015-09-30T09:39:46","modified_gmt":"2015-09-30T07:39:46","slug":"reblog-le-favole-iniziano-a-cabras","status":"publish","type":"post","link":"https:\/\/www.robertosedda.it\/?p=10935","title":{"rendered":"REBLOG: Le favole iniziano a Cabras"},"content":{"rendered":"<p><a href=\"http:\/\/m.repubblica.it\/mobile\/r\/repubblicatv\/spettacoli-e-cultura\/le-favole-iniziano-a-cabras-la-magia-della-sardegna-il-trailer-in-anteprima\/213123\/212298\">Il\u00a0<em>trailer\u00a0<\/em>di un film, intitolato <em>Le favole iniziano a Cabras<\/em><i>,\u00a0<\/i>\u00a0che sembra interessante (anche se un po&#8217; si vede che presenta sempre i soliti noti &#8211; e anche qualcuno meno noto, in realt\u00e0).<\/a><\/p>\n","protected":false},"excerpt":{"rendered":"<p>Il\u00a0trailer\u00a0di un film, intitolato Le favole iniziano a Cabras,\u00a0\u00a0che sembra interessante (anche se un po&#8217; si vede che presenta sempre<\/p>\n","protected":false},"author":1,"featured_media":0,"comment_status":"open","ping_status":"open","sticky":false,"template":"","format":"link","meta":{"_mi_skip_tracking":false,"_monsterinsights_sitenote_active":false,"_monsterinsights_sitenote_note":"","_monsterinsights_sitenote_category":0,"jetpack_post_was_ever_published":false,"_jetpack_newsletter_access":"","jetpack_publicize_message":"","jetpack_is_tweetstorm":false,"jetpack_publicize_feature_enabled":true,"jetpack_social_post_already_shared":true,"jetpack_social_options":{"image_generator_settings":{"template":"highway","enabled":false}}},"categories":[1],"tags":[],"jetpack_publicize_connections":[],"jetpack_featured_media_url":"","jetpack_sharing_enabled":true,"jetpack_shortlink":"https:\/\/wp.me\/p4jV2T-2Qn","jetpack_likes_enabled":true,"jetpack-related-posts":[{"id":13640,"url":"https:\/\/www.robertosedda.it\/?p=13640","url_meta":{"origin":10935,"position":0},"title":"In viaggio col camper da Cagliari lungo la costa occidentale della Sardegna. Consigli?","author":"Rufus","date":"18\/05\/2017","format":false,"excerpt":"Un amico di Banca Etica mi ha chiesto consigli per un viaggio che intende fare, col\u00a0camper, partendo da Cagliari verso fine giugno e risalendo la\u00a0costa occidentale\u00a0pian piano fino a quando \u00e8 il momento di\u00a0muoversi direttamente per riprendere il traghetto dalle parti del capo di sopra. Lui voleva, credo, solo un\u2026","rel":"","context":"In &quot;Coordinate&quot;","block_context":{"text":"Coordinate","link":"https:\/\/www.robertosedda.it\/?cat=52"},"img":{"alt_text":"","src":"https:\/\/i0.wp.com\/www.robertosedda.it\/wp-content\/uploads\/2017\/05\/ALIM4546.jpg?fit=1200%2C900&ssl=1&resize=350%2C200","width":350,"height":200,"srcset":"https:\/\/i0.wp.com\/www.robertosedda.it\/wp-content\/uploads\/2017\/05\/ALIM4546.jpg?fit=1200%2C900&ssl=1&resize=350%2C200 1x, https:\/\/i0.wp.com\/www.robertosedda.it\/wp-content\/uploads\/2017\/05\/ALIM4546.jpg?fit=1200%2C900&ssl=1&resize=700%2C400 2x, https:\/\/i0.wp.com\/www.robertosedda.it\/wp-content\/uploads\/2017\/05\/ALIM4546.jpg?fit=1200%2C900&ssl=1&resize=1050%2C600 3x"},"classes":[]},{"id":1093,"url":"https:\/\/www.robertosedda.it\/?p=1093","url_meta":{"origin":10935,"position":1},"title":"Il Reality di Garrone","author":"Rufus","date":"22\/10\/2012","format":"video","excerpt":"Ai matrimoni\u00a0o alle altre ricorrenze di famiglia\u00a0Luciano si traveste, si maschera da vecchietta o da drag queen per far ridere i parenti. Poi, mentre gli altri ospiti escono dagli abiti della festa (in\u00a0 una scena con un bellissimo piano sequenza) lui si toglie il cerone, si strucca e torna alla\u2026","rel":"","context":"In &quot;Coordinate&quot;","block_context":{"text":"Coordinate","link":"https:\/\/www.robertosedda.it\/?cat=52"},"img":{"alt_text":"","src":"https:\/\/i0.wp.com\/img.youtube.com\/vi\/LzNbwEoBHfQ\/0.jpg?resize=350%2C200","width":350,"height":200},"classes":[]},{"id":7283,"url":"https:\/\/www.robertosedda.it\/?p=7283","url_meta":{"origin":10935,"position":2},"title":"Frugando fra vecchie foto","author":"Rufus","date":"06\/05\/2014","format":false,"excerpt":"Oggi mentre mettevo in ordine l'archivio ho ritrovato una foto scattata in Umbria durante una vacanza di famiglia in cui sono ritratto mentre racconto una favola alle nipoti (una storia, se non ricordo male, in cui si raccontava di una bambina che ogni mattina appariva a colazione nei panni di\u2026","rel":"","context":"In &quot;Coordinate&quot;","block_context":{"text":"Coordinate","link":"https:\/\/www.robertosedda.it\/?cat=52"},"img":{"alt_text":"","src":"https:\/\/i0.wp.com\/www.robertosedda.it\/wp-content\/uploads\/2014\/05\/Raccontando-storie-alle-nipoti.jpg?fit=1200%2C900&ssl=1&resize=350%2C200","width":350,"height":200,"srcset":"https:\/\/i0.wp.com\/www.robertosedda.it\/wp-content\/uploads\/2014\/05\/Raccontando-storie-alle-nipoti.jpg?fit=1200%2C900&ssl=1&resize=350%2C200 1x, https:\/\/i0.wp.com\/www.robertosedda.it\/wp-content\/uploads\/2014\/05\/Raccontando-storie-alle-nipoti.jpg?fit=1200%2C900&ssl=1&resize=700%2C400 2x, https:\/\/i0.wp.com\/www.robertosedda.it\/wp-content\/uploads\/2014\/05\/Raccontando-storie-alle-nipoti.jpg?fit=1200%2C900&ssl=1&resize=1050%2C600 3x"},"classes":[]},{"id":7406,"url":"https:\/\/www.robertosedda.it\/?p=7406","url_meta":{"origin":10935,"position":3},"title":"Misteri, copertine, Corrado Augias e Michela Murgia&#8230; e la Madonna","author":"Rufus","date":"14\/05\/2014","format":false,"excerpt":"L'altro giorno, in libreria, mi cade l'occhio sull'ultimo libro di Corrado Augias, Inchiesta su Maria. La storia vera della fanciulla che divenne mito. Ora, \u00e8 un titolo che gi\u00e0 meriterebbe dei commenti (moooolto negativi), ma non \u00e8 di questo che voglio parlare. Il fatto \u00e8 che la copertina mi ricordava\u2026","rel":"","context":"In &quot;Coordinate&quot;","block_context":{"text":"Coordinate","link":"https:\/\/www.robertosedda.it\/?cat=52"},"img":{"alt_text":"","src":"https:\/\/i0.wp.com\/www.robertosedda.it\/wp-content\/uploads\/2014\/05\/Vergine-in-preghiera.jpg?fit=477%2C600&ssl=1&resize=350%2C200","width":350,"height":200},"classes":[]},{"id":9296,"url":"https:\/\/www.robertosedda.it\/?p=9296","url_meta":{"origin":10935,"position":4},"title":"Ehi, non vi ho mai parlato della seconda serata del Festival delle Terre?!","author":"Rufus","date":"30\/12\/2014","format":"video","excerpt":"In un articolo ormai vecchio mi vantavo di aver fatto una recensione quasi in diretta della prima serata dell'edizione di Cagliari del\u00a0Festival delle Terre 2014. Per compensare solo oggi mi accorgo che non ho mai parlato della\u00a0seconda serata, che pure aveva parecchi elementi di interesse. Il seminario funziona sempre Il\u2026","rel":"","context":"In &quot;Coordinate&quot;","block_context":{"text":"Coordinate","link":"https:\/\/www.robertosedda.it\/?cat=52"},"img":{"alt_text":"","src":"https:\/\/i0.wp.com\/img.youtube.com\/vi\/plUX9Ut8Ljw\/0.jpg?resize=350%2C200","width":350,"height":200},"classes":[]},{"id":2516,"url":"https:\/\/www.robertosedda.it\/?p=2516","url_meta":{"origin":10935,"position":5},"title":"Servizio pubblico","author":"Rufus","date":"11\/03\/2013","format":false,"excerpt":"Il nostro mondo politico locale \u00e8 agitato in questi giorni, oltre che dalle solite cose, dalla ventilata nomina di Antonello Cabras alla Presidenza della Fondazione Banco di Sardegna. Chi governa le Fondazioni? Sulla questione ho le mie opinioni ma non mi interessa entrare nel dibattito. Siccome per\u00f2 ho visto girare\u2026","rel":"","context":"In &quot;Banche e finanza&quot;","block_context":{"text":"Banche e finanza","link":"https:\/\/www.robertosedda.it\/?cat=72"},"img":{"alt_text":"","src":"","width":0,"height":0},"classes":[]}],"_links":{"self":[{"href":"https:\/\/www.robertosedda.it\/index.php?rest_route=\/wp\/v2\/posts\/10935"}],"collection":[{"href":"https:\/\/www.robertosedda.it\/index.php?rest_route=\/wp\/v2\/posts"}],"about":[{"href":"https:\/\/www.robertosedda.it\/index.php?rest_route=\/wp\/v2\/types\/post"}],"author":[{"embeddable":true,"href":"https:\/\/www.robertosedda.it\/index.php?rest_route=\/wp\/v2\/users\/1"}],"replies":[{"embeddable":true,"href":"https:\/\/www.robertosedda.it\/index.php?rest_route=%2Fwp%2Fv2%2Fcomments&post=10935"}],"version-history":[{"count":1,"href":"https:\/\/www.robertosedda.it\/index.php?rest_route=\/wp\/v2\/posts\/10935\/revisions"}],"predecessor-version":[{"id":10936,"href":"https:\/\/www.robertosedda.it\/index.php?rest_route=\/wp\/v2\/posts\/10935\/revisions\/10936"}],"wp:attachment":[{"href":"https:\/\/www.robertosedda.it\/index.php?rest_route=%2Fwp%2Fv2%2Fmedia&parent=10935"}],"wp:term":[{"taxonomy":"category","embeddable":true,"href":"https:\/\/www.robertosedda.it\/index.php?rest_route=%2Fwp%2Fv2%2Fcategories&post=10935"},{"taxonomy":"post_tag","embeddable":true,"href":"https:\/\/www.robertosedda.it\/index.php?rest_route=%2Fwp%2Fv2%2Ftags&post=10935"}],"curies":[{"name":"wp","href":"https:\/\/api.w.org\/{rel}","templated":true}]}}