{"id":1085,"date":"2012-10-22T10:21:29","date_gmt":"2012-10-22T08:21:29","guid":{"rendered":"http:\/\/www.robertosedda.it\/?p=1085"},"modified":"2012-10-25T13:01:44","modified_gmt":"2012-10-25T11:01:44","slug":"lululato-di-lance-henson-in-piazza-repubblica-libri","status":"publish","type":"post","link":"https:\/\/www.robertosedda.it\/?p=1085","title":{"rendered":"L&#8217;ululato di Lance Henson in Piazza Repubblica Libri"},"content":{"rendered":"<p><a href=\"https:\/\/i0.wp.com\/www.robertosedda.it\/wp-content\/uploads\/2012\/10\/cover_henson_web.gif\"><img data-attachment-id=\"1089\" data-permalink=\"https:\/\/www.robertosedda.it\/?attachment_id=1089\" data-orig-file=\"https:\/\/i0.wp.com\/www.robertosedda.it\/wp-content\/uploads\/2012\/10\/cover_henson_web.gif?fit=145%2C205&amp;ssl=1\" data-orig-size=\"145,205\" data-comments-opened=\"1\" data-image-meta=\"{&quot;aperture&quot;:&quot;0&quot;,&quot;credit&quot;:&quot;&quot;,&quot;camera&quot;:&quot;&quot;,&quot;caption&quot;:&quot;&quot;,&quot;created_timestamp&quot;:&quot;0&quot;,&quot;copyright&quot;:&quot;&quot;,&quot;focal_length&quot;:&quot;0&quot;,&quot;iso&quot;:&quot;0&quot;,&quot;shutter_speed&quot;:&quot;0&quot;,&quot;title&quot;:&quot;&quot;}\" data-image-title=\"cover_henson_web\" data-image-description=\"\" data-image-caption=\"\" data-medium-file=\"https:\/\/i0.wp.com\/www.robertosedda.it\/wp-content\/uploads\/2012\/10\/cover_henson_web.gif?fit=145%2C205&amp;ssl=1\" data-large-file=\"https:\/\/i0.wp.com\/www.robertosedda.it\/wp-content\/uploads\/2012\/10\/cover_henson_web.gif?fit=145%2C205&amp;ssl=1\" decoding=\"async\" loading=\"lazy\" class=\"alignleft size-full wp-image-1089\" title=\"cover_henson_web\" src=\"https:\/\/i0.wp.com\/www.robertosedda.it\/wp-content\/uploads\/2012\/10\/cover_henson_web.gif?resize=145%2C205\" alt=\"\" width=\"145\" height=\"205\" data-recalc-dims=\"1\" \/><\/a>L&#8217;altra sera sono andato a vedere la nuova sede di <a href=\"http:\/\/www.repubblicalibri.it\/\"><em>Piazza Repubblica Libri<\/em><\/a>: non ero andato alla festa di inaugurazione e volevo fare gli auguri a Patrizio, Daniela e gli altri, tanto pi\u00f9 che\u00a0adesso sono in una zona della citt\u00e0 lontana dai miei giri e passare \u00e8 meno spontaneo. Cos\u00ec ci sono andato apposta.<\/p>\n<p>La nuova sede \u00e8 bella e Patrizio era entusiasta: mi ha fatto vedere mille cose, collane prima non esposte, case editrici nuove&#8230; con un istinto\u00a0soprannaturale capace di individuare le mie passioni e farmele passare davanti tutte una dopo l&#8217;altra (si vede che \u00e8 un libraio che conosce i suoi polli).<\/p>\n<p>Per chi non lo sapesse, <em>Piazza Repubblica Libri<\/em> (che si chiama cos\u00ec perch\u00e9 prima stava in&#8230; Piazza Repubblica, ovviamente, ma adesso\u00a0\u00e8 in Corso Vittorio Emanuele 370) \u00e8 una bella libreria di Cagliari e un importante presidio culturale (e uso la parola con cognizione di causa).<\/p>\n<p>Dicevo&#8230; rischiavo di lasciarci\u00a0mezzo stipendio, cos\u00ec mi sono contenuto e ho preso solo un librino di poesie di Lance Henson, un curioso tipo di poeta ribelle americano di origine franco-Cheyenne (di cui, lo ammetto, non avevo mai sentito parlare).<\/p>\n<p>Il libretto si intitola <em>I testi del lupo<\/em> ed \u00e8 pubblicato in prima edizione mondiale in Italia (l&#8217;autore non l&#8217;ha voluto pubblicare in America per protesta nei confronti del trattamento\u00a0riservato ai\u00a0nativi americani). Dalle note dell&#8217;autore vedo che moltissime poesie sono state anche <em>composte<\/em> in Italia. L&#8217;edizione comprende il testo originale inglese e il testo italiano a fronte.<\/p>\n<p>A me la poesia piace molto ma non ne capisco nulla, quindi non aspettatevi pareri tecnici. Posso solo dire che \u00e8 un tipo di poesia pochissimo narrativa e quasi del tutto costruita per immagini &#8211; e in qualche modo, soprattutto considerato che la poesia iniziale \u00e8 dedicata a Tu Fu, ricorda i lirici cinesi (e in generale la poesia orientale: anche se non c&#8217;\u00e8 mai il rigore formale di un <em>haiku<\/em>, il gusto per l&#8217;immagine evanescente \u00e8 simile).<\/p>\n<p>Nel prosieguo il tono cambia e questa similitudine un po&#8217; si perde in favore di un&#8217;impressione pi\u00f9 variegata. Da profano posso dire che ci ritrovo un minimo di Walt Whitman e molto pi\u00f9 di Emily Dickinson &#8211; se la Dickinson avesse scritto in uno stato perenne di dormiveglia.<\/p>\n<p>Insomma, me lo sono letto e assaporato in una mezza serata, poi ci sono tornato pi\u00f9 volte, e sono molto contento dell&#8217;acquisto.<\/p>\n<p>Per farvi giudicare aggiungo un esempio: non c&#8217;\u00e8 punteggiatura n\u00e9 maiuscole come protesta contro la lingua dell&#8217;uomo bianco imposta ai popoli vinti (lo so, lo so&#8230;). La nota di composizione indica <em>Termoli, Italy, 8 agosto 2006<\/em> (cio\u00e8, per l&#8217;esattezza <em>termoli, italy<\/em>, eh!). Il titolo \u00e8 <em><strong>for zoe<\/strong><\/em>.<\/p>\n<blockquote><p>against the tree and shoreline<br \/>\ni watch my daughter wrapped in the mistery<br \/>\nof her life<br \/>\nshe gathers shells under the hot sun<\/p>\n<p>what words will pass when the sea is a shadowed<br \/>\nform moving in solitude<br \/>\nnocturnal and all knowing across her face as a\u00a0blessing<br \/>\nand a promise<\/p>\n<p>we will speak the inaudible language of the heart<br \/>\nbearing witness to what will arrive<br \/>\nlooking for signs that will accompany us all the way\u00a0to the end<\/p>\n<p>when i have gone<\/p>\n<p>and she remains&#8230;<\/p><\/blockquote>\n<p>La traduzione \u00e8 di Mariella Lorusso e mi pare molto buona:<\/p>\n<blockquote><p>sullo sfondo del mare e della costa<br \/>\nosservo mia figlia avvolta nel mistero<br \/>\ndella sua vita<br \/>\nraccoglie conchiglie sotto il sole caldo<\/p>\n<p>che parole passeranno quando il mare sar\u00e0 una forma<br \/>\nincupita che si muove in solitudine<br \/>\ntutta la sapienza degli esseri notturni sul suo volto\u00a0come una benedizione<br \/>\ne una promessa<\/p>\n<p>parleremo l&#8217;impercettibile lingua del cuore<br \/>\ntestimoniando ci\u00f2 che sar\u00e0<br \/>\ncercando segni che ci accompagneranno sino alla fine<\/p>\n<p>quando io non sar\u00f2 pi\u00f9<\/p>\n<p>e lei rimarr\u00e0&#8230;<\/p><\/blockquote>\n<p>Un&#8217;ultima nota (mi stavo dimenticando!): perch\u00e9 <em>testi del lupo<\/em>? Non ho capito bene. L&#8217;introduzione della Lorusso ricorda che il lupo \u00e8, per i Cheyenne, un animale mistico. E una parte delle poesie non hanno titolo ma solo una <em>silhouette<\/em> di un\u00a0lupo: mi aspettavo che facessero contrappunto alle altre, ma non mi \u00e8 parso &#8211; mi sar\u00e0 sfuggito qualcosa: stasera rileggo.<\/p>\n","protected":false},"excerpt":{"rendered":"<p>L&#8217;altra sera sono andato a vedere la nuova sede di Piazza Repubblica Libri: non ero andato alla festa di inaugurazione<\/p>\n","protected":false},"author":1,"featured_media":1089,"comment_status":"open","ping_status":"open","sticky":false,"template":"","format":"standard","meta":{"_mi_skip_tracking":false,"_monsterinsights_sitenote_active":false,"_monsterinsights_sitenote_note":"","_monsterinsights_sitenote_category":0,"jetpack_post_was_ever_published":false,"_jetpack_newsletter_access":"","jetpack_publicize_message":"","jetpack_is_tweetstorm":false,"jetpack_publicize_feature_enabled":true,"jetpack_social_post_already_shared":false,"jetpack_social_options":{"image_generator_settings":{"template":"highway","enabled":false}}},"categories":[52,53,13,75,12],"tags":[],"jetpack_publicize_connections":[],"jetpack_featured_media_url":"https:\/\/i0.wp.com\/www.robertosedda.it\/wp-content\/uploads\/2012\/10\/cover_henson_web.gif?fit=145%2C205&ssl=1","jetpack_sharing_enabled":true,"jetpack_shortlink":"https:\/\/wp.me\/p4jV2T-hv","jetpack_likes_enabled":true,"jetpack-related-posts":[{"id":1730,"url":"https:\/\/www.robertosedda.it\/?p=1730","url_meta":{"origin":1085,"position":0},"title":"Celebrit\u00e0, povere zie e amori","author":"Rufus","date":"20\/12\/2012","format":false,"excerpt":"L'altra mattina in pausa pranzo vado in una piadineria e, al momento di pagare, il proprietario (un ragazzo di rara gentilezza) mi fa: \u00abHo letto i suoi post\u00bb. Io: \u00abEh?!\u00bb Lui: \u00abSul suo blog...\u00bb. Io: \u00abEh?!?!\u00bb. Paziente, spiega: \u00abNo, perch\u00e9 siamo vicini di locale con Piazza Repubblica Libri e lei\u2026","rel":"","context":"In &quot;Coordinate&quot;","block_context":{"text":"Coordinate","link":"https:\/\/www.robertosedda.it\/?cat=52"},"img":{"alt_text":"","src":"https:\/\/i0.wp.com\/www.robertosedda.it\/wp-content\/uploads\/2012\/12\/Gusto-piadineria.jpg?fit=960%2C1200&ssl=1&resize=350%2C200","width":350,"height":200,"srcset":"https:\/\/i0.wp.com\/www.robertosedda.it\/wp-content\/uploads\/2012\/12\/Gusto-piadineria.jpg?fit=960%2C1200&ssl=1&resize=350%2C200 1x, https:\/\/i0.wp.com\/www.robertosedda.it\/wp-content\/uploads\/2012\/12\/Gusto-piadineria.jpg?fit=960%2C1200&ssl=1&resize=700%2C400 2x"},"classes":[]},{"id":15533,"url":"https:\/\/www.robertosedda.it\/?p=15533","url_meta":{"origin":1085,"position":1},"title":"Carico di vita notturna","author":"Rufus","date":"31\/07\/2018","format":false,"excerpt":"L'altra sera io e Bonaria siamo andati a passeggiare e poi a mangiarci una pizza veloce. Tornando siamo passati da piazza Repubblica, per prenderci un autobus. Erano pi\u00f9 o meno le dieci e all'angolo della piazza con via Grazia Deledda c'era una ragazza con un trolley piccolissimo e un cellulare\u2026","rel":"","context":"In &quot;Coordinate&quot;","block_context":{"text":"Coordinate","link":"https:\/\/www.robertosedda.it\/?cat=52"},"img":{"alt_text":"","src":"https:\/\/i0.wp.com\/www.robertosedda.it\/wp-content\/uploads\/2018\/07\/NIght-bus.jpg?fit=640%2C394&ssl=1&resize=350%2C200","width":350,"height":200},"classes":[]},{"id":2875,"url":"https:\/\/www.robertosedda.it\/?p=2875","url_meta":{"origin":1085,"position":2},"title":"Citt\u00e0 di atleti","author":"Rufus","date":"15\/04\/2013","format":false,"excerpt":"Provocazioni familiari - 1 Da quando \u00e8 venuto a stare a Cagliari mio cognato corre per undici chilometri tre-quattro volte alla settimana, su tempi pi\u00f9 che accettabili, raccontandomi poi di percorsi che io, che vivo a Cagliari da una vita, non ho mai visto - o che non vedo pi\u00f9\u2026","rel":"","context":"In &quot;Coordinate&quot;","block_context":{"text":"Coordinate","link":"https:\/\/www.robertosedda.it\/?cat=52"},"img":{"alt_text":"","src":"","width":0,"height":0},"classes":[]},{"id":11375,"url":"https:\/\/www.robertosedda.it\/?p=11375","url_meta":{"origin":1085,"position":3},"title":"Dura vita per i librai","author":"Rufus","date":"07\/01\/2016","format":false,"excerpt":"Mi ero\u00a0segnato da un paio di giorni di rilanciare un articolo di\u00a0Mashable\u00a0(la notizia \u00e8 uscita comunque ovunque) riguardo al fatto che da qualche tempo a Hong Kong scompaiono i librai. Non nel senso che chiudono i negozi di libri: scompaiono proprio i librai, nel senso che escono di casa e\u2026","rel":"","context":"In &quot;Coordinate&quot;","block_context":{"text":"Coordinate","link":"https:\/\/www.robertosedda.it\/?cat=52"},"img":{"alt_text":"","src":"https:\/\/i0.wp.com\/www.robertosedda.it\/wp-content\/uploads\/2016\/01\/Manifestazione-Hong-Kong.jpg?fit=950%2C534&ssl=1&resize=350%2C200","width":350,"height":200,"srcset":"https:\/\/i0.wp.com\/www.robertosedda.it\/wp-content\/uploads\/2016\/01\/Manifestazione-Hong-Kong.jpg?fit=950%2C534&ssl=1&resize=350%2C200 1x, https:\/\/i0.wp.com\/www.robertosedda.it\/wp-content\/uploads\/2016\/01\/Manifestazione-Hong-Kong.jpg?fit=950%2C534&ssl=1&resize=700%2C400 2x"},"classes":[]},{"id":15710,"url":"https:\/\/www.robertosedda.it\/?p=15710","url_meta":{"origin":1085,"position":4},"title":"Razza padrona","author":"Rufus","date":"04\/10\/2018","format":"video","excerpt":"C'\u00e8 una domanda che mi faccio frequentemente di questi ultimi tempi rispetto a certa parte delle mie conoscenze di sinistra, e che pi\u00f9 o meno fa cos\u00ec:\u00a0ma quand'\u00e8, esattamente, che siamo diventati razza padrona? Prima che quelli di altre parti politiche che leggono esultino increduli per la mia conversione, intendo\u2026","rel":"","context":"In &quot;Coordinate&quot;","block_context":{"text":"Coordinate","link":"https:\/\/www.robertosedda.it\/?cat=52"},"img":{"alt_text":"","src":"https:\/\/i0.wp.com\/www.robertosedda.it\/wp-content\/uploads\/2018\/10\/Orchetti.jpg?fit=1024%2C472&ssl=1&resize=350%2C200","width":350,"height":200,"srcset":"https:\/\/i0.wp.com\/www.robertosedda.it\/wp-content\/uploads\/2018\/10\/Orchetti.jpg?fit=1024%2C472&ssl=1&resize=350%2C200 1x, https:\/\/i0.wp.com\/www.robertosedda.it\/wp-content\/uploads\/2018\/10\/Orchetti.jpg?fit=1024%2C472&ssl=1&resize=700%2C400 2x"},"classes":[]},{"id":16637,"url":"https:\/\/www.robertosedda.it\/?p=16637","url_meta":{"origin":1085,"position":5},"title":"Di recente sul CTM","author":"Rufus","date":"30\/04\/2019","format":false,"excerpt":"Sordit\u00e0 L'altro giorno sull'autobus mi sono seduto sul primo posto che si trova appena saliti, dall'altro lato dell'autista, una specie di nicchia che considero confortevolissima e perfino dotata di una specie di piano laterale nel quale si pu\u00f2 poggiare la borsa. Quando sono salito l'autobus era mezzo vuoto ma subito\u2026","rel":"","context":"In &quot;Coordinate&quot;","block_context":{"text":"Coordinate","link":"https:\/\/www.robertosedda.it\/?cat=52"},"img":{"alt_text":"","src":"https:\/\/i0.wp.com\/www.robertosedda.it\/wp-content\/uploads\/2019\/04\/Bus-CTM.jpg?fit=1200%2C674&ssl=1&resize=350%2C200","width":350,"height":200,"srcset":"https:\/\/i0.wp.com\/www.robertosedda.it\/wp-content\/uploads\/2019\/04\/Bus-CTM.jpg?fit=1200%2C674&ssl=1&resize=350%2C200 1x, https:\/\/i0.wp.com\/www.robertosedda.it\/wp-content\/uploads\/2019\/04\/Bus-CTM.jpg?fit=1200%2C674&ssl=1&resize=700%2C400 2x, https:\/\/i0.wp.com\/www.robertosedda.it\/wp-content\/uploads\/2019\/04\/Bus-CTM.jpg?fit=1200%2C674&ssl=1&resize=1050%2C600 3x"},"classes":[]}],"_links":{"self":[{"href":"https:\/\/www.robertosedda.it\/index.php?rest_route=\/wp\/v2\/posts\/1085"}],"collection":[{"href":"https:\/\/www.robertosedda.it\/index.php?rest_route=\/wp\/v2\/posts"}],"about":[{"href":"https:\/\/www.robertosedda.it\/index.php?rest_route=\/wp\/v2\/types\/post"}],"author":[{"embeddable":true,"href":"https:\/\/www.robertosedda.it\/index.php?rest_route=\/wp\/v2\/users\/1"}],"replies":[{"embeddable":true,"href":"https:\/\/www.robertosedda.it\/index.php?rest_route=%2Fwp%2Fv2%2Fcomments&post=1085"}],"version-history":[{"count":6,"href":"https:\/\/www.robertosedda.it\/index.php?rest_route=\/wp\/v2\/posts\/1085\/revisions"}],"predecessor-version":[{"id":1088,"href":"https:\/\/www.robertosedda.it\/index.php?rest_route=\/wp\/v2\/posts\/1085\/revisions\/1088"}],"wp:featuredmedia":[{"embeddable":true,"href":"https:\/\/www.robertosedda.it\/index.php?rest_route=\/wp\/v2\/media\/1089"}],"wp:attachment":[{"href":"https:\/\/www.robertosedda.it\/index.php?rest_route=%2Fwp%2Fv2%2Fmedia&parent=1085"}],"wp:term":[{"taxonomy":"category","embeddable":true,"href":"https:\/\/www.robertosedda.it\/index.php?rest_route=%2Fwp%2Fv2%2Fcategories&post=1085"},{"taxonomy":"post_tag","embeddable":true,"href":"https:\/\/www.robertosedda.it\/index.php?rest_route=%2Fwp%2Fv2%2Ftags&post=1085"}],"curies":[{"name":"wp","href":"https:\/\/api.w.org\/{rel}","templated":true}]}}