{"id":10785,"date":"2015-09-08T13:09:25","date_gmt":"2015-09-08T11:09:25","guid":{"rendered":"http:\/\/www.robertosedda.it\/?p=10785"},"modified":"2015-09-08T16:53:47","modified_gmt":"2015-09-08T14:53:47","slug":"reblog-dieci-cose-non-cosi-ovvie-sulla-lettura-a-scuola-primaria-ma-non-solo","status":"publish","type":"post","link":"https:\/\/www.robertosedda.it\/?p=10785","title":{"rendered":"REBLOG: Dieci cose non cos\u00ec ovvie sulla lettura a scuola (primaria, ma non solo)"},"content":{"rendered":"<p><a href=\"http:\/\/www.ascuolasilegge.it\/2015\/09\/dieci-cose-non-cosi-ovvie-sulla-lettura-a-scuola-primaria-ma-non-solo\/\">Dal nuovo\u00a0<em>blog<\/em> di Beniamino Sidoti alcune cose non proprio scontate sulla lettura nella scuola primaria e non solo, sulla gestione delle biblioteche e sul rapporto da costruire fra libri e bambini e ragazzi.<\/a><\/p>\n","protected":false},"excerpt":{"rendered":"<p>Dal nuovo\u00a0blog di Beniamino Sidoti alcune cose non proprio scontate sulla lettura nella scuola primaria e non solo, sulla gestione<\/p>\n","protected":false},"author":1,"featured_media":0,"comment_status":"open","ping_status":"open","sticky":false,"template":"","format":"standard","meta":{"_mi_skip_tracking":false,"_monsterinsights_sitenote_active":false,"_monsterinsights_sitenote_note":"","_monsterinsights_sitenote_category":0,"jetpack_post_was_ever_published":false,"_jetpack_newsletter_access":"","jetpack_publicize_message":"","jetpack_is_tweetstorm":false,"jetpack_publicize_feature_enabled":true,"jetpack_social_post_already_shared":true,"jetpack_social_options":{"image_generator_settings":{"template":"highway","enabled":false}}},"categories":[95],"tags":[],"jetpack_publicize_connections":[],"jetpack_featured_media_url":"","jetpack_sharing_enabled":true,"jetpack_shortlink":"https:\/\/wp.me\/p4jV2T-2NX","jetpack_likes_enabled":true,"jetpack-related-posts":[{"id":1544,"url":"https:\/\/www.robertosedda.it\/?p=1544","url_meta":{"origin":10785,"position":0},"title":"L&#8217;hanno fatto di nuovo (e il marchio di Satana)","author":"Rufus","date":"30\/11\/2012","format":false,"excerpt":"Chi legge questo blog sa che seguo da un po' di tempo le strane cose che succedono nelle scuole americane, segno dei tempi. Ora Wired riporta che una studentessa di una scuola texana \u00e8 stata sospesa per aver rifiutato di indossare a scuola un badge identificativo dotato di un ricetrasmettitore\u2026","rel":"","context":"In &quot;Coordinate&quot;","block_context":{"text":"Coordinate","link":"https:\/\/www.robertosedda.it\/?cat=52"},"img":{"alt_text":"","src":"https:\/\/i0.wp.com\/www.robertosedda.it\/wp-content\/uploads\/2012\/11\/rfidpic.png?fit=660%2C512&ssl=1&resize=350%2C200","width":350,"height":200},"classes":[]},{"id":4664,"url":"https:\/\/www.robertosedda.it\/?p=4664","url_meta":{"origin":10785,"position":1},"title":"Io e la Gerusalemme liberata","author":"Rufus","date":"15\/10\/2013","format":false,"excerpt":"Sto leggendo la Gerusalemme liberata e (sorprendentemente?) mi sta piacendo moltissimo: l'ho iniziata in modo del tutto casuale in un momento di noia in cui cercavo qualcosa, qualsiasi cosa, che fosse disponibile sul palmare e ho scoperto che il programma di lettura ne aveva una copia in libera circolazione. Dopo\u2026","rel":"","context":"In &quot;Cappe e spade&quot;","block_context":{"text":"Cappe e spade","link":"https:\/\/www.robertosedda.it\/?cat=70"},"img":{"alt_text":"","src":"https:\/\/i0.wp.com\/www.robertosedda.it\/wp-content\/uploads\/2013\/10\/Gesrusalemme-liberata.jpg?fit=315%2C420&ssl=1&resize=350%2C200","width":350,"height":200},"classes":[]},{"id":1072,"url":"https:\/\/www.robertosedda.it\/?p=1072","url_meta":{"origin":10785,"position":2},"title":"Liste di lettura e canoni letterari","author":"Rufus","date":"25\/10\/2012","format":false,"excerpt":"La discussione dei giorni scorsi su donne e letteratura mi ha fatto sorgere alcune curiosit\u00e0. Non voglio assolutamente riaprirla, ma solo raccontarvi qualcuna delle cose che ho scoperto. Una prima curiosit\u00e0 che mi \u00e8 venuta \u00e8 stato chiedermi che cosa succede all'estero. Non sono stato capace di scovare cosa debba\u2026","rel":"","context":"In &quot;Coordinate&quot;","block_context":{"text":"Coordinate","link":"https:\/\/www.robertosedda.it\/?cat=52"},"img":{"alt_text":"","src":"https:\/\/i0.wp.com\/www.robertosedda.it\/wp-content\/uploads\/2019\/06\/Italian.jpg?fit=938%2C453&ssl=1&resize=350%2C200","width":350,"height":200,"srcset":"https:\/\/i0.wp.com\/www.robertosedda.it\/wp-content\/uploads\/2019\/06\/Italian.jpg?fit=938%2C453&ssl=1&resize=350%2C200 1x, https:\/\/i0.wp.com\/www.robertosedda.it\/wp-content\/uploads\/2019\/06\/Italian.jpg?fit=938%2C453&ssl=1&resize=700%2C400 2x"},"classes":[]},{"id":8558,"url":"https:\/\/www.robertosedda.it\/?p=8558","url_meta":{"origin":10785,"position":3},"title":"Il rotocalco della settimana: la volta che sono stato colpito dal fulmine, colabrodi informatici, fumetti e cose cos\u00ec","author":"Rufus","date":"06\/10\/2014","format":false,"excerpt":"Io canto il corpo elettrico Come sanno i miei vecchi amici, io sono fra coloro che sono stati colpiti dal fulmine e sono sopravvissuti. Nel mio caso accadde durante un campo scuola dell'Azione Cattolica nella vecchia \"casa di Sinnai\": ero al telefono e cadde un fulmine sul palo all'esterno, almeno\u2026","rel":"","context":"In &quot;Coordinate&quot;","block_context":{"text":"Coordinate","link":"https:\/\/www.robertosedda.it\/?cat=52"},"img":{"alt_text":"","src":"https:\/\/i0.wp.com\/www.robertosedda.it\/wp-content\/uploads\/2014\/10\/Fulmine.jpg?fit=1200%2C675&ssl=1&resize=350%2C200","width":350,"height":200,"srcset":"https:\/\/i0.wp.com\/www.robertosedda.it\/wp-content\/uploads\/2014\/10\/Fulmine.jpg?fit=1200%2C675&ssl=1&resize=350%2C200 1x, https:\/\/i0.wp.com\/www.robertosedda.it\/wp-content\/uploads\/2014\/10\/Fulmine.jpg?fit=1200%2C675&ssl=1&resize=700%2C400 2x, https:\/\/i0.wp.com\/www.robertosedda.it\/wp-content\/uploads\/2014\/10\/Fulmine.jpg?fit=1200%2C675&ssl=1&resize=1050%2C600 3x"},"classes":[]},{"id":8404,"url":"https:\/\/www.robertosedda.it\/?p=8404","url_meta":{"origin":10785,"position":4},"title":"I consigli del venerd\u00ec &#8211; 1","author":"Rufus","date":"12\/09\/2014","format":"video","excerpt":"Quasi #FF ma senza\u00a0Twitter Negli ultimi tempi ho cominciato ad appuntarmi qui e l\u00e0 i\u00a0link che condivido sui social o le pagine web\u00a0che mi segno a futura memoria, per tenerli sotto controllo e poterli ritrovare. Poi mi sono reso conto che il posto corretto dove raccogliere tutta questa roba \u00e8\u2026","rel":"","context":"In &quot;Coordinate&quot;","block_context":{"text":"Coordinate","link":"https:\/\/www.robertosedda.it\/?cat=52"},"img":{"alt_text":"","src":"https:\/\/i0.wp.com\/img.youtube.com\/vi\/I5JQ1m3mxKw\/0.jpg?resize=350%2C200","width":350,"height":200},"classes":[]},{"id":1513,"url":"https:\/\/www.robertosedda.it\/?p=1513","url_meta":{"origin":10785,"position":5},"title":"Giro (politico) di blog","author":"Rufus","date":"27\/11\/2012","format":false,"excerpt":"Solo una brevissima comunicazione di servizio per segnalarvi che oggi cambia il \"blog dell'amico\" evidenziato in prima pagina (e che, ricordo, non \u00e8 necessariamente un blog che seguo spesso, ma \u00e8 l'espressione di\u00a0qualcuno che, esclusivamente per stima personale, mi fa piacere pubblicizzare). Senza che questo abbia alcuna significanza politica, questa\u2026","rel":"","context":"In &quot;Coordinate&quot;","block_context":{"text":"Coordinate","link":"https:\/\/www.robertosedda.it\/?cat=52"},"img":{"alt_text":"","src":"","width":0,"height":0},"classes":[]}],"_links":{"self":[{"href":"https:\/\/www.robertosedda.it\/index.php?rest_route=\/wp\/v2\/posts\/10785"}],"collection":[{"href":"https:\/\/www.robertosedda.it\/index.php?rest_route=\/wp\/v2\/posts"}],"about":[{"href":"https:\/\/www.robertosedda.it\/index.php?rest_route=\/wp\/v2\/types\/post"}],"author":[{"embeddable":true,"href":"https:\/\/www.robertosedda.it\/index.php?rest_route=\/wp\/v2\/users\/1"}],"replies":[{"embeddable":true,"href":"https:\/\/www.robertosedda.it\/index.php?rest_route=%2Fwp%2Fv2%2Fcomments&post=10785"}],"version-history":[{"count":3,"href":"https:\/\/www.robertosedda.it\/index.php?rest_route=\/wp\/v2\/posts\/10785\/revisions"}],"predecessor-version":[{"id":10793,"href":"https:\/\/www.robertosedda.it\/index.php?rest_route=\/wp\/v2\/posts\/10785\/revisions\/10793"}],"wp:attachment":[{"href":"https:\/\/www.robertosedda.it\/index.php?rest_route=%2Fwp%2Fv2%2Fmedia&parent=10785"}],"wp:term":[{"taxonomy":"category","embeddable":true,"href":"https:\/\/www.robertosedda.it\/index.php?rest_route=%2Fwp%2Fv2%2Fcategories&post=10785"},{"taxonomy":"post_tag","embeddable":true,"href":"https:\/\/www.robertosedda.it\/index.php?rest_route=%2Fwp%2Fv2%2Ftags&post=10785"}],"curies":[{"name":"wp","href":"https:\/\/api.w.org\/{rel}","templated":true}]}}