{"id":10587,"date":"2015-07-28T19:23:07","date_gmt":"2015-07-28T17:23:07","guid":{"rendered":"http:\/\/www.robertosedda.it\/?p=10587"},"modified":"2016-07-27T09:12:13","modified_gmt":"2016-07-27T07:12:13","slug":"seguire-il-tempo","status":"publish","type":"post","link":"https:\/\/www.robertosedda.it\/?p=10587","title":{"rendered":"Seguire il tempo"},"content":{"rendered":"<p>\u00c8 da almeno una settimana che ho un sacco di cose da scrivere sul\u00a0<em>blog<\/em> e non trovo il tempo per farlo.<\/p>\n<p>In parte dipende dal fatto che sono in vacanza: e uno si potrebbe dire che in realt\u00e0 \u00e8\u00a0<em>normale<\/em> che in vacanza si dedichi il tempo libero a fare altre cose.<\/p>\n<p>Il fatto \u00e8 per\u00f2 che il\u00a0<em>blog<\/em> per me \u00e8 tempo\u00a0<em>libero<\/em>, e per di pi\u00f9 una \u00a0cosa che mi piace moltissimo. E del resto la mia vita \u00e8 composta da un sacco di cose che faccio nel tempo libero &#8211; Banca Etica, i <em>Fabbricastorie<\/em>, il\u00a0<em>blog<\/em>, la radio &#8211; che per\u00f2 faccio con impegno pressante: perch\u00e9 sono cose <em>liberamente<\/em> scelte ma\u00a0che, una volta che l&#8217;impegno \u00e8 preso, diventano esigenti\u00a0come e pi\u00f9 di quelle cose che tutti siamo abituati a considerare <em>obbligatorie<\/em>: \u00a0il lavoro, per esempio.<\/p>\n<p>Quindi l&#8217;esperienza che faccio in questi giorni non \u00e8 quella banale della contrapposizione fra tempo libero e tempo obbligato; piuttosto sperimento, come non mi era mai capitato, che ci sono momenti della vita &#8211; anche solo una o due settimane &#8211; nei quali la tua vita rimane la stessa, i tuoi interessi, impegni, bisogni, ma il\u00a0<em>flusso<\/em> del tempo, il modo di organizzarlo cambia.<\/p>\n<p>Scopro allora che la vacanza\u00a0non \u00e8 tanto avere pi\u00f9 tempo libero o avere tempo per fare cose che altrimenti non faresti: per esempio mi sono portato dietro il quaderno dei giochi per potere &#8211; finalmente &#8211; scrivere, come ho desiderato tutto l&#8217;anno, e non l&#8217;ho ancora toccato. La vacanza \u00e8 piuttosto cogliere il fatto che ci si pu\u00f2 lasciar andare a questo tempo\u00a0modificato, in cui cose che prima ti prendevano pi\u00f9 o meno tempo assumono altri pesi e altri andamenti, e cos\u00ec arrivi a fine giornata e ti accorgi che il tempo l&#8217;hai usato per fare altro e puoi essere contento lo stesso.<\/p>\n<blockquote><p>Per ogni cosa c&#8217;\u00e8 il suo momento, il suo tempo per ogni faccenda sotto il cielo (Ec 3,1)<\/p><\/blockquote>\n<figure id=\"attachment_10588\" aria-describedby=\"caption-attachment-10588\" style=\"width: 720px\" class=\"wp-caption aligncenter\"><a href=\"https:\/\/i0.wp.com\/www.robertosedda.it\/wp-content\/uploads\/2015\/07\/Stintino.jpg\"><img data-attachment-id=\"10588\" data-permalink=\"https:\/\/www.robertosedda.it\/?attachment_id=10588\" data-orig-file=\"https:\/\/i0.wp.com\/www.robertosedda.it\/wp-content\/uploads\/2015\/07\/Stintino.jpg?fit=720%2C960&amp;ssl=1\" data-orig-size=\"720,960\" data-comments-opened=\"1\" data-image-meta=\"{&quot;aperture&quot;:&quot;0&quot;,&quot;credit&quot;:&quot;&quot;,&quot;camera&quot;:&quot;&quot;,&quot;caption&quot;:&quot;&quot;,&quot;created_timestamp&quot;:&quot;0&quot;,&quot;copyright&quot;:&quot;&quot;,&quot;focal_length&quot;:&quot;0&quot;,&quot;iso&quot;:&quot;0&quot;,&quot;shutter_speed&quot;:&quot;0&quot;,&quot;title&quot;:&quot;&quot;,&quot;orientation&quot;:&quot;0&quot;}\" data-image-title=\"Stintino\" data-image-description=\"\" data-image-caption=\"&lt;p&gt;Foto di Francesca La Via&lt;\/p&gt;\n\" data-medium-file=\"https:\/\/i0.wp.com\/www.robertosedda.it\/wp-content\/uploads\/2015\/07\/Stintino.jpg?fit=225%2C300&amp;ssl=1\" data-large-file=\"https:\/\/i0.wp.com\/www.robertosedda.it\/wp-content\/uploads\/2015\/07\/Stintino.jpg?fit=510%2C680&amp;ssl=1\" decoding=\"async\" loading=\"lazy\" class=\"size-full wp-image-10588\" src=\"https:\/\/i0.wp.com\/www.robertosedda.it\/wp-content\/uploads\/2015\/07\/Stintino.jpg?resize=720%2C960\" alt=\"Foto di Francesca La Via\" width=\"720\" height=\"960\" srcset=\"https:\/\/i0.wp.com\/www.robertosedda.it\/wp-content\/uploads\/2015\/07\/Stintino.jpg?w=720&amp;ssl=1 720w, https:\/\/i0.wp.com\/www.robertosedda.it\/wp-content\/uploads\/2015\/07\/Stintino.jpg?resize=113%2C150&amp;ssl=1 113w, https:\/\/i0.wp.com\/www.robertosedda.it\/wp-content\/uploads\/2015\/07\/Stintino.jpg?resize=225%2C300&amp;ssl=1 225w, https:\/\/i0.wp.com\/www.robertosedda.it\/wp-content\/uploads\/2015\/07\/Stintino.jpg?resize=510%2C680&amp;ssl=1 510w, https:\/\/i0.wp.com\/www.robertosedda.it\/wp-content\/uploads\/2015\/07\/Stintino.jpg?resize=700%2C933&amp;ssl=1 700w, https:\/\/i0.wp.com\/www.robertosedda.it\/wp-content\/uploads\/2015\/07\/Stintino.jpg?resize=38%2C50&amp;ssl=1 38w\" sizes=\"(max-width: 720px) 100vw, 720px\" data-recalc-dims=\"1\" \/><\/a><figcaption id=\"caption-attachment-10588\" class=\"wp-caption-text\">Foto di Francesca La Via<\/figcaption><\/figure>\n<p>E insomma, buone vacanze a tutti. Il prossimo articolo del\u00a0<em>blog<\/em> esce domani, promesso (vacanze permettendo).<\/p>\n","protected":false},"excerpt":{"rendered":"<p>\u00c8 da almeno una settimana che ho un sacco di cose da scrivere sul\u00a0blog e non trovo il tempo per<\/p>\n","protected":false},"author":1,"featured_media":10588,"comment_status":"open","ping_status":"open","sticky":false,"template":"","format":"standard","meta":{"_mi_skip_tracking":false,"_monsterinsights_sitenote_active":false,"_monsterinsights_sitenote_note":"","_monsterinsights_sitenote_category":0,"jetpack_post_was_ever_published":false,"_jetpack_newsletter_access":"","jetpack_publicize_message":"","jetpack_is_tweetstorm":false,"jetpack_publicize_feature_enabled":true,"jetpack_social_post_already_shared":true,"jetpack_social_options":{"image_generator_settings":{"template":"highway","enabled":false}}},"categories":[52,86,53,17,16],"tags":[],"jetpack_publicize_connections":[],"jetpack_featured_media_url":"https:\/\/i0.wp.com\/www.robertosedda.it\/wp-content\/uploads\/2015\/07\/Stintino.jpg?fit=720%2C960&ssl=1","jetpack_sharing_enabled":true,"jetpack_shortlink":"https:\/\/wp.me\/p4jV2T-2KL","jetpack_likes_enabled":true,"jetpack-related-posts":[{"id":14058,"url":"https:\/\/www.robertosedda.it\/?p=14058","url_meta":{"origin":10587,"position":0},"title":"Si riprende!","author":"Rufus","date":"21\/08\/2017","format":false,"excerpt":"Vedo che l'ultimo articolo su questo blog l'ho scritto il 3 agosto. Il 6 sono andato in vacanza e non ho pi\u00f9 scritto: rispetto agli anni scorsi la vacanza era pi\u00f9 intensa, il tempo minore, la connessione wi-fi dell'albergo meno efficiente, e insomma non ho scritto. Facebook era molto preoccupato.\u2026","rel":"","context":"In &quot;Coordinate&quot;","block_context":{"text":"Coordinate","link":"https:\/\/www.robertosedda.it\/?cat=52"},"img":{"alt_text":"","src":"https:\/\/i0.wp.com\/www.robertosedda.it\/wp-content\/uploads\/2017\/08\/ALIM4919.jpg?fit=1200%2C900&ssl=1&resize=350%2C200","width":350,"height":200,"srcset":"https:\/\/i0.wp.com\/www.robertosedda.it\/wp-content\/uploads\/2017\/08\/ALIM4919.jpg?fit=1200%2C900&ssl=1&resize=350%2C200 1x, https:\/\/i0.wp.com\/www.robertosedda.it\/wp-content\/uploads\/2017\/08\/ALIM4919.jpg?fit=1200%2C900&ssl=1&resize=700%2C400 2x, https:\/\/i0.wp.com\/www.robertosedda.it\/wp-content\/uploads\/2017\/08\/ALIM4919.jpg?fit=1200%2C900&ssl=1&resize=1050%2C600 3x"},"classes":[]},{"id":7961,"url":"https:\/\/www.robertosedda.it\/?p=7961","url_meta":{"origin":10587,"position":1},"title":"Emma di Jane Austen","author":"Rufus","date":"16\/07\/2014","format":"video","excerpt":"Puntata di\u00a0Oggi parliamo di libri del Primo Maggio 2014 Prima di tutto cominciamo con la pausa musicale, che presenta un Franco Battiato davvero giovanissimo: Come ho\u00a0spiegato nel corso della puntata mi sembrava un commento adeguato a un libro tutto giocato sull'educazione sentimentale e sull'ingresso nell'et\u00e0 adulta come Emma: non ricordo\u2026","rel":"","context":"In &quot;Coordinate&quot;","block_context":{"text":"Coordinate","link":"https:\/\/www.robertosedda.it\/?cat=52"},"img":{"alt_text":"","src":"https:\/\/i0.wp.com\/img.youtube.com\/vi\/J1IT9WqI7zA\/0.jpg?resize=350%2C200","width":350,"height":200},"classes":[]},{"id":13853,"url":"https:\/\/www.robertosedda.it\/?p=13853","url_meta":{"origin":10587,"position":2},"title":"Scollegamenti","author":"Rufus","date":"16\/06\/2017","format":false,"excerpt":"Di solito cerco di scrivere qualcosa sul blog tutti i giorni, escluso il week-end, ma in questi ultimi mesi mi capita di non mantenere affatto questo ritmo: per restare a questa settimana, luned\u00ec e marted\u00ec non ho scritto niente e nemmeno ieri. Ora, non \u00e8 che tenga il blog per\u2026","rel":"","context":"In &quot;Coordinate&quot;","block_context":{"text":"Coordinate","link":"https:\/\/www.robertosedda.it\/?cat=52"},"img":{"alt_text":"","src":"https:\/\/i0.wp.com\/www.robertosedda.it\/wp-content\/uploads\/2017\/06\/Schermata-del-2017-06-16-16-07-30.png?fit=1161%2C462&ssl=1&resize=350%2C200","width":350,"height":200,"srcset":"https:\/\/i0.wp.com\/www.robertosedda.it\/wp-content\/uploads\/2017\/06\/Schermata-del-2017-06-16-16-07-30.png?fit=1161%2C462&ssl=1&resize=350%2C200 1x, https:\/\/i0.wp.com\/www.robertosedda.it\/wp-content\/uploads\/2017\/06\/Schermata-del-2017-06-16-16-07-30.png?fit=1161%2C462&ssl=1&resize=700%2C400 2x, https:\/\/i0.wp.com\/www.robertosedda.it\/wp-content\/uploads\/2017\/06\/Schermata-del-2017-06-16-16-07-30.png?fit=1161%2C462&ssl=1&resize=1050%2C600 3x"},"classes":[]},{"id":4220,"url":"https:\/\/www.robertosedda.it\/?p=4220","url_meta":{"origin":10587,"position":3},"title":"Buone vacanze!","author":"Rufus","date":"03\/08\/2013","format":false,"excerpt":"Passer\u00f2 i prossimi giorni a Tonara, nel centro della Sardegna, quindi anche il blog si prende una vacanza. Mi porto dietro il\u00a0computer (luned\u00ec c'\u00e8 una\u00a0Skype call con i coordinatori dei vari gruppi di soci dell'Area Centro di Banca Etica) ma non conto di scrivere frequentemente sul blog:\u00a0 potr\u00e0 capitare ogni\u2026","rel":"","context":"In &quot;Coordinate&quot;","block_context":{"text":"Coordinate","link":"https:\/\/www.robertosedda.it\/?cat=52"},"img":{"alt_text":"","src":"https:\/\/i0.wp.com\/www.robertosedda.it\/wp-content\/uploads\/2013\/08\/ALIM0692.jpg?fit=1200%2C900&ssl=1&resize=350%2C200","width":350,"height":200,"srcset":"https:\/\/i0.wp.com\/www.robertosedda.it\/wp-content\/uploads\/2013\/08\/ALIM0692.jpg?fit=1200%2C900&ssl=1&resize=350%2C200 1x, https:\/\/i0.wp.com\/www.robertosedda.it\/wp-content\/uploads\/2013\/08\/ALIM0692.jpg?fit=1200%2C900&ssl=1&resize=700%2C400 2x, https:\/\/i0.wp.com\/www.robertosedda.it\/wp-content\/uploads\/2013\/08\/ALIM0692.jpg?fit=1200%2C900&ssl=1&resize=1050%2C600 3x"},"classes":[]},{"id":2080,"url":"https:\/\/www.robertosedda.it\/?p=2080","url_meta":{"origin":10587,"position":4},"title":"Cose che proseguono","author":"Rufus","date":"26\/01\/2013","format":false,"excerpt":"Non ho intenzione di tenere conto su questo blog di come evolvono tutte\u00a0le cose di cui mi capita di parlare, ma ogni tanto mi arrivano sotto mano aggiornamenti che mi fa piacere condividere. Il marchio della bestia e gli attrezzi per tracciare gli studenti Andrea Hernandez, la studentessa texana che\u2026","rel":"","context":"In &quot;Coordinate&quot;","block_context":{"text":"Coordinate","link":"https:\/\/www.robertosedda.it\/?cat=52"},"img":{"alt_text":"","src":"https:\/\/i0.wp.com\/www.robertosedda.it\/wp-content\/uploads\/2012\/11\/rfidpic.png?fit=660%2C512&ssl=1&resize=350%2C200","width":350,"height":200},"classes":[]},{"id":13981,"url":"https:\/\/www.robertosedda.it\/?p=13981","url_meta":{"origin":10587,"position":5},"title":"Prima di noi, dopo di noi","author":"Rufus","date":"21\/07\/2017","format":false,"excerpt":"Non credo di averlo detto con precisione ai miei amici, ma a ottobre finisco il mio terzo mandato da Referente dei soci di Banca Etica del Centro Italia e sar\u00f2 sostituito (tre mandati \u00e8 il massimo che si pu\u00f2 fare e pi\u00f9 passa il tempo e pi\u00f9 sono d'accordo che\u2026","rel":"","context":"In &quot;Coordinate&quot;","block_context":{"text":"Coordinate","link":"https:\/\/www.robertosedda.it\/?cat=52"},"img":{"alt_text":"","src":"https:\/\/i0.wp.com\/www.robertosedda.it\/wp-content\/uploads\/2014\/05\/Banca-Etica-regionale.jpg?fit=1200%2C900&ssl=1&resize=350%2C200","width":350,"height":200,"srcset":"https:\/\/i0.wp.com\/www.robertosedda.it\/wp-content\/uploads\/2014\/05\/Banca-Etica-regionale.jpg?fit=1200%2C900&ssl=1&resize=350%2C200 1x, https:\/\/i0.wp.com\/www.robertosedda.it\/wp-content\/uploads\/2014\/05\/Banca-Etica-regionale.jpg?fit=1200%2C900&ssl=1&resize=700%2C400 2x, https:\/\/i0.wp.com\/www.robertosedda.it\/wp-content\/uploads\/2014\/05\/Banca-Etica-regionale.jpg?fit=1200%2C900&ssl=1&resize=1050%2C600 3x"},"classes":[]}],"_links":{"self":[{"href":"https:\/\/www.robertosedda.it\/index.php?rest_route=\/wp\/v2\/posts\/10587"}],"collection":[{"href":"https:\/\/www.robertosedda.it\/index.php?rest_route=\/wp\/v2\/posts"}],"about":[{"href":"https:\/\/www.robertosedda.it\/index.php?rest_route=\/wp\/v2\/types\/post"}],"author":[{"embeddable":true,"href":"https:\/\/www.robertosedda.it\/index.php?rest_route=\/wp\/v2\/users\/1"}],"replies":[{"embeddable":true,"href":"https:\/\/www.robertosedda.it\/index.php?rest_route=%2Fwp%2Fv2%2Fcomments&post=10587"}],"version-history":[{"count":2,"href":"https:\/\/www.robertosedda.it\/index.php?rest_route=\/wp\/v2\/posts\/10587\/revisions"}],"predecessor-version":[{"id":12288,"href":"https:\/\/www.robertosedda.it\/index.php?rest_route=\/wp\/v2\/posts\/10587\/revisions\/12288"}],"wp:featuredmedia":[{"embeddable":true,"href":"https:\/\/www.robertosedda.it\/index.php?rest_route=\/wp\/v2\/media\/10588"}],"wp:attachment":[{"href":"https:\/\/www.robertosedda.it\/index.php?rest_route=%2Fwp%2Fv2%2Fmedia&parent=10587"}],"wp:term":[{"taxonomy":"category","embeddable":true,"href":"https:\/\/www.robertosedda.it\/index.php?rest_route=%2Fwp%2Fv2%2Fcategories&post=10587"},{"taxonomy":"post_tag","embeddable":true,"href":"https:\/\/www.robertosedda.it\/index.php?rest_route=%2Fwp%2Fv2%2Ftags&post=10587"}],"curies":[{"name":"wp","href":"https:\/\/api.w.org\/{rel}","templated":true}]}}