{"id":10417,"date":"2015-08-21T13:25:07","date_gmt":"2015-08-21T11:25:07","guid":{"rendered":"http:\/\/www.robertosedda.it\/?p=10417"},"modified":"2016-08-31T09:10:00","modified_gmt":"2016-08-31T07:10:00","slug":"il-ventaglio-di-letture","status":"publish","type":"post","link":"https:\/\/www.robertosedda.it\/?p=10417","title":{"rendered":"Il ventaglio di letture"},"content":{"rendered":"<p>In principio fu il\u00a0<em>blogroll<\/em>.<\/p>\n<p>Quando ho aperto questo sito tutti gli altri\u00a0<em>blog<\/em> avevano una colonna, a destra, con i\u00a0<em>link<\/em> che rimandavano ad altri\u00a0<em>blog<\/em>\u00a0o a altri siti stimati e consigliati, e quindi l&#8217;ho fatto anch&#8217;io.<\/p>\n<p>D&#8217;altra parte l&#8217;alternativa era occupare la colonna di destra con il gran variet\u00e0, come fanno ancora oggi molti siti importanti: il <em>Corriere\u00a0<\/em>nel momento in cui scrivo <a href=\"http:\/\/corrieredelveneto.corriere.it\/treviso\/notizie\/politica\/2015\/20-agosto-2015\/ahlam-modella-che-sfida-l-islam-sfilo-senza-veli-che-male-c-e-2301810409566.shtml\">propone\u00a0Ahlam El Brinis<\/a>, \u00abpelle d\u2019ambra, sguardo fiero, capelli neri\u00bb, islamica che per\u00f2 (<em>pero?!<\/em>) fa il concorso per\u00a0<em>Miss Italia<\/em>.<a href=\"https:\/\/i0.wp.com\/www.robertosedda.it\/wp-content\/uploads\/2015\/08\/Modella-marocchina-Corriere.jpg\"><img data-attachment-id=\"10685\" data-permalink=\"https:\/\/www.robertosedda.it\/?attachment_id=10685\" data-orig-file=\"https:\/\/i0.wp.com\/www.robertosedda.it\/wp-content\/uploads\/2015\/08\/Modella-marocchina-Corriere.jpg?fit=672%2C448&amp;ssl=1\" data-orig-size=\"672,448\" data-comments-opened=\"1\" data-image-meta=\"{&quot;aperture&quot;:&quot;0&quot;,&quot;credit&quot;:&quot;&quot;,&quot;camera&quot;:&quot;&quot;,&quot;caption&quot;:&quot;&quot;,&quot;created_timestamp&quot;:&quot;0&quot;,&quot;copyright&quot;:&quot;&quot;,&quot;focal_length&quot;:&quot;0&quot;,&quot;iso&quot;:&quot;0&quot;,&quot;shutter_speed&quot;:&quot;0&quot;,&quot;title&quot;:&quot;&quot;,&quot;orientation&quot;:&quot;0&quot;}\" data-image-title=\"Modella marocchina Corriere\" data-image-description=\"\" data-image-caption=\"\" data-medium-file=\"https:\/\/i0.wp.com\/www.robertosedda.it\/wp-content\/uploads\/2015\/08\/Modella-marocchina-Corriere.jpg?fit=300%2C200&amp;ssl=1\" data-large-file=\"https:\/\/i0.wp.com\/www.robertosedda.it\/wp-content\/uploads\/2015\/08\/Modella-marocchina-Corriere.jpg?fit=510%2C340&amp;ssl=1\" decoding=\"async\" loading=\"lazy\" class=\"aligncenter size-full wp-image-10685\" src=\"https:\/\/i0.wp.com\/www.robertosedda.it\/wp-content\/uploads\/2015\/08\/Modella-marocchina-Corriere.jpg?resize=672%2C448\" alt=\"Modella marocchina Corriere\" width=\"672\" height=\"448\" srcset=\"https:\/\/i0.wp.com\/www.robertosedda.it\/wp-content\/uploads\/2015\/08\/Modella-marocchina-Corriere.jpg?w=672&amp;ssl=1 672w, https:\/\/i0.wp.com\/www.robertosedda.it\/wp-content\/uploads\/2015\/08\/Modella-marocchina-Corriere.jpg?resize=150%2C100&amp;ssl=1 150w, https:\/\/i0.wp.com\/www.robertosedda.it\/wp-content\/uploads\/2015\/08\/Modella-marocchina-Corriere.jpg?resize=300%2C200&amp;ssl=1 300w, https:\/\/i0.wp.com\/www.robertosedda.it\/wp-content\/uploads\/2015\/08\/Modella-marocchina-Corriere.jpg?resize=510%2C340&amp;ssl=1 510w, https:\/\/i0.wp.com\/www.robertosedda.it\/wp-content\/uploads\/2015\/08\/Modella-marocchina-Corriere.jpg?resize=50%2C33&amp;ssl=1 50w\" sizes=\"(max-width: 672px) 100vw, 672px\" data-recalc-dims=\"1\" \/><\/a><\/p>\n<p>Ora che ho fatto schizzare in alto le visualizzazioni spargendo anche un po&#8217; di indignazione a buon mercato, come i veri <em>blogger<\/em> e la\u00a0migliore <a href=\"http:\/\/www.robertosedda.it\/?p=7235\">societ\u00e0 dello spettacolo<\/a>, passiamo alle cose serie (e ringraziate che mi sono tenuto sobrio: potevo pubblicare gattini pucciosi che fanno le acrobazie[1]).<\/p>\n<p>Ho tenuto il\u00a0<em>blogroll<\/em>\u00a0dalla fondazione del\u00a0<em>blog<\/em> fino al mese scorso, quando\u00a0ho deciso di sopprimerlo: ogni tanto mi accorgevo che qualcuno dei\u00a0<em>blog<\/em> segnalati spariva o chiudeva le attivit\u00e0, e\u00a0mi seccava mantenere aperti dei <em>link<\/em> inesistenti. Del resto l&#8217;avevo gi\u00e0 scritto in fase di presentazione del <em>blog:<\/em><\/p>\n<blockquote><p>Quando ho progettato il sito ho deciso che nel <em>blogroll<\/em> avrei messo solo collegamenti veri, cio\u00e8 <em>blog<\/em> che seguo realmente, diciamo che controllo almeno una volta alla settimana. Non mi\u00a0piacciono particolarmente <em>blogroll<\/em> chilometrici\u00a0e del tutto fittizi, in cui (<em>lo dico? lo dico!<\/em>) rimane Lara Manni mesi dopo che ha smesso di esistere (<em>ecco, l\u2019ho detto<\/em>).<\/p><\/blockquote>\n<p>Ecco: essere sicuro di avere collegamenti\u00a0<em>veri<\/em> diventava sempre pi\u00f9 difficile e in pi\u00f9 l&#8217;elenco dei siti era sempre meno rappresentativo dei miei interessi, delle mie letture sulla rete, del come mi informo e di quali contatti tengo.<\/p>\n<p>Quindi via,\u00a0<em>kaputt<\/em>, ho eliminato tutto.<\/p>\n<p>Alcuni siti del <em>blogroll\u00a0<\/em>d&#8217;altra parte rimanevano meritevoli di segnalazione ma, d&#8217;altra parte, non avevo intenzione di eliminare o trasformare la pagina dei\u00a0<em>blog<\/em> degli amici, anche se molti di loro sono anch&#8217;essi fuori attivit\u00e0. E poi avevo voglia di segnalare quegli altri siti che leggo periodicamente e sui quali vado a spizzicare.<\/p>\n<p>Alla fine\u00a0ho aggiunto <a href=\"http:\/\/www.robertosedda.it\/?page_id=10420\">una pagina<\/a> che raccoglie le varie fonti di informazione che\u00a0ho aggregato\u00a0sul mio palmare e che sfoglio periodicamente (molti degli articoli che traduco vengono da l\u00ec). Dentro le varie liste in cui sono suddivise ho anche recuperato quel che poteva rimanere del\u00a0<em>blogroll<\/em>.<\/p>\n<p>La pagina sar\u00e0, se possibile, aggiornata periodicamente: va nella stessa sezione del men\u00f9 &#8220;Chi sono&#8230;&#8221; nella quale compaiono pi\u00f9 o meno i miei interessi\u00a0(che, vedo, da quel men\u00f9\u00a0sembrerebbero essere solo il cibo e leggere&#8230;). Qui sotto metto le liste come sono\u00a0<em>oggi<\/em>, per fotografare e rivedere in futuro quali siti e riviste seguivo nel lontano agosto 2015. \u00c8 anche un modo, in fondo, per presentarmi e, per chi vuole, capire come ragiono e cosa mi interessa: forse il modo con cui sono organizzate le liste contiene degli indizi.<\/p>\n<p>Posto gli elenchi anche perch\u00e9, naturalmente, trovo che siano in larghissima maggioranza siti interessanti che vale la pena di leggere.<\/p>\n<p>Mi rendo conto che c&#8217;\u00e8 una certa prevalenza di anglosassoni, il che magari contribuisce a farmi seguire con un utile maggior distacco i dibattiti italiani ma non mi rende per questo meno\u00a0<em>mainstream<\/em>: mi dico spesso che per essere aiutato a pensare maggiormente con la mia testa dovrei aggiungere qualcosa in pi\u00f9 in lingua francese o spagnola, ma le mie competenze linguistiche non sono del tutto sufficienti; e poi per sentire opinioni\u00a0<em>davvero<\/em> diverse bisognerebbe arrivare al russo o al cinese, probabilmente. Quel che\u00a0<em>non<\/em> c&#8217;\u00e8, invece, sono i\u00a0<em>social<\/em>, che comunque per informarsi contano: <i>per me sono\u00a0<\/i><em>Facebook<\/em>, ovviamente, poco\u00a0<em>Twitter<\/em> e, strano a dirsi<i>,\u00a0<\/i><em>Instagram<\/em>, che \u00e8 quanto di pi\u00f9\u00a0<em>pop<\/em> esista oggi sulla rete. E poi non loder\u00f2 mai abbastanza l&#8217;uso di <em>Flipboard<\/em>\u00a0e\u00a0<em>Pulse\u00a0<\/em>come riviste e non per il loro scopo originario di aggregatori.<\/p>\n<p>Infine, se qualcuno si sente di consigliarmi di arricchire il mio\u00a0<em>bouquet<\/em> di fonti informative con altri siti, si faccia pure avanti: accetto volentieri tutti i suggerimenti.<\/p>\n<p>Nel frattempo, il quadro di lettura semiquotidiano del vostro amabile Rufus di quartiere \u00e8 quel che segue, in ordine rigorosamente alfabetico:<\/p>\n<ul>\n<li><strong>Cucina: <\/strong><em><a href=\"http:\/\/www.bonappetit.com\/\">Bon App\u00e9tit<\/a><\/em>, <em><a href=\"http:\/\/food52.com\/\">Food52<\/a>.<\/em><\/li>\n<li><strong><em>Design<\/em>:\u00a0<\/strong><em><a href=\"http:\/\/www.boredpanda.com\/\">Bored Panda<\/a><\/em>, <em><a href=\"http:\/\/www.thisiscolossal.com\/\">Colossal<\/a><\/em>, <em><a href=\"http:\/\/www.mymodernmet.com\/\">My Modern Met<\/a><\/em>, <em><a href=\"http:\/\/www.streetartnews.net\/\">Street Art News<\/a><\/em>.<\/li>\n<li><strong><em>Economics<\/em>: <\/strong><em><a href=\"http:\/\/www.altreconomia.it\/site\/\">Altreconomia<\/a><\/em>, <em><a href=\"http:\/\/www.finansol.it\">Finansol<\/a><\/em>, <em><a href=\"https:\/\/hbr.org\/\">Harvard Business Review<\/a><\/em>, <em><a href=\"http:\/\/www.ilsole24ore.com\/\">Il Sole 24 Ore<\/a><\/em>, <em><a href=\"http:\/\/www.nonconimieisoldi.org\/blog\/\">Non con i miei soldi<\/a><\/em>, <em><a href=\"http:\/\/www.economist.com\/\">The Economist<\/a><\/em>, <em><a href=\"http:\/\/valori.it\/\">Valori<\/a><\/em>, <em><a href=\"http:\/\/www.wired.com\/category\/business\">Wired (Business<\/a>)<\/em>.<\/li>\n<li><strong>Fumetti:<\/strong>\u00a0<a href=\"https:\/\/leortola.wordpress.com\/\">Leo Ortolani<\/a>, <em><a href=\"http:\/\/www.fumettologica.it\/\">Fumettologica<\/a><\/em>, <em><a href=\"http:\/\/www.lospaziobianco.it\/\">Lo spazio bianco<\/a><\/em>, <a href=\"http:\/\/www.zerocalcare.it\">Zerocalcare<\/a>.<\/li>\n<li><strong><em>Geeks<\/em>:<\/strong>\u00a0<em><a href=\"http:\/\/www.geeksaresexy.net\/\">Geeks are sexy<\/a><\/em>, <em><a href=\"http:\/\/gigaom.com\/\">GigaOM<\/a><\/em>, <em><a href=\"https:\/\/news.ycombinator.com\/\">Hacker News<\/a><\/em>, <em><a href=\"http:\/\/www.technologyreview.it\/\">MIT Technology Review<\/a><\/em>, <em><a href=\"http:\/\/www.ninjamarketing.it\/\">Ninja Marketing<\/a><\/em>, <em><a href=\"http:\/\/www.wired.com\/category\/security\/threatlevel\/\">Wired (Threat Level)<\/a><\/em>.<\/li>\n<li><strong><i>Letterature: <\/i><\/strong><em><a href=\"http:\/\/bestfantasybooks.com\/blog\/\">Best Fantasy Books\u00a0Blog<\/a><\/em><i>, <a href=\"http:\/\/ansible.uk\/\">David Langford<\/a>, <\/i><em><a href=\"http:\/\/www.jasit.it\/\">Jane Austen Society Italia<\/a><\/em><i>, <a href=\"http:\/\/www.neilgaiman.com\/\">Neil Gaiman<\/a>, <a href=\"http:\/\/www.patrickrothfuss.com\/content\/index.asp\">Patrick Rothfuss<\/a>, <\/i><em><a href=\"http:\/\/theblogaroundthecorner.it\/\">The blog around the corner<\/a><\/em><i>,<\/i>\u00a0<em><a href=\"http:\/\/dreamcafe.com\/\">Steven Brust<\/a><\/em>,<i>\u00a0<\/i><a href=\"http:\/\/www.newyorker.com\/books\"><em>The New Yorker<\/em><\/a><i><a href=\"http:\/\/www.newyorker.com\/books\"> (sezione letteraria)<\/a>.<\/i><\/li>\n<li><strong><em>Media &amp; entertainment<\/em>:<\/strong>\u00a0<em><a href=\"http:\/\/www.complex.com\/\">Complex<\/a><\/em>,\u00a0<em><a href=\"http:\/\/filmschoolrejects.com\/\">Film School Rejects<\/a><\/em>, <em><a href=\"http:\/\/mashable.com\/\">Mashable<\/a><\/em>, <em><a href=\"http:\/\/www.wired.com\/category\/entertainment\/gamelife\/\">Wired (Game Life)<\/a><\/em>, <em><a href=\"http:\/\/www.wired.com\/category\/entertainment\/underwire\/\">Wired (Underwire)<\/a><\/em>, <em><a href=\"http:\/\/www.wordandfilm.com\/\">Word and Film<\/a><\/em>.<\/li>\n<li><strong>Notizie:\u00a0<\/strong><a href=\"http:\/\/www.aljazeera.com\/\"><em>Al Jazeera<\/em> (in inglese)<\/a>,<strong>\u00a0<\/strong><em><a href=\"http:\/\/www.bbc.com\/news\">BBC News<\/a><\/em>, <em><a href=\"http:\/\/www.internazionale.it\/\">Internazionale<\/a><\/em>, <em><a href=\"https:\/\/www.propublica.org\/\">ProPublica<\/a><\/em>, <em><a href=\"http:\/\/www.slate.com\/\">Slate<\/a><\/em>, <em><a href=\"http:\/\/www.theatlantic.com\/world\/\">The Atlantic<\/a><\/em>, <em><a href=\"http:\/\/www.huffingtonpost.com\/?country=US\">The Huffington Post<\/a><\/em>, <em><a href=\"http:\/\/www.theatlantic.com\/thewire\/\">The Wire<\/a><\/em>, <em><a href=\"http:\/\/time.com\/\">Time<\/a><\/em>.<\/li>\n<li><em><strong>Photo<\/strong><\/em><strong>:<\/strong> <em><a href=\"https:\/\/500px.com\/\">500px<\/a><\/em>, <em><a href=\"http:\/\/www.americanphotomag.com\/\">American Photo<\/a><\/em>, <em><a href=\"http:\/\/photography.nationalgeographic.com\/photography\/\">National Geographic Photography<\/a><\/em>, <em><a href=\"http:\/\/www.outdoorphotographer.com\/\">Outdoor Photographer<\/a><\/em>, <em><a href=\"http:\/\/www.vagabondish.com\/category\/photography\/\">Vagabondish Photography<\/a><\/em>, <em><a href=\"https:\/\/vervephoto.wordpress.com\/\">Verve Photo<\/a><\/em>.<\/li>\n<li><strong>Sardegna:<\/strong>\u00a0<em><a href=\"http:\/\/www.sardegnaoggi.it\/\">Sardegna Oggi<\/a><\/em>, <em><a href=\"http:\/\/www.sardegnablogger.it\/\">Sardegna Blogger<\/a><\/em>, <a href=\"http:\/\/www.vitobiolchini.it\/\">Vito Biolchini<\/a>.<\/li>\n<li><strong><em>Social &amp; People<\/em>:<\/strong> <em><a href=\"http:\/\/www.minimarketing.it\/\">[Mini]Marketing<\/a><\/em>, <a href=\"http:\/\/alfredosomoza.com\/\">Alfredo Somoza<\/a>, <a href=\"http:\/\/www.francescasanzo.net\/news\/\">Francesca Sanzo<\/a>, <em><a href=\"http:\/\/freakonomics.com\/blog\/\">Freakonomics<\/a><\/em>, <a href=\"http:\/\/leonardo.blogspot.it\/\">Leonardo<\/a>, <em><a href=\"http:\/\/www.wired.com\/category\/security\/dangerroom\/\">Wired Danger Room<\/a><\/em>.<\/li>\n<li><strong>Tendenze e opinioni:<\/strong> <em><a href=\"http:\/\/www.brainpickings.org\/\">Brain Pickings<\/a><\/em>, <em><a href=\"http:\/\/www.newstatesman.com\/culture\">New Statesman Culture<\/a><\/em>, <em><a href=\"http:\/\/www.newyorker.com\/\">The New Yorker<\/a><\/em>, <em><a href=\"http:\/\/www.vox.com\/\">Vox<\/a><\/em>.<\/li>\n<\/ul>\n<h4>Note<\/h4>\n<p>[1] Naturalmente il vero futuro dell&#8217;Internet sarebbero siti ricchi di ragazze discinte che fanno fare acrobazie a gattini pucciosi, tutto insieme.<\/p>\n","protected":false},"excerpt":{"rendered":"<p>In principio fu il\u00a0blogroll. Quando ho aperto questo sito tutti gli altri\u00a0blog avevano una colonna, a destra, con i\u00a0link che<\/p>\n","protected":false},"author":1,"featured_media":10685,"comment_status":"open","ping_status":"open","sticky":false,"template":"","format":"standard","meta":{"_mi_skip_tracking":false,"_monsterinsights_sitenote_active":false,"_monsterinsights_sitenote_note":"","_monsterinsights_sitenote_category":0,"jetpack_post_was_ever_published":false,"_jetpack_newsletter_access":"","jetpack_publicize_message":"","jetpack_is_tweetstorm":false,"jetpack_publicize_feature_enabled":true,"jetpack_social_post_already_shared":true,"jetpack_social_options":{"image_generator_settings":{"template":"highway","enabled":false}}},"categories":[52,64,55,95,16],"tags":[],"jetpack_publicize_connections":[],"jetpack_featured_media_url":"https:\/\/i0.wp.com\/www.robertosedda.it\/wp-content\/uploads\/2015\/08\/Modella-marocchina-Corriere.jpg?fit=672%2C448&ssl=1","jetpack_sharing_enabled":true,"jetpack_shortlink":"https:\/\/wp.me\/p4jV2T-2I1","jetpack_likes_enabled":true,"jetpack-related-posts":[{"id":4061,"url":"https:\/\/www.robertosedda.it\/?p=4061","url_meta":{"origin":10417,"position":0},"title":"Di faccia e di profilo","author":"Rufus","date":"19\/07\/2013","format":false,"excerpt":"Tempo fa mi aveva incuriosito un articolo di Wired\u00a0(ma la cosa \u00e8 ancora\u00a0pi\u00f9 vecchia) che raccontava della lotta di un grafico professinionista, Phil Kaplan, contro l'industria delle foto segnaletiche. \"Industria delle foto segnaletiche\"?! Gi\u00e0. Ma andiamo con ordine. Negli Stati Uniti i registri di arresto, con i dati rilevati in\u2026","rel":"","context":"In &quot;Coordinate&quot;","block_context":{"text":"Coordinate","link":"https:\/\/www.robertosedda.it\/?cat=52"},"img":{"alt_text":"","src":"https:\/\/i0.wp.com\/www.robertosedda.it\/wp-content\/uploads\/2013\/07\/Moral-Monday.png?fit=974%2C604&ssl=1&resize=350%2C200","width":350,"height":200,"srcset":"https:\/\/i0.wp.com\/www.robertosedda.it\/wp-content\/uploads\/2013\/07\/Moral-Monday.png?fit=974%2C604&ssl=1&resize=350%2C200 1x, https:\/\/i0.wp.com\/www.robertosedda.it\/wp-content\/uploads\/2013\/07\/Moral-Monday.png?fit=974%2C604&ssl=1&resize=700%2C400 2x"},"classes":[]},{"id":823,"url":"https:\/\/www.robertosedda.it\/?p=823","url_meta":{"origin":10417,"position":1},"title":"On the road again","author":"Rufus","date":"04\/09\/2012","format":false,"excerpt":"Pubblicare un sito o un blog comporta una buona dose di presunzione: vuol dire supporre che quello che si scrive o si fa sia interessante per gli altri, di solito molti altri. \u00c8 con un certo imbarazzo, quindi, che ho deciso di rimettere su il mio sito, che da un\u2026","rel":"","context":"In &quot;Coordinate&quot;","block_context":{"text":"Coordinate","link":"https:\/\/www.robertosedda.it\/?cat=52"},"img":{"alt_text":"","src":"","width":0,"height":0},"classes":[]},{"id":15560,"url":"https:\/\/www.robertosedda.it\/?p=15560","url_meta":{"origin":10417,"position":2},"title":"Segnalazioni: il blog di Carlo Galli","author":"Rufus","date":"03\/08\/2018","format":false,"excerpt":"Ho scoperto per caso il\u00a0blog di un ex parlamentare del PD (e poi di altre formazioni di sinistra) e, soprattutto, docente universitario e politologo che si chiama Carlo Galli. Il blog \u00e8 interessante, ma soprattutto volevo segnalare una coppia di articoli recenti che si muovono sul crinale difficilissimo di ricerca\u2026","rel":"","context":"In &quot;Coordinate&quot;","block_context":{"text":"Coordinate","link":"https:\/\/www.robertosedda.it\/?cat=52"},"img":{"alt_text":"","src":"https:\/\/i0.wp.com\/www.robertosedda.it\/wp-content\/uploads\/2018\/08\/Carlo-Galli.jpg?fit=980%2C576&ssl=1&resize=350%2C200","width":350,"height":200,"srcset":"https:\/\/i0.wp.com\/www.robertosedda.it\/wp-content\/uploads\/2018\/08\/Carlo-Galli.jpg?fit=980%2C576&ssl=1&resize=350%2C200 1x, https:\/\/i0.wp.com\/www.robertosedda.it\/wp-content\/uploads\/2018\/08\/Carlo-Galli.jpg?fit=980%2C576&ssl=1&resize=700%2C400 2x"},"classes":[]},{"id":1056,"url":"https:\/\/www.robertosedda.it\/?p=1056","url_meta":{"origin":10417,"position":3},"title":"Storie di varia letteratura","author":"Rufus","date":"18\/10\/2012","format":false,"excerpt":"Ieri e avantieri mi sono ritrovato dentro una lunga discussione politico-letteraria su Liberos con niente po' po' di meno che Michela Murgia e Omar Onnis (fra gli altri) su un argomento che spaziava dalla letteratura al femminile alle quote rosa letterarie al fascismo, passando per Grazia Deledda. Non \u00e8 una\u2026","rel":"","context":"In &quot;Coordinate&quot;","block_context":{"text":"Coordinate","link":"https:\/\/www.robertosedda.it\/?cat=52"},"img":{"alt_text":"","src":"","width":0,"height":0},"classes":[]},{"id":13299,"url":"https:\/\/www.robertosedda.it\/?p=13299","url_meta":{"origin":10417,"position":4},"title":"Comunicazione non ostile e altra roba forse buona e forse no","author":"Rufus","date":"22\/02\/2017","format":false,"excerpt":"Mi sembra utile segnalare un articolo di Annamaria Testa che riferisce di un convegno,\u00a0Parole O_stili svoltosi a Trieste e dedicato, sostanzialmente, alla comunicazione in rete. \u00c8 lo stesso convegno dal quale \u00e8 uscito un Manifesto della comunicazione non ostile, un elenco di dieci regole che diversi di voi immagino abbiano\u2026","rel":"","context":"In &quot;Coordinate&quot;","block_context":{"text":"Coordinate","link":"https:\/\/www.robertosedda.it\/?cat=52"},"img":{"alt_text":"","src":"https:\/\/i0.wp.com\/www.robertosedda.it\/wp-content\/uploads\/2017\/02\/Comunicazione-non-ostile.jpg?fit=1200%2C950&ssl=1&resize=350%2C200","width":350,"height":200,"srcset":"https:\/\/i0.wp.com\/www.robertosedda.it\/wp-content\/uploads\/2017\/02\/Comunicazione-non-ostile.jpg?fit=1200%2C950&ssl=1&resize=350%2C200 1x, https:\/\/i0.wp.com\/www.robertosedda.it\/wp-content\/uploads\/2017\/02\/Comunicazione-non-ostile.jpg?fit=1200%2C950&ssl=1&resize=700%2C400 2x, https:\/\/i0.wp.com\/www.robertosedda.it\/wp-content\/uploads\/2017\/02\/Comunicazione-non-ostile.jpg?fit=1200%2C950&ssl=1&resize=1050%2C600 3x"},"classes":[]},{"id":8914,"url":"https:\/\/www.robertosedda.it\/?p=8914","url_meta":{"origin":10417,"position":5},"title":"Quali intellettuali in Sardegna? Un intervento di Piero Marcialis","author":"Rufus","date":"19\/11\/2014","format":false,"excerpt":"Oltre che su questo\u00a0blog questo articolo viene pubblicato anche sui siti di\u00a0Fondazione Sardinia,\u00a0Aladinpensiero,\u00a0Tramas de amistade,\u00a0Sardegna Soprattutto,\u00a0Sportello Formaparis,\u00a0Tottusinpari e sui blog di\u00a0Enrico Lobina,\u00a0Vito Biolchini\u00a0e\u00a0Francesca Madrigali. Quali intellettuali in Sardegna? di Piero Marcialis Si scalda (forse) il dibattito sugli intellettuali in Sardegna. Non mi soffermo a dire che intellettuali siamo un po\u2019\u2026","rel":"","context":"In &quot;Coordinate&quot;","block_context":{"text":"Coordinate","link":"https:\/\/www.robertosedda.it\/?cat=52"},"img":{"alt_text":"","src":"https:\/\/i0.wp.com\/www.robertosedda.it\/wp-content\/uploads\/2014\/11\/intellettuali1.jpg?fit=360%2C269&ssl=1&resize=350%2C200","width":350,"height":200},"classes":[]}],"_links":{"self":[{"href":"https:\/\/www.robertosedda.it\/index.php?rest_route=\/wp\/v2\/posts\/10417"}],"collection":[{"href":"https:\/\/www.robertosedda.it\/index.php?rest_route=\/wp\/v2\/posts"}],"about":[{"href":"https:\/\/www.robertosedda.it\/index.php?rest_route=\/wp\/v2\/types\/post"}],"author":[{"embeddable":true,"href":"https:\/\/www.robertosedda.it\/index.php?rest_route=\/wp\/v2\/users\/1"}],"replies":[{"embeddable":true,"href":"https:\/\/www.robertosedda.it\/index.php?rest_route=%2Fwp%2Fv2%2Fcomments&post=10417"}],"version-history":[{"count":4,"href":"https:\/\/www.robertosedda.it\/index.php?rest_route=\/wp\/v2\/posts\/10417\/revisions"}],"predecessor-version":[{"id":12384,"href":"https:\/\/www.robertosedda.it\/index.php?rest_route=\/wp\/v2\/posts\/10417\/revisions\/12384"}],"wp:featuredmedia":[{"embeddable":true,"href":"https:\/\/www.robertosedda.it\/index.php?rest_route=\/wp\/v2\/media\/10685"}],"wp:attachment":[{"href":"https:\/\/www.robertosedda.it\/index.php?rest_route=%2Fwp%2Fv2%2Fmedia&parent=10417"}],"wp:term":[{"taxonomy":"category","embeddable":true,"href":"https:\/\/www.robertosedda.it\/index.php?rest_route=%2Fwp%2Fv2%2Fcategories&post=10417"},{"taxonomy":"post_tag","embeddable":true,"href":"https:\/\/www.robertosedda.it\/index.php?rest_route=%2Fwp%2Fv2%2Ftags&post=10417"}],"curies":[{"name":"wp","href":"https:\/\/api.w.org\/{rel}","templated":true}]}}