{"id":10327,"date":"2015-06-08T17:56:50","date_gmt":"2015-06-08T15:56:50","guid":{"rendered":"http:\/\/www.robertosedda.it\/?p=10327"},"modified":"2016-06-08T09:55:15","modified_gmt":"2016-06-08T07:55:15","slug":"la-stand-up-comedy-che-in-italia-non-ce-e-quella-che-ce","status":"publish","type":"post","link":"https:\/\/www.robertosedda.it\/?p=10327","title":{"rendered":"La <em>stand up comedy<\/em> che in Italia non c&#8217;\u00e8 (e quella che c&#8217;\u00e8)"},"content":{"rendered":"<p><em><a href=\"https:\/\/i0.wp.com\/www.robertosedda.it\/wp-content\/uploads\/2015\/06\/Stand-up-comedy-passioni.jpg\"><img data-attachment-id=\"10334\" data-permalink=\"https:\/\/www.robertosedda.it\/?attachment_id=10334\" data-orig-file=\"https:\/\/i0.wp.com\/www.robertosedda.it\/wp-content\/uploads\/2015\/06\/Stand-up-comedy-passioni.jpg?fit=300%2C169&amp;ssl=1\" data-orig-size=\"300,169\" data-comments-opened=\"1\" data-image-meta=\"{&quot;aperture&quot;:&quot;0&quot;,&quot;credit&quot;:&quot;&quot;,&quot;camera&quot;:&quot;&quot;,&quot;caption&quot;:&quot;&quot;,&quot;created_timestamp&quot;:&quot;0&quot;,&quot;copyright&quot;:&quot;&quot;,&quot;focal_length&quot;:&quot;0&quot;,&quot;iso&quot;:&quot;0&quot;,&quot;shutter_speed&quot;:&quot;0&quot;,&quot;title&quot;:&quot;&quot;,&quot;orientation&quot;:&quot;0&quot;}\" data-image-title=\"Stand up comedy passioni\" data-image-description=\"\" data-image-caption=\"\" data-medium-file=\"https:\/\/i0.wp.com\/www.robertosedda.it\/wp-content\/uploads\/2015\/06\/Stand-up-comedy-passioni.jpg?fit=300%2C169&amp;ssl=1\" data-large-file=\"https:\/\/i0.wp.com\/www.robertosedda.it\/wp-content\/uploads\/2015\/06\/Stand-up-comedy-passioni.jpg?fit=300%2C169&amp;ssl=1\" decoding=\"async\" loading=\"lazy\" class=\"alignright size-medium wp-image-10334\" src=\"https:\/\/i0.wp.com\/www.robertosedda.it\/wp-content\/uploads\/2015\/06\/Stand-up-comedy-passioni.jpg?resize=300%2C169\" alt=\"Stand up comedy passioni\" width=\"300\" height=\"169\" srcset=\"https:\/\/i0.wp.com\/www.robertosedda.it\/wp-content\/uploads\/2015\/06\/Stand-up-comedy-passioni.jpg?w=300&amp;ssl=1 300w, https:\/\/i0.wp.com\/www.robertosedda.it\/wp-content\/uploads\/2015\/06\/Stand-up-comedy-passioni.jpg?resize=150%2C85&amp;ssl=1 150w, https:\/\/i0.wp.com\/www.robertosedda.it\/wp-content\/uploads\/2015\/06\/Stand-up-comedy-passioni.jpg?resize=50%2C28&amp;ssl=1 50w\" sizes=\"(max-width: 300px) 100vw, 300px\" data-recalc-dims=\"1\" \/><\/a>Passioni<\/em> \u00e8 un bel programma di <em>Radio3<\/em> <a href=\"http:\/\/www.robertosedda.it\/?p=5743\">di cui ho gi\u00e0 parlato altre volte<\/a>.<\/p>\n<p>Nello scorso fine settimana ho ascoltato due puntate dedicate alla <em>stand up comedy<\/em>, che erano molto interessanti e che vi invito a scaricare o <a href=\"http:\/\/www.passioni.rai.it\/dl\/portaleRadio\/media\/ContentItem-e894dfee-55da-4615-ad53-4891b28dbf4d.html#\">a riascoltare in <em>podcast<\/em> (sono le puntate del 6 e 7 giugno 2015)<\/a>.<\/p>\n<p>Una delle tesi portanti \u00e8 stato che in Italia si fa molto poca\u00a0<em>stand up comedy<\/em> (o ci sono pochi\u00a0<em>stand up comedians<\/em>, che \u00e8 quasi lo stesso). Una tesi che dapprima mi ha lasciato interdetto, ma che poi \u00e8 stata argomentata estesamente: non basta alzarsi in piedi davanti al pubblico e fare un monologo al microfono: la <em>stand up comedy<\/em> richiede un impasto peculiare di comicit\u00e0 esistenziale, lavoro su se stessi, satira di costume e diverse altre cose che obiettivamente appartengono abbastanza poco al Crozza medio o alla serata tipica di <em>Zelig<\/em> o <em>Colorado<\/em> (il che non vuol dire che quelli facciano male, ovviamente, ma sono diversi). Una tesi, alla fine, che mi \u00e8 sembrata piuttosto convincente.<\/p>\n<p>Oggi per\u00f2, mentre leggevo <a href=\"http:\/\/www.robertosedda.it\/?p=10323\">la recensione di <em>Zerocalcare<\/em> che ho segnalato poco fa <\/a>mi \u00e8 venuto in mente che questo vale probabilmente per l&#8217;umorismo teatrale in senso proprio, perch\u00e9 se c&#8217;\u00e8 un settore nel quale la comicit\u00e0 esistenziale \u00e8 in pieno vigore \u00e8 <em>esattamente<\/em> il fumetto, a partire da <em>Zerocalcare<\/em> ma non solo (anzi, c&#8217;erano tanti gi\u00e0 prima di lui).<\/p>\n<p>Non \u00e8 barare: \u00e8 chiaro che stiamo parlando di <em>media<\/em> diversi, ma la cosa che mi sembra interessante, e che mi volevo quindi appuntare qui, \u00e8 proprio il fatto che questo genere di comicit\u00e0 in Itlaia non solo esiste ma incontra pure il favore del pubblico: e quindi la dimensione interessante non mi sembra fare il catalogo (qui c&#8217;\u00e8, l\u00e0 no, non si pu\u00f2 definire <em>stand up comedy <\/em>in senso stretto) quanto chiedersi come mai vada ad annidarsi in un determinato <em>media<\/em> piuttosto che in un altro.<\/p>\n<p>Oh, io non lo so perch\u00e9; ma mi sembrava interessante annotarmelo.<\/p>\n","protected":false},"excerpt":{"rendered":"<p>Passioni \u00e8 un bel programma di Radio3 di cui ho gi\u00e0 parlato altre volte. Nello scorso fine settimana ho ascoltato<\/p>\n","protected":false},"author":1,"featured_media":10334,"comment_status":"open","ping_status":"open","sticky":false,"template":"","format":"standard","meta":{"_mi_skip_tracking":false,"_monsterinsights_sitenote_active":false,"_monsterinsights_sitenote_note":"","_monsterinsights_sitenote_category":0,"jetpack_post_was_ever_published":false,"_jetpack_newsletter_access":"","jetpack_publicize_message":"","jetpack_is_tweetstorm":false,"jetpack_publicize_feature_enabled":true,"jetpack_social_post_already_shared":true,"jetpack_social_options":{"image_generator_settings":{"template":"highway","enabled":false}}},"categories":[52,55,77,15,12],"tags":[],"jetpack_publicize_connections":[],"jetpack_featured_media_url":"https:\/\/i0.wp.com\/www.robertosedda.it\/wp-content\/uploads\/2015\/06\/Stand-up-comedy-passioni.jpg?fit=300%2C169&ssl=1","jetpack_sharing_enabled":true,"jetpack_shortlink":"https:\/\/wp.me\/p4jV2T-2Gz","jetpack_likes_enabled":true,"jetpack-related-posts":[{"id":18723,"url":"https:\/\/www.robertosedda.it\/?p=18723","url_meta":{"origin":10327,"position":0},"title":"L&#8217;amabile Rufus e il meraviglioso mondo dei podcast","author":"Rufus","date":"03\/06\/2021","format":false,"excerpt":"A fine agosto dell'anno scorso, quando gi\u00e0 si intuiva che avremmo passato altri lunghi mesi pi\u00f9 o meno reclusi, ho cominciato a camminare. Pu\u00f2 darsi che la cosa abbia avuto inizio perch\u00e9 mi sono detto che era meglio tenere d'occhio la pressione, ma in realt\u00e0 col senno di poi credo\u2026","rel":"","context":"In &quot;Coordinate&quot;","block_context":{"text":"Coordinate","link":"https:\/\/www.robertosedda.it\/?cat=52"},"img":{"alt_text":"","src":"https:\/\/i0.wp.com\/www.robertosedda.it\/wp-content\/uploads\/2021\/05\/La-riserva.jpg?fit=494%2C879&ssl=1&resize=350%2C200","width":350,"height":200},"classes":[]},{"id":10836,"url":"https:\/\/www.robertosedda.it\/?p=10836","url_meta":{"origin":10327,"position":1},"title":"Sono di nuovo on air (e anche on line!)","author":"Rufus","date":"15\/09\/2015","format":false,"excerpt":"Da gioved\u00ec prossimo ricomincia\u00a0Oggi parliamo di libri, al solito orario delle 19.10 e in replica il venerd\u00ec mattina alle 8.30. La grossa novit\u00e0 di quest'anno \u00e8 il\u00a0podcast, che permetter\u00e0 di riascoltare le puntate quasi immediatamente senza bisogno di aspettare che io le metta in rete per conto mio. Continuer\u00f2 comunque\u2026","rel":"","context":"In &quot;Coordinate&quot;","block_context":{"text":"Coordinate","link":"https:\/\/www.robertosedda.it\/?cat=52"},"img":{"alt_text":"","src":"https:\/\/i0.wp.com\/www.robertosedda.it\/wp-content\/uploads\/2015\/09\/Radio-Kalaritana-On-Air.jpg?fit=850%2C310&ssl=1&resize=350%2C200","width":350,"height":200,"srcset":"https:\/\/i0.wp.com\/www.robertosedda.it\/wp-content\/uploads\/2015\/09\/Radio-Kalaritana-On-Air.jpg?fit=850%2C310&ssl=1&resize=350%2C200 1x, https:\/\/i0.wp.com\/www.robertosedda.it\/wp-content\/uploads\/2015\/09\/Radio-Kalaritana-On-Air.jpg?fit=850%2C310&ssl=1&resize=700%2C400 2x"},"classes":[]},{"id":15174,"url":"https:\/\/www.robertosedda.it\/?p=15174","url_meta":{"origin":10327,"position":2},"title":"Latino fish and chips","author":"Rufus","date":"17\/05\/2018","format":false,"excerpt":"Nei miei vagabondaggi sulla rete mi sono imbattuto in un\u00a0blog (e\u00a0podcast) divertente dedicato alla storia romana, che si chiama\u00a0Totalus rankium. La traduzione\u00a0sarebbe qualcosa del tipo \"classifica globale\" in un latino inglesizzato - sarei stato tentato di definirlo\u00a0latino\u00a0maccheronico\u00a0ma gli inglesi non mangiano spaghetti e insomma, boh. Il sito \u00e8 un delizioso\u2026","rel":"","context":"In &quot;Coordinate&quot;","block_context":{"text":"Coordinate","link":"https:\/\/www.robertosedda.it\/?cat=52"},"img":{"alt_text":"","src":"https:\/\/i0.wp.com\/www.robertosedda.it\/wp-content\/uploads\/2018\/05\/Totalium-rankium-1.jpg?fit=700%2C1094&ssl=1&resize=350%2C200","width":350,"height":200,"srcset":"https:\/\/i0.wp.com\/www.robertosedda.it\/wp-content\/uploads\/2018\/05\/Totalium-rankium-1.jpg?fit=700%2C1094&ssl=1&resize=350%2C200 1x, https:\/\/i0.wp.com\/www.robertosedda.it\/wp-content\/uploads\/2018\/05\/Totalium-rankium-1.jpg?fit=700%2C1094&ssl=1&resize=700%2C400 2x"},"classes":[]},{"id":9879,"url":"https:\/\/www.robertosedda.it\/?p=9879","url_meta":{"origin":10327,"position":3},"title":"URGENTE!!1!!1! FATE GIRARE!!1!1!!","author":"Rufus","date":"01\/04\/2015","format":false,"excerpt":"Ok, adesso che ho la vostra attenzione, il mio problema \u00e8 questo: ... ... pronti? Insomma: sono quasi tre anni che faccio Oggi parliamo di libri e non ho mai nessuna reazione. Non so manco se qualcuno mi ascolta (a parte mia mamma, santa donna, e un paio di amici\u2026","rel":"","context":"In &quot;Coordinate&quot;","block_context":{"text":"Coordinate","link":"https:\/\/www.robertosedda.it\/?cat=52"},"img":{"alt_text":"","src":"https:\/\/i0.wp.com\/www.robertosedda.it\/wp-content\/uploads\/2012\/12\/197882_4997567705416_1682811050_n.jpg?fit=750%2C865&ssl=1&resize=350%2C200","width":350,"height":200,"srcset":"https:\/\/i0.wp.com\/www.robertosedda.it\/wp-content\/uploads\/2012\/12\/197882_4997567705416_1682811050_n.jpg?fit=750%2C865&ssl=1&resize=350%2C200 1x, https:\/\/i0.wp.com\/www.robertosedda.it\/wp-content\/uploads\/2012\/12\/197882_4997567705416_1682811050_n.jpg?fit=750%2C865&ssl=1&resize=700%2C400 2x"},"classes":[]},{"id":5743,"url":"https:\/\/www.robertosedda.it\/?p=5743","url_meta":{"origin":10327,"position":4},"title":"In viaggio per gli Stati Uniti esclusivamente col treno","author":"Rufus","date":"04\/01\/2014","format":false,"excerpt":"Non l'ho mai scritto qui ma mi piace molto Passioni, un programma di Radio3 che va in onda il sabato e la domenica mattina, alle undici meno dieci circa (e che completa, devo dire, un fior fior di mattinata che comprende Lezioni di musica e Uomini e profeti, che a\u2026","rel":"","context":"In &quot;Coordinate&quot;","block_context":{"text":"Coordinate","link":"https:\/\/www.robertosedda.it\/?cat=52"},"img":{"alt_text":"","src":"https:\/\/i0.wp.com\/www.robertosedda.it\/wp-content\/uploads\/2014\/01\/AMTRAK-22.jpg?fit=413%2C310&ssl=1&resize=350%2C200","width":350,"height":200},"classes":[]},{"id":2153,"url":"https:\/\/www.robertosedda.it\/?p=2153","url_meta":{"origin":10327,"position":5},"title":"Sono su Youtube!","author":"Rufus","date":"01\/02\/2013","format":"video","excerpt":"Bella gente, grandi novit\u00e0! L'impegno che mi ero preso, di trascrivere volta per volta le puntate di Oggi parliamo di libri, si sta rivelando troppo oneroso: sono rimasto alla quarta puntata e ne sono state trasmesse gi\u00e0 nove, ogni \"sbobinatura\" prende tempo e non sembra probabile che possa facilmente recuperare\u2026","rel":"","context":"In &quot;Coordinate&quot;","block_context":{"text":"Coordinate","link":"https:\/\/www.robertosedda.it\/?cat=52"},"img":{"alt_text":"","src":"https:\/\/i0.wp.com\/img.youtube.com\/vi\/mN9gq-HwVBA\/0.jpg?resize=350%2C200","width":350,"height":200},"classes":[]}],"_links":{"self":[{"href":"https:\/\/www.robertosedda.it\/index.php?rest_route=\/wp\/v2\/posts\/10327"}],"collection":[{"href":"https:\/\/www.robertosedda.it\/index.php?rest_route=\/wp\/v2\/posts"}],"about":[{"href":"https:\/\/www.robertosedda.it\/index.php?rest_route=\/wp\/v2\/types\/post"}],"author":[{"embeddable":true,"href":"https:\/\/www.robertosedda.it\/index.php?rest_route=\/wp\/v2\/users\/1"}],"replies":[{"embeddable":true,"href":"https:\/\/www.robertosedda.it\/index.php?rest_route=%2Fwp%2Fv2%2Fcomments&post=10327"}],"version-history":[{"count":3,"href":"https:\/\/www.robertosedda.it\/index.php?rest_route=\/wp\/v2\/posts\/10327\/revisions"}],"predecessor-version":[{"id":12072,"href":"https:\/\/www.robertosedda.it\/index.php?rest_route=\/wp\/v2\/posts\/10327\/revisions\/12072"}],"wp:featuredmedia":[{"embeddable":true,"href":"https:\/\/www.robertosedda.it\/index.php?rest_route=\/wp\/v2\/media\/10334"}],"wp:attachment":[{"href":"https:\/\/www.robertosedda.it\/index.php?rest_route=%2Fwp%2Fv2%2Fmedia&parent=10327"}],"wp:term":[{"taxonomy":"category","embeddable":true,"href":"https:\/\/www.robertosedda.it\/index.php?rest_route=%2Fwp%2Fv2%2Fcategories&post=10327"},{"taxonomy":"post_tag","embeddable":true,"href":"https:\/\/www.robertosedda.it\/index.php?rest_route=%2Fwp%2Fv2%2Ftags&post=10327"}],"curies":[{"name":"wp","href":"https:\/\/api.w.org\/{rel}","templated":true}]}}