{"id":10145,"date":"2015-04-28T18:23:20","date_gmt":"2015-04-28T16:23:20","guid":{"rendered":"http:\/\/www.robertosedda.it\/?p=10145"},"modified":"2017-05-09T10:20:35","modified_gmt":"2017-05-09T08:20:35","slug":"i-libretti-dopera-a-oggi-parliamo-di-libri","status":"publish","type":"post","link":"https:\/\/www.robertosedda.it\/?p=10145","title":{"rendered":"I libretti d&#8217;opera a <em>Oggi parliamo di libri<\/em>"},"content":{"rendered":"<p>Ho messo oggi in linea la puntata di\u00a0<em>Oggi parliamo di libri<\/em> dedicata ai libretti d&#8217;opera, una puntata un poco anomala perch\u00e9 l&#8217;argomento era in fondo abbastanza sfuggente.<\/p>\n<div class=\"jetpack-video-wrapper\"><span class=\"embed-youtube\" style=\"text-align:center; display: block;\"><iframe loading=\"lazy\" class=\"youtube-player\" width=\"800\" height=\"450\" src=\"https:\/\/www.youtube.com\/embed\/e48viAGu9TY?version=3&#038;rel=1&#038;showsearch=0&#038;showinfo=1&#038;iv_load_policy=1&#038;fs=1&#038;hl=it-IT&#038;autohide=2&#038;wmode=transparent\" allowfullscreen=\"true\" style=\"border:0;\" sandbox=\"allow-scripts allow-same-origin allow-popups allow-presentation\"><\/iframe><\/span><\/div>\n<p>Nella mia tradizione familiare &#8211; come credo in tante altre famiglie borghesi solidamente ancorate, ehm, all&#8217;Ottocento &#8211; si sono\u00a0sempre usati modi di dire derivati dall&#8217;opera o addirittura versi citati direttamente (<em>che gelida manina<\/em>, per esempio). Io stesso dico spesso una strofetta di Metastasio, che secondo mia madre era la frase preferita di un&#8217;antica prozia<\/p>\n<blockquote><p>Voce dal sen sfuggita<br \/>\npoi richiamar non vale:<br \/>\nnon si trattien lo strale,<br \/>\nquando dall&#8217;arco usc\u00ec<\/p><\/blockquote>\n<p>versi che trovo fantastici.<\/p>\n<p>Per\u00f2\u00a0ho anche sempre considerato in maniera un po&#8217; scanzonata i libretti d&#8217;opera, che si prestano anche a essere canzonati (il gioco di parole \u00e8 intenzionale) perch\u00e9 retorici, magniloquenti e pieni di elementi improbabili, coincidenze, disvelamenti, tizi\u00a0che dopo essere morti hanno il tempo di cantare un&#8217;intera aria e cose cos\u00ec.<\/p>\n<p>Come la letteratura di genere, in realt\u00e0. Il primo elemento che mi ha indotto a fare la puntata \u00e8 stato proprio questo, anche se in trasmissione non l&#8217;ho approfondito particolarmente: io parlo principalmente di letteratura di genere, e i libretti d&#8217;opera vi hanno pieno diritto di cittadinanza. Il morto che canta la cavatina, insomma, non \u00e8 pi\u00f9 improbabile del soldato\u00a0che tira fuori la foto dei figli (e si sa che quindi morir\u00e0) o della ragazza bionda che quando manca la luce lascia la sicurezza del gruppo per andare a riaccendere il contatore (e quindi morir\u00e0). E d&#8217;altra parte le opere sono costruite con tutto quel\u00a0<em>cast<\/em> di caratteri archetipici (<em>villain<\/em>, giovani amorosi, eroi sfortunati, fanciulle pure, donne tentatrici eccetera) che \u00e8 tipico della narrazione orale prima e della scrittura di genere poi.<\/p>\n<p>Ma il motivo per il quale ho deciso di fare la puntata \u00e8 stato principalmente perch\u00e9 fin dalla <a href=\"http:\/\/www.robertosedda.it\/?p=9768\">puntata sulle saghe nordiche<\/a>\u00a0avevo l&#8217;intenzione di parlare di un tema che man mano \u00e8 andato precisandosi e definendosi: il fatto che mi sono accorto che tutte le storie di cui man mano andavo parlando.. finivano male.<\/p>\n<p>Basta un&#8217;occhiata ad altre narrazioni coeve, per esempio i vari\u00a0<em>Novellini<\/em> o il\u00a0<em>Decameron<\/em>, per rendersi conto che non \u00e8 una caratteristica assoluta dell&#8217;epoca:\u00a0\u00e8 invece una caratteristica di queste narrazioni di taglio epico e di un&#8217;altra vasta famiglia di storie, una caratteristica che si ramifica, diviene sotterranea, ricompare, si trasforma, si sposta su altri generi ma alla fin fine rimane sempre e, divenuta gusto epr il patetico, giunge infine esattamente al melodramma.<\/p>\n<p>E quindi volevo parlarne perch\u00e9 mi era sempre mancato il tempo di segnalare in maniera adeguata la cosa e mi sembrava utile per chiudere il cerchio rispetto alla <a href=\"http:\/\/www.robertosedda.it\/?p=9758\">puntata sulle fiabe<\/a>. Se si va a leggere le fiabe e a immergersi nelle narrazioni orali e in tutto ci\u00f2 che ne discende ci sono due anomalie rispetto alla frase che spesso usiamo: \u00abUn amore che sembra una fiaba\u00bb. L\u00e0 avevo segnalato che nelle fiabe avevo trovato pochissime storie d&#8217;amore, qui volevo segnalare che comunque per molto tempo il modo corretto di raccontare l&#8217;amore \u00e8 stato considerato quello di presentare storie non col lieto fine, ma invece che terminano in maniera pi\u00f9 o meno tragica.<\/p>\n<p>Ironia della sorte quando mi sono trovato in trasmissione mi sono reso conto che la preparazione mi faceva difetto e che in realt\u00e0 non sono ben capace di spiegare\u00a0<em>perch\u00e9<\/em> sia cos\u00ec (sapere di non sapere \u00e8 gi\u00e0 un passo avanti, comunque).<\/p>\n<div class=\"jetpack-video-wrapper\"><span class=\"embed-youtube\" style=\"text-align:center; display: block;\"><iframe class=\"youtube-player\" width=\"800\" height=\"450\" src=\"https:\/\/www.youtube.com\/embed\/NxqlTQ6lT0U?version=3&#038;rel=1&#038;showsearch=0&#038;showinfo=1&#038;iv_load_policy=1&#038;fs=1&#038;hl=it-IT&#038;autohide=2&#038;wmode=transparent\" allowfullscreen=\"true\" style=\"border:0;\" sandbox=\"allow-scripts allow-same-origin allow-popups allow-presentation\"><\/iframe><\/span><\/div>\n<p>In realt\u00e0 mi sono poi ricordato che una spiegazione forse ce l&#8217;ho, ma richiede che traduca un articolo, cosa che conto di fare nei prossimi giorni. Qui chiudo invece ammettendo che la puntata soffre di un altro evidente difetto: il campo dei libretti d&#8217;opera \u00e8 troppo vasto, e meglio sarebbe stato concentrarsi solo su un autore o su un singolo libretto: sono sicuro che la puntata sarebbe uscita migliore.<\/p>\n","protected":false},"excerpt":{"rendered":"<p>Ho messo oggi in linea la puntata di\u00a0Oggi parliamo di libri dedicata ai libretti d&#8217;opera, una puntata un poco anomala<\/p>\n","protected":false},"author":1,"featured_media":0,"comment_status":"open","ping_status":"open","sticky":false,"template":"","format":"video","meta":{"_mi_skip_tracking":false,"_monsterinsights_sitenote_active":false,"_monsterinsights_sitenote_note":"","_monsterinsights_sitenote_category":0,"jetpack_post_was_ever_published":false,"_jetpack_newsletter_access":"","jetpack_publicize_message":"","jetpack_is_tweetstorm":false,"jetpack_publicize_feature_enabled":true,"jetpack_social_post_already_shared":true,"jetpack_social_options":{"image_generator_settings":{"template":"highway","enabled":false}}},"categories":[70,52,56,13,12],"tags":[],"jetpack_publicize_connections":[],"jetpack_featured_media_url":"","jetpack_sharing_enabled":true,"jetpack_shortlink":"https:\/\/wp.me\/p4jV2T-2DD","jetpack_likes_enabled":true,"jetpack-related-posts":[{"id":10009,"url":"https:\/\/www.robertosedda.it\/?p=10009","url_meta":{"origin":10145,"position":0},"title":"Di nuovo sulla &#8220;Gerusalemme liberata&#8221;","author":"Rufus","date":"21\/04\/2015","format":"video","excerpt":"Della\u00a0Gerusalemme liberata ho gi\u00e0 parlato pi\u00f9 o meno un anno e mezzo fa, quindi oggi mi limito a segnalare che ho messo in linea la puntata che ho dedicato al poema su\u00a0Oggi parliamo di libri e a invitarvi all'ascolto, oltre che della puntata, della pausa musicale con la strepitosa Mahalia\u2026","rel":"","context":"In &quot;Coordinate&quot;","block_context":{"text":"Coordinate","link":"https:\/\/www.robertosedda.it\/?cat=52"},"img":{"alt_text":"","src":"https:\/\/i0.wp.com\/img.youtube.com\/vi\/gPZuWzZvoYQ\/0.jpg?resize=350%2C200","width":350,"height":200},"classes":[]},{"id":9751,"url":"https:\/\/www.robertosedda.it\/?p=9751","url_meta":{"origin":10145,"position":1},"title":"Il momento della pausa musicale, di nuovo","author":"Rufus","date":"08\/03\/2015","format":"video","excerpt":"La settimana prossima registro quattro nuove puntate di Oggi parliamo di libri e mi \u00e8 venuta voglia di nuovo di chiedervi consiglio sui brani musicali da utilizzare come pausa e commento. Le quattro puntate saranno dedicate: Ai libretti d'opera; lo so che qui i suggerimenti sembrano ovvi, ma voi stupitemi...\u2026","rel":"","context":"In &quot;Coordinate&quot;","block_context":{"text":"Coordinate","link":"https:\/\/www.robertosedda.it\/?cat=52"},"img":{"alt_text":"","src":"https:\/\/i0.wp.com\/img.youtube.com\/vi\/lASwxqAlnFs\/0.jpg?resize=350%2C200","width":350,"height":200},"classes":[]},{"id":10443,"url":"https:\/\/www.robertosedda.it\/?p=10443","url_meta":{"origin":10145,"position":2},"title":"Il tenero Peter e la rossa esplosiva","author":"Rufus","date":"24\/06\/2015","format":"video","excerpt":"Non so se l'avete mai intuito, ma le puntate di Oggi parliamo di libri le faccio soprattutto per me stesso. Non mi riferisco solo al fatto che fare la radio mi diverte davvero tanto, moltissimo, ma soprattutto al fatto che mentre preparo le puntate faccio continuamente delle scoperte, mi si\u2026","rel":"","context":"In &quot;Cappe e spade&quot;","block_context":{"text":"Cappe e spade","link":"https:\/\/www.robertosedda.it\/?cat=70"},"img":{"alt_text":"","src":"https:\/\/i0.wp.com\/img.youtube.com\/vi\/GwFwAupZu6Y\/0.jpg?resize=350%2C200","width":350,"height":200},"classes":[]},{"id":12472,"url":"https:\/\/www.robertosedda.it\/?p=12472","url_meta":{"origin":10145,"position":3},"title":"Cos\u00ec fin\u00ec Oggi parliamo di libri","author":"Rufus","date":"06\/09\/2016","format":false,"excerpt":"Trovate qui sotto l'ultima puntata della stagione 2015\/2016 di\u00a0Oggi parliamo di libri, dedicata a\u00a0Liol\u00e0\u00a0di Pirandello: si tratta anche dell'ultima puntata in generale della trasmissione, perch\u00e9 per l'anno prossimo mi piacerebbe molto che venisse accettata la mia proposta di parlare di giochi\u00a0(se si parte si parte ad ottobre, ma mi pare\u2026","rel":"","context":"In &quot;Coordinate&quot;","block_context":{"text":"Coordinate","link":"https:\/\/www.robertosedda.it\/?cat=52"},"img":{"alt_text":"","src":"https:\/\/i0.wp.com\/www.robertosedda.it\/wp-content\/uploads\/2016\/09\/Oggi-parliamo-di-libri-1.jpg?fit=480%2C360&ssl=1&resize=350%2C200","width":350,"height":200},"classes":[]},{"id":9519,"url":"https:\/\/www.robertosedda.it\/?p=9519","url_meta":{"origin":10145,"position":4},"title":"Cyrano de Bergerac e le bugie dell&#8217;amore","author":"Rufus","date":"02\/02\/2015","format":"video","excerpt":"Devo confessare una cosa: forse perch\u00e9 opera teatrale in versi avevo sempre creduto che il Cyrano\u00a0di Rostand fosse un'opera pi\u00f9 o meno risalente alla stessa epoca dei fatti narrati, pi\u00f9 o meno contemporaneo di Corneille e Racine (e infatti i pi\u00f9 attenti ricorderanno che l'ho citato in questo senso nella\u2026","rel":"","context":"In &quot;Cappe e spade&quot;","block_context":{"text":"Cappe e spade","link":"https:\/\/www.robertosedda.it\/?cat=70"},"img":{"alt_text":"","src":"https:\/\/i0.wp.com\/img.youtube.com\/vi\/RoRIhrt9XUk\/0.jpg?resize=350%2C200","width":350,"height":200},"classes":[]},{"id":11889,"url":"https:\/\/www.robertosedda.it\/?p=11889","url_meta":{"origin":10145,"position":5},"title":"Sono un secchione e Manzoni mi piace","author":"Rufus","date":"02\/05\/2016","format":false,"excerpt":"L'Adelchi non sar\u00e0 propriamente Game of Thrones\u00a0ma... http:\/\/www.radiokalaritana.it\/audio\/LIB-S04E24-Alessandro_Manzoni_Adelchi-20160310.mp3 Adelchi - Alessandro Manzoni Non ho molto da dire sulla puntata di Oggi parliamo di libri\u00a0dedicata all'Adelchi di Alessandro Manzoni se non lamentare che il poco tempo a disposizione per prepararmi mi abbia portato a una resa un po', come dire?, scolastica,\u2026","rel":"","context":"In &quot;Coordinate&quot;","block_context":{"text":"Coordinate","link":"https:\/\/www.robertosedda.it\/?cat=52"},"img":{"alt_text":"","src":"https:\/\/i0.wp.com\/www.robertosedda.it\/wp-content\/uploads\/2016\/05\/Adelchi.jpg?fit=768%2C1024&ssl=1&resize=350%2C200","width":350,"height":200,"srcset":"https:\/\/i0.wp.com\/www.robertosedda.it\/wp-content\/uploads\/2016\/05\/Adelchi.jpg?fit=768%2C1024&ssl=1&resize=350%2C200 1x, https:\/\/i0.wp.com\/www.robertosedda.it\/wp-content\/uploads\/2016\/05\/Adelchi.jpg?fit=768%2C1024&ssl=1&resize=700%2C400 2x"},"classes":[]}],"_links":{"self":[{"href":"https:\/\/www.robertosedda.it\/index.php?rest_route=\/wp\/v2\/posts\/10145"}],"collection":[{"href":"https:\/\/www.robertosedda.it\/index.php?rest_route=\/wp\/v2\/posts"}],"about":[{"href":"https:\/\/www.robertosedda.it\/index.php?rest_route=\/wp\/v2\/types\/post"}],"author":[{"embeddable":true,"href":"https:\/\/www.robertosedda.it\/index.php?rest_route=\/wp\/v2\/users\/1"}],"replies":[{"embeddable":true,"href":"https:\/\/www.robertosedda.it\/index.php?rest_route=%2Fwp%2Fv2%2Fcomments&post=10145"}],"version-history":[{"count":6,"href":"https:\/\/www.robertosedda.it\/index.php?rest_route=\/wp\/v2\/posts\/10145\/revisions"}],"predecessor-version":[{"id":13664,"href":"https:\/\/www.robertosedda.it\/index.php?rest_route=\/wp\/v2\/posts\/10145\/revisions\/13664"}],"wp:attachment":[{"href":"https:\/\/www.robertosedda.it\/index.php?rest_route=%2Fwp%2Fv2%2Fmedia&parent=10145"}],"wp:term":[{"taxonomy":"category","embeddable":true,"href":"https:\/\/www.robertosedda.it\/index.php?rest_route=%2Fwp%2Fv2%2Fcategories&post=10145"},{"taxonomy":"post_tag","embeddable":true,"href":"https:\/\/www.robertosedda.it\/index.php?rest_route=%2Fwp%2Fv2%2Ftags&post=10145"}],"curies":[{"name":"wp","href":"https:\/\/api.w.org\/{rel}","templated":true}]}}