{"id":10143,"date":"2015-04-28T12:52:39","date_gmt":"2015-04-28T10:52:39","guid":{"rendered":"http:\/\/www.robertosedda.it\/?p=10143"},"modified":"2015-04-28T12:52:39","modified_gmt":"2015-04-28T10:52:39","slug":"reblog-il-popolo-del-web","status":"publish","type":"post","link":"https:\/\/www.robertosedda.it\/?p=10143","title":{"rendered":"REBLOG: Il popolo del web"},"content":{"rendered":"<p><a href=\"http:\/\/gilioli.blogautore.espresso.repubblica.it\/2015\/04\/26\/lettera-aperta-ad-aldo-grasso-2\/\">Rilancio volentieri un buon articolo di Alessandro Gilioli che si confronta con Aldo Grasso su &#8220;il popolo del <em>web<\/em>&#8221; e le critiche che si possono ricevere\u00a0<em>online<\/em>. L&#8217;articolo si avvicina a dimensioni\u00a0<em>definitive<\/em>: nel senso che consiglio di conservarlo e ritirarlo fuori la prossima volta che qualcuno, irritato per essere stato colto in castagna, per difendersi tirer\u00e0 fuori la bufala del &#8220;popolo del\u00a0<em>web<\/em>&#8220;.<\/a><\/p>\n","protected":false},"excerpt":{"rendered":"<p>Rilancio volentieri un buon articolo di Alessandro Gilioli che si confronta con Aldo Grasso su &#8220;il popolo del web&#8221; e<\/p>\n","protected":false},"author":1,"featured_media":0,"comment_status":"open","ping_status":"open","sticky":false,"template":"","format":"link","meta":{"_mi_skip_tracking":false,"_monsterinsights_sitenote_active":false,"_monsterinsights_sitenote_note":"","_monsterinsights_sitenote_category":0,"jetpack_post_was_ever_published":false,"_jetpack_newsletter_access":"","jetpack_publicize_message":"","jetpack_is_tweetstorm":false,"jetpack_publicize_feature_enabled":true,"jetpack_social_post_already_shared":true,"jetpack_social_options":{"image_generator_settings":{"template":"highway","enabled":false}}},"categories":[95],"tags":[],"jetpack_publicize_connections":[],"jetpack_featured_media_url":"","jetpack_sharing_enabled":true,"jetpack_shortlink":"https:\/\/wp.me\/p4jV2T-2DB","jetpack_likes_enabled":true,"jetpack-related-posts":[{"id":5105,"url":"https:\/\/www.robertosedda.it\/?p=5105","url_meta":{"origin":10143,"position":0},"title":"Fedeli a Dio e al popolo","author":"Rufus","date":"27\/11\/2013","format":false,"excerpt":"Questa settimana l\u2019articolo collettivo l'ho scritto io. Mi avevano chiesto una riflessione da cattolico, \u00e8 arrivato qualcosa di imprevisto forse anche da me (peccato: se il Papa avesse pubblicato l'enciclica qualche giorno prima, avevo da scrivere in abbondanza). Fra le obiezioni ricevute la pi\u00f9 sostanziosa riguarda il rapporto fra la\u2026","rel":"","context":"In &quot;Coordinate&quot;","block_context":{"text":"Coordinate","link":"https:\/\/www.robertosedda.it\/?cat=52"},"img":{"alt_text":"","src":"https:\/\/i0.wp.com\/www.robertosedda.it\/wp-content\/uploads\/2012\/08\/compendio-dottrina-sociale-della-chiesa-cattolica.jpg?fit=446%2C600&ssl=1&resize=350%2C200","width":350,"height":200},"classes":[]},{"id":10410,"url":"https:\/\/www.robertosedda.it\/?p=10410","url_meta":{"origin":10143,"position":1},"title":"Esperimenti, banane, scimmie e bufale","author":"Rufus","date":"17\/12\/2015","format":false,"excerpt":"Gira periodicamente sul\u00a0web un\u00a0meme\u00a0o un articolo che racconta di un presunto esperimento condotto con delle scimmie: di solito viene pubblicato per invitare la gente a \"non fidarsi\" delle verit\u00e0 precostituite e a lamentarsi del popolo bue... o del popolo scimmia (credo che sia stato proposto in questo senso perfino da\u2026","rel":"","context":"In &quot;Coordinate&quot;","block_context":{"text":"Coordinate","link":"https:\/\/www.robertosedda.it\/?cat=52"},"img":{"alt_text":"","src":"https:\/\/i0.wp.com\/www.robertosedda.it\/wp-content\/uploads\/2015\/12\/Cinque-scimmie.jpg?fit=960%2C714&ssl=1&resize=350%2C200","width":350,"height":200,"srcset":"https:\/\/i0.wp.com\/www.robertosedda.it\/wp-content\/uploads\/2015\/12\/Cinque-scimmie.jpg?fit=960%2C714&ssl=1&resize=350%2C200 1x, https:\/\/i0.wp.com\/www.robertosedda.it\/wp-content\/uploads\/2015\/12\/Cinque-scimmie.jpg?fit=960%2C714&ssl=1&resize=700%2C400 2x"},"classes":[]},{"id":8157,"url":"https:\/\/www.robertosedda.it\/?p=8157","url_meta":{"origin":10143,"position":2},"title":"Piccola nota per gli amanti di cose sarde (e anche no)","author":"Rufus","date":"06\/08\/2014","format":false,"excerpt":"Sto leggendo The road to Hel proprio cos\u00ec, con una sola \"l\", perch\u00e9 Hel non \u00e8 l'inferno ma la dimora dei morti nella concezione dei popoli del Nord Europa, quelli che noi chiamiamo comunemente vichinghi. L'autrice \u00e8 Hilda Roderick Ellis Davidson, una grande esperta della cultura medievale scandinava, di cui\u2026","rel":"","context":"In &quot;Coordinate&quot;","block_context":{"text":"Coordinate","link":"https:\/\/www.robertosedda.it\/?cat=52"},"img":{"alt_text":"","src":"https:\/\/i0.wp.com\/www.robertosedda.it\/wp-content\/uploads\/2014\/08\/navicella-nuragica.jpeg?fit=584%2C430&ssl=1&resize=350%2C200","width":350,"height":200},"classes":[]},{"id":7893,"url":"https:\/\/www.robertosedda.it\/?p=7893","url_meta":{"origin":10143,"position":3},"title":"La Sardegna verso il baratro della Storia: sette punti per riprendere il cammino (un intervento di Salvatore Cubeddu)","author":"Rufus","date":"02\/07\/2014","format":false,"excerpt":"\u00c8 ripreso dopo una lunga interruzione l'invio degli articoli dei\u00a0blogger del luned\u00ec. Questa settimana Salvatore Cubeddu. Come al solito l'articolo \u00e8 pubblicato oltre che qui anche sui siti\u00a0di\u00a0Fondazione Sardinia, Tramas de amistade,\u00a0Aladin pensiero, Vito Biolchini,\u00a0Sardegna soprattutto,\u00a0Enrico Lobina,\u00a0Madrigopolis,\u00a0Forma paris\u00a0e\u00a0Tottus in pari. La Sardegna verso il baratro della Storia: sette punti per\u2026","rel":"","context":"In &quot;Coordinate&quot;","block_context":{"text":"Coordinate","link":"https:\/\/www.robertosedda.it\/?cat=52"},"img":{"alt_text":"","src":"https:\/\/i0.wp.com\/www.robertosedda.it\/wp-content\/uploads\/2013\/12\/Salvatore-Cubeddu.jpg?fit=500%2C374&ssl=1&resize=350%2C200","width":350,"height":200},"classes":[]},{"id":16906,"url":"https:\/\/www.robertosedda.it\/?p=16906","url_meta":{"origin":10143,"position":4},"title":"Tutte le facce del mondo","author":"Rufus","date":"10\/07\/2019","format":false,"excerpt":"Donna Bodi; fiume Mago, Debub Omo, Regione delle Nazioni Meridionali, Etiopia Mi sono imbattuto recentemente su Bored Panda nel lavoro di Alexander Khimushin, un fotografo il cui progetto artistico \u00e8 incentrato sul fotografare le persone appartenenti ai popoli minoritari e indigeni (al progetto complessivo \u00e8 dedicato un sito - The\u2026","rel":"","context":"In &quot;Antropologia&quot;","block_context":{"text":"Antropologia","link":"https:\/\/www.robertosedda.it\/?cat=97"},"img":{"alt_text":"","src":"https:\/\/i0.wp.com\/www.robertosedda.it\/wp-content\/uploads\/2019\/07\/Khimushin-crop.jpg?fit=880%2C654&ssl=1&resize=350%2C200","width":350,"height":200,"srcset":"https:\/\/i0.wp.com\/www.robertosedda.it\/wp-content\/uploads\/2019\/07\/Khimushin-crop.jpg?fit=880%2C654&ssl=1&resize=350%2C200 1x, https:\/\/i0.wp.com\/www.robertosedda.it\/wp-content\/uploads\/2019\/07\/Khimushin-crop.jpg?fit=880%2C654&ssl=1&resize=700%2C400 2x"},"classes":[]},{"id":15453,"url":"https:\/\/www.robertosedda.it\/?p=15453","url_meta":{"origin":10143,"position":5},"title":"La strada di Firenze","author":"Rufus","date":"11\/07\/2018","format":false,"excerpt":"L'altro giorno mi \u00e8 stato commissionato un breve articolo a commento della proclamazione della venerabilit\u00e0 di Giorgio La Pira; per scriverlo sono andato a rivedermi, fra le altre cose, la Premessa di Cagliari, cio\u00e8 il discorso che La Pira tenne a Cagliari nel 1973 per introdurre il convegno dell'IPALMO, l'Istituto\u2026","rel":"","context":"In &quot;Coordinate&quot;","block_context":{"text":"Coordinate","link":"https:\/\/www.robertosedda.it\/?cat=52"},"img":{"alt_text":"","src":"https:\/\/i0.wp.com\/www.robertosedda.it\/wp-content\/uploads\/2018\/07\/La-Pira-2.jpg?fit=720%2C625&ssl=1&resize=350%2C200","width":350,"height":200,"srcset":"https:\/\/i0.wp.com\/www.robertosedda.it\/wp-content\/uploads\/2018\/07\/La-Pira-2.jpg?fit=720%2C625&ssl=1&resize=350%2C200 1x, https:\/\/i0.wp.com\/www.robertosedda.it\/wp-content\/uploads\/2018\/07\/La-Pira-2.jpg?fit=720%2C625&ssl=1&resize=700%2C400 2x"},"classes":[]}],"_links":{"self":[{"href":"https:\/\/www.robertosedda.it\/index.php?rest_route=\/wp\/v2\/posts\/10143"}],"collection":[{"href":"https:\/\/www.robertosedda.it\/index.php?rest_route=\/wp\/v2\/posts"}],"about":[{"href":"https:\/\/www.robertosedda.it\/index.php?rest_route=\/wp\/v2\/types\/post"}],"author":[{"embeddable":true,"href":"https:\/\/www.robertosedda.it\/index.php?rest_route=\/wp\/v2\/users\/1"}],"replies":[{"embeddable":true,"href":"https:\/\/www.robertosedda.it\/index.php?rest_route=%2Fwp%2Fv2%2Fcomments&post=10143"}],"version-history":[{"count":1,"href":"https:\/\/www.robertosedda.it\/index.php?rest_route=\/wp\/v2\/posts\/10143\/revisions"}],"predecessor-version":[{"id":10144,"href":"https:\/\/www.robertosedda.it\/index.php?rest_route=\/wp\/v2\/posts\/10143\/revisions\/10144"}],"wp:attachment":[{"href":"https:\/\/www.robertosedda.it\/index.php?rest_route=%2Fwp%2Fv2%2Fmedia&parent=10143"}],"wp:term":[{"taxonomy":"category","embeddable":true,"href":"https:\/\/www.robertosedda.it\/index.php?rest_route=%2Fwp%2Fv2%2Fcategories&post=10143"},{"taxonomy":"post_tag","embeddable":true,"href":"https:\/\/www.robertosedda.it\/index.php?rest_route=%2Fwp%2Fv2%2Ftags&post=10143"}],"curies":[{"name":"wp","href":"https:\/\/api.w.org\/{rel}","templated":true}]}}