{"id":9975,"date":"2015-04-15T18:56:24","date_gmt":"2015-04-15T16:56:24","guid":{"rendered":"http:\/\/www.robertosedda.it\/?p=9975"},"modified":"2017-04-19T10:05:10","modified_gmt":"2017-04-19T08:05:10","slug":"incontru-a-nuove-pagine-di-vita","status":"publish","type":"post","link":"http:\/\/www.robertosedda.it\/?p=9975","title":{"rendered":"Incontru a nuove pagine di vita"},"content":{"rendered":"<p>Non ero mai stato al rito de <em>S&#8217;incontru<\/em> anche se naturalmente sapevo che in molti paesi della Sardegna \u00e8 una parte importante dei riti di Pasqua. Avevo visto delle foto conservate nella casa di Orani (la Pasqua del 1961, credo) e ne avevo sentito parlare, ma non c&#8217;ero mai stato, perch\u00e9 a Cagliari usa meno e perch\u00e9 credo che questa sia stata una delle pochissime Pasque che non ho celebrato nella mia parrocchia.<\/p>\n<p>Quest&#8217;anno invece Pasqua ha trovato me e Bonaria a Tonara nel lento ritorno verso casa dopo un impegno a Sassari, la sosta del <a title=\"Gli scorridori\" href=\"http:\/\/www.robertosedda.it\/?p=9903\">Venerd\u00ec Santo a San Pietro di Sorres<\/a> e un paio di tappe a Orani e Gavoi.<\/p>\n<p>E cos\u00ec prima della Messa pasquale ci siamo disposti con tanti tonaresi nel punto prescelto, mentre i due cortei, uno con l&#8217;immagine della Madonna velata e l&#8217;altro con la statua del Redentore convergevano lentamente l&#8217;uno verso l&#8217;altro in un silenzio via via pi\u00f9 spettrale.<\/p>\n<p>E poi c&#8217;\u00e8 stato l&#8217;urlo liberatorio dell&#8217;annuncio della Resurrezione, e devo dire che il chiasso che si \u00e8 scatenato, le raganelle e le castagnole, i cori e gli applausi mi hanno fatto parecchia impressione. Mi dispiace che le foto che ho fatto non rendano per niente la sensazione.<\/p>\n<div data-carousel-extra='{\"blog_id\":1,\"permalink\":\"http:\\\/\\\/www.robertosedda.it\\\/?p=9975\"}' id='gallery-1' class='gallery galleryid-9975 gallery-columns-3 gallery-size-colormag-featured-image'><figure class='gallery-item'>\n\t\t\t<div class='gallery-icon landscape'>\n\t\t\t\t<a href='https:\/\/i0.wp.com\/www.robertosedda.it\/wp-content\/uploads\/2015\/04\/Processione-3.jpg'><img width=\"800\" height=\"445\" src=\"https:\/\/i0.wp.com\/www.robertosedda.it\/wp-content\/uploads\/2015\/04\/Processione-3.jpg?resize=800%2C445\" class=\"attachment-colormag-featured-image size-colormag-featured-image\" alt=\"\" decoding=\"async\" loading=\"lazy\" data-attachment-id=\"9981\" data-permalink=\"http:\/\/www.robertosedda.it\/?attachment_id=9981\" data-orig-file=\"https:\/\/i0.wp.com\/www.robertosedda.it\/wp-content\/uploads\/2015\/04\/Processione-3.jpg?fit=1024%2C768\" data-orig-size=\"1024,768\" data-comments-opened=\"1\" data-image-meta=\"{&quot;aperture&quot;:&quot;0&quot;,&quot;credit&quot;:&quot;&quot;,&quot;camera&quot;:&quot;&quot;,&quot;caption&quot;:&quot;&quot;,&quot;created_timestamp&quot;:&quot;0&quot;,&quot;copyright&quot;:&quot;&quot;,&quot;focal_length&quot;:&quot;0&quot;,&quot;iso&quot;:&quot;0&quot;,&quot;shutter_speed&quot;:&quot;0&quot;,&quot;title&quot;:&quot;&quot;,&quot;orientation&quot;:&quot;0&quot;}\" data-image-title=\"Processione 3\" data-image-description=\"\" data-image-caption=\"\" data-medium-file=\"https:\/\/i0.wp.com\/www.robertosedda.it\/wp-content\/uploads\/2015\/04\/Processione-3.jpg?fit=300%2C225\" data-large-file=\"https:\/\/i0.wp.com\/www.robertosedda.it\/wp-content\/uploads\/2015\/04\/Processione-3.jpg?fit=510%2C383\" \/><\/a>\n\t\t\t<\/div><\/figure><figure class='gallery-item'>\n\t\t\t<div class='gallery-icon landscape'>\n\t\t\t\t<a href='https:\/\/i0.wp.com\/www.robertosedda.it\/wp-content\/uploads\/2015\/04\/Processione-2.jpg'><img width=\"800\" height=\"445\" src=\"https:\/\/i0.wp.com\/www.robertosedda.it\/wp-content\/uploads\/2015\/04\/Processione-2.jpg?resize=800%2C445\" class=\"attachment-colormag-featured-image size-colormag-featured-image\" alt=\"\" decoding=\"async\" loading=\"lazy\" data-attachment-id=\"9980\" data-permalink=\"http:\/\/www.robertosedda.it\/?attachment_id=9980\" data-orig-file=\"https:\/\/i0.wp.com\/www.robertosedda.it\/wp-content\/uploads\/2015\/04\/Processione-2.jpg?fit=1024%2C768\" data-orig-size=\"1024,768\" data-comments-opened=\"1\" data-image-meta=\"{&quot;aperture&quot;:&quot;0&quot;,&quot;credit&quot;:&quot;&quot;,&quot;camera&quot;:&quot;&quot;,&quot;caption&quot;:&quot;&quot;,&quot;created_timestamp&quot;:&quot;0&quot;,&quot;copyright&quot;:&quot;&quot;,&quot;focal_length&quot;:&quot;0&quot;,&quot;iso&quot;:&quot;0&quot;,&quot;shutter_speed&quot;:&quot;0&quot;,&quot;title&quot;:&quot;&quot;,&quot;orientation&quot;:&quot;0&quot;}\" data-image-title=\"Processione 2\" data-image-description=\"\" data-image-caption=\"\" data-medium-file=\"https:\/\/i0.wp.com\/www.robertosedda.it\/wp-content\/uploads\/2015\/04\/Processione-2.jpg?fit=300%2C225\" data-large-file=\"https:\/\/i0.wp.com\/www.robertosedda.it\/wp-content\/uploads\/2015\/04\/Processione-2.jpg?fit=510%2C383\" \/><\/a>\n\t\t\t<\/div><\/figure><figure class='gallery-item'>\n\t\t\t<div class='gallery-icon landscape'>\n\t\t\t\t<a href='https:\/\/i0.wp.com\/www.robertosedda.it\/wp-content\/uploads\/2015\/04\/Svelamento-della-Madonna.jpg'><img width=\"800\" height=\"445\" src=\"https:\/\/i0.wp.com\/www.robertosedda.it\/wp-content\/uploads\/2015\/04\/Svelamento-della-Madonna.jpg?resize=800%2C445\" class=\"attachment-colormag-featured-image size-colormag-featured-image\" alt=\"\" decoding=\"async\" loading=\"lazy\" data-attachment-id=\"9988\" data-permalink=\"http:\/\/www.robertosedda.it\/?attachment_id=9988\" data-orig-file=\"https:\/\/i0.wp.com\/www.robertosedda.it\/wp-content\/uploads\/2015\/04\/Svelamento-della-Madonna.jpg?fit=1024%2C768\" data-orig-size=\"1024,768\" data-comments-opened=\"1\" data-image-meta=\"{&quot;aperture&quot;:&quot;0&quot;,&quot;credit&quot;:&quot;&quot;,&quot;camera&quot;:&quot;&quot;,&quot;caption&quot;:&quot;&quot;,&quot;created_timestamp&quot;:&quot;0&quot;,&quot;copyright&quot;:&quot;&quot;,&quot;focal_length&quot;:&quot;0&quot;,&quot;iso&quot;:&quot;0&quot;,&quot;shutter_speed&quot;:&quot;0&quot;,&quot;title&quot;:&quot;&quot;,&quot;orientation&quot;:&quot;0&quot;}\" data-image-title=\"Svelamento della Madonna\" data-image-description=\"\" data-image-caption=\"\" data-medium-file=\"https:\/\/i0.wp.com\/www.robertosedda.it\/wp-content\/uploads\/2015\/04\/Svelamento-della-Madonna.jpg?fit=300%2C225\" data-large-file=\"https:\/\/i0.wp.com\/www.robertosedda.it\/wp-content\/uploads\/2015\/04\/Svelamento-della-Madonna.jpg?fit=510%2C383\" \/><\/a>\n\t\t\t<\/div><\/figure><figure class='gallery-item'>\n\t\t\t<div class='gallery-icon portrait'>\n\t\t\t\t<a href='https:\/\/i0.wp.com\/www.robertosedda.it\/wp-content\/uploads\/2015\/04\/S_Incontru.jpg'><img width=\"768\" height=\"445\" src=\"https:\/\/i0.wp.com\/www.robertosedda.it\/wp-content\/uploads\/2015\/04\/S_Incontru.jpg?resize=768%2C445\" class=\"attachment-colormag-featured-image size-colormag-featured-image\" alt=\"\" decoding=\"async\" loading=\"lazy\" data-attachment-id=\"9985\" data-permalink=\"http:\/\/www.robertosedda.it\/?attachment_id=9985\" data-orig-file=\"https:\/\/i0.wp.com\/www.robertosedda.it\/wp-content\/uploads\/2015\/04\/S_Incontru.jpg?fit=768%2C1024\" data-orig-size=\"768,1024\" data-comments-opened=\"1\" data-image-meta=\"{&quot;aperture&quot;:&quot;0&quot;,&quot;credit&quot;:&quot;&quot;,&quot;camera&quot;:&quot;&quot;,&quot;caption&quot;:&quot;&quot;,&quot;created_timestamp&quot;:&quot;0&quot;,&quot;copyright&quot;:&quot;&quot;,&quot;focal_length&quot;:&quot;0&quot;,&quot;iso&quot;:&quot;0&quot;,&quot;shutter_speed&quot;:&quot;0&quot;,&quot;title&quot;:&quot;&quot;,&quot;orientation&quot;:&quot;0&quot;}\" data-image-title=\"S_Incontru\" data-image-description=\"\" data-image-caption=\"\" data-medium-file=\"https:\/\/i0.wp.com\/www.robertosedda.it\/wp-content\/uploads\/2015\/04\/S_Incontru.jpg?fit=225%2C300\" data-large-file=\"https:\/\/i0.wp.com\/www.robertosedda.it\/wp-content\/uploads\/2015\/04\/S_Incontru.jpg?fit=510%2C680\" \/><\/a>\n\t\t\t<\/div><\/figure><figure class='gallery-item'>\n\t\t\t<div class='gallery-icon landscape'>\n\t\t\t\t<a href='https:\/\/i0.wp.com\/www.robertosedda.it\/wp-content\/uploads\/2015\/04\/Svelamento-della-Madonna-3.jpg'><img width=\"800\" height=\"445\" src=\"https:\/\/i0.wp.com\/www.robertosedda.it\/wp-content\/uploads\/2015\/04\/Svelamento-della-Madonna-3.jpg?resize=800%2C445\" class=\"attachment-colormag-featured-image size-colormag-featured-image\" alt=\"\" decoding=\"async\" loading=\"lazy\" data-attachment-id=\"9989\" data-permalink=\"http:\/\/www.robertosedda.it\/?attachment_id=9989\" data-orig-file=\"https:\/\/i0.wp.com\/www.robertosedda.it\/wp-content\/uploads\/2015\/04\/Svelamento-della-Madonna-3.jpg?fit=1024%2C768\" data-orig-size=\"1024,768\" data-comments-opened=\"1\" data-image-meta=\"{&quot;aperture&quot;:&quot;0&quot;,&quot;credit&quot;:&quot;&quot;,&quot;camera&quot;:&quot;&quot;,&quot;caption&quot;:&quot;&quot;,&quot;created_timestamp&quot;:&quot;0&quot;,&quot;copyright&quot;:&quot;&quot;,&quot;focal_length&quot;:&quot;0&quot;,&quot;iso&quot;:&quot;0&quot;,&quot;shutter_speed&quot;:&quot;0&quot;,&quot;title&quot;:&quot;&quot;,&quot;orientation&quot;:&quot;0&quot;}\" data-image-title=\"Svelamento della Madonna 3\" data-image-description=\"\" data-image-caption=\"\" data-medium-file=\"https:\/\/i0.wp.com\/www.robertosedda.it\/wp-content\/uploads\/2015\/04\/Svelamento-della-Madonna-3.jpg?fit=300%2C225\" data-large-file=\"https:\/\/i0.wp.com\/www.robertosedda.it\/wp-content\/uploads\/2015\/04\/Svelamento-della-Madonna-3.jpg?fit=510%2C383\" \/><\/a>\n\t\t\t<\/div><\/figure><figure class='gallery-item'>\n\t\t\t<div class='gallery-icon landscape'>\n\t\t\t\t<a href='https:\/\/i0.wp.com\/www.robertosedda.it\/wp-content\/uploads\/2015\/04\/S_Incontru3.jpg'><img width=\"800\" height=\"445\" src=\"https:\/\/i0.wp.com\/www.robertosedda.it\/wp-content\/uploads\/2015\/04\/S_Incontru3.jpg?resize=800%2C445\" class=\"attachment-colormag-featured-image size-colormag-featured-image\" alt=\"\" decoding=\"async\" loading=\"lazy\" data-attachment-id=\"9987\" data-permalink=\"http:\/\/www.robertosedda.it\/?attachment_id=9987\" data-orig-file=\"https:\/\/i0.wp.com\/www.robertosedda.it\/wp-content\/uploads\/2015\/04\/S_Incontru3.jpg?fit=1024%2C768\" data-orig-size=\"1024,768\" data-comments-opened=\"1\" data-image-meta=\"{&quot;aperture&quot;:&quot;0&quot;,&quot;credit&quot;:&quot;&quot;,&quot;camera&quot;:&quot;&quot;,&quot;caption&quot;:&quot;&quot;,&quot;created_timestamp&quot;:&quot;0&quot;,&quot;copyright&quot;:&quot;&quot;,&quot;focal_length&quot;:&quot;0&quot;,&quot;iso&quot;:&quot;0&quot;,&quot;shutter_speed&quot;:&quot;0&quot;,&quot;title&quot;:&quot;&quot;,&quot;orientation&quot;:&quot;0&quot;}\" data-image-title=\"S_Incontru3\" data-image-description=\"\" data-image-caption=\"\" data-medium-file=\"https:\/\/i0.wp.com\/www.robertosedda.it\/wp-content\/uploads\/2015\/04\/S_Incontru3.jpg?fit=300%2C225\" data-large-file=\"https:\/\/i0.wp.com\/www.robertosedda.it\/wp-content\/uploads\/2015\/04\/S_Incontru3.jpg?fit=510%2C383\" \/><\/a>\n\t\t\t<\/div><\/figure><figure class='gallery-item'>\n\t\t\t<div class='gallery-icon landscape'>\n\t\t\t\t<a href='https:\/\/i0.wp.com\/www.robertosedda.it\/wp-content\/uploads\/2015\/04\/Redentore.jpg'><img width=\"800\" height=\"445\" src=\"https:\/\/i0.wp.com\/www.robertosedda.it\/wp-content\/uploads\/2015\/04\/Redentore.jpg?resize=800%2C445\" class=\"attachment-colormag-featured-image size-colormag-featured-image\" alt=\"\" decoding=\"async\" loading=\"lazy\" data-attachment-id=\"9984\" data-permalink=\"http:\/\/www.robertosedda.it\/?attachment_id=9984\" data-orig-file=\"https:\/\/i0.wp.com\/www.robertosedda.it\/wp-content\/uploads\/2015\/04\/Redentore.jpg?fit=1024%2C768\" data-orig-size=\"1024,768\" data-comments-opened=\"1\" data-image-meta=\"{&quot;aperture&quot;:&quot;0&quot;,&quot;credit&quot;:&quot;&quot;,&quot;camera&quot;:&quot;&quot;,&quot;caption&quot;:&quot;&quot;,&quot;created_timestamp&quot;:&quot;0&quot;,&quot;copyright&quot;:&quot;&quot;,&quot;focal_length&quot;:&quot;0&quot;,&quot;iso&quot;:&quot;0&quot;,&quot;shutter_speed&quot;:&quot;0&quot;,&quot;title&quot;:&quot;&quot;,&quot;orientation&quot;:&quot;0&quot;}\" data-image-title=\"Redentore\" data-image-description=\"\" data-image-caption=\"\" data-medium-file=\"https:\/\/i0.wp.com\/www.robertosedda.it\/wp-content\/uploads\/2015\/04\/Redentore.jpg?fit=300%2C225\" data-large-file=\"https:\/\/i0.wp.com\/www.robertosedda.it\/wp-content\/uploads\/2015\/04\/Redentore.jpg?fit=510%2C383\" \/><\/a>\n\t\t\t<\/div><\/figure><figure class='gallery-item'>\n\t\t\t<div class='gallery-icon portrait'>\n\t\t\t\t<a href='https:\/\/i0.wp.com\/www.robertosedda.it\/wp-content\/uploads\/2015\/04\/Raganella.jpg'><img width=\"768\" height=\"445\" src=\"https:\/\/i0.wp.com\/www.robertosedda.it\/wp-content\/uploads\/2015\/04\/Raganella.jpg?resize=768%2C445\" class=\"attachment-colormag-featured-image size-colormag-featured-image\" alt=\"\" decoding=\"async\" loading=\"lazy\" data-attachment-id=\"9983\" data-permalink=\"http:\/\/www.robertosedda.it\/?attachment_id=9983\" data-orig-file=\"https:\/\/i0.wp.com\/www.robertosedda.it\/wp-content\/uploads\/2015\/04\/Raganella.jpg?fit=768%2C1024\" data-orig-size=\"768,1024\" data-comments-opened=\"1\" data-image-meta=\"{&quot;aperture&quot;:&quot;0&quot;,&quot;credit&quot;:&quot;&quot;,&quot;camera&quot;:&quot;&quot;,&quot;caption&quot;:&quot;&quot;,&quot;created_timestamp&quot;:&quot;0&quot;,&quot;copyright&quot;:&quot;&quot;,&quot;focal_length&quot;:&quot;0&quot;,&quot;iso&quot;:&quot;0&quot;,&quot;shutter_speed&quot;:&quot;0&quot;,&quot;title&quot;:&quot;&quot;,&quot;orientation&quot;:&quot;0&quot;}\" data-image-title=\"Raganella\" data-image-description=\"\" data-image-caption=\"\" data-medium-file=\"https:\/\/i0.wp.com\/www.robertosedda.it\/wp-content\/uploads\/2015\/04\/Raganella.jpg?fit=225%2C300\" data-large-file=\"https:\/\/i0.wp.com\/www.robertosedda.it\/wp-content\/uploads\/2015\/04\/Raganella.jpg?fit=510%2C680\" \/><\/a>\n\t\t\t<\/div><\/figure><figure class='gallery-item'>\n\t\t\t<div class='gallery-icon landscape'>\n\t\t\t\t<a href='https:\/\/i0.wp.com\/www.robertosedda.it\/wp-content\/uploads\/2015\/04\/Processione.jpg'><img width=\"800\" height=\"445\" src=\"https:\/\/i0.wp.com\/www.robertosedda.it\/wp-content\/uploads\/2015\/04\/Processione.jpg?resize=800%2C445\" class=\"attachment-colormag-featured-image size-colormag-featured-image\" alt=\"\" decoding=\"async\" loading=\"lazy\" data-attachment-id=\"9979\" data-permalink=\"http:\/\/www.robertosedda.it\/?attachment_id=9979\" data-orig-file=\"https:\/\/i0.wp.com\/www.robertosedda.it\/wp-content\/uploads\/2015\/04\/Processione.jpg?fit=1024%2C768\" data-orig-size=\"1024,768\" data-comments-opened=\"1\" data-image-meta=\"{&quot;aperture&quot;:&quot;0&quot;,&quot;credit&quot;:&quot;&quot;,&quot;camera&quot;:&quot;&quot;,&quot;caption&quot;:&quot;&quot;,&quot;created_timestamp&quot;:&quot;0&quot;,&quot;copyright&quot;:&quot;&quot;,&quot;focal_length&quot;:&quot;0&quot;,&quot;iso&quot;:&quot;0&quot;,&quot;shutter_speed&quot;:&quot;0&quot;,&quot;title&quot;:&quot;&quot;,&quot;orientation&quot;:&quot;0&quot;}\" data-image-title=\"Processione\" data-image-description=\"\" data-image-caption=\"\" data-medium-file=\"https:\/\/i0.wp.com\/www.robertosedda.it\/wp-content\/uploads\/2015\/04\/Processione.jpg?fit=300%2C225\" data-large-file=\"https:\/\/i0.wp.com\/www.robertosedda.it\/wp-content\/uploads\/2015\/04\/Processione.jpg?fit=510%2C383\" \/><\/a>\n\t\t\t<\/div><\/figure><figure class='gallery-item'>\n\t\t\t<div class='gallery-icon landscape'>\n\t\t\t\t<a href='https:\/\/i0.wp.com\/www.robertosedda.it\/wp-content\/uploads\/2015\/04\/S_Incontru2.jpg'><img width=\"800\" height=\"445\" src=\"https:\/\/i0.wp.com\/www.robertosedda.it\/wp-content\/uploads\/2015\/04\/S_Incontru2.jpg?resize=800%2C445\" class=\"attachment-colormag-featured-image size-colormag-featured-image\" alt=\"\" decoding=\"async\" loading=\"lazy\" data-attachment-id=\"9986\" data-permalink=\"http:\/\/www.robertosedda.it\/?attachment_id=9986\" data-orig-file=\"https:\/\/i0.wp.com\/www.robertosedda.it\/wp-content\/uploads\/2015\/04\/S_Incontru2.jpg?fit=1024%2C768\" data-orig-size=\"1024,768\" data-comments-opened=\"1\" data-image-meta=\"{&quot;aperture&quot;:&quot;0&quot;,&quot;credit&quot;:&quot;&quot;,&quot;camera&quot;:&quot;&quot;,&quot;caption&quot;:&quot;&quot;,&quot;created_timestamp&quot;:&quot;0&quot;,&quot;copyright&quot;:&quot;&quot;,&quot;focal_length&quot;:&quot;0&quot;,&quot;iso&quot;:&quot;0&quot;,&quot;shutter_speed&quot;:&quot;0&quot;,&quot;title&quot;:&quot;&quot;,&quot;orientation&quot;:&quot;0&quot;}\" data-image-title=\"S_Incontru2\" data-image-description=\"\" data-image-caption=\"\" data-medium-file=\"https:\/\/i0.wp.com\/www.robertosedda.it\/wp-content\/uploads\/2015\/04\/S_Incontru2.jpg?fit=300%2C225\" data-large-file=\"https:\/\/i0.wp.com\/www.robertosedda.it\/wp-content\/uploads\/2015\/04\/S_Incontru2.jpg?fit=510%2C383\" \/><\/a>\n\t\t\t<\/div><\/figure><figure class='gallery-item'>\n\t\t\t<div class='gallery-icon landscape'>\n\t\t\t\t<a href='https:\/\/i0.wp.com\/www.robertosedda.it\/wp-content\/uploads\/2015\/04\/In-attesa-de-S_Incontru.jpg'><img width=\"800\" height=\"445\" src=\"https:\/\/i0.wp.com\/www.robertosedda.it\/wp-content\/uploads\/2015\/04\/In-attesa-de-S_Incontru.jpg?resize=800%2C445\" class=\"attachment-colormag-featured-image size-colormag-featured-image\" alt=\"\" decoding=\"async\" loading=\"lazy\" data-attachment-id=\"9976\" data-permalink=\"http:\/\/www.robertosedda.it\/?attachment_id=9976\" data-orig-file=\"https:\/\/i0.wp.com\/www.robertosedda.it\/wp-content\/uploads\/2015\/04\/In-attesa-de-S_Incontru.jpg?fit=1024%2C768\" data-orig-size=\"1024,768\" data-comments-opened=\"1\" data-image-meta=\"{&quot;aperture&quot;:&quot;0&quot;,&quot;credit&quot;:&quot;&quot;,&quot;camera&quot;:&quot;&quot;,&quot;caption&quot;:&quot;&quot;,&quot;created_timestamp&quot;:&quot;0&quot;,&quot;copyright&quot;:&quot;&quot;,&quot;focal_length&quot;:&quot;0&quot;,&quot;iso&quot;:&quot;0&quot;,&quot;shutter_speed&quot;:&quot;0&quot;,&quot;title&quot;:&quot;&quot;,&quot;orientation&quot;:&quot;0&quot;}\" data-image-title=\"In attesa de S_Incontru\" data-image-description=\"\" data-image-caption=\"\" data-medium-file=\"https:\/\/i0.wp.com\/www.robertosedda.it\/wp-content\/uploads\/2015\/04\/In-attesa-de-S_Incontru.jpg?fit=300%2C225\" data-large-file=\"https:\/\/i0.wp.com\/www.robertosedda.it\/wp-content\/uploads\/2015\/04\/In-attesa-de-S_Incontru.jpg?fit=510%2C383\" \/><\/a>\n\t\t\t<\/div><\/figure><figure class='gallery-item'>\n\t\t\t<div class='gallery-icon landscape'>\n\t\t\t\t<a href='https:\/\/i0.wp.com\/www.robertosedda.it\/wp-content\/uploads\/2015\/04\/L_annuncio-2.jpg'><img width=\"800\" height=\"445\" src=\"https:\/\/i0.wp.com\/www.robertosedda.it\/wp-content\/uploads\/2015\/04\/L_annuncio-2.jpg?resize=800%2C445\" class=\"attachment-colormag-featured-image size-colormag-featured-image\" alt=\"\" decoding=\"async\" loading=\"lazy\" data-attachment-id=\"9977\" data-permalink=\"http:\/\/www.robertosedda.it\/?attachment_id=9977\" data-orig-file=\"https:\/\/i0.wp.com\/www.robertosedda.it\/wp-content\/uploads\/2015\/04\/L_annuncio-2.jpg?fit=1024%2C768\" data-orig-size=\"1024,768\" data-comments-opened=\"1\" data-image-meta=\"{&quot;aperture&quot;:&quot;0&quot;,&quot;credit&quot;:&quot;&quot;,&quot;camera&quot;:&quot;&quot;,&quot;caption&quot;:&quot;&quot;,&quot;created_timestamp&quot;:&quot;0&quot;,&quot;copyright&quot;:&quot;&quot;,&quot;focal_length&quot;:&quot;0&quot;,&quot;iso&quot;:&quot;0&quot;,&quot;shutter_speed&quot;:&quot;0&quot;,&quot;title&quot;:&quot;&quot;,&quot;orientation&quot;:&quot;0&quot;}\" data-image-title=\"L_annuncio 2\" data-image-description=\"\" data-image-caption=\"\" data-medium-file=\"https:\/\/i0.wp.com\/www.robertosedda.it\/wp-content\/uploads\/2015\/04\/L_annuncio-2.jpg?fit=300%2C225\" data-large-file=\"https:\/\/i0.wp.com\/www.robertosedda.it\/wp-content\/uploads\/2015\/04\/L_annuncio-2.jpg?fit=510%2C383\" \/><\/a>\n\t\t\t<\/div><\/figure><figure class='gallery-item'>\n\t\t\t<div class='gallery-icon landscape'>\n\t\t\t\t<a href='https:\/\/i0.wp.com\/www.robertosedda.it\/wp-content\/uploads\/2015\/04\/Le-due-statue-2.jpg'><img width=\"800\" height=\"445\" src=\"https:\/\/i0.wp.com\/www.robertosedda.it\/wp-content\/uploads\/2015\/04\/Le-due-statue-2.jpg?resize=800%2C445\" class=\"attachment-colormag-featured-image size-colormag-featured-image\" alt=\"\" decoding=\"async\" loading=\"lazy\" data-attachment-id=\"9978\" data-permalink=\"http:\/\/www.robertosedda.it\/?attachment_id=9978\" data-orig-file=\"https:\/\/i0.wp.com\/www.robertosedda.it\/wp-content\/uploads\/2015\/04\/Le-due-statue-2.jpg?fit=1024%2C768\" data-orig-size=\"1024,768\" data-comments-opened=\"1\" data-image-meta=\"{&quot;aperture&quot;:&quot;0&quot;,&quot;credit&quot;:&quot;&quot;,&quot;camera&quot;:&quot;&quot;,&quot;caption&quot;:&quot;&quot;,&quot;created_timestamp&quot;:&quot;0&quot;,&quot;copyright&quot;:&quot;&quot;,&quot;focal_length&quot;:&quot;0&quot;,&quot;iso&quot;:&quot;0&quot;,&quot;shutter_speed&quot;:&quot;0&quot;,&quot;title&quot;:&quot;&quot;,&quot;orientation&quot;:&quot;0&quot;}\" data-image-title=\"Le due statue 2\" data-image-description=\"\" data-image-caption=\"\" data-medium-file=\"https:\/\/i0.wp.com\/www.robertosedda.it\/wp-content\/uploads\/2015\/04\/Le-due-statue-2.jpg?fit=300%2C225\" data-large-file=\"https:\/\/i0.wp.com\/www.robertosedda.it\/wp-content\/uploads\/2015\/04\/Le-due-statue-2.jpg?fit=510%2C383\" \/><\/a>\n\t\t\t<\/div><\/figure><figure class='gallery-item'>\n\t\t\t<div class='gallery-icon landscape'>\n\t\t\t\t<a href='https:\/\/i0.wp.com\/www.robertosedda.it\/wp-content\/uploads\/2015\/04\/Processione-4.jpg'><img width=\"800\" height=\"445\" src=\"https:\/\/i0.wp.com\/www.robertosedda.it\/wp-content\/uploads\/2015\/04\/Processione-4.jpg?resize=800%2C445\" class=\"attachment-colormag-featured-image size-colormag-featured-image\" alt=\"\" decoding=\"async\" loading=\"lazy\" data-attachment-id=\"9982\" data-permalink=\"http:\/\/www.robertosedda.it\/?attachment_id=9982\" data-orig-file=\"https:\/\/i0.wp.com\/www.robertosedda.it\/wp-content\/uploads\/2015\/04\/Processione-4.jpg?fit=1024%2C768\" data-orig-size=\"1024,768\" data-comments-opened=\"1\" data-image-meta=\"{&quot;aperture&quot;:&quot;0&quot;,&quot;credit&quot;:&quot;&quot;,&quot;camera&quot;:&quot;&quot;,&quot;caption&quot;:&quot;&quot;,&quot;created_timestamp&quot;:&quot;0&quot;,&quot;copyright&quot;:&quot;&quot;,&quot;focal_length&quot;:&quot;0&quot;,&quot;iso&quot;:&quot;0&quot;,&quot;shutter_speed&quot;:&quot;0&quot;,&quot;title&quot;:&quot;&quot;,&quot;orientation&quot;:&quot;0&quot;}\" data-image-title=\"Processione 4\" data-image-description=\"\" data-image-caption=\"\" data-medium-file=\"https:\/\/i0.wp.com\/www.robertosedda.it\/wp-content\/uploads\/2015\/04\/Processione-4.jpg?fit=300%2C225\" data-large-file=\"https:\/\/i0.wp.com\/www.robertosedda.it\/wp-content\/uploads\/2015\/04\/Processione-4.jpg?fit=510%2C383\" \/><\/a>\n\t\t\t<\/div><\/figure>\n\t\t<\/div>\n\n<p>Eravamo andati a Tonara a chiudere, un po&#8217; mestamente, una pagina: cio\u00e8 a salutare i luoghi e gli amici che per trent&#8217;anni avevano ospitato Pino e Alda, e poi nelle intenzioni a congedarci. Ci aveva accolto un freddo gelido, pi\u00f9 adatto all&#8217;autunno che alla primavera, che sembrava accordarsi fin troppo alla situazione.<\/p>\n<p>E invece un po&#8217; gli incontri fatti e molto la commozione de <em>S&#8217;Incontru<\/em> ci hanno, quasi inavvertitamente, spostato man mano verso un&#8217;altra direzione: torneremo a Tonara, penso, per vivere la nostra pagina. Quella delle villeggiature con Alda e Pino si \u00e8 chiusa definitivamente, la nostra potr\u00e0 aprirsi e sar\u00e0 diversa: vivere questo passaggio \u00e8 stato il nostro particolare miracolo di Pasqua: tanto che andando via era spuntato il sole, perfino, e si vedeva che era primavera.<\/p>\n","protected":false},"excerpt":{"rendered":"<p>Non ero mai stato al rito de S&#8217;incontru anche se naturalmente sapevo che in molti paesi della Sardegna \u00e8 una<\/p>\n","protected":false},"author":1,"featured_media":9983,"comment_status":"open","ping_status":"open","sticky":false,"template":"","format":"standard","meta":{"_mi_skip_tracking":false,"_monsterinsights_sitenote_active":false,"_monsterinsights_sitenote_note":"","_monsterinsights_sitenote_category":0,"jetpack_post_was_ever_published":false,"_jetpack_newsletter_access":"","jetpack_publicize_message":"","jetpack_is_tweetstorm":false,"jetpack_publicize_feature_enabled":true,"jetpack_social_post_already_shared":true,"jetpack_social_options":{"image_generator_settings":{"template":"highway","enabled":false}}},"categories":[52,86,53,18,16],"tags":[],"jetpack_publicize_connections":[],"jetpack_featured_media_url":"https:\/\/i0.wp.com\/www.robertosedda.it\/wp-content\/uploads\/2015\/04\/Raganella.jpg?fit=768%2C1024","jetpack_sharing_enabled":true,"jetpack_shortlink":"https:\/\/wp.me\/p4jV2T-2AT","jetpack_likes_enabled":true,"jetpack-related-posts":[{"id":2785,"url":"http:\/\/www.robertosedda.it\/?p=2785","url_meta":{"origin":9975,"position":0},"title":"Sospesi (e degli imprevisti nessi fra Brecht, la catastrofe e Cristo vincitore della morte)","author":"Rufus","date":"03\/04\/2013","format":false,"excerpt":"Mi sono ricordato che non ho fatto gli auguri di Pasqua. Cos\u00ec vi racconto una cosa. Il giorno di Pasqua, dopo avere molto mangiato, siamo usciti a fare una passeggiata digestiva, io, Maria Bonaria, mia sorella e mia nipote Agnese. C'era un sole magnifico. Abbiamo accompagnato mio suocero, il mitico\u2026","rel":"","context":"In &quot;Coordinate&quot;","block_context":{"text":"Coordinate","link":"http:\/\/www.robertosedda.it\/?cat=52"},"img":{"alt_text":"","src":"","width":0,"height":0},"classes":[]},{"id":17237,"url":"http:\/\/www.robertosedda.it\/?p=17237","url_meta":{"origin":9975,"position":1},"title":"Ma lei \u00e8 quello&#8230;","author":"Rufus","date":"13\/09\/2019","format":false,"excerpt":"Il 21 e 22 settembre apriamo casa ad Orani!","rel":"","context":"In &quot;Coordinate&quot;","block_context":{"text":"Coordinate","link":"http:\/\/www.robertosedda.it\/?cat=52"},"img":{"alt_text":"","src":"https:\/\/i0.wp.com\/www.robertosedda.it\/wp-content\/uploads\/2019\/09\/Orani-Cortes-Apertas.png?fit=552%2C804&resize=350%2C200","width":350,"height":200},"classes":[]},{"id":14926,"url":"http:\/\/www.robertosedda.it\/?p=14926","url_meta":{"origin":9975,"position":2},"title":"Danzare verso il cielo","author":"Rufus","date":"01\/04\/2018","format":"video","excerpt":"Care tutte, cari tutti, per gli auguri di Pasqua una bella canzone allegra, che Pasqua \u00e8 una festa gioiosa e va festeggiata cos\u00ec, mica con le omelie o con i Ges\u00f9 biondi con gli occhi azzurri ma ballando. https:\/\/m.youtube.com\/watch?v=klcsqF2pplA La canzone \u00e8 nota in italiano perch\u00e9 inclusa nelle raccolte liturgiche\u2026","rel":"","context":"In &quot;Coordinate&quot;","block_context":{"text":"Coordinate","link":"http:\/\/www.robertosedda.it\/?cat=52"},"img":{"alt_text":"","src":"https:\/\/i0.wp.com\/www.robertosedda.it\/wp-content\/uploads\/2018\/04\/Simon-Zealotes-Jesus-Christ-Superstar-7.jpg?fit=1200%2C512&resize=350%2C200","width":350,"height":200,"srcset":"https:\/\/i0.wp.com\/www.robertosedda.it\/wp-content\/uploads\/2018\/04\/Simon-Zealotes-Jesus-Christ-Superstar-7.jpg?fit=1200%2C512&resize=350%2C200 1x, https:\/\/i0.wp.com\/www.robertosedda.it\/wp-content\/uploads\/2018\/04\/Simon-Zealotes-Jesus-Christ-Superstar-7.jpg?fit=1200%2C512&resize=700%2C400 2x, https:\/\/i0.wp.com\/www.robertosedda.it\/wp-content\/uploads\/2018\/04\/Simon-Zealotes-Jesus-Christ-Superstar-7.jpg?fit=1200%2C512&resize=1050%2C600 3x"},"classes":[]},{"id":6715,"url":"http:\/\/www.robertosedda.it\/?p=6715","url_meta":{"origin":9975,"position":3},"title":"Cosa c&#8217;entra la noviolenza col Museo Nivola di Orani?","author":"Rufus","date":"17\/03\/2014","format":false,"excerpt":"Un'ascendenza fortemente sentita Non so se ho mai raccontato qui sul blog di essere mezzo oranese - Delitala da parte di madre, e fierissimo di questa ascendenza - e quindi dotato di solidissime radici barbaricine. Se Cagliari \u00e8 la mia citt\u00e0 del cuore, senza merito perch\u00e9 vi sono nato e\u2026","rel":"","context":"In &quot;Coordinate&quot;","block_context":{"text":"Coordinate","link":"http:\/\/www.robertosedda.it\/?cat=52"},"img":{"alt_text":"","src":"https:\/\/i0.wp.com\/www.robertosedda.it\/wp-content\/uploads\/2014\/03\/Davanti-Sa-Itria-a-Orani.jpg?fit=960%2C720&resize=350%2C200","width":350,"height":200,"srcset":"https:\/\/i0.wp.com\/www.robertosedda.it\/wp-content\/uploads\/2014\/03\/Davanti-Sa-Itria-a-Orani.jpg?fit=960%2C720&resize=350%2C200 1x, https:\/\/i0.wp.com\/www.robertosedda.it\/wp-content\/uploads\/2014\/03\/Davanti-Sa-Itria-a-Orani.jpg?fit=960%2C720&resize=700%2C400 2x"},"classes":[]},{"id":4441,"url":"http:\/\/www.robertosedda.it\/?p=4441","url_meta":{"origin":9975,"position":4},"title":"I biscotti e i traditori","author":"Rufus","date":"15\/09\/2013","format":false,"excerpt":"Diversi anni fa a Orani andai con Maria Bonaria a prendere il caff\u00e9 da una anziana comare, tzia Caterina. Col caff\u00e9 ci offr\u00ec i famosi biscotti di Orani, che hanno riempito di gioia la mia infanzia con la loro glassa arzigogolata, e ci rivel\u00f2 un segreto. \u00abQuesti sono quelli che\u2026","rel":"","context":"In &quot;Coordinate&quot;","block_context":{"text":"Coordinate","link":"http:\/\/www.robertosedda.it\/?cat=52"},"img":{"alt_text":"","src":"https:\/\/i0.wp.com\/www.robertosedda.it\/wp-content\/uploads\/2013\/09\/Delitala.jpg?fit=1200%2C900&resize=350%2C200","width":350,"height":200,"srcset":"https:\/\/i0.wp.com\/www.robertosedda.it\/wp-content\/uploads\/2013\/09\/Delitala.jpg?fit=1200%2C900&resize=350%2C200 1x, https:\/\/i0.wp.com\/www.robertosedda.it\/wp-content\/uploads\/2013\/09\/Delitala.jpg?fit=1200%2C900&resize=700%2C400 2x, https:\/\/i0.wp.com\/www.robertosedda.it\/wp-content\/uploads\/2013\/09\/Delitala.jpg?fit=1200%2C900&resize=1050%2C600 3x"},"classes":[]},{"id":7034,"url":"http:\/\/www.robertosedda.it\/?p=7034","url_meta":{"origin":9975,"position":5},"title":"Auguri di Pasqua","author":"Rufus","date":"20\/04\/2014","format":false,"excerpt":"Un augurio di Pasqua con un testo biblico (Is 61,1-4) che non so perch\u00e9 \u00e8 pi\u00f9 spesso applicato al Natale, ma che a me sembra che ci stia proprio bene mentre si contempla quel sepolcro vuoto. Lo spirito del Signore Dio \u00e8 su di me perch\u00e9 il Signore mi ha\u2026","rel":"","context":"In &quot;Coordinate&quot;","block_context":{"text":"Coordinate","link":"http:\/\/www.robertosedda.it\/?cat=52"},"img":{"alt_text":"","src":"https:\/\/i0.wp.com\/www.robertosedda.it\/wp-content\/uploads\/2019\/04\/sepolcro-vuoto-2.jpg?fit=1200%2C645&resize=350%2C200","width":350,"height":200,"srcset":"https:\/\/i0.wp.com\/www.robertosedda.it\/wp-content\/uploads\/2019\/04\/sepolcro-vuoto-2.jpg?fit=1200%2C645&resize=350%2C200 1x, https:\/\/i0.wp.com\/www.robertosedda.it\/wp-content\/uploads\/2019\/04\/sepolcro-vuoto-2.jpg?fit=1200%2C645&resize=700%2C400 2x, https:\/\/i0.wp.com\/www.robertosedda.it\/wp-content\/uploads\/2019\/04\/sepolcro-vuoto-2.jpg?fit=1200%2C645&resize=1050%2C600 3x"},"classes":[]}],"_links":{"self":[{"href":"http:\/\/www.robertosedda.it\/index.php?rest_route=\/wp\/v2\/posts\/9975"}],"collection":[{"href":"http:\/\/www.robertosedda.it\/index.php?rest_route=\/wp\/v2\/posts"}],"about":[{"href":"http:\/\/www.robertosedda.it\/index.php?rest_route=\/wp\/v2\/types\/post"}],"author":[{"embeddable":true,"href":"http:\/\/www.robertosedda.it\/index.php?rest_route=\/wp\/v2\/users\/1"}],"replies":[{"embeddable":true,"href":"http:\/\/www.robertosedda.it\/index.php?rest_route=%2Fwp%2Fv2%2Fcomments&post=9975"}],"version-history":[{"count":3,"href":"http:\/\/www.robertosedda.it\/index.php?rest_route=\/wp\/v2\/posts\/9975\/revisions"}],"predecessor-version":[{"id":13576,"href":"http:\/\/www.robertosedda.it\/index.php?rest_route=\/wp\/v2\/posts\/9975\/revisions\/13576"}],"wp:featuredmedia":[{"embeddable":true,"href":"http:\/\/www.robertosedda.it\/index.php?rest_route=\/wp\/v2\/media\/9983"}],"wp:attachment":[{"href":"http:\/\/www.robertosedda.it\/index.php?rest_route=%2Fwp%2Fv2%2Fmedia&parent=9975"}],"wp:term":[{"taxonomy":"category","embeddable":true,"href":"http:\/\/www.robertosedda.it\/index.php?rest_route=%2Fwp%2Fv2%2Fcategories&post=9975"},{"taxonomy":"post_tag","embeddable":true,"href":"http:\/\/www.robertosedda.it\/index.php?rest_route=%2Fwp%2Fv2%2Ftags&post=9975"}],"curies":[{"name":"wp","href":"https:\/\/api.w.org\/{rel}","templated":true}]}}