{"id":9939,"date":"2015-04-10T13:35:34","date_gmt":"2015-04-10T11:35:34","guid":{"rendered":"http:\/\/www.robertosedda.it\/?p=9939"},"modified":"2015-05-06T18:31:49","modified_gmt":"2015-05-06T16:31:49","slug":"dun-dun-dun-il-governo-ribussera-alle-nostre-porte","status":"publish","type":"post","link":"http:\/\/www.robertosedda.it\/?p=9939","title":{"rendered":"DUN, dun, dun \u2026 il governo ribusser\u00e0 alle nostre porte"},"content":{"rendered":"<p>Questo articolo viene pubblicato anche sui siti di <strong><em><a href=\"http:\/\/www.fondazionesardinia.eu\/ita\">Fondazione Sardinia<\/a><\/em><\/strong>, <strong><em><a href=\"http:\/\/tramasdeamistade.org\/htdocs\/cms\/index.php\">Tramasdeamistade<\/a><\/em><\/strong>, <strong><em><a href=\"http:\/\/www.sardegnasoprattutto.org\/\">Sardegna Soprattutto<\/a><\/em><\/strong>, <strong><em><a href=\"http:\/\/www.formaparis.com\/\">Sportello Formaparis<\/a><\/em><\/strong>,<strong><em><a href=\"http:\/\/tottusinpari.blog.tiscali.it\/\">Tottusinpari <\/a><\/em><\/strong>e sui <em>blog <\/em>di <strong><a href=\"http:\/\/www.enricolobina.org\/wp\/\">Enrico Lobina<\/a><\/strong>, <strong><a href=\"http:\/\/www.vitobiolchini.it\/\">Vito Biolchini <\/a><\/strong>e\u00a0<strong><a href=\"http:\/\/madrigopolis.blogspot.it\/\">Francesca Madrigali<\/a><\/strong>.<\/p>\n<h2><a href=\"https:\/\/i0.wp.com\/www.robertosedda.it\/wp-content\/uploads\/2013\/12\/Salvatore-Cubeddu.jpg\"><img data-attachment-id=\"5229\" data-permalink=\"http:\/\/www.robertosedda.it\/?attachment_id=5229\" data-orig-file=\"https:\/\/i0.wp.com\/www.robertosedda.it\/wp-content\/uploads\/2013\/12\/Salvatore-Cubeddu.jpg?fit=500%2C374\" data-orig-size=\"500,374\" data-comments-opened=\"1\" data-image-meta=\"{&quot;aperture&quot;:&quot;2.9&quot;,&quot;credit&quot;:&quot;&quot;,&quot;camera&quot;:&quot;VG110,D700&quot;,&quot;caption&quot;:&quot;&quot;,&quot;created_timestamp&quot;:&quot;1326990798&quot;,&quot;copyright&quot;:&quot;&quot;,&quot;focal_length&quot;:&quot;4.8&quot;,&quot;iso&quot;:&quot;125&quot;,&quot;shutter_speed&quot;:&quot;0.033333333333333&quot;,&quot;title&quot;:&quot;OLYMPUS DIGITAL CAMERA&quot;}\" data-image-title=\"Salvatore Cubeddu\" data-image-description=\"\" data-image-caption=\"\" data-medium-file=\"https:\/\/i0.wp.com\/www.robertosedda.it\/wp-content\/uploads\/2013\/12\/Salvatore-Cubeddu.jpg?fit=300%2C224\" data-large-file=\"https:\/\/i0.wp.com\/www.robertosedda.it\/wp-content\/uploads\/2013\/12\/Salvatore-Cubeddu.jpg?fit=500%2C374\" decoding=\"async\" loading=\"lazy\" class=\"aligncenter size-full wp-image-5229\" src=\"https:\/\/i0.wp.com\/www.robertosedda.it\/wp-content\/uploads\/2013\/12\/Salvatore-Cubeddu.jpg?resize=500%2C374\" alt=\"Salvatore Cubeddu\" width=\"500\" height=\"374\" srcset=\"https:\/\/i0.wp.com\/www.robertosedda.it\/wp-content\/uploads\/2013\/12\/Salvatore-Cubeddu.jpg?w=500 500w, https:\/\/i0.wp.com\/www.robertosedda.it\/wp-content\/uploads\/2013\/12\/Salvatore-Cubeddu.jpg?resize=150%2C112 150w, https:\/\/i0.wp.com\/www.robertosedda.it\/wp-content\/uploads\/2013\/12\/Salvatore-Cubeddu.jpg?resize=300%2C224 300w, https:\/\/i0.wp.com\/www.robertosedda.it\/wp-content\/uploads\/2013\/12\/Salvatore-Cubeddu.jpg?resize=268%2C200 268w\" sizes=\"(max-width: 500px) 100vw, 500px\" data-recalc-dims=\"1\" \/><\/a>DUN, dun, dun \u2026 il governo ribusser\u00e0 alle nostre porte<\/h2>\n<h3>di Salvatore Cubeddu<\/h3>\n<p>La notizia \u00e8 che il ministro Gian Luca Galletti seguir\u00e0 per il DUN (il deposito unico per il nucleare) la procedura amministrativa. Certo, \u00abterremo conto\u00bb della contrariet\u00e0 della Sardegna, ma la questione rimane aperta. Criteri scientifici, non emotivi, indicheranno le scelte migliori. Se si troveranno dei volontari, bene, altrimenti una commissione interministeriale decider\u00e0 dove mandare le scorie. Tutto qui, ma \u00e8 gi\u00e0 tanto. Del resto \u00e8 cos\u00ec anche per le servit\u00f9 militari: credete che sia possibile fare la base di Teulada, &#8220;scientificamente&#8221;, altrettanto bene in Umbria? O in Piemonte? O in Puglia? E dove le trovate quelle terre libere, aggredibili dal mare, bombardabili dal cielo, occupabili da terra?<br \/>\nAd ogni territorio il suo compito. L\u2019<em>Expo<\/em> a Milano, le Olimpiadi a Roma, le immondezze in Sardegna, questa si chiama solidariet\u00e0 &#8220;nazionale&#8221;. Le resistenze verranno aggirate estenuando l&#8217;attesa, illudendo i gonzi morti di fame, stancando isolando o colpendo gli irriducibili. E, fino a prova contraria, la Sardegna fa parte dell&#8217;Italia. <em>Murrunzande<\/em> &#8211; mugugnando, protestando, a mala voglia, ma \u00absono cavoli vostri\u00bb!!! &#8211; ne riparleremo l&#8217;anno prossimo, se ancora vi rester\u00e0 voglia e forza per battervi\u2026 Per\u00f2, attenzione! Non tirate fuori il referendum, la sovranit\u00e0 sarda, il confronto istituzionale. Il problema \u00e8 solo amministrativo. Chi decide &#8211; e decider\u00e0 con sempre maggiore determinazione (immaginiamoci poi con i quattro gatti che siete voi Sardi &#8230;) &#8211; \u00e8 lo Stato. Consulteremo, ma decideremo. Guardate la Tav e imparate!<\/p>\n<p>Invece, la notizia giornalistica &#8211; per chi scrive &#8211; \u00e8 che la <em>CGIL<\/em>, intervenuta con Tonino Piludu, guida la linea della disponibilit\u00e0 del cardo a Porto Torres e a Cagliari (a partire da Villasor) e della canna nel Sulcis: altrimenti siamo antiquati, \u00abbucolici\u00bb gli fa eco la Confindustria. Il sindacalista vuole destinare a quelle nobili materie prime anche \u00abterreni infrastrutturati\u00bb, le terre irrigate che finora la Coldiretti ed i piani dell&#8217;<em>ENI<\/em> avevano avuto il pudore di escludere, limitandosi a infestare i terreni marginali. Ma, insiste il nostro, se ora sono incolti, cio\u00e8 \u00abdestinati alla pastorizia\u00bb (!), non li si potrebbe invece destinare all&#8217;industria? L\u2019innovazione e la ricerca richiederanno pure qualche sacrificio! Con Maurizio De Pascale della Confindustria, il sindacato rappresenta quindi non i difensori della giusta permanenza dell\u2019industria in Sardegna, ma quasi il residuo socioculturale di un modello che ha devastato il territorio dell\u2019Isola.<\/p>\n<p>L\u2019importante convegno degli ex-parlamentari ha comunque raggiunto il suo scopo: far emergere un dibattito vero, riconfermando l\u2019arrivo sulla scena della cultura politica sarda di personaggi e associazioni portatori di un nuovo modo di saper essere e fare. Una felice coincidenza ha messo in fila i primi tre e pi\u00f9 interessanti interventi tenuti dalle &#8220;signore&#8221; della mattinata: Maria Francesca Chiappe, Maria Antonietta Mongiu, Valentina Meloni. Mutato il genere letterario, esse hanno presentato degli spaccati di luce su ci\u00f2 che potrebbe essere la Sardegna del futuro difeso anche dai manifestanti che da settimane ci rappresentano con le manifestazioni di piazza. Le loro indicazioni andranno avanti e si allargheranno finch\u00e9 il Consiglio regionale non si sentir\u00e0 impegnato, come affermava Soddu, a trovare le risposte istituzionali che facciano da cornice, difesa e prospettiva a quanto il nostro popolo richiede e di cui abbisogna.<\/p>\n","protected":false},"excerpt":{"rendered":"<p>Questo articolo viene pubblicato anche sui siti di Fondazione Sardinia, Tramasdeamistade, Sardegna Soprattutto, Sportello Formaparis,Tottusinpari e sui blog di Enrico<\/p>\n","protected":false},"author":1,"featured_media":5229,"comment_status":"open","ping_status":"open","sticky":false,"template":"","format":"standard","meta":{"_mi_skip_tracking":false,"_monsterinsights_sitenote_active":false,"_monsterinsights_sitenote_note":"","_monsterinsights_sitenote_category":0,"jetpack_post_was_ever_published":false,"_jetpack_newsletter_access":"","jetpack_publicize_message":"","jetpack_is_tweetstorm":false,"jetpack_publicize_feature_enabled":true,"jetpack_social_post_already_shared":true,"jetpack_social_options":{"image_generator_settings":{"template":"highway","enabled":false}}},"categories":[52,57,17,59,16],"tags":[],"jetpack_publicize_connections":[],"jetpack_featured_media_url":"https:\/\/i0.wp.com\/www.robertosedda.it\/wp-content\/uploads\/2013\/12\/Salvatore-Cubeddu.jpg?fit=500%2C374","jetpack_sharing_enabled":true,"jetpack_shortlink":"https:\/\/wp.me\/p4jV2T-2Aj","jetpack_likes_enabled":true,"jetpack-related-posts":[{"id":6881,"url":"http:\/\/www.robertosedda.it\/?p=6881","url_meta":{"origin":9939,"position":0},"title":"Quali sono le 144 aziende (forse) pi\u00f9 etiche al mondo?","author":"Rufus","date":"03\/04\/2014","format":false,"excerpt":"L'altro giorno da qualche parte sulla rete mi \u00e8 caduto l'occhio su un articolo che segnalava le 144 aziende pi\u00f9 etiche al mondo del 2014, una notizia che \u00e8 stata anche ripresa da diversi media e che normalmente campeggia sui siti delle aziende premiate. Si tratta, in realt\u00e0, di un\u2026","rel":"","context":"In &quot;Coordinate&quot;","block_context":{"text":"Coordinate","link":"http:\/\/www.robertosedda.it\/?cat=52"},"img":{"alt_text":"","src":"","width":0,"height":0},"classes":[]}],"_links":{"self":[{"href":"http:\/\/www.robertosedda.it\/index.php?rest_route=\/wp\/v2\/posts\/9939"}],"collection":[{"href":"http:\/\/www.robertosedda.it\/index.php?rest_route=\/wp\/v2\/posts"}],"about":[{"href":"http:\/\/www.robertosedda.it\/index.php?rest_route=\/wp\/v2\/types\/post"}],"author":[{"embeddable":true,"href":"http:\/\/www.robertosedda.it\/index.php?rest_route=\/wp\/v2\/users\/1"}],"replies":[{"embeddable":true,"href":"http:\/\/www.robertosedda.it\/index.php?rest_route=%2Fwp%2Fv2%2Fcomments&post=9939"}],"version-history":[{"count":2,"href":"http:\/\/www.robertosedda.it\/index.php?rest_route=\/wp\/v2\/posts\/9939\/revisions"}],"predecessor-version":[{"id":9941,"href":"http:\/\/www.robertosedda.it\/index.php?rest_route=\/wp\/v2\/posts\/9939\/revisions\/9941"}],"wp:featuredmedia":[{"embeddable":true,"href":"http:\/\/www.robertosedda.it\/index.php?rest_route=\/wp\/v2\/media\/5229"}],"wp:attachment":[{"href":"http:\/\/www.robertosedda.it\/index.php?rest_route=%2Fwp%2Fv2%2Fmedia&parent=9939"}],"wp:term":[{"taxonomy":"category","embeddable":true,"href":"http:\/\/www.robertosedda.it\/index.php?rest_route=%2Fwp%2Fv2%2Fcategories&post=9939"},{"taxonomy":"post_tag","embeddable":true,"href":"http:\/\/www.robertosedda.it\/index.php?rest_route=%2Fwp%2Fv2%2Ftags&post=9939"}],"curies":[{"name":"wp","href":"https:\/\/api.w.org\/{rel}","templated":true}]}}