{"id":9925,"date":"2015-04-09T12:15:02","date_gmt":"2015-04-09T10:15:02","guid":{"rendered":"http:\/\/www.robertosedda.it\/?p=9925"},"modified":"2017-04-13T15:30:46","modified_gmt":"2017-04-13T13:30:46","slug":"reblog-liberta-di-espressione-in-egitto","status":"publish","type":"post","link":"http:\/\/www.robertosedda.it\/?p=9925","title":{"rendered":"REBLOG: Libert\u00e0 di espressione in Egitto"},"content":{"rendered":"<p><a href=\"https:\/\/www.facebook.com\/events\/357115294480518\/\">Per la serie: <em>barometri che aiutano a capire dove va il<\/em> mondo, segnalo per luned\u00ec prossimo un interessante seminario con la giornalista Laura Cappon sulla libert\u00e0 di stampa e di espressione in Egitto.<\/a><a href=\"https:\/\/i0.wp.com\/www.robertosedda.it\/wp-content\/uploads\/2015\/04\/Cappon-Copia_light.jpg\"><img data-attachment-id=\"9926\" data-permalink=\"http:\/\/www.robertosedda.it\/?attachment_id=9926\" data-orig-file=\"https:\/\/i0.wp.com\/www.robertosedda.it\/wp-content\/uploads\/2015\/04\/Cappon-Copia_light.jpg?fit=413%2C519\" data-orig-size=\"413,519\" data-comments-opened=\"1\" data-image-meta=\"{&quot;aperture&quot;:&quot;0&quot;,&quot;credit&quot;:&quot;Patrizia Manduchi&quot;,&quot;camera&quot;:&quot;&quot;,&quot;caption&quot;:&quot;&quot;,&quot;created_timestamp&quot;:&quot;1427698560&quot;,&quot;copyright&quot;:&quot;&quot;,&quot;focal_length&quot;:&quot;0&quot;,&quot;iso&quot;:&quot;0&quot;,&quot;shutter_speed&quot;:&quot;0&quot;,&quot;title&quot;:&quot;Cappon - Copia&quot;,&quot;orientation&quot;:&quot;1&quot;}\" data-image-title=\"Cappon &#8211; Copia\" data-image-description=\"\" data-image-caption=\"\" data-medium-file=\"https:\/\/i0.wp.com\/www.robertosedda.it\/wp-content\/uploads\/2015\/04\/Cappon-Copia_light.jpg?fit=239%2C300\" data-large-file=\"https:\/\/i0.wp.com\/www.robertosedda.it\/wp-content\/uploads\/2015\/04\/Cappon-Copia_light.jpg?fit=413%2C519\" decoding=\"async\" loading=\"lazy\" class=\"aligncenter size-full wp-image-9926\" src=\"https:\/\/i0.wp.com\/www.robertosedda.it\/wp-content\/uploads\/2015\/04\/Cappon-Copia_light.jpg?resize=413%2C519\" alt=\"Cappon - Copia\" width=\"413\" height=\"519\" srcset=\"https:\/\/i0.wp.com\/www.robertosedda.it\/wp-content\/uploads\/2015\/04\/Cappon-Copia_light.jpg?w=413 413w, https:\/\/i0.wp.com\/www.robertosedda.it\/wp-content\/uploads\/2015\/04\/Cappon-Copia_light.jpg?resize=119%2C150 119w, https:\/\/i0.wp.com\/www.robertosedda.it\/wp-content\/uploads\/2015\/04\/Cappon-Copia_light.jpg?resize=239%2C300 239w, https:\/\/i0.wp.com\/www.robertosedda.it\/wp-content\/uploads\/2015\/04\/Cappon-Copia_light.jpg?resize=40%2C50 40w\" sizes=\"(max-width: 413px) 100vw, 413px\" data-recalc-dims=\"1\" \/><\/a><\/p>\n","protected":false},"excerpt":{"rendered":"<p>Per la serie: barometri che aiutano a capire dove va il mondo, segnalo per luned\u00ec prossimo un interessante seminario con<\/p>\n","protected":false},"author":1,"featured_media":0,"comment_status":"open","ping_status":"open","sticky":false,"template":"","format":"standard","meta":{"_mi_skip_tracking":false,"_monsterinsights_sitenote_active":false,"_monsterinsights_sitenote_note":"","_monsterinsights_sitenote_category":0,"jetpack_post_was_ever_published":false,"_jetpack_newsletter_access":"","jetpack_publicize_message":"","jetpack_is_tweetstorm":false,"jetpack_publicize_feature_enabled":true,"jetpack_social_post_already_shared":true,"jetpack_social_options":{"image_generator_settings":{"template":"highway","enabled":false}}},"categories":[95],"tags":[],"jetpack_publicize_connections":[],"jetpack_featured_media_url":"","jetpack_sharing_enabled":true,"jetpack_shortlink":"https:\/\/wp.me\/p4jV2T-2A5","jetpack_likes_enabled":true,"jetpack-related-posts":[{"id":14820,"url":"http:\/\/www.robertosedda.it\/?p=14820","url_meta":{"origin":9925,"position":0},"title":"Dura la vita in Egitto per le cantanti pop","author":"Rufus","date":"13\/03\/2018","format":"video","excerpt":"Credo che molti abbiano visto passare in giro, magari sui social o come messaggio da amici su Whatsapp, un video nel quale un tizio che si dichiara ateo viene scacciato da un dibattito televisivo su un canale egiziano. https:\/\/youtu.be\/t6nxYT6REr0 In realt\u00e0 non voglio parlare del video in s\u00e9, prima di\u2026","rel":"","context":"In &quot;Coordinate&quot;","block_context":{"text":"Coordinate","link":"http:\/\/www.robertosedda.it\/?cat=52"},"img":{"alt_text":"","src":"https:\/\/i0.wp.com\/www.robertosedda.it\/wp-content\/uploads\/2018\/03\/Sherine.jpg?fit=710%2C434&resize=350%2C200","width":350,"height":200,"srcset":"https:\/\/i0.wp.com\/www.robertosedda.it\/wp-content\/uploads\/2018\/03\/Sherine.jpg?fit=710%2C434&resize=350%2C200 1x, https:\/\/i0.wp.com\/www.robertosedda.it\/wp-content\/uploads\/2018\/03\/Sherine.jpg?fit=710%2C434&resize=700%2C400 2x"},"classes":[]},{"id":15453,"url":"http:\/\/www.robertosedda.it\/?p=15453","url_meta":{"origin":9925,"position":1},"title":"La strada di Firenze","author":"Rufus","date":"11\/07\/2018","format":false,"excerpt":"L'altro giorno mi \u00e8 stato commissionato un breve articolo a commento della proclamazione della venerabilit\u00e0 di Giorgio La Pira; per scriverlo sono andato a rivedermi, fra le altre cose, la Premessa di Cagliari, cio\u00e8 il discorso che La Pira tenne a Cagliari nel 1973 per introdurre il convegno dell'IPALMO, l'Istituto\u2026","rel":"","context":"In &quot;Coordinate&quot;","block_context":{"text":"Coordinate","link":"http:\/\/www.robertosedda.it\/?cat=52"},"img":{"alt_text":"","src":"https:\/\/i0.wp.com\/www.robertosedda.it\/wp-content\/uploads\/2018\/07\/La-Pira-2.jpg?fit=720%2C625&resize=350%2C200","width":350,"height":200,"srcset":"https:\/\/i0.wp.com\/www.robertosedda.it\/wp-content\/uploads\/2018\/07\/La-Pira-2.jpg?fit=720%2C625&resize=350%2C200 1x, https:\/\/i0.wp.com\/www.robertosedda.it\/wp-content\/uploads\/2018\/07\/La-Pira-2.jpg?fit=720%2C625&resize=700%2C400 2x"},"classes":[]},{"id":2465,"url":"http:\/\/www.robertosedda.it\/?p=2465","url_meta":{"origin":9925,"position":2},"title":"Fahrenheit 451 a &#8220;Oggi parliamo di libri&#8221;","author":"Rufus","date":"06\/03\/2013","format":"video","excerpt":"Ho messo in linea la puntata dedicata a Fahrenheit 451 di Ray Bradbury. Non va bene farsi i compimenti da soli, ma trovo che sia stata una puntata equilibrata e priva di errori, e sono abbastanza soddisfatto. Per quelli che non hanno voglia di ascoltare tutta la puntata ribadisco comunque\u2026","rel":"","context":"In &quot;Coordinate&quot;","block_context":{"text":"Coordinate","link":"http:\/\/www.robertosedda.it\/?cat=52"},"img":{"alt_text":"","src":"https:\/\/i0.wp.com\/img.youtube.com\/vi\/-n2ej5KtVJ0\/0.jpg?resize=350%2C200","width":350,"height":200},"classes":[]},{"id":7479,"url":"http:\/\/www.robertosedda.it\/?p=7479","url_meta":{"origin":9925,"position":3},"title":"Due parole sulle elezioni europee","author":"Rufus","date":"20\/05\/2014","format":false,"excerpt":"Sono abbastanza disturbato dal modo con il quale il dibattito elettorale in vista delle prossime europee si sta focalizzando esclusivamente su tematiche politiche nazionali. La causa \u00e8, ovviamente, nella polarizzazione della polemica fra le posizioni di PD e M5S, che competono per il primato in una logica tutta interna che\u2026","rel":"","context":"In &quot;Coordinate&quot;","block_context":{"text":"Coordinate","link":"http:\/\/www.robertosedda.it\/?cat=52"},"img":{"alt_text":"","src":"https:\/\/i0.wp.com\/www.robertosedda.it\/wp-content\/uploads\/2014\/05\/Feudalesimo-e-libert\u00e0-1.jpg?fit=679%2C960&resize=350%2C200","width":350,"height":200},"classes":[]},{"id":11710,"url":"http:\/\/www.robertosedda.it\/?p=11710","url_meta":{"origin":9925,"position":4},"title":"Il Re Cervo a Oggi parliamo di libri","author":"Rufus","date":"22\/03\/2016","format":false,"excerpt":"La settimana scorsa ho pubblicato qui sul sito le puntate di\u00a0Oggi parliamo di libri dedicate a Corneille e Racine; la vicinanza cronologica di questi due autori con Moli\u00e8re deve avermi confuso, perch\u00e9 non mi sono accorto che facendoli succedere immediatamente al Tartufo\u00a0saltavo due puntate intermedie, quelle nelle quali avevo proseguito\u2026","rel":"","context":"In &quot;Coordinate&quot;","block_context":{"text":"Coordinate","link":"http:\/\/www.robertosedda.it\/?cat=52"},"img":{"alt_text":"","src":"https:\/\/i0.wp.com\/www.robertosedda.it\/wp-content\/uploads\/2016\/03\/Re-Cervo.jpg?fit=720%2C618&resize=350%2C200","width":350,"height":200,"srcset":"https:\/\/i0.wp.com\/www.robertosedda.it\/wp-content\/uploads\/2016\/03\/Re-Cervo.jpg?fit=720%2C618&resize=350%2C200 1x, https:\/\/i0.wp.com\/www.robertosedda.it\/wp-content\/uploads\/2016\/03\/Re-Cervo.jpg?fit=720%2C618&resize=700%2C400 2x"},"classes":[]},{"id":2091,"url":"http:\/\/www.robertosedda.it\/?p=2091","url_meta":{"origin":9925,"position":5},"title":"Prigioni, rivolte e condanne a morte","author":"Rufus","date":"27\/01\/2013","format":false,"excerpt":"Oggi appunto qui sopra due fatti del tutto scollegati fra loro se non per il fatto che ne ho letto la notizia lo stesso giorno e per il fatto che genericamente hanno a che fare con le carceri e il sistema giudiziario - e quindi le condizioni sociali - di\u2026","rel":"","context":"In &quot;Coordinate&quot;","block_context":{"text":"Coordinate","link":"http:\/\/www.robertosedda.it\/?cat=52"},"img":{"alt_text":"","src":"https:\/\/i0.wp.com\/www.robertosedda.it\/wp-content\/uploads\/2013\/01\/Port-Said-rivolta.jpg?fit=459%2C304&resize=350%2C200","width":350,"height":200},"classes":[]}],"_links":{"self":[{"href":"http:\/\/www.robertosedda.it\/index.php?rest_route=\/wp\/v2\/posts\/9925"}],"collection":[{"href":"http:\/\/www.robertosedda.it\/index.php?rest_route=\/wp\/v2\/posts"}],"about":[{"href":"http:\/\/www.robertosedda.it\/index.php?rest_route=\/wp\/v2\/types\/post"}],"author":[{"embeddable":true,"href":"http:\/\/www.robertosedda.it\/index.php?rest_route=\/wp\/v2\/users\/1"}],"replies":[{"embeddable":true,"href":"http:\/\/www.robertosedda.it\/index.php?rest_route=%2Fwp%2Fv2%2Fcomments&post=9925"}],"version-history":[{"count":2,"href":"http:\/\/www.robertosedda.it\/index.php?rest_route=\/wp\/v2\/posts\/9925\/revisions"}],"predecessor-version":[{"id":9928,"href":"http:\/\/www.robertosedda.it\/index.php?rest_route=\/wp\/v2\/posts\/9925\/revisions\/9928"}],"wp:attachment":[{"href":"http:\/\/www.robertosedda.it\/index.php?rest_route=%2Fwp%2Fv2%2Fmedia&parent=9925"}],"wp:term":[{"taxonomy":"category","embeddable":true,"href":"http:\/\/www.robertosedda.it\/index.php?rest_route=%2Fwp%2Fv2%2Fcategories&post=9925"},{"taxonomy":"post_tag","embeddable":true,"href":"http:\/\/www.robertosedda.it\/index.php?rest_route=%2Fwp%2Fv2%2Ftags&post=9925"}],"curies":[{"name":"wp","href":"https:\/\/api.w.org\/{rel}","templated":true}]}}