{"id":9903,"date":"2015-04-06T10:40:04","date_gmt":"2015-04-06T08:40:04","guid":{"rendered":"http:\/\/www.robertosedda.it\/?p=9903"},"modified":"2023-04-19T09:58:34","modified_gmt":"2023-04-19T07:58:34","slug":"gli-scorridori","status":"publish","type":"post","link":"http:\/\/www.robertosedda.it\/?p=9903","title":{"rendered":"Gli scorridori"},"content":{"rendered":"<p>Contrariamente al solito ho passato il Triduo pasquale vagabondando per la Sardegna, e capita cos\u00ec che il Venerd\u00ec Santo fossi all&#8217;<a href=\"http:\/\/www.sanpietrodisorres.net\/\">Abbazia di San Pietro di Sorres<\/a>.<\/p>\n<p>Era da poco terminata la <em>via Crucis<\/em> e, nell&#8217;attesa dell&#8217;inizio di una <em>lectio<\/em> e poi della liturgia del giorno, verso le quattro del pomeriggio io e Maria Bonaria eravamo, praticamente da soli, sul sagrato.<\/p>\n<p>Ed ecco vediamo venire verso di noi una carovana, non c&#8217;\u00e8 altra parola, di fuoristrada di vari modelli (<a href=\"http:\/\/www.registrolandrover.it\/gestione\/admin\/news\/allegati\/LRT_Sardegna.pdf\">scoprir\u00f2 poi che erano tutte <em>Land Rover<\/em><\/a>).<\/p>\n<p><a href=\"https:\/\/i0.wp.com\/www.robertosedda.it\/wp-content\/uploads\/2015\/04\/Land-Rover-Sorres.jpg\"><img data-attachment-id=\"9905\" data-permalink=\"http:\/\/www.robertosedda.it\/?attachment_id=9905\" data-orig-file=\"https:\/\/i0.wp.com\/www.robertosedda.it\/wp-content\/uploads\/2015\/04\/Land-Rover-Sorres.jpg?fit=2048%2C1536\" data-orig-size=\"2048,1536\" data-comments-opened=\"1\" data-image-meta=\"{&quot;aperture&quot;:&quot;2.6&quot;,&quot;credit&quot;:&quot;&quot;,&quot;camera&quot;:&quot;YP-G70&quot;,&quot;caption&quot;:&quot;&quot;,&quot;created_timestamp&quot;:&quot;1428076893&quot;,&quot;copyright&quot;:&quot;&quot;,&quot;focal_length&quot;:&quot;3.79&quot;,&quot;iso&quot;:&quot;50&quot;,&quot;shutter_speed&quot;:&quot;0.00080775444264943&quot;,&quot;title&quot;:&quot;&quot;,&quot;orientation&quot;:&quot;1&quot;}\" data-image-title=\"Land Rover Sorres\" data-image-description=\"\" data-image-caption=\"\" data-medium-file=\"https:\/\/i0.wp.com\/www.robertosedda.it\/wp-content\/uploads\/2015\/04\/Land-Rover-Sorres.jpg?fit=300%2C225\" data-large-file=\"https:\/\/i0.wp.com\/www.robertosedda.it\/wp-content\/uploads\/2015\/04\/Land-Rover-Sorres.jpg?fit=510%2C383\" decoding=\"async\" loading=\"lazy\" class=\"aligncenter size-full wp-image-9905\" src=\"https:\/\/i0.wp.com\/www.robertosedda.it\/wp-content\/uploads\/2015\/04\/Land-Rover-Sorres.jpg?resize=800%2C600\" alt=\"Land Rover Sorres\" width=\"800\" height=\"600\" srcset=\"https:\/\/i0.wp.com\/www.robertosedda.it\/wp-content\/uploads\/2015\/04\/Land-Rover-Sorres.jpg?w=2048 2048w, https:\/\/i0.wp.com\/www.robertosedda.it\/wp-content\/uploads\/2015\/04\/Land-Rover-Sorres.jpg?resize=150%2C113 150w, https:\/\/i0.wp.com\/www.robertosedda.it\/wp-content\/uploads\/2015\/04\/Land-Rover-Sorres.jpg?resize=300%2C225 300w, https:\/\/i0.wp.com\/www.robertosedda.it\/wp-content\/uploads\/2015\/04\/Land-Rover-Sorres.jpg?resize=510%2C383 510w, https:\/\/i0.wp.com\/www.robertosedda.it\/wp-content\/uploads\/2015\/04\/Land-Rover-Sorres.jpg?resize=268%2C200 268w, https:\/\/i0.wp.com\/www.robertosedda.it\/wp-content\/uploads\/2015\/04\/Land-Rover-Sorres.jpg?resize=700%2C525 700w, https:\/\/i0.wp.com\/www.robertosedda.it\/wp-content\/uploads\/2015\/04\/Land-Rover-Sorres.jpg?resize=50%2C38 50w, https:\/\/i0.wp.com\/www.robertosedda.it\/wp-content\/uploads\/2015\/04\/Land-Rover-Sorres.jpg?w=1600 1600w\" sizes=\"(max-width: 800px) 100vw, 800px\" data-recalc-dims=\"1\" \/><\/a>E quindi siamo l\u00ec, di Venerd\u00ec Santo dopo la <em>via Crucis<\/em>, silenzio per mille miglia intorno tranne qualche campanaccio, il lontano grido del falco e il rumore di una quarantina di motori imballati.<\/p>\n<p>Perfetto.<\/p>\n<p>Ah no, ancora non \u00e8 perfetto. Perch\u00e9 dalle auto, rigorosamente impolverate, scendono equipaggi &#8211; tutti palesemente continentali &#8211; rumorosamente sguaiati.<\/p>\n<p>Reduci da chiss\u00e0 quale immaginata avventura nell&#8217;incontaminata ferinit\u00e0 degli stazzi, immagino, che al confronto una settimana nel Gobi dev&#8217;essere una passeggiata.<\/p>\n<p><a href=\"https:\/\/i0.wp.com\/www.robertosedda.it\/wp-content\/uploads\/2015\/04\/Land-Rover-Sorres-2.jpg\"><img data-attachment-id=\"9904\" data-permalink=\"http:\/\/www.robertosedda.it\/?attachment_id=9904\" data-orig-file=\"https:\/\/i0.wp.com\/www.robertosedda.it\/wp-content\/uploads\/2015\/04\/Land-Rover-Sorres-2.jpg?fit=2048%2C1536\" data-orig-size=\"2048,1536\" data-comments-opened=\"1\" data-image-meta=\"{&quot;aperture&quot;:&quot;2.6&quot;,&quot;credit&quot;:&quot;&quot;,&quot;camera&quot;:&quot;YP-G70&quot;,&quot;caption&quot;:&quot;&quot;,&quot;created_timestamp&quot;:&quot;1428076907&quot;,&quot;copyright&quot;:&quot;&quot;,&quot;focal_length&quot;:&quot;3.79&quot;,&quot;iso&quot;:&quot;50&quot;,&quot;shutter_speed&quot;:&quot;0.00073046018991965&quot;,&quot;title&quot;:&quot;&quot;,&quot;orientation&quot;:&quot;1&quot;}\" data-image-title=\"Land Rover Sorres 2\" data-image-description=\"\" data-image-caption=\"\" data-medium-file=\"https:\/\/i0.wp.com\/www.robertosedda.it\/wp-content\/uploads\/2015\/04\/Land-Rover-Sorres-2.jpg?fit=300%2C225\" data-large-file=\"https:\/\/i0.wp.com\/www.robertosedda.it\/wp-content\/uploads\/2015\/04\/Land-Rover-Sorres-2.jpg?fit=510%2C383\" decoding=\"async\" loading=\"lazy\" class=\"aligncenter size-full wp-image-9904\" src=\"https:\/\/i0.wp.com\/www.robertosedda.it\/wp-content\/uploads\/2015\/04\/Land-Rover-Sorres-2.jpg?resize=800%2C600\" alt=\"Land Rover Sorres 2\" width=\"800\" height=\"600\" srcset=\"https:\/\/i0.wp.com\/www.robertosedda.it\/wp-content\/uploads\/2015\/04\/Land-Rover-Sorres-2.jpg?w=2048 2048w, https:\/\/i0.wp.com\/www.robertosedda.it\/wp-content\/uploads\/2015\/04\/Land-Rover-Sorres-2.jpg?resize=150%2C113 150w, https:\/\/i0.wp.com\/www.robertosedda.it\/wp-content\/uploads\/2015\/04\/Land-Rover-Sorres-2.jpg?resize=300%2C225 300w, https:\/\/i0.wp.com\/www.robertosedda.it\/wp-content\/uploads\/2015\/04\/Land-Rover-Sorres-2.jpg?resize=510%2C383 510w, https:\/\/i0.wp.com\/www.robertosedda.it\/wp-content\/uploads\/2015\/04\/Land-Rover-Sorres-2.jpg?resize=268%2C200 268w, https:\/\/i0.wp.com\/www.robertosedda.it\/wp-content\/uploads\/2015\/04\/Land-Rover-Sorres-2.jpg?resize=700%2C525 700w, https:\/\/i0.wp.com\/www.robertosedda.it\/wp-content\/uploads\/2015\/04\/Land-Rover-Sorres-2.jpg?resize=50%2C38 50w, https:\/\/i0.wp.com\/www.robertosedda.it\/wp-content\/uploads\/2015\/04\/Land-Rover-Sorres-2.jpg?w=1600 1600w\" sizes=\"(max-width: 800px) 100vw, 800px\" data-recalc-dims=\"1\" \/><\/a>C&#8217;hanno pure il <em>walkie talkie<\/em>. Lo usano per chiedersi dove sia finita un&#8217;auto che manca. \u00abEra dietro di noi finch\u00e9 non siamo entrati nel fango&#8230;\u00bb <em>(entrati nel fango!!)<\/em>, \u00abPronto pronto pronto&#8230;\u00bb, \u00abCom&#8217;\u00e8 che si chiama questo posto?!\u00bb.<\/p>\n<p>Adesso s\u00ec che \u00e8 <em>perfetto<\/em>.<\/p>\n<p>Non so quanti conoscano Sorres. Ci si arriva per un&#8217;unica strada di accesso. Poco prima dell&#8217;Abbazia, sulla sinistra, c&#8217;\u00e8 un grande spazio che serve da parcheggio e che fiancheggia il cancello laterale che d\u00e0 accesso all&#8217;ingresso per i turisti. Proseguendo per venti metri, dopo un ben visibile divieto d&#8217;accesso, c&#8217;\u00e8 un altro grande spiazzo e, lievemente rialzato, il sagrato.<\/p>\n<p>Secondo voi dove si \u00e8 fermata la carovana?<\/p>\n<p><a href=\"https:\/\/i0.wp.com\/www.robertosedda.it\/wp-content\/uploads\/2015\/04\/Land-Rover-Sorres-3.jpg\"><img data-attachment-id=\"9906\" data-permalink=\"http:\/\/www.robertosedda.it\/?attachment_id=9906\" data-orig-file=\"https:\/\/i0.wp.com\/www.robertosedda.it\/wp-content\/uploads\/2015\/04\/Land-Rover-Sorres-3.jpg?fit=2048%2C1536\" data-orig-size=\"2048,1536\" data-comments-opened=\"1\" data-image-meta=\"{&quot;aperture&quot;:&quot;2.6&quot;,&quot;credit&quot;:&quot;&quot;,&quot;camera&quot;:&quot;YP-G70&quot;,&quot;caption&quot;:&quot;&quot;,&quot;created_timestamp&quot;:&quot;1428077337&quot;,&quot;copyright&quot;:&quot;&quot;,&quot;focal_length&quot;:&quot;3.79&quot;,&quot;iso&quot;:&quot;50&quot;,&quot;shutter_speed&quot;:&quot;0.00061012812690665&quot;,&quot;title&quot;:&quot;&quot;,&quot;orientation&quot;:&quot;1&quot;}\" data-image-title=\"Land Rover Sorres 3\" data-image-description=\"\" data-image-caption=\"\" data-medium-file=\"https:\/\/i0.wp.com\/www.robertosedda.it\/wp-content\/uploads\/2015\/04\/Land-Rover-Sorres-3.jpg?fit=300%2C225\" data-large-file=\"https:\/\/i0.wp.com\/www.robertosedda.it\/wp-content\/uploads\/2015\/04\/Land-Rover-Sorres-3.jpg?fit=510%2C383\" decoding=\"async\" loading=\"lazy\" class=\"aligncenter size-full wp-image-9906\" src=\"https:\/\/i0.wp.com\/www.robertosedda.it\/wp-content\/uploads\/2015\/04\/Land-Rover-Sorres-3.jpg?resize=800%2C600\" alt=\"Land Rover Sorres 3\" width=\"800\" height=\"600\" srcset=\"https:\/\/i0.wp.com\/www.robertosedda.it\/wp-content\/uploads\/2015\/04\/Land-Rover-Sorres-3.jpg?w=2048 2048w, https:\/\/i0.wp.com\/www.robertosedda.it\/wp-content\/uploads\/2015\/04\/Land-Rover-Sorres-3.jpg?resize=150%2C113 150w, https:\/\/i0.wp.com\/www.robertosedda.it\/wp-content\/uploads\/2015\/04\/Land-Rover-Sorres-3.jpg?resize=300%2C225 300w, https:\/\/i0.wp.com\/www.robertosedda.it\/wp-content\/uploads\/2015\/04\/Land-Rover-Sorres-3.jpg?resize=510%2C383 510w, https:\/\/i0.wp.com\/www.robertosedda.it\/wp-content\/uploads\/2015\/04\/Land-Rover-Sorres-3.jpg?resize=268%2C200 268w, https:\/\/i0.wp.com\/www.robertosedda.it\/wp-content\/uploads\/2015\/04\/Land-Rover-Sorres-3.jpg?resize=700%2C525 700w, https:\/\/i0.wp.com\/www.robertosedda.it\/wp-content\/uploads\/2015\/04\/Land-Rover-Sorres-3.jpg?resize=50%2C38 50w, https:\/\/i0.wp.com\/www.robertosedda.it\/wp-content\/uploads\/2015\/04\/Land-Rover-Sorres-3.jpg?w=1600 1600w\" sizes=\"(max-width: 800px) 100vw, 800px\" data-recalc-dims=\"1\" \/><\/a>Bravi, avete indovinato. Con due macchine sui due vialetti d&#8217;accesso, fronte alle altre.<\/p>\n<p>A segnare la conquista, mi sono detto. C&#8217;\u00e8 chi mette la bandiera sull&#8217;Himalaya e chi parcheggia il fuoristrada davanti all&#8217;Abbazia di Sorres.<\/p>\n<p><em>De gustibus<\/em>.<a href=\"https:\/\/i0.wp.com\/www.robertosedda.it\/wp-content\/uploads\/2015\/04\/Sorres-Land-Rover-4.jpg\"><img data-attachment-id=\"9907\" data-permalink=\"http:\/\/www.robertosedda.it\/?attachment_id=9907\" data-orig-file=\"https:\/\/i0.wp.com\/www.robertosedda.it\/wp-content\/uploads\/2015\/04\/Sorres-Land-Rover-4.jpg?fit=2048%2C1536\" data-orig-size=\"2048,1536\" data-comments-opened=\"1\" data-image-meta=\"{&quot;aperture&quot;:&quot;2.6&quot;,&quot;credit&quot;:&quot;&quot;,&quot;camera&quot;:&quot;YP-G70&quot;,&quot;caption&quot;:&quot;&quot;,&quot;created_timestamp&quot;:&quot;1428077554&quot;,&quot;copyright&quot;:&quot;&quot;,&quot;focal_length&quot;:&quot;3.79&quot;,&quot;iso&quot;:&quot;50&quot;,&quot;shutter_speed&quot;:&quot;0.0009354536950421&quot;,&quot;title&quot;:&quot;&quot;,&quot;orientation&quot;:&quot;1&quot;}\" data-image-title=\"Sorres Land Rover 4\" data-image-description=\"\" data-image-caption=\"\" data-medium-file=\"https:\/\/i0.wp.com\/www.robertosedda.it\/wp-content\/uploads\/2015\/04\/Sorres-Land-Rover-4.jpg?fit=300%2C225\" data-large-file=\"https:\/\/i0.wp.com\/www.robertosedda.it\/wp-content\/uploads\/2015\/04\/Sorres-Land-Rover-4.jpg?fit=510%2C383\" decoding=\"async\" loading=\"lazy\" class=\"aligncenter size-full wp-image-9907\" src=\"https:\/\/i0.wp.com\/www.robertosedda.it\/wp-content\/uploads\/2015\/04\/Sorres-Land-Rover-4.jpg?resize=800%2C600\" alt=\"Sorres Land Rover 4\" width=\"800\" height=\"600\" srcset=\"https:\/\/i0.wp.com\/www.robertosedda.it\/wp-content\/uploads\/2015\/04\/Sorres-Land-Rover-4.jpg?w=2048 2048w, https:\/\/i0.wp.com\/www.robertosedda.it\/wp-content\/uploads\/2015\/04\/Sorres-Land-Rover-4.jpg?resize=150%2C113 150w, https:\/\/i0.wp.com\/www.robertosedda.it\/wp-content\/uploads\/2015\/04\/Sorres-Land-Rover-4.jpg?resize=300%2C225 300w, https:\/\/i0.wp.com\/www.robertosedda.it\/wp-content\/uploads\/2015\/04\/Sorres-Land-Rover-4.jpg?resize=510%2C383 510w, https:\/\/i0.wp.com\/www.robertosedda.it\/wp-content\/uploads\/2015\/04\/Sorres-Land-Rover-4.jpg?resize=268%2C200 268w, https:\/\/i0.wp.com\/www.robertosedda.it\/wp-content\/uploads\/2015\/04\/Sorres-Land-Rover-4.jpg?resize=700%2C525 700w, https:\/\/i0.wp.com\/www.robertosedda.it\/wp-content\/uploads\/2015\/04\/Sorres-Land-Rover-4.jpg?resize=50%2C38 50w, https:\/\/i0.wp.com\/www.robertosedda.it\/wp-content\/uploads\/2015\/04\/Sorres-Land-Rover-4.jpg?w=1600 1600w\" sizes=\"(max-width: 800px) 100vw, 800px\" data-recalc-dims=\"1\" \/><\/a><\/p>\n","protected":false},"excerpt":{"rendered":"<p>Contrariamente al solito ho passato il Triduo pasquale vagabondando per la Sardegna, e capita cos\u00ec che il Venerd\u00ec Santo fossi<\/p>\n","protected":false},"author":1,"featured_media":9905,"comment_status":"open","ping_status":"open","sticky":false,"template":"","format":"standard","meta":{"_mi_skip_tracking":false,"_monsterinsights_sitenote_active":false,"_monsterinsights_sitenote_note":"","_monsterinsights_sitenote_category":0,"jetpack_post_was_ever_published":false,"_jetpack_newsletter_access":"","jetpack_publicize_message":"","jetpack_is_tweetstorm":false,"jetpack_publicize_feature_enabled":true,"jetpack_social_post_already_shared":true,"jetpack_social_options":{"image_generator_settings":{"template":"highway","enabled":false}}},"categories":[52,53,18,88,16],"tags":[],"jetpack_publicize_connections":[],"jetpack_featured_media_url":"https:\/\/i0.wp.com\/www.robertosedda.it\/wp-content\/uploads\/2015\/04\/Land-Rover-Sorres.jpg?fit=2048%2C1536","jetpack_sharing_enabled":true,"jetpack_shortlink":"https:\/\/wp.me\/p4jV2T-2zJ","jetpack_likes_enabled":true,"jetpack-related-posts":[{"id":9975,"url":"http:\/\/www.robertosedda.it\/?p=9975","url_meta":{"origin":9903,"position":0},"title":"Incontru a nuove pagine di vita","author":"Rufus","date":"15\/04\/2015","format":false,"excerpt":"Non ero mai stato al rito de S'incontru anche se naturalmente sapevo che in molti paesi della Sardegna \u00e8 una parte importante dei riti di Pasqua. Avevo visto delle foto conservate nella casa di Orani (la Pasqua del 1961, credo) e ne avevo sentito parlare, ma non c'ero mai stato,\u2026","rel":"","context":"In &quot;Coordinate&quot;","block_context":{"text":"Coordinate","link":"http:\/\/www.robertosedda.it\/?cat=52"},"img":{"alt_text":"","src":"https:\/\/i0.wp.com\/www.robertosedda.it\/wp-content\/uploads\/2015\/04\/Raganella.jpg?fit=768%2C1024&resize=350%2C200","width":350,"height":200,"srcset":"https:\/\/i0.wp.com\/www.robertosedda.it\/wp-content\/uploads\/2015\/04\/Raganella.jpg?fit=768%2C1024&resize=350%2C200 1x, https:\/\/i0.wp.com\/www.robertosedda.it\/wp-content\/uploads\/2015\/04\/Raganella.jpg?fit=768%2C1024&resize=700%2C400 2x"},"classes":[]},{"id":676,"url":"http:\/\/www.robertosedda.it\/?p=676","url_meta":{"origin":9903,"position":1},"title":"Terra Futura 2006","author":"Rufus","date":"23\/08\/2012","format":false,"excerpt":"Non ho granch\u00e9 voglia di andare a Terra Futura: l'anno scorso ci sono stato con Bonaria e mi sono divertito tanto, ma quest'anno sono stanco, veramente stanco. Tuttavia il progetto Equal per cui lavoro ha fatto il colpaccio di organizzare l\u00ec un incontro fra diversi progetti di tutta Italia che\u2026","rel":"","context":"In &quot;Coordinate&quot;","block_context":{"text":"Coordinate","link":"http:\/\/www.robertosedda.it\/?cat=52"},"img":{"alt_text":"","src":"","width":0,"height":0},"classes":[]},{"id":2696,"url":"http:\/\/www.robertosedda.it\/?p=2696","url_meta":{"origin":9903,"position":2},"title":"La pi\u00f9 piccola delle citt\u00e0 di Giuda","author":"Rufus","date":"28\/03\/2013","format":false,"excerpt":"Premessa biblica a discorsi di ben altro tipo Nel Vangelo di Matteo Erode si informa, dopo la visita dei Magi, circa il luogo della nascita di Ges\u00f9. Gli viene risposto (Mt 2,5b-6a) \u00abA Betlemme di Giudea, perch\u00e9 cos\u00ec \u00e8 scritto per mezzo del profeta: E tu, Betlemme, terra di Giuda,\u2026","rel":"","context":"In &quot;Coordinate&quot;","block_context":{"text":"Coordinate","link":"http:\/\/www.robertosedda.it\/?cat=52"},"img":{"alt_text":"","src":"https:\/\/i0.wp.com\/www.robertosedda.it\/wp-content\/uploads\/2013\/03\/NEEVAxLOLLOVE.jpg?fit=1200%2C1200&resize=350%2C200","width":350,"height":200,"srcset":"https:\/\/i0.wp.com\/www.robertosedda.it\/wp-content\/uploads\/2013\/03\/NEEVAxLOLLOVE.jpg?fit=1200%2C1200&resize=350%2C200 1x, https:\/\/i0.wp.com\/www.robertosedda.it\/wp-content\/uploads\/2013\/03\/NEEVAxLOLLOVE.jpg?fit=1200%2C1200&resize=700%2C400 2x, https:\/\/i0.wp.com\/www.robertosedda.it\/wp-content\/uploads\/2013\/03\/NEEVAxLOLLOVE.jpg?fit=1200%2C1200&resize=1050%2C600 3x"},"classes":[]},{"id":10376,"url":"http:\/\/www.robertosedda.it\/?p=10376","url_meta":{"origin":9903,"position":3},"title":"Sradicamenti e aeroporti","author":"Rufus","date":"15\/06\/2015","format":false,"excerpt":"Quella sensazione di spaesamento che solo i veri cagliaritani possono capire Venerd\u00ec ero a Bologna per questioni di Banca Etica. Appena sceso dall'aereo mi dirigo al bar, una\u00a0qualche\u00a0catena del gruppo Autogrill, credo, per un caff\u00e8. Un bar ben messo, grande, con una grande vetrina di cornetti e panini e ovviamente\u2026","rel":"","context":"In &quot;Coordinate&quot;","block_context":{"text":"Coordinate","link":"http:\/\/www.robertosedda.it\/?cat=52"},"img":{"alt_text":"","src":"https:\/\/i0.wp.com\/www.robertosedda.it\/wp-content\/uploads\/2015\/06\/Aeroporto-Marconi-Bologna.jpg?fit=550%2C315&resize=350%2C200","width":350,"height":200},"classes":[]},{"id":9083,"url":"http:\/\/www.robertosedda.it\/?p=9083","url_meta":{"origin":9903,"position":4},"title":"Verso il baratro, un intervento di Salvatore Cubeddu","author":"Rufus","date":"22\/12\/2014","format":false,"excerpt":"Oltre che su questo\u00a0blog questo articolo \u00e8 stato pubblicato la settimana scorsa\u00a0anche sui siti di\u00a0Fondazione Sardinia,\u00a0Aladinpensiero,\u00a0Tramas de amistade,\u00a0Sardegna Soprattutto,\u00a0Sportello Formaparis,\u00a0Tottusinpari e sui blog di\u00a0Enrico Lobina,\u00a0Vito Biolchini\u00a0e\u00a0Francesca Madrigali. Il mio\u00a0blog era bloccato, quindi recupero adesso, anche perch\u00e9 l'argomento \u00e8 importante. Verso il baratro \u2026 di Salvatore Cubeddu A Sassari l\u2019hanno chiamata\u2026","rel":"","context":"In &quot;Coordinate&quot;","block_context":{"text":"Coordinate","link":"http:\/\/www.robertosedda.it\/?cat=52"},"img":{"alt_text":"","src":"https:\/\/i0.wp.com\/www.robertosedda.it\/wp-content\/uploads\/2013\/12\/Salvatore-Cubeddu.jpg?fit=500%2C374&resize=350%2C200","width":350,"height":200},"classes":[]},{"id":12108,"url":"http:\/\/www.robertosedda.it\/?p=12108","url_meta":{"origin":9903,"position":5},"title":"Veniteci a cercare a Sant&#8217;Antioco","author":"Rufus","date":"16\/06\/2016","format":false,"excerpt":"Venerd\u00ec 17 giugno i\u00a0Fabbricastorie faranno giocare la gente in piazza a Sant'Antioco, nell'ambito della manifestazione poliglotta\u00a0Limbas. Intanto spendo due parole per segnalare il sito della manifestazione, che \u00e8 per la precisione un\u00a0seminario poliglotta: l'argomento \u00e8 per noi\u00a0del tutto sconosciuto, ma ci siamo prestati volentieri a metterci in gioco. Non posso\u2026","rel":"","context":"In &quot;Coordinate&quot;","block_context":{"text":"Coordinate","link":"http:\/\/www.robertosedda.it\/?cat=52"},"img":{"alt_text":"","src":"https:\/\/i0.wp.com\/www.robertosedda.it\/wp-content\/uploads\/2016\/06\/SantAntioco.jpg?fit=800%2C533&resize=350%2C200","width":350,"height":200,"srcset":"https:\/\/i0.wp.com\/www.robertosedda.it\/wp-content\/uploads\/2016\/06\/SantAntioco.jpg?fit=800%2C533&resize=350%2C200 1x, https:\/\/i0.wp.com\/www.robertosedda.it\/wp-content\/uploads\/2016\/06\/SantAntioco.jpg?fit=800%2C533&resize=700%2C400 2x"},"classes":[]}],"_links":{"self":[{"href":"http:\/\/www.robertosedda.it\/index.php?rest_route=\/wp\/v2\/posts\/9903"}],"collection":[{"href":"http:\/\/www.robertosedda.it\/index.php?rest_route=\/wp\/v2\/posts"}],"about":[{"href":"http:\/\/www.robertosedda.it\/index.php?rest_route=\/wp\/v2\/types\/post"}],"author":[{"embeddable":true,"href":"http:\/\/www.robertosedda.it\/index.php?rest_route=\/wp\/v2\/users\/1"}],"replies":[{"embeddable":true,"href":"http:\/\/www.robertosedda.it\/index.php?rest_route=%2Fwp%2Fv2%2Fcomments&post=9903"}],"version-history":[{"count":5,"href":"http:\/\/www.robertosedda.it\/index.php?rest_route=\/wp\/v2\/posts\/9903\/revisions"}],"predecessor-version":[{"id":19452,"href":"http:\/\/www.robertosedda.it\/index.php?rest_route=\/wp\/v2\/posts\/9903\/revisions\/19452"}],"wp:featuredmedia":[{"embeddable":true,"href":"http:\/\/www.robertosedda.it\/index.php?rest_route=\/wp\/v2\/media\/9905"}],"wp:attachment":[{"href":"http:\/\/www.robertosedda.it\/index.php?rest_route=%2Fwp%2Fv2%2Fmedia&parent=9903"}],"wp:term":[{"taxonomy":"category","embeddable":true,"href":"http:\/\/www.robertosedda.it\/index.php?rest_route=%2Fwp%2Fv2%2Fcategories&post=9903"},{"taxonomy":"post_tag","embeddable":true,"href":"http:\/\/www.robertosedda.it\/index.php?rest_route=%2Fwp%2Fv2%2Ftags&post=9903"}],"curies":[{"name":"wp","href":"https:\/\/api.w.org\/{rel}","templated":true}]}}