{"id":9882,"date":"2015-04-02T16:15:25","date_gmt":"2015-04-02T14:15:25","guid":{"rendered":"http:\/\/www.robertosedda.it\/?p=9882"},"modified":"2017-03-14T11:53:49","modified_gmt":"2017-03-14T10:53:49","slug":"reblog-sfruttatori-di-tragedie-altrui","status":"publish","type":"post","link":"http:\/\/www.robertosedda.it\/?p=9882","title":{"rendered":"REBLOG: Sfruttatori di tragedie altrui"},"content":{"rendered":"<p><a href=\"http:\/\/www.internazionale.it\/notizie\/2015\/04\/01\/gaza-banksy-graffito-venduto\">Un interessante caso pubblicato da\u00a0<em>Internazionale<\/em>, connesso marginalmente alle vicende della striscia di Gaza. Parere in breve? Il fine, anche se fosse la sensibilizzazione di una tragedia, non giustifica i mezzi. Ma c&#8217;\u00e8 molto altro, come il senso dell&#8217;arte.<\/a><\/p>\n","protected":false},"excerpt":{"rendered":"<p>Un interessante caso pubblicato da\u00a0Internazionale, connesso marginalmente alle vicende della striscia di Gaza. Parere in breve? Il fine, anche se<\/p>\n","protected":false},"author":1,"featured_media":9883,"comment_status":"open","ping_status":"open","sticky":false,"template":"","format":"link","meta":{"_mi_skip_tracking":false,"_monsterinsights_sitenote_active":false,"_monsterinsights_sitenote_note":"","_monsterinsights_sitenote_category":0,"jetpack_post_was_ever_published":false,"_jetpack_newsletter_access":"","jetpack_publicize_message":"","jetpack_is_tweetstorm":false,"jetpack_publicize_feature_enabled":true,"jetpack_social_post_already_shared":true,"jetpack_social_options":{"image_generator_settings":{"template":"highway","enabled":false}}},"categories":[95],"tags":[],"jetpack_publicize_connections":[],"jetpack_featured_media_url":"https:\/\/i0.wp.com\/www.robertosedda.it\/wp-content\/uploads\/2015\/04\/Bansky.jpg?fit=1000%2C704","jetpack_sharing_enabled":true,"jetpack_shortlink":"https:\/\/wp.me\/p4jV2T-2zo","jetpack_likes_enabled":true,"jetpack-related-posts":[{"id":10947,"url":"http:\/\/www.robertosedda.it\/?p=10947","url_meta":{"origin":9882,"position":0},"title":"&#8216;na tragedia","author":"Rufus","date":"01\/10\/2015","format":"audio","excerpt":"Per fare pubblicit\u00e0 al fatto che stasera alle 19.10 va in onda la nuova puntata di\u00a0Oggi parliamo di libri (dedicata alla\u00a0Medea di Euripide, non perdetela!), vi invito all'ascolto della puntata precedente, in cui ho parlato della tragedia greca in generale. La tragedia greca (Oggi parliamo di libri, 29\/09\/2015) La puntata\u2026","rel":"","context":"In &quot;Coordinate&quot;","block_context":{"text":"Coordinate","link":"http:\/\/www.robertosedda.it\/?cat=52"},"img":{"alt_text":"","src":"","width":0,"height":0},"classes":[]},{"id":11858,"url":"http:\/\/www.robertosedda.it\/?p=11858","url_meta":{"origin":9882,"position":1},"title":"La perplessit\u00e0 del cuore","author":"Rufus","date":"20\/04\/2016","format":false,"excerpt":"Varr\u00e0 davvero\u00a0la pena di parlare (e soprattutto di leggere) di Vittorio Alfieri e del\u00a0Saul? Un'opera fuori del nostro tempo, probabilmente, eppure con un taglio inaspettatamente moderno. http:\/\/www.radiokalaritana.it\/audio\/LIB-S04E23-Vittorio_Alfieri_Saul-20160303.mp3 Saul - Vittorio Alfieri Metto in linea oggi la puntata di\u00a0Oggi parliamo di libri\u00a0dedicata al\u00a0Saul di Vittorio Alfieri, che\u00a0prosegue il quartetto di trasmissioni\u2026","rel":"","context":"In &quot;Coordinate&quot;","block_context":{"text":"Coordinate","link":"http:\/\/www.robertosedda.it\/?cat=52"},"img":{"alt_text":"","src":"https:\/\/i0.wp.com\/www.robertosedda.it\/wp-content\/uploads\/2016\/04\/Vittorio-Alfieri.jpg?fit=1024%2C768&resize=350%2C200","width":350,"height":200,"srcset":"https:\/\/i0.wp.com\/www.robertosedda.it\/wp-content\/uploads\/2016\/04\/Vittorio-Alfieri.jpg?fit=1024%2C768&resize=350%2C200 1x, https:\/\/i0.wp.com\/www.robertosedda.it\/wp-content\/uploads\/2016\/04\/Vittorio-Alfieri.jpg?fit=1024%2C768&resize=700%2C400 2x"},"classes":[]},{"id":12048,"url":"http:\/\/www.robertosedda.it\/?p=12048","url_meta":{"origin":9882,"position":2},"title":"Triste e solitario","author":"Rufus","date":"06\/06\/2016","format":false,"excerpt":"\u00abScusi, due biglietti per Viterbo\u00bb. \u00ab...\u00bb \u00abMi dice anche il binario, per favore?\u00bb \u00abTriste e solitario\u00bb \u00ab?!\u00bb \u00abEr binario pe' Viterbo. 'na tragedia. Che c'\u00e8 dda fa' a Viterbo? Nulla\u00bb \u00abEeeh... uhm... io c'avrei degli amici, li andiamo a trovare\u00bb \u00abEbbuon per lei. Ma nun \u00e8 la regola. Compra anche\u2026","rel":"","context":"In &quot;Coordinate&quot;","block_context":{"text":"Coordinate","link":"http:\/\/www.robertosedda.it\/?cat=52"},"img":{"alt_text":"","src":"https:\/\/i0.wp.com\/www.robertosedda.it\/wp-content\/uploads\/2016\/06\/Viterbo-Porta-Romana.jpg?fit=1200%2C900&resize=350%2C200","width":350,"height":200,"srcset":"https:\/\/i0.wp.com\/www.robertosedda.it\/wp-content\/uploads\/2016\/06\/Viterbo-Porta-Romana.jpg?fit=1200%2C900&resize=350%2C200 1x, https:\/\/i0.wp.com\/www.robertosedda.it\/wp-content\/uploads\/2016\/06\/Viterbo-Porta-Romana.jpg?fit=1200%2C900&resize=700%2C400 2x, https:\/\/i0.wp.com\/www.robertosedda.it\/wp-content\/uploads\/2016\/06\/Viterbo-Porta-Romana.jpg?fit=1200%2C900&resize=1050%2C600 3x"},"classes":[]},{"id":16231,"url":"http:\/\/www.robertosedda.it\/?p=16231","url_meta":{"origin":9882,"position":3},"title":"Repertori e cataloghi","author":"Rufus","date":"07\/02\/2019","format":false,"excerpt":"La settimana scorsa ho visto al teatro Argentina di Roma La\u00a0tragedia\u00a0del\u00a0vendicatore di Thomas Middleton, che contrariamente a quello che crede Google\u00a0non\u00a0\u00e8\u00a0un\u00a0parente\u00a0della\u00a0Duchessa\u00a0di Cambridge\u00a0ma\u00a0un autore di teatro pi\u00f9 o meno contemporaneo di Shakespeare. Parentesi: siccome Middleton \u00e8 stato attivo soprattutto dopo la morte della Regina Elisabetta non \u00e8 corretto definirlo un esponente\u2026","rel":"","context":"In &quot;Coordinate&quot;","block_context":{"text":"Coordinate","link":"http:\/\/www.robertosedda.it\/?cat=52"},"img":{"alt_text":"","src":"https:\/\/i0.wp.com\/www.robertosedda.it\/wp-content\/uploads\/2019\/02\/Middleton.jpg?fit=1200%2C900&resize=350%2C200","width":350,"height":200,"srcset":"https:\/\/i0.wp.com\/www.robertosedda.it\/wp-content\/uploads\/2019\/02\/Middleton.jpg?fit=1200%2C900&resize=350%2C200 1x, https:\/\/i0.wp.com\/www.robertosedda.it\/wp-content\/uploads\/2019\/02\/Middleton.jpg?fit=1200%2C900&resize=700%2C400 2x, https:\/\/i0.wp.com\/www.robertosedda.it\/wp-content\/uploads\/2019\/02\/Middleton.jpg?fit=1200%2C900&resize=1050%2C600 3x"},"classes":[]},{"id":8746,"url":"http:\/\/www.robertosedda.it\/?p=8746","url_meta":{"origin":9882,"position":4},"title":"Romeo e Giulietta, i conflitti e gli adolescenti inconsapevoli","author":"Rufus","date":"23\/10\/2014","format":"video","excerpt":"Quel che in trasmissione c'era Sono abbastanza soddisfatto della puntata su\u00a0Romeo e Giulietta di\u00a0Oggi parliamo di libri, soprattutto perch\u00e9 sono convinto che la chiave di lettura proposta, nel mio piccolo di critico dilettante, \u00e8 corretta o perlomeno interessante: l'idea di leggere il dramma come se fosse una\u00a0storia che parla dei\u2026","rel":"","context":"In &quot;Coordinate&quot;","block_context":{"text":"Coordinate","link":"http:\/\/www.robertosedda.it\/?cat=52"},"img":{"alt_text":"","src":"https:\/\/i0.wp.com\/img.youtube.com\/vi\/mMipcfjp6AY\/0.jpg?resize=350%2C200","width":350,"height":200},"classes":[]},{"id":14766,"url":"http:\/\/www.robertosedda.it\/?p=14766","url_meta":{"origin":9882,"position":5},"title":"La tragedia barbaricina","author":"Rufus","date":"02\/03\/2018","format":false,"excerpt":"Visto che io sono riuscito a vederlo nella prima recita cagliaritana e lo spettacolo resta al Teatro Massimo fino a domenica, mi sembra opportuno invitare tutti ad andare a vedere\u00a0Macbettu, adattamento a cura di Alessandro Serra del Mac... ehm, della tragedia scozzese di Shakespeare: \u00e8 gi\u00e0 stato a Cagliari l'anno\u2026","rel":"","context":"In &quot;Coordinate&quot;","block_context":{"text":"Coordinate","link":"http:\/\/www.robertosedda.it\/?cat=52"},"img":{"alt_text":"","src":"https:\/\/i0.wp.com\/www.robertosedda.it\/wp-content\/uploads\/2018\/03\/Macbettu-3.jpg?fit=1200%2C750&resize=350%2C200","width":350,"height":200,"srcset":"https:\/\/i0.wp.com\/www.robertosedda.it\/wp-content\/uploads\/2018\/03\/Macbettu-3.jpg?fit=1200%2C750&resize=350%2C200 1x, https:\/\/i0.wp.com\/www.robertosedda.it\/wp-content\/uploads\/2018\/03\/Macbettu-3.jpg?fit=1200%2C750&resize=700%2C400 2x, https:\/\/i0.wp.com\/www.robertosedda.it\/wp-content\/uploads\/2018\/03\/Macbettu-3.jpg?fit=1200%2C750&resize=1050%2C600 3x"},"classes":[]}],"_links":{"self":[{"href":"http:\/\/www.robertosedda.it\/index.php?rest_route=\/wp\/v2\/posts\/9882"}],"collection":[{"href":"http:\/\/www.robertosedda.it\/index.php?rest_route=\/wp\/v2\/posts"}],"about":[{"href":"http:\/\/www.robertosedda.it\/index.php?rest_route=\/wp\/v2\/types\/post"}],"author":[{"embeddable":true,"href":"http:\/\/www.robertosedda.it\/index.php?rest_route=\/wp\/v2\/users\/1"}],"replies":[{"embeddable":true,"href":"http:\/\/www.robertosedda.it\/index.php?rest_route=%2Fwp%2Fv2%2Fcomments&post=9882"}],"version-history":[{"count":4,"href":"http:\/\/www.robertosedda.it\/index.php?rest_route=\/wp\/v2\/posts\/9882\/revisions"}],"predecessor-version":[{"id":13400,"href":"http:\/\/www.robertosedda.it\/index.php?rest_route=\/wp\/v2\/posts\/9882\/revisions\/13400"}],"wp:featuredmedia":[{"embeddable":true,"href":"http:\/\/www.robertosedda.it\/index.php?rest_route=\/wp\/v2\/media\/9883"}],"wp:attachment":[{"href":"http:\/\/www.robertosedda.it\/index.php?rest_route=%2Fwp%2Fv2%2Fmedia&parent=9882"}],"wp:term":[{"taxonomy":"category","embeddable":true,"href":"http:\/\/www.robertosedda.it\/index.php?rest_route=%2Fwp%2Fv2%2Fcategories&post=9882"},{"taxonomy":"post_tag","embeddable":true,"href":"http:\/\/www.robertosedda.it\/index.php?rest_route=%2Fwp%2Fv2%2Ftags&post=9882"}],"curies":[{"name":"wp","href":"https:\/\/api.w.org\/{rel}","templated":true}]}}