{"id":9829,"date":"2015-03-24T19:17:30","date_gmt":"2015-03-24T18:17:30","guid":{"rendered":"http:\/\/www.robertosedda.it\/?p=9829"},"modified":"2022-03-25T10:03:45","modified_gmt":"2022-03-25T09:03:45","slug":"il-delirio-di-gerusalemme","status":"publish","type":"post","link":"http:\/\/www.robertosedda.it\/?p=9829","title":{"rendered":"Il delirio di Gerusalemme"},"content":{"rendered":"<h2><em>Cronache di Gerusalemme<\/em>, Guy Delisle, <em>Rizzoli-Lizard<\/em> 2012<\/h2>\n<p><a href=\"https:\/\/i0.wp.com\/www.robertosedda.it\/wp-content\/uploads\/2015\/03\/Delisle-cronache-di-Gerusalemme-2.jpg\"><img data-attachment-id=\"9830\" data-permalink=\"http:\/\/www.robertosedda.it\/?attachment_id=9830\" data-orig-file=\"https:\/\/i0.wp.com\/www.robertosedda.it\/wp-content\/uploads\/2015\/03\/Delisle-cronache-di-Gerusalemme-2.jpg?fit=638%2C382\" data-orig-size=\"638,382\" data-comments-opened=\"1\" data-image-meta=\"{&quot;aperture&quot;:&quot;0&quot;,&quot;credit&quot;:&quot;&quot;,&quot;camera&quot;:&quot;&quot;,&quot;caption&quot;:&quot;&quot;,&quot;created_timestamp&quot;:&quot;0&quot;,&quot;copyright&quot;:&quot;&quot;,&quot;focal_length&quot;:&quot;0&quot;,&quot;iso&quot;:&quot;0&quot;,&quot;shutter_speed&quot;:&quot;0&quot;,&quot;title&quot;:&quot;&quot;,&quot;orientation&quot;:&quot;0&quot;}\" data-image-title=\"Delisle cronache di Gerusalemme 2\" data-image-description=\"\" data-image-caption=\"\" data-medium-file=\"https:\/\/i0.wp.com\/www.robertosedda.it\/wp-content\/uploads\/2015\/03\/Delisle-cronache-di-Gerusalemme-2.jpg?fit=300%2C180\" data-large-file=\"https:\/\/i0.wp.com\/www.robertosedda.it\/wp-content\/uploads\/2015\/03\/Delisle-cronache-di-Gerusalemme-2.jpg?fit=510%2C305\" decoding=\"async\" loading=\"lazy\" class=\"aligncenter size-full wp-image-9830\" src=\"https:\/\/i0.wp.com\/www.robertosedda.it\/wp-content\/uploads\/2015\/03\/Delisle-cronache-di-Gerusalemme-2.jpg?resize=638%2C382\" alt=\"Delisle cronache di Gerusalemme 2\" width=\"638\" height=\"382\" srcset=\"https:\/\/i0.wp.com\/www.robertosedda.it\/wp-content\/uploads\/2015\/03\/Delisle-cronache-di-Gerusalemme-2.jpg?w=638 638w, https:\/\/i0.wp.com\/www.robertosedda.it\/wp-content\/uploads\/2015\/03\/Delisle-cronache-di-Gerusalemme-2.jpg?resize=150%2C90 150w, https:\/\/i0.wp.com\/www.robertosedda.it\/wp-content\/uploads\/2015\/03\/Delisle-cronache-di-Gerusalemme-2.jpg?resize=300%2C180 300w, https:\/\/i0.wp.com\/www.robertosedda.it\/wp-content\/uploads\/2015\/03\/Delisle-cronache-di-Gerusalemme-2.jpg?resize=510%2C305 510w, https:\/\/i0.wp.com\/www.robertosedda.it\/wp-content\/uploads\/2015\/03\/Delisle-cronache-di-Gerusalemme-2.jpg?resize=50%2C30 50w\" sizes=\"(max-width: 638px) 100vw, 638px\" data-recalc-dims=\"1\" \/><\/a>Non ho ancora avuto occasione di raccontare che dopo la lettura di\u00a0<em><a title=\"\u201cKobane calling\u201d di Zerocalcare: la recensione\" href=\"http:\/\/www.robertosedda.it\/?p=9460\">Kobane calling<\/a>\u00a0<\/em>mi \u00e8 venuta voglia di riprendere in mano un po&#8217; di <em>comics journalism<\/em>, cio\u00e8 di giornalismo a fumetti, e cos\u00ec ho letto in una sola serata\u00a0<em>Cronache di Gerusalemme<\/em> del canadese Guy Delisle, che \u00e8 considerato il nuovo astro di questa forma di giornalismo (e di narrazione a fumetti).\u00a0Il libro me l&#8217;aveva regalato almeno un anno fa il mio amico Alessandro Celoni, che colgo qui l&#8217;occasione di ringraziare: \u00e8 passato parecchio tempo fra il regalo e la lettura, si vede che certi libri devono maturare sugli scaffali prima di essere colti.<\/p>\n<p>Delisle racconta un anno di vita a Gerusalemme: arriva ad agosto 2008 per seguire la moglie, che \u00e8 una impiegata amministrativa di\u00a0<em>Medici senza frontiere<\/em>, e riparte pi\u00f9 o meno dodici mesi dopo.<\/p>\n<p><a href=\"https:\/\/i0.wp.com\/www.robertosedda.it\/wp-content\/uploads\/2015\/03\/Cronache-di-Gerusalemme-Delisle.jpg\"><img data-attachment-id=\"9832\" data-permalink=\"http:\/\/www.robertosedda.it\/?attachment_id=9832\" data-orig-file=\"https:\/\/i0.wp.com\/www.robertosedda.it\/wp-content\/uploads\/2015\/03\/Cronache-di-Gerusalemme-Delisle.jpg?fit=191%2C264\" data-orig-size=\"191,264\" data-comments-opened=\"1\" data-image-meta=\"{&quot;aperture&quot;:&quot;0&quot;,&quot;credit&quot;:&quot;&quot;,&quot;camera&quot;:&quot;&quot;,&quot;caption&quot;:&quot;&quot;,&quot;created_timestamp&quot;:&quot;0&quot;,&quot;copyright&quot;:&quot;&quot;,&quot;focal_length&quot;:&quot;0&quot;,&quot;iso&quot;:&quot;0&quot;,&quot;shutter_speed&quot;:&quot;0&quot;,&quot;title&quot;:&quot;&quot;,&quot;orientation&quot;:&quot;0&quot;}\" data-image-title=\"Cronache di Gerusalemme Delisle\" data-image-description=\"\" data-image-caption=\"\" data-medium-file=\"https:\/\/i0.wp.com\/www.robertosedda.it\/wp-content\/uploads\/2015\/03\/Cronache-di-Gerusalemme-Delisle.jpg?fit=191%2C264\" data-large-file=\"https:\/\/i0.wp.com\/www.robertosedda.it\/wp-content\/uploads\/2015\/03\/Cronache-di-Gerusalemme-Delisle.jpg?fit=191%2C264\" decoding=\"async\" loading=\"lazy\" class=\"alignleft size-full wp-image-9832\" src=\"https:\/\/i0.wp.com\/www.robertosedda.it\/wp-content\/uploads\/2015\/03\/Cronache-di-Gerusalemme-Delisle.jpg?resize=191%2C264\" alt=\"Cronache di Gerusalemme Delisle\" width=\"191\" height=\"264\" srcset=\"https:\/\/i0.wp.com\/www.robertosedda.it\/wp-content\/uploads\/2015\/03\/Cronache-di-Gerusalemme-Delisle.jpg?w=191 191w, https:\/\/i0.wp.com\/www.robertosedda.it\/wp-content\/uploads\/2015\/03\/Cronache-di-Gerusalemme-Delisle.jpg?resize=109%2C150 109w, https:\/\/i0.wp.com\/www.robertosedda.it\/wp-content\/uploads\/2015\/03\/Cronache-di-Gerusalemme-Delisle.jpg?resize=36%2C50 36w\" sizes=\"(max-width: 191px) 100vw, 191px\" data-recalc-dims=\"1\" \/><\/a>Il\u00a0racconto \u00e8 strutturato in maniera molto sofisticata: ogni capitolo un mese, ogni pagina pi\u00f9 o meno un paio di giorni, un episodio della vita della famiglia, un problema domestico, una conoscenza fatta, un aspetto della vita lavorativa, l&#8217;<em>Operazione Piombo Fuso<\/em>&#8230; ecco: perch\u00e9 siamo in una situazione in cui questo fluire del tempo senza scossoni, questo scorrere della vita domestica pu\u00f2 essere improvvisamente lacerato da eventi drammatici: un giorno ti si guasta la lavatrice, il giorno dopo \u00a0tua moglie \u00e8 bloccata a Gaza e gli israeliani stanno bombardando. Cos\u00ec, in un attimo.<\/p>\n<p>Questa tensione narrativa \u00e8 continuamente annunciata e fatta intravedere dal <em>contetuto<\/em> della vita quotidiana: la famiglia di Delisle\u00a0vive una vita molto normale in una situazione generale che \u00e8, al fondo, delirante.\u00a0Vivere a Gerusalemme e, pi\u00f9 in generale, in Israele, vuol dire vivere in una situazione di estremi, di conflitti e di quelle che, all&#8217;occhio pacato e un po&#8217; spaesato del mite canadese, appaiono irrazionalit\u00e0 imperanti. Irrazionalit\u00e0 cos\u00ec imperanti, cos\u00ec pervasive che le persone le hanno completamente interiorizzate: non parlo soltanto della dimensione del conflitto, dell&#8217;incapacit\u00e0, cos\u00ec evidente all&#8217;osservatore terzo, di uscire dalla rappresentazione macchiettistica dell&#8217;avversario, ma dell&#8217;essersi cos\u00ec adattati alla follia da fare con assoluta tranquillit\u00e0 cose\u00a0che chiunque considererebbe\u00a0impossibili: vale per i bizzarri accordi che legano le confessioni cristiane che si dividono i luoghi santi cos\u00ec come per\u00a0mille altre cose. Vale un po&#8217; meno, ma questa dimensione \u00e8 un po&#8217; meno accennata, per i palestinesi: per i quali, essendo la parte pi\u00f9 debole, e oppressa, adattarsi alla follia rappresenta una strategia di sopravvivenza che non ha alternative. Colpisce, in filigrana nel racconto, l&#8217;estrema ipocrisia alla quale sono condotte le persone: tutti, cooperanti, ebrei e arabi israeliani e palestinesi, ebrei e musulmani e cristiani, vivono &#8220;facendo finta&#8221;, scendendo a compromessi, in mancanza di alternative praticabili, dichiarando qualcosa che \u00e8 poi spesso molto diverso dall&#8217;agito. Non stupisce, allora, che il racconto pacato di questa vita quotidiana, gi\u00e0 delirante di suo, possa aprirsi improvvisamente al dramma e alla tragedia, come dicevo prima.<\/p>\n<p>In realt\u00e0 non c&#8217;\u00e8 sangue, in\u00a0<em>Cronache di Gerusalemme<\/em>, e se la lettura qualche volta prende alla gola non \u00e8 mai perch\u00e9 \u00e8 successo qualcosa di truculento o di grave ai protagonisti: Delisle racconta\u00a0con dolcezza, indugiando sui dettagli, fermandosi ai caratteri e alle persone e agli episodi, ai luoghi anche, con uno sguardo sempre un po&#8217; spaesato e quasi mai giudicante.<\/p>\n<p><a href=\"https:\/\/i0.wp.com\/www.robertosedda.it\/wp-content\/uploads\/2015\/03\/Cronache-di-Gerusalemme-Delisle-3.jpg\"><img data-attachment-id=\"9833\" data-permalink=\"http:\/\/www.robertosedda.it\/?attachment_id=9833\" data-orig-file=\"https:\/\/i0.wp.com\/www.robertosedda.it\/wp-content\/uploads\/2015\/03\/Cronache-di-Gerusalemme-Delisle-3.jpg?fit=492%2C694\" data-orig-size=\"492,694\" data-comments-opened=\"1\" data-image-meta=\"{&quot;aperture&quot;:&quot;0&quot;,&quot;credit&quot;:&quot;&quot;,&quot;camera&quot;:&quot;&quot;,&quot;caption&quot;:&quot;&quot;,&quot;created_timestamp&quot;:&quot;0&quot;,&quot;copyright&quot;:&quot;&quot;,&quot;focal_length&quot;:&quot;0&quot;,&quot;iso&quot;:&quot;0&quot;,&quot;shutter_speed&quot;:&quot;0&quot;,&quot;title&quot;:&quot;&quot;,&quot;orientation&quot;:&quot;0&quot;}\" data-image-title=\"Cronache di Gerusalemme Delisle 3\" data-image-description=\"\" data-image-caption=\"\" data-medium-file=\"https:\/\/i0.wp.com\/www.robertosedda.it\/wp-content\/uploads\/2015\/03\/Cronache-di-Gerusalemme-Delisle-3.jpg?fit=213%2C300\" data-large-file=\"https:\/\/i0.wp.com\/www.robertosedda.it\/wp-content\/uploads\/2015\/03\/Cronache-di-Gerusalemme-Delisle-3.jpg?fit=492%2C694\" decoding=\"async\" loading=\"lazy\" class=\"aligncenter size-full wp-image-9833\" src=\"https:\/\/i0.wp.com\/www.robertosedda.it\/wp-content\/uploads\/2015\/03\/Cronache-di-Gerusalemme-Delisle-3.jpg?resize=492%2C694\" alt=\"Cronache di Gerusalemme Delisle 3\" width=\"492\" height=\"694\" srcset=\"https:\/\/i0.wp.com\/www.robertosedda.it\/wp-content\/uploads\/2015\/03\/Cronache-di-Gerusalemme-Delisle-3.jpg?w=492 492w, https:\/\/i0.wp.com\/www.robertosedda.it\/wp-content\/uploads\/2015\/03\/Cronache-di-Gerusalemme-Delisle-3.jpg?resize=106%2C150 106w, https:\/\/i0.wp.com\/www.robertosedda.it\/wp-content\/uploads\/2015\/03\/Cronache-di-Gerusalemme-Delisle-3.jpg?resize=213%2C300 213w, https:\/\/i0.wp.com\/www.robertosedda.it\/wp-content\/uploads\/2015\/03\/Cronache-di-Gerusalemme-Delisle-3.jpg?resize=35%2C50 35w\" sizes=\"(max-width: 492px) 100vw, 492px\" data-recalc-dims=\"1\" \/><\/a>Il che \u00e8, insieme, il punto di forza e il limite di questo racconto: \u00e8 difficile stare in Israele per un anno, in mezzo alla gente, e non essere partigiani: Delisle ci riesce e certo non ci ammannisce un pezzo di propaganda stomachevole. Ma d&#8217;altra parte sembra, in diverse occasioni, ritrarre la penna, rifiutarsi di sottolineare il punto, volgere in sorriso la constatazione, palese, dell&#8217;ingiustizia. \u00c8 un atto di fiducia nel lettore, al quale comunque il delirio \u00e8 presentato con tutti i suoi attori, perch\u00e9 si renda conto di fino a che punto si \u00e8 giunti? \u00c8 il senso unico che pu\u00f2 avere un&#8217;opera come questa, che deve limitarsi a presentare una testimonianza, nella quale non \u00e8 in fondo difficile intravedere chi sono gli oppressi e gli oppressori? Oppure \u00e8 in fondo un tradimento, questo rifiutarsi di &#8220;dire la parola&#8221;? Per Montale e la sua generazione, che uscivano dalla corruzione morale di un&#8217;intera nazione, dire<\/p>\n<blockquote><p>Non chiederci la parola che squadri da ogni lato<br \/>\nl&#8217;animo nostro informe, e a lettere di fuoco<br \/>\nlo dichiari e risplenda come un croco<br \/>\nperduto in mezzo a un polveroso prato.<\/p>\n<p>Ah l&#8217;uomo che se ne va sicuro,<br \/>\nagli altri ed a se stesso amico,<br \/>\ne l&#8217;ombra sua non cura che la canicola<br \/>\nstampa sopra uno scalcinato muro!<\/p>\n<p>Non domandarci la formula che mondi possa aprirti,<br \/>\ns\u00ec qualche storta sillaba e secca come un ramo.<br \/>\nCodesto solo oggi possiamo dirti,<br \/>\nci\u00f2 che non siamo, ci\u00f2 che non vogliamo<\/p><\/blockquote>\n<p>rappresentava una scelta di rigore morale; a\u00a0Delisle, un canadese garantito che plana su una situazione che non \u00e8 la sua e la racconta con tenerezza, si potrebbe forse rimproverare il rifiuto a\u00a0compromettersi, a sporcarsi le mani un minimo di pi\u00f9. E in fondo \u00e8 anche per questo che l&#8217;ambiente dei cooperanti internazionali non esce in fondo particolarmente bene dal racconto: alla fine, per quanto possano lavorare con gli oppressi e gli emarginati, rimangono sempre sostanzialmente dei privilegiati dotati di una via di fuga assicurata che ai loro assistiti \u00e8 per forza negata. D&#8217;altra parte, sar\u00e0 necessario guardarsi da un certo moralismo: se i cooperanti (o gli israeliani democratici che ogni tanto compaiono) non andassero alle feste, non cenassero coi colleghi e non si rilassassero in famiglia, ma invece si vestissero di sacco, mangiassero pane e acqua e si percuotessero ogni notte col cilicio, la situazione dei palestinesi non cambierebbe di una virgola.<\/p>\n<p>Non c&#8217;era niente di male nello\u00a0scrivere poemetti agresti\u00a0nemmeno\u00a0tempi di Brecht, che infatti ne aveva scritto in giovent\u00f9 e si lamentava<\/p>\n<blockquote><p>Quali tempi sono questi, quando<br \/>\ndiscorrere d&#8217;alberi \u00e8 quasi un delitto,<br \/>\nperch\u00e9 su troppe stragi comporta silenzio!<\/p><\/blockquote>\n<p>\u00abQuali tempi son questi\u00bb, infatti. I tempi del delirio di Gerusalemme, appunto.<\/p>\n","protected":false},"excerpt":{"rendered":"<p>Cronache di Gerusalemme, Guy Delisle, Rizzoli-Lizard 2012 Non ho ancora avuto occasione di raccontare che dopo la lettura di\u00a0Kobane calling\u00a0mi<\/p>\n","protected":false},"author":1,"featured_media":9832,"comment_status":"open","ping_status":"open","sticky":false,"template":"","format":"standard","meta":{"_mi_skip_tracking":false,"_monsterinsights_sitenote_active":false,"_monsterinsights_sitenote_note":"","_monsterinsights_sitenote_category":0,"jetpack_post_was_ever_published":false,"_jetpack_newsletter_access":"","jetpack_publicize_message":"","jetpack_is_tweetstorm":false,"jetpack_publicize_feature_enabled":true,"jetpack_social_post_already_shared":true,"jetpack_social_options":{"image_generator_settings":{"template":"highway","enabled":false}}},"categories":[52,20,56,82,12],"tags":[],"jetpack_publicize_connections":[],"jetpack_featured_media_url":"https:\/\/i0.wp.com\/www.robertosedda.it\/wp-content\/uploads\/2015\/03\/Cronache-di-Gerusalemme-Delisle.jpg?fit=191%2C264","jetpack_sharing_enabled":true,"jetpack_shortlink":"https:\/\/wp.me\/p4jV2T-2yx","jetpack_likes_enabled":true,"jetpack-related-posts":[{"id":4664,"url":"http:\/\/www.robertosedda.it\/?p=4664","url_meta":{"origin":9829,"position":0},"title":"Io e la Gerusalemme liberata","author":"Rufus","date":"15\/10\/2013","format":false,"excerpt":"Sto leggendo la Gerusalemme liberata e (sorprendentemente?) mi sta piacendo moltissimo: l'ho iniziata in modo del tutto casuale in un momento di noia in cui cercavo qualcosa, qualsiasi cosa, che fosse disponibile sul palmare e ho scoperto che il programma di lettura ne aveva una copia in libera circolazione. Dopo\u2026","rel":"","context":"In &quot;Cappe e spade&quot;","block_context":{"text":"Cappe e spade","link":"http:\/\/www.robertosedda.it\/?cat=70"},"img":{"alt_text":"","src":"https:\/\/i0.wp.com\/www.robertosedda.it\/wp-content\/uploads\/2013\/10\/Gesrusalemme-liberata.jpg?fit=315%2C420&resize=350%2C200","width":350,"height":200},"classes":[]},{"id":10009,"url":"http:\/\/www.robertosedda.it\/?p=10009","url_meta":{"origin":9829,"position":1},"title":"Di nuovo sulla &#8220;Gerusalemme liberata&#8221;","author":"Rufus","date":"21\/04\/2015","format":"video","excerpt":"Della\u00a0Gerusalemme liberata ho gi\u00e0 parlato pi\u00f9 o meno un anno e mezzo fa, quindi oggi mi limito a segnalare che ho messo in linea la puntata che ho dedicato al poema su\u00a0Oggi parliamo di libri e a invitarvi all'ascolto, oltre che della puntata, della pausa musicale con la strepitosa Mahalia\u2026","rel":"","context":"In &quot;Coordinate&quot;","block_context":{"text":"Coordinate","link":"http:\/\/www.robertosedda.it\/?cat=52"},"img":{"alt_text":"","src":"https:\/\/i0.wp.com\/img.youtube.com\/vi\/gPZuWzZvoYQ\/0.jpg?resize=350%2C200","width":350,"height":200},"classes":[]},{"id":4717,"url":"http:\/\/www.robertosedda.it\/?p=4717","url_meta":{"origin":9829,"position":2},"title":"Giochi di ruolo di giovani d&#8217;altri tempi","author":"Rufus","date":"17\/10\/2013","format":false,"excerpt":"Racconto a mia madre che sto leggendo La Gerusalemme liberata. \u00abChe bello\u00bb, mi dice, \u00abma allora devi leggere l'Orlando furioso\u00bb. La cosa spinge mia madre a ricordarsi dei suoi trascorsi scolastici. Non so perch\u00e9 ma di Tasso non ha un buon ricordo, Ariosto invece \u00e8 la sua passione. Poi mi\u2026","rel":"","context":"In &quot;Coordinate&quot;","block_context":{"text":"Coordinate","link":"http:\/\/www.robertosedda.it\/?cat=52"},"img":{"alt_text":"","src":"","width":0,"height":0},"classes":[]},{"id":15688,"url":"http:\/\/www.robertosedda.it\/?p=15688","url_meta":{"origin":9829,"position":3},"title":"Irruzioni e rotture non riuscite","author":"Rufus","date":"25\/09\/2018","format":"video","excerpt":"https:\/\/www.youtube.com\/watch?v=k_Opj9MVQgI La profezia dell'armadillo (Emanuele Scaringi, Italia 2018) Sono andato a vedere la settimana scorsa\u00a0La profezia dell'armadillo, tratto dal primo fortunatissimo libro di\u00a0Zerocalcare. Non avevo letto il libro e prima di fare la recensione del film mi sono voluto togliere il dubbio e me lo sono comprato e letto. \u00c8\u2026","rel":"","context":"In &quot;Coordinate&quot;","block_context":{"text":"Coordinate","link":"http:\/\/www.robertosedda.it\/?cat=52"},"img":{"alt_text":"","src":"https:\/\/i0.wp.com\/www.robertosedda.it\/wp-content\/uploads\/2018\/09\/Profezia-delllarmadillo.jpeg?fit=1200%2C605&resize=350%2C200","width":350,"height":200,"srcset":"https:\/\/i0.wp.com\/www.robertosedda.it\/wp-content\/uploads\/2018\/09\/Profezia-delllarmadillo.jpeg?fit=1200%2C605&resize=350%2C200 1x, https:\/\/i0.wp.com\/www.robertosedda.it\/wp-content\/uploads\/2018\/09\/Profezia-delllarmadillo.jpeg?fit=1200%2C605&resize=700%2C400 2x, https:\/\/i0.wp.com\/www.robertosedda.it\/wp-content\/uploads\/2018\/09\/Profezia-delllarmadillo.jpeg?fit=1200%2C605&resize=1050%2C600 3x"},"classes":[]},{"id":16338,"url":"http:\/\/www.robertosedda.it\/?p=16338","url_meta":{"origin":9829,"position":4},"title":"L&#8217;abbrivio e il precipizio","author":"Rufus","date":"14\/03\/2019","format":false,"excerpt":"Seguo fin dal primo numero, anzi fin dall'anteprima fuori serie, Mercurio Loi, pubblicato dalla Sergio Bonelli Editore e scritto da Alessandro Bilotta. Mi piace molto ma, dopo una prima mezza dozzina di numeri molto interessanti, \u00e8 subentrata una certa perplessit\u00e0: \u00e8 un fumetto filosofico, d'accordo, \u00e8 un fumetto sperimentale, d'accordo,\u2026","rel":"","context":"In &quot;Coordinate&quot;","block_context":{"text":"Coordinate","link":"http:\/\/www.robertosedda.it\/?cat=52"},"img":{"alt_text":"","src":"https:\/\/i0.wp.com\/www.robertosedda.it\/wp-content\/uploads\/2019\/03\/Mercurio-d.jpg?fit=800%2C1055&resize=350%2C200","width":350,"height":200,"srcset":"https:\/\/i0.wp.com\/www.robertosedda.it\/wp-content\/uploads\/2019\/03\/Mercurio-d.jpg?fit=800%2C1055&resize=350%2C200 1x, https:\/\/i0.wp.com\/www.robertosedda.it\/wp-content\/uploads\/2019\/03\/Mercurio-d.jpg?fit=800%2C1055&resize=700%2C400 2x"},"classes":[]},{"id":9332,"url":"http:\/\/www.robertosedda.it\/?p=9332","url_meta":{"origin":9829,"position":5},"title":"L&#8217;amore nella &#8220;casa dell&#8217;attimo&#8221;","author":"Rufus","date":"07\/01\/2015","format":"video","excerpt":"Ho messo poco fa in linea la nona puntata di quest'anno di Oggi parliamo di libri, dedicata a Maison Ikkoku di Rumiko Takahashi. Ho scelto questa storia, dapprima, perch\u00e9 volevo inserire nel ciclo di puntate sulle grandi storie d'amore una che fosse stata raccontata a fumetti: e dopo essermi scervellato\u2026","rel":"","context":"In &quot;Coordinate&quot;","block_context":{"text":"Coordinate","link":"http:\/\/www.robertosedda.it\/?cat=52"},"img":{"alt_text":"","src":"https:\/\/i0.wp.com\/img.youtube.com\/vi\/pjbGPK5TzMk\/0.jpg?resize=350%2C200","width":350,"height":200},"classes":[]}],"_links":{"self":[{"href":"http:\/\/www.robertosedda.it\/index.php?rest_route=\/wp\/v2\/posts\/9829"}],"collection":[{"href":"http:\/\/www.robertosedda.it\/index.php?rest_route=\/wp\/v2\/posts"}],"about":[{"href":"http:\/\/www.robertosedda.it\/index.php?rest_route=\/wp\/v2\/types\/post"}],"author":[{"embeddable":true,"href":"http:\/\/www.robertosedda.it\/index.php?rest_route=\/wp\/v2\/users\/1"}],"replies":[{"embeddable":true,"href":"http:\/\/www.robertosedda.it\/index.php?rest_route=%2Fwp%2Fv2%2Fcomments&post=9829"}],"version-history":[{"count":3,"href":"http:\/\/www.robertosedda.it\/index.php?rest_route=\/wp\/v2\/posts\/9829\/revisions"}],"predecessor-version":[{"id":19353,"href":"http:\/\/www.robertosedda.it\/index.php?rest_route=\/wp\/v2\/posts\/9829\/revisions\/19353"}],"wp:featuredmedia":[{"embeddable":true,"href":"http:\/\/www.robertosedda.it\/index.php?rest_route=\/wp\/v2\/media\/9832"}],"wp:attachment":[{"href":"http:\/\/www.robertosedda.it\/index.php?rest_route=%2Fwp%2Fv2%2Fmedia&parent=9829"}],"wp:term":[{"taxonomy":"category","embeddable":true,"href":"http:\/\/www.robertosedda.it\/index.php?rest_route=%2Fwp%2Fv2%2Fcategories&post=9829"},{"taxonomy":"post_tag","embeddable":true,"href":"http:\/\/www.robertosedda.it\/index.php?rest_route=%2Fwp%2Fv2%2Ftags&post=9829"}],"curies":[{"name":"wp","href":"https:\/\/api.w.org\/{rel}","templated":true}]}}