{"id":9814,"date":"2015-03-23T14:02:33","date_gmt":"2015-03-23T13:02:33","guid":{"rendered":"http:\/\/www.robertosedda.it\/?p=9814"},"modified":"2016-03-23T10:24:31","modified_gmt":"2016-03-23T09:24:31","slug":"in-vino-vita-e-io-bevo","status":"publish","type":"post","link":"http:\/\/www.robertosedda.it\/?p=9814","title":{"rendered":"In vino vita: e io bevo"},"content":{"rendered":"<p>Gioved\u00ec sera ho ricevuto da mia moglie (che <a title=\"Non poteva funzionare\" href=\"http:\/\/www.robertosedda.it\/?p=657\">come sempre<\/a> la sa molto pi\u00f9 lunga di me) un bel regalo: mi ha portato a una degustazione di vini, esperienza che non avevo mai fatto.<\/p>\n<p><a href=\"https:\/\/i0.wp.com\/www.robertosedda.it\/wp-content\/uploads\/2015\/03\/Cucina_eat.jpg\"><img data-attachment-id=\"9815\" data-permalink=\"http:\/\/www.robertosedda.it\/?attachment_id=9815\" data-orig-file=\"https:\/\/i0.wp.com\/www.robertosedda.it\/wp-content\/uploads\/2015\/03\/Cucina_eat.jpg?fit=2048%2C1356\" data-orig-size=\"2048,1356\" data-comments-opened=\"1\" data-image-meta=\"{&quot;aperture&quot;:&quot;0&quot;,&quot;credit&quot;:&quot;&quot;,&quot;camera&quot;:&quot;&quot;,&quot;caption&quot;:&quot;&quot;,&quot;created_timestamp&quot;:&quot;0&quot;,&quot;copyright&quot;:&quot;&quot;,&quot;focal_length&quot;:&quot;0&quot;,&quot;iso&quot;:&quot;0&quot;,&quot;shutter_speed&quot;:&quot;0&quot;,&quot;title&quot;:&quot;&quot;,&quot;orientation&quot;:&quot;0&quot;}\" data-image-title=\"Cucina_eat\" data-image-description=\"\" data-image-caption=\"\" data-medium-file=\"https:\/\/i0.wp.com\/www.robertosedda.it\/wp-content\/uploads\/2015\/03\/Cucina_eat.jpg?fit=300%2C199\" data-large-file=\"https:\/\/i0.wp.com\/www.robertosedda.it\/wp-content\/uploads\/2015\/03\/Cucina_eat.jpg?fit=510%2C338\" decoding=\"async\" loading=\"lazy\" class=\"aligncenter wp-image-9815\" src=\"https:\/\/i0.wp.com\/www.robertosedda.it\/wp-content\/uploads\/2015\/03\/Cucina_eat.jpg?resize=700%2C463\" alt=\"Cucina_eat\" width=\"700\" height=\"463\" srcset=\"https:\/\/i0.wp.com\/www.robertosedda.it\/wp-content\/uploads\/2015\/03\/Cucina_eat.jpg?resize=510%2C338 510w, https:\/\/i0.wp.com\/www.robertosedda.it\/wp-content\/uploads\/2015\/03\/Cucina_eat.jpg?resize=150%2C99 150w, https:\/\/i0.wp.com\/www.robertosedda.it\/wp-content\/uploads\/2015\/03\/Cucina_eat.jpg?resize=300%2C199 300w, https:\/\/i0.wp.com\/www.robertosedda.it\/wp-content\/uploads\/2015\/03\/Cucina_eat.jpg?resize=700%2C463 700w, https:\/\/i0.wp.com\/www.robertosedda.it\/wp-content\/uploads\/2015\/03\/Cucina_eat.jpg?resize=50%2C33 50w, https:\/\/i0.wp.com\/www.robertosedda.it\/wp-content\/uploads\/2015\/03\/Cucina_eat.jpg?w=2048 2048w, https:\/\/i0.wp.com\/www.robertosedda.it\/wp-content\/uploads\/2015\/03\/Cucina_eat.jpg?w=1600 1600w\" sizes=\"(max-width: 700px) 100vw, 700px\" data-recalc-dims=\"1\" \/><\/a>Voglio dire: non \u00e8 che non ho mai bevuto vino (decisamente no). E in realt\u00e0 mi \u00e8 capitato relativamente spesso di visitare cantine o di essere invitato ad assaggiare il vino di questo e di quello (esperienza che, nel caso di produttori privati, pu\u00f2 riservare splendide sorprese ma anche configurarsi come tentato omicidio). Quello\u00a0per\u00f2 che non avevo mai fatto era l&#8217;esperienza di un assaggio di vino piuttosto strutturato, guidato da un esperto e legato a una sequenza di gusti da sperimentare decisa a tavolino.<\/p>\n<p>L&#8217;occasione \u00e8 stata la presentazione dei vini delle <a href=\"http:\/\/www.melonivini.com\/\">Cantine Meloni<\/a>\u00a0(il cui motto \u00e8 appunto quel\u00a0<em>In vino vita<\/em> che ho messo nel titolo). Con Maria Bonaria seguiamo\u00a0<em>Meloni<\/em> da almeno una dozzina\u00a0d&#8217;anni, da quando ce li aveva consigliati il nostro amico Giuseppe Puddu (\u00abottimo rapporto qualit\u00e0-prezzo<em>\u00bb<\/em><i>, disse, e poi erano biologici)\u00a0<\/i>e quindi la voglia di andare alla degustazione dipendeva soprattutto da quello. La presentazione poi si teneva da\u00a0<a href=\"http:\/\/www.shopcucina.it\/\"><em>Cucina.eat<\/em><\/a>, che \u00e8 uno dei locali preferiti di mia sorella (molto pi\u00f9 <em>andaiola<\/em> di me) dove io non ero mai stato, e quindi avevo un ulteriore motivo di interesse.<\/p>\n<p>Beh, prima di raccontarvi com&#8217;\u00e8 andata vorrete sapere cosa abbiamo bevuto, immagino.<\/p>\n<div data-carousel-extra='{\"blog_id\":1,\"permalink\":\"http:\\\/\\\/www.robertosedda.it\\\/?p=9814\"}' id='gallery-1' class='gallery galleryid-9814 gallery-columns-3 gallery-size-medium'><figure class='gallery-item'>\n\t\t\t<div class='gallery-icon portrait'>\n\t\t\t\t<a href='https:\/\/i0.wp.com\/www.robertosedda.it\/wp-content\/uploads\/2015\/03\/Meloni-Frius.jpg'><img width=\"93\" height=\"300\" src=\"https:\/\/i0.wp.com\/www.robertosedda.it\/wp-content\/uploads\/2015\/03\/Meloni-Frius.jpg?fit=93%2C300\" class=\"attachment-medium size-medium\" alt=\"\" decoding=\"async\" loading=\"lazy\" srcset=\"https:\/\/i0.wp.com\/www.robertosedda.it\/wp-content\/uploads\/2015\/03\/Meloni-Frius.jpg?w=372 372w, https:\/\/i0.wp.com\/www.robertosedda.it\/wp-content\/uploads\/2015\/03\/Meloni-Frius.jpg?resize=93%2C300 93w, https:\/\/i0.wp.com\/www.robertosedda.it\/wp-content\/uploads\/2015\/03\/Meloni-Frius.jpg?resize=319%2C1024 319w\" sizes=\"(max-width: 93px) 100vw, 93px\" data-attachment-id=\"9816\" data-permalink=\"http:\/\/www.robertosedda.it\/?attachment_id=9816\" data-orig-file=\"https:\/\/i0.wp.com\/www.robertosedda.it\/wp-content\/uploads\/2015\/03\/Meloni-Frius.jpg?fit=372%2C1196\" data-orig-size=\"372,1196\" data-comments-opened=\"1\" data-image-meta=\"{&quot;aperture&quot;:&quot;11&quot;,&quot;credit&quot;:&quot;&quot;,&quot;camera&quot;:&quot;Canon EOS 5D Mark II&quot;,&quot;caption&quot;:&quot;&quot;,&quot;created_timestamp&quot;:&quot;1411662924&quot;,&quot;copyright&quot;:&quot;&quot;,&quot;focal_length&quot;:&quot;100&quot;,&quot;iso&quot;:&quot;100&quot;,&quot;shutter_speed&quot;:&quot;0.008&quot;,&quot;title&quot;:&quot;&quot;,&quot;orientation&quot;:&quot;1&quot;}\" data-image-title=\"Meloni Frius\" data-image-description=\"\" data-image-caption=\"\" data-medium-file=\"https:\/\/i0.wp.com\/www.robertosedda.it\/wp-content\/uploads\/2015\/03\/Meloni-Frius.jpg?fit=93%2C300\" data-large-file=\"https:\/\/i0.wp.com\/www.robertosedda.it\/wp-content\/uploads\/2015\/03\/Meloni-Frius.jpg?fit=319%2C1024\" \/><\/a>\n\t\t\t<\/div><\/figure><figure class='gallery-item'>\n\t\t\t<div class='gallery-icon portrait'>\n\t\t\t\t<a href='https:\/\/i0.wp.com\/www.robertosedda.it\/wp-content\/uploads\/2015\/03\/Meloni-Le-sabbie-Vermentino.jpg'><img width=\"113\" height=\"300\" src=\"https:\/\/i0.wp.com\/www.robertosedda.it\/wp-content\/uploads\/2015\/03\/Meloni-Le-sabbie-Vermentino.jpg?fit=113%2C300\" class=\"attachment-medium size-medium\" alt=\"\" decoding=\"async\" loading=\"lazy\" srcset=\"https:\/\/i0.wp.com\/www.robertosedda.it\/wp-content\/uploads\/2015\/03\/Meloni-Le-sabbie-Vermentino.jpg?w=441 441w, https:\/\/i0.wp.com\/www.robertosedda.it\/wp-content\/uploads\/2015\/03\/Meloni-Le-sabbie-Vermentino.jpg?resize=57%2C150 57w, https:\/\/i0.wp.com\/www.robertosedda.it\/wp-content\/uploads\/2015\/03\/Meloni-Le-sabbie-Vermentino.jpg?resize=113%2C300 113w, https:\/\/i0.wp.com\/www.robertosedda.it\/wp-content\/uploads\/2015\/03\/Meloni-Le-sabbie-Vermentino.jpg?resize=387%2C1024 387w, https:\/\/i0.wp.com\/www.robertosedda.it\/wp-content\/uploads\/2015\/03\/Meloni-Le-sabbie-Vermentino.jpg?resize=19%2C50 19w\" sizes=\"(max-width: 113px) 100vw, 113px\" data-attachment-id=\"9817\" data-permalink=\"http:\/\/www.robertosedda.it\/?attachment_id=9817\" data-orig-file=\"https:\/\/i0.wp.com\/www.robertosedda.it\/wp-content\/uploads\/2015\/03\/Meloni-Le-sabbie-Vermentino.jpg?fit=441%2C1166\" data-orig-size=\"441,1166\" data-comments-opened=\"1\" data-image-meta=\"{&quot;aperture&quot;:&quot;0&quot;,&quot;credit&quot;:&quot;&quot;,&quot;camera&quot;:&quot;&quot;,&quot;caption&quot;:&quot;&quot;,&quot;created_timestamp&quot;:&quot;0&quot;,&quot;copyright&quot;:&quot;&quot;,&quot;focal_length&quot;:&quot;0&quot;,&quot;iso&quot;:&quot;0&quot;,&quot;shutter_speed&quot;:&quot;0&quot;,&quot;title&quot;:&quot;&quot;,&quot;orientation&quot;:&quot;0&quot;}\" data-image-title=\"Meloni Le sabbie Vermentino\" data-image-description=\"\" data-image-caption=\"\" data-medium-file=\"https:\/\/i0.wp.com\/www.robertosedda.it\/wp-content\/uploads\/2015\/03\/Meloni-Le-sabbie-Vermentino.jpg?fit=113%2C300\" data-large-file=\"https:\/\/i0.wp.com\/www.robertosedda.it\/wp-content\/uploads\/2015\/03\/Meloni-Le-sabbie-Vermentino.jpg?fit=387%2C1024\" \/><\/a>\n\t\t\t<\/div><\/figure><figure class='gallery-item'>\n\t\t\t<div class='gallery-icon portrait'>\n\t\t\t\t<a href='https:\/\/i0.wp.com\/www.robertosedda.it\/wp-content\/uploads\/2015\/03\/Meloni-Le-sabbie-Cannonau.jpg'><img width=\"113\" height=\"300\" src=\"https:\/\/i0.wp.com\/www.robertosedda.it\/wp-content\/uploads\/2015\/03\/Meloni-Le-sabbie-Cannonau.jpg?fit=113%2C300\" class=\"attachment-medium size-medium\" alt=\"\" decoding=\"async\" loading=\"lazy\" srcset=\"https:\/\/i0.wp.com\/www.robertosedda.it\/wp-content\/uploads\/2015\/03\/Meloni-Le-sabbie-Cannonau.jpg?w=441 441w, https:\/\/i0.wp.com\/www.robertosedda.it\/wp-content\/uploads\/2015\/03\/Meloni-Le-sabbie-Cannonau.jpg?resize=57%2C150 57w, https:\/\/i0.wp.com\/www.robertosedda.it\/wp-content\/uploads\/2015\/03\/Meloni-Le-sabbie-Cannonau.jpg?resize=113%2C300 113w, https:\/\/i0.wp.com\/www.robertosedda.it\/wp-content\/uploads\/2015\/03\/Meloni-Le-sabbie-Cannonau.jpg?resize=387%2C1024 387w, https:\/\/i0.wp.com\/www.robertosedda.it\/wp-content\/uploads\/2015\/03\/Meloni-Le-sabbie-Cannonau.jpg?resize=19%2C50 19w\" sizes=\"(max-width: 113px) 100vw, 113px\" data-attachment-id=\"9818\" data-permalink=\"http:\/\/www.robertosedda.it\/?attachment_id=9818\" data-orig-file=\"https:\/\/i0.wp.com\/www.robertosedda.it\/wp-content\/uploads\/2015\/03\/Meloni-Le-sabbie-Cannonau.jpg?fit=441%2C1166\" data-orig-size=\"441,1166\" data-comments-opened=\"1\" data-image-meta=\"{&quot;aperture&quot;:&quot;0&quot;,&quot;credit&quot;:&quot;&quot;,&quot;camera&quot;:&quot;&quot;,&quot;caption&quot;:&quot;&quot;,&quot;created_timestamp&quot;:&quot;0&quot;,&quot;copyright&quot;:&quot;&quot;,&quot;focal_length&quot;:&quot;0&quot;,&quot;iso&quot;:&quot;0&quot;,&quot;shutter_speed&quot;:&quot;0&quot;,&quot;title&quot;:&quot;&quot;,&quot;orientation&quot;:&quot;0&quot;}\" data-image-title=\"Meloni Le sabbie Cannonau\" data-image-description=\"\" data-image-caption=\"\" data-medium-file=\"https:\/\/i0.wp.com\/www.robertosedda.it\/wp-content\/uploads\/2015\/03\/Meloni-Le-sabbie-Cannonau.jpg?fit=113%2C300\" data-large-file=\"https:\/\/i0.wp.com\/www.robertosedda.it\/wp-content\/uploads\/2015\/03\/Meloni-Le-sabbie-Cannonau.jpg?fit=387%2C1024\" \/><\/a>\n\t\t\t<\/div><\/figure><figure class='gallery-item'>\n\t\t\t<div class='gallery-icon portrait'>\n\t\t\t\t<a href='https:\/\/i0.wp.com\/www.robertosedda.it\/wp-content\/uploads\/2015\/03\/Meloni-Kreu.jpg'><img width=\"113\" height=\"300\" src=\"https:\/\/i0.wp.com\/www.robertosedda.it\/wp-content\/uploads\/2015\/03\/Meloni-Kreu.jpg?fit=113%2C300\" class=\"attachment-medium size-medium\" alt=\"\" decoding=\"async\" loading=\"lazy\" srcset=\"https:\/\/i0.wp.com\/www.robertosedda.it\/wp-content\/uploads\/2015\/03\/Meloni-Kreu.jpg?w=441 441w, https:\/\/i0.wp.com\/www.robertosedda.it\/wp-content\/uploads\/2015\/03\/Meloni-Kreu.jpg?resize=57%2C150 57w, https:\/\/i0.wp.com\/www.robertosedda.it\/wp-content\/uploads\/2015\/03\/Meloni-Kreu.jpg?resize=113%2C300 113w, https:\/\/i0.wp.com\/www.robertosedda.it\/wp-content\/uploads\/2015\/03\/Meloni-Kreu.jpg?resize=387%2C1024 387w, https:\/\/i0.wp.com\/www.robertosedda.it\/wp-content\/uploads\/2015\/03\/Meloni-Kreu.jpg?resize=19%2C50 19w\" sizes=\"(max-width: 113px) 100vw, 113px\" data-attachment-id=\"9820\" data-permalink=\"http:\/\/www.robertosedda.it\/?attachment_id=9820\" data-orig-file=\"https:\/\/i0.wp.com\/www.robertosedda.it\/wp-content\/uploads\/2015\/03\/Meloni-Kreu.jpg?fit=441%2C1166\" data-orig-size=\"441,1166\" data-comments-opened=\"1\" data-image-meta=\"{&quot;aperture&quot;:&quot;0&quot;,&quot;credit&quot;:&quot;&quot;,&quot;camera&quot;:&quot;&quot;,&quot;caption&quot;:&quot;&quot;,&quot;created_timestamp&quot;:&quot;0&quot;,&quot;copyright&quot;:&quot;&quot;,&quot;focal_length&quot;:&quot;0&quot;,&quot;iso&quot;:&quot;0&quot;,&quot;shutter_speed&quot;:&quot;0&quot;,&quot;title&quot;:&quot;&quot;,&quot;orientation&quot;:&quot;0&quot;}\" data-image-title=\"Meloni Kreu\" data-image-description=\"\" data-image-caption=\"\" data-medium-file=\"https:\/\/i0.wp.com\/www.robertosedda.it\/wp-content\/uploads\/2015\/03\/Meloni-Kreu.jpg?fit=113%2C300\" data-large-file=\"https:\/\/i0.wp.com\/www.robertosedda.it\/wp-content\/uploads\/2015\/03\/Meloni-Kreu.jpg?fit=387%2C1024\" \/><\/a>\n\t\t\t<\/div><\/figure><figure class='gallery-item'>\n\t\t\t<div class='gallery-icon portrait'>\n\t\t\t\t<a href='https:\/\/i0.wp.com\/www.robertosedda.it\/wp-content\/uploads\/2015\/03\/Meloni-Vasca50.jpg'><img width=\"113\" height=\"300\" src=\"https:\/\/i0.wp.com\/www.robertosedda.it\/wp-content\/uploads\/2015\/03\/Meloni-Vasca50.jpg?fit=113%2C300\" class=\"attachment-medium size-medium\" alt=\"\" decoding=\"async\" loading=\"lazy\" srcset=\"https:\/\/i0.wp.com\/www.robertosedda.it\/wp-content\/uploads\/2015\/03\/Meloni-Vasca50.jpg?w=441 441w, https:\/\/i0.wp.com\/www.robertosedda.it\/wp-content\/uploads\/2015\/03\/Meloni-Vasca50.jpg?resize=57%2C150 57w, https:\/\/i0.wp.com\/www.robertosedda.it\/wp-content\/uploads\/2015\/03\/Meloni-Vasca50.jpg?resize=113%2C300 113w, https:\/\/i0.wp.com\/www.robertosedda.it\/wp-content\/uploads\/2015\/03\/Meloni-Vasca50.jpg?resize=387%2C1024 387w, https:\/\/i0.wp.com\/www.robertosedda.it\/wp-content\/uploads\/2015\/03\/Meloni-Vasca50.jpg?resize=19%2C50 19w\" sizes=\"(max-width: 113px) 100vw, 113px\" data-attachment-id=\"9819\" data-permalink=\"http:\/\/www.robertosedda.it\/?attachment_id=9819\" data-orig-file=\"https:\/\/i0.wp.com\/www.robertosedda.it\/wp-content\/uploads\/2015\/03\/Meloni-Vasca50.jpg?fit=441%2C1166\" data-orig-size=\"441,1166\" data-comments-opened=\"1\" data-image-meta=\"{&quot;aperture&quot;:&quot;0&quot;,&quot;credit&quot;:&quot;&quot;,&quot;camera&quot;:&quot;&quot;,&quot;caption&quot;:&quot;&quot;,&quot;created_timestamp&quot;:&quot;0&quot;,&quot;copyright&quot;:&quot;&quot;,&quot;focal_length&quot;:&quot;0&quot;,&quot;iso&quot;:&quot;0&quot;,&quot;shutter_speed&quot;:&quot;0&quot;,&quot;title&quot;:&quot;&quot;,&quot;orientation&quot;:&quot;0&quot;}\" data-image-title=\"Meloni Vasca50\" data-image-description=\"\" data-image-caption=\"\" data-medium-file=\"https:\/\/i0.wp.com\/www.robertosedda.it\/wp-content\/uploads\/2015\/03\/Meloni-Vasca50.jpg?fit=113%2C300\" data-large-file=\"https:\/\/i0.wp.com\/www.robertosedda.it\/wp-content\/uploads\/2015\/03\/Meloni-Vasca50.jpg?fit=387%2C1024\" \/><\/a>\n\t\t\t<\/div><\/figure>\n\t\t<\/div>\n\n<p>Esattamente nell&#8217;ordine in cui li vedete si sono succeduti un Vermentino spumante (che mi \u00e8 piaciuto tanto e che subito ho preso per portarlo a\u00a0una cena, il giorno dopo), un Vermentino molto classico (e molto buono) che ho assaggiato pi\u00f9 e pi\u00f9 volte, un gran Cannonau, un&#8217;ottima Monica superiore (che \u00e8 quella che mi \u00e8 piaciuta di pi\u00f9, forse perch\u00e9 a quel punto mi trovavo ormai in uno stato alcoolico beatifico in cui ogni cosa appariva splendida) e infine il\u00a0<em>Vasca50<\/em> che se non ho capito male\u00a0\u00e8 il vino di maggior qualit\u00e0 della cantina &#8211; medaglia d&#8217;oro alla rassegna <a href=\"http:\/\/www.grenachesdumonde.com\/it\/\"><em>Grenaches du monde<\/em><\/a>,\u00a0buonissimo, davvero un gran vino\u00a0&#8211;\u00a0ma a me \u00e8 piaciuta di pi\u00f9 la Monica,\u00a0<em>de gustibus<\/em>.<\/p>\n<p>La serata ha visto svolgersi una sorta di intervista da parte del giovane proprietario di <em>cucina.eat<\/em> a due rappresentanti delle\u00a0<em>Cantine Meloni<\/em>: la titolare Cristina Meloni e il direttore commerciale Federico Atzori. Nel frattempo noi bevevamo. Abbondantemente.<\/p>\n<p>La chiacchierata procedeva per divagazioni, dalla presentazione del vino che stavamo assaggiando (evito di ripetere il\u00a0<em>e noi bevevamo<\/em>, si sar\u00e0 capito) lungo sentieri molto diversificati: il mercato, il vino in Sardegna, la storia della cantina che ormai ha pi\u00f9 di un secolo di vita, i rapporti fra le generazioni di produttori, le grandi tradizioni enologiche d&#8217;Europa, la filosofia del vino, il\u00a0<em>g<\/em><a href=\"http:\/\/en.wikipedia.org\/wiki\/Grenache\"><em>renache<\/em><\/a> e il Vermentino, cosa voglia dire fare un vino tipico, gli errori delle politiche agricole e i vitigni migliorativi e mille altre cose. Poveretti, loro tre stavano in piedi davanti a noi (che bevevamo!) e questo forse toglieva un po&#8217; di convivialit\u00e0, ma comunque il clima era allegro e piuttosto rilassato.<\/p>\n<p>Ho forse un\u00a0unico appunto alla parte &#8220;contenutistica&#8221; della serata, che dipende in realt\u00e0 da un mio limite: come saprete\u00a0ci sono le\u00a0<a title=\"Ascoltate Cinematica!!\" href=\"http:\/\/www.robertosedda.it\/?p=9011\">cose-colte-che-mi-piacciono-molto<\/a>\u00a0e quindi scoprire un concetto come quello di <em><a href=\"http:\/\/it.wikipedia.org\/wiki\/Terroir\">terroir<\/a>\u00a0<\/em>che non avevo mai sentito<em>\u00a0<\/em>(al primo ascolto ho pensato al\u00a0<em>terrore<\/em> e ho avuto un sobbalzo&#8230;) o l&#8217;idea che il Cannonau non sia\u00a0un vitigno singolare della Sardegna, come avevo sempre creduto, ma faccia parte appunto della grande famiglia dei <em>grenaches<\/em>, sono tutte cose che per me valgono il prezzo del biglietto. Per\u00f2 un pochino il mondo del vino vive anche di una certa autoreferenzialit\u00e0 (come nelle mitiche etichette in cui vieni informato che il vino che bevi ha sentori di pino selvatico e castelli di sabbia, e non capisci se chi l&#8217;ha scritto ha papille gustative degne di un supereroe o ti sta invece coglionando) e io non ho la cultura sufficiente per distinguere il grano dal loglio o, per esempio,\u00a0quando si dice che i <em>grenaches<\/em> rappresentano una terza strada di cultura enologica fra i vini rossi di Bordeaux, strutturati, tannici, potenti, e i vini borgognoni, eleganti e equilibrati, per capire esattamente cosa si vuol dire e fino a che punto ci sia magari un po&#8217; di fuffa. Per\u00f2 ho visto che Cristina Meloni annuiva con approvazione, cos\u00ec come alcuni clienti dall&#8217;aria molto competente, e ho deciso di fidarmi. Terzo concetto che mi porto via dalla serata: magari una volta prendo una bottiglia di ciascuna di queste tre famiglie e <em>metodicamente<\/em> verifico la teoria <a href=\"http:\/\/www.robertosedda.it\/?p=9870\">[1]<\/a>.<\/p>\n<p>In realt\u00e0 la cosa che mi ha colpito di pi\u00f9 in tutta la serata \u00e8 la dimensione di storia di famiglia della cantina.\u00a0<em>Meloni<\/em> \u00e8 una cantina certamente longeva, ma non \u00e8 questo il discorso: la dimensione di impresa di famiglia, la cui storia attraversa pi\u00f9 generazioni di proprietari, l&#8217;ho colta molte altre volte nelle quali\u00a0mi \u00e8 capitato di avere a che fare con produttori di vino. Andando via dalla serata, nel gi\u00e0 citato stato beatifico, riflettevo che per molti aspetti il vino \u00e8 un fatto di famiglia, non solo per dove si consuma, ma proprio per dove si fa. Probabilmente, credo, \u00e8 perch\u00e9 fare il vino vuol dire al fondo essere agricoltori, che \u00e8 cosa terragna come la famiglia, o perch\u00e9 al fondo il vino si fa con le mani, come lavorano certi artigiani che infatti si passano la tecnica in famiglia dai genitori ai figli.<\/p>\n<p>Oddio, ci sono eccezioni, e cesure, e ritorni, nelle storie di famiglia. Per esempio Cristina Meloni raccontava che quando, negli anni &#8217;80, ha deciso di portare la produzione al biologico, il padre si \u00e8 offeso: ma insomma, mi avete rotto le scatole per un ventennio con tutta una serie di ritrovati\u00a0e prodotti e tecniche e adesso devo ritornare a fare il vino come faceva mio padre?! E per\u00f2 riflettevo che la forza della cantina (non so delle altre) sta anche in questa via innovativa rimanendo fedele a se stessa: faceva le bollicine col Moscato e il Vermentino negli anni &#8217;60, li rif\u00e0 adesso con successo (il\u00a0<em>Frius<\/em> era davvero buono). E poi ovviamente c&#8217;\u00e8 la scelta del biologico in un periodo in cui doveva sembrare davvero fantascienza.<\/p>\n<p>L&#8217;ultima nota della serata va al locale. \u00c8 molto legato al\u00a0<em>Gambero rosso<\/em>, che non \u00e8 proprio in cima alle mie preferenze e anche al mio modo forse di intendere il cibo, ma per il resto mi ha colpito. A parte il tono familiare e la cortesia, mi ha colpito la\u00a0chiarezza di idee sia dal punto di vista commerciale (diciamo: strategico) sia dal punto di vista del cibo che si intende proporre, e di solito questa chiarezza di idee \u00e8 segno di qualit\u00e0 &#8211; e infatti il vino era ottimo, il piattino di accompagnamento senz&#8217;altro buono e vedo che c&#8217;\u00e8 un programma di incontri e divulgazioni e percorsi di conoscenza del cibo che mi sembrano fra quanto di meglio la citt\u00e0 possa offrire. \u00a0Mangiare non ci ho mangiato, tuttavia, e quindi ci torner\u00f2, per&#8230; verificare meglio. Tutto in nome della cultura, ovviamente, non per soddisfare la pancia.<\/p>\n","protected":false},"excerpt":{"rendered":"<p>Gioved\u00ec sera ho ricevuto da mia moglie (che come sempre la sa molto pi\u00f9 lunga di me) un bel regalo:<\/p>\n","protected":false},"author":1,"featured_media":9816,"comment_status":"open","ping_status":"open","sticky":false,"template":"","format":"standard","meta":{"_mi_skip_tracking":false,"_monsterinsights_sitenote_active":false,"_monsterinsights_sitenote_note":"","_monsterinsights_sitenote_category":0,"jetpack_post_was_ever_published":false,"_jetpack_newsletter_access":"","jetpack_publicize_message":"","jetpack_is_tweetstorm":false,"jetpack_publicize_feature_enabled":true,"jetpack_social_post_already_shared":true,"jetpack_social_options":{"image_generator_settings":{"template":"highway","enabled":false}}},"categories":[52,49,55,77,12],"tags":[],"jetpack_publicize_connections":[],"jetpack_featured_media_url":"https:\/\/i0.wp.com\/www.robertosedda.it\/wp-content\/uploads\/2015\/03\/Meloni-Frius.jpg?fit=372%2C1196","jetpack_sharing_enabled":true,"jetpack_shortlink":"https:\/\/wp.me\/p4jV2T-2yi","jetpack_likes_enabled":true,"jetpack-related-posts":[{"id":252,"url":"http:\/\/www.robertosedda.it\/?p=252","url_meta":{"origin":9814,"position":0},"title":"Filosofia del vino","author":"Rufus","date":"21\/08\/2012","format":false,"excerpt":"Devo dire che sono riuscito, probabilmente per fortuna, a tenermi abbastanza al riparo dal sacro furore di divulgazione della filosofia che per un periodo ha riempito le librerie con testi come \"la filosofia e...\" (i Peanuts, il calcio, la birra, l'unghia incarnita...). Per\u00f2 nessuno \u00e8 perfetto e quindi anche io\u2026","rel":"","context":"In &quot;Coordinate&quot;","block_context":{"text":"Coordinate","link":"http:\/\/www.robertosedda.it\/?cat=52"},"img":{"alt_text":"","src":"https:\/\/i0.wp.com\/www.robertosedda.it\/wp-content\/uploads\/2012\/08\/fvinoDEF.jpg?fit=600%2C920&resize=350%2C200","width":350,"height":200},"classes":[]},{"id":4325,"url":"http:\/\/www.robertosedda.it\/?p=4325","url_meta":{"origin":9814,"position":1},"title":"Gita ad Atzara","author":"Rufus","date":"22\/08\/2013","format":false,"excerpt":"Vigne sulla strada per Atzara L'altro giorno da Tonara siamo scesi in gita verso Atzara. Ognuno nella compagnia aveva i suoi interessi. Maria Bonaria voleva vedere il laboratorio de La Robbia di Maurizio Savoldo, che tinge la lana con colori naturali e fa delle cose davvero belle. Mio suocero Pino,\u2026","rel":"","context":"In &quot;Coordinate&quot;","block_context":{"text":"Coordinate","link":"http:\/\/www.robertosedda.it\/?cat=52"},"img":{"alt_text":"","src":"https:\/\/i0.wp.com\/www.robertosedda.it\/wp-content\/uploads\/2013\/08\/ALIM3003.jpg?fit=1200%2C900&resize=350%2C200","width":350,"height":200,"srcset":"https:\/\/i0.wp.com\/www.robertosedda.it\/wp-content\/uploads\/2013\/08\/ALIM3003.jpg?fit=1200%2C900&resize=350%2C200 1x, https:\/\/i0.wp.com\/www.robertosedda.it\/wp-content\/uploads\/2013\/08\/ALIM3003.jpg?fit=1200%2C900&resize=700%2C400 2x, https:\/\/i0.wp.com\/www.robertosedda.it\/wp-content\/uploads\/2013\/08\/ALIM3003.jpg?fit=1200%2C900&resize=1050%2C600 3x"},"classes":[]},{"id":14940,"url":"http:\/\/www.robertosedda.it\/?p=14940","url_meta":{"origin":9814,"position":2},"title":"Grandi classici","author":"Rufus","date":"04\/04\/2018","format":"video","excerpt":"Frugando su\u00a0ultimotriennio alla ricerca di un documento perduto mi sono inaspettatamente imbattuto in una trascrizione di un brano di fratel Arturo Paoli al quale diversi di noi, cresciuti alla scuola di Franco Puddu, siamo piuttosto legati perch\u00e9 \u00e8 tornato varie volte nei nostri percorsi formativi. Si tratta di un brano\u2026","rel":"","context":"In &quot;Coordinate&quot;","block_context":{"text":"Coordinate","link":"http:\/\/www.robertosedda.it\/?cat=52"},"img":{"alt_text":"","src":"https:\/\/i0.wp.com\/www.robertosedda.it\/wp-content\/uploads\/2018\/04\/Il-presente-non-basta-a-nessuno.jpg?fit=443%2C750&resize=350%2C200","width":350,"height":200},"classes":[]},{"id":9709,"url":"http:\/\/www.robertosedda.it\/?p=9709","url_meta":{"origin":9814,"position":3},"title":"Blu come il mare viola di Omero (o come un certo abito&#8230;)","author":"Rufus","date":"03\/03\/2015","format":false,"excerpt":"Va bene, credo che chiunque la settimana scorsa avesse un accesso alla rete sia stato coinvolto nella querelle sul colore del famoso abito. Questo articolo\u00a0non\u00a0 parler\u00e0 di questo. Il fatto \u00e8 che\u00a0a margine\u00a0di tutta la questione mi \u00e8 capitato di leggere un articolo interessante su\u00a0Business Insider che riguarda il modo\u2026","rel":"","context":"In &quot;Antropologia&quot;","block_context":{"text":"Antropologia","link":"http:\/\/www.robertosedda.it\/?cat=97"},"img":{"alt_text":"","src":"https:\/\/i0.wp.com\/www.robertosedda.it\/wp-content\/uploads\/2015\/03\/Hamba-blu-verde.jpg?fit=1200%2C675&resize=350%2C200","width":350,"height":200,"srcset":"https:\/\/i0.wp.com\/www.robertosedda.it\/wp-content\/uploads\/2015\/03\/Hamba-blu-verde.jpg?fit=1200%2C675&resize=350%2C200 1x, https:\/\/i0.wp.com\/www.robertosedda.it\/wp-content\/uploads\/2015\/03\/Hamba-blu-verde.jpg?fit=1200%2C675&resize=700%2C400 2x, https:\/\/i0.wp.com\/www.robertosedda.it\/wp-content\/uploads\/2015\/03\/Hamba-blu-verde.jpg?fit=1200%2C675&resize=1050%2C600 3x"},"classes":[]},{"id":1849,"url":"http:\/\/www.robertosedda.it\/?p=1849","url_meta":{"origin":9814,"position":4},"title":"Arrosto alla sarda","author":"Rufus","date":"07\/01\/2013","format":false,"excerpt":"Mi racconta un amico dei festeggiamenti per il Capodanno, in una villetta al mare. Tra le altre cose hanno arrostito uno splendido maialetto, nel barbecue costruito in giardino. \u00abChi ha arrostito, Walter?\u00bb, chiedo, facendo riferimento all'amico macellaio di fiducia e fornitore del maialetto. \u00abNo, Walter \u00e8 arrivato tardi. C'erano due\u2026","rel":"","context":"In &quot;Cibo e cucine&quot;","block_context":{"text":"Cibo e cucine","link":"http:\/\/www.robertosedda.it\/?cat=71"},"img":{"alt_text":"","src":"https:\/\/i0.wp.com\/www.robertosedda.it\/wp-content\/uploads\/2013\/01\/216448_1028038313102_8896_n.jpg?fit=604%2C453&resize=350%2C200","width":350,"height":200},"classes":[]},{"id":4536,"url":"http:\/\/www.robertosedda.it\/?p=4536","url_meta":{"origin":9814,"position":5},"title":"Gli Illusionauti","author":"Rufus","date":"28\/09\/2013","format":false,"excerpt":"Sono stato ieri sera a vedere Gli Illusionauti, spettacolo teatrale che al Lazzaretto di Sant'Elia conclude la navigazione estiva dei\u00a0Teatridimare della compagnia \u00c7\u00e0jka. Sono da tempo un estimatore dei lavori di Francesco Origo e della sua compagnia: ho trovato questo Gli Illusionauti pi\u00f9 ambizioso, forse troppo ambizioso, degli spettacoli precedenti:\u2026","rel":"","context":"In &quot;Coordinate&quot;","block_context":{"text":"Coordinate","link":"http:\/\/www.robertosedda.it\/?cat=52"},"img":{"alt_text":"","src":"https:\/\/i0.wp.com\/www.robertosedda.it\/wp-content\/uploads\/2013\/09\/2013-09-27-21.31.11.jpg?fit=1200%2C900&resize=350%2C200","width":350,"height":200,"srcset":"https:\/\/i0.wp.com\/www.robertosedda.it\/wp-content\/uploads\/2013\/09\/2013-09-27-21.31.11.jpg?fit=1200%2C900&resize=350%2C200 1x, https:\/\/i0.wp.com\/www.robertosedda.it\/wp-content\/uploads\/2013\/09\/2013-09-27-21.31.11.jpg?fit=1200%2C900&resize=700%2C400 2x, https:\/\/i0.wp.com\/www.robertosedda.it\/wp-content\/uploads\/2013\/09\/2013-09-27-21.31.11.jpg?fit=1200%2C900&resize=1050%2C600 3x"},"classes":[]}],"_links":{"self":[{"href":"http:\/\/www.robertosedda.it\/index.php?rest_route=\/wp\/v2\/posts\/9814"}],"collection":[{"href":"http:\/\/www.robertosedda.it\/index.php?rest_route=\/wp\/v2\/posts"}],"about":[{"href":"http:\/\/www.robertosedda.it\/index.php?rest_route=\/wp\/v2\/types\/post"}],"author":[{"embeddable":true,"href":"http:\/\/www.robertosedda.it\/index.php?rest_route=\/wp\/v2\/users\/1"}],"replies":[{"embeddable":true,"href":"http:\/\/www.robertosedda.it\/index.php?rest_route=%2Fwp%2Fv2%2Fcomments&post=9814"}],"version-history":[{"count":6,"href":"http:\/\/www.robertosedda.it\/index.php?rest_route=\/wp\/v2\/posts\/9814\/revisions"}],"predecessor-version":[{"id":11720,"href":"http:\/\/www.robertosedda.it\/index.php?rest_route=\/wp\/v2\/posts\/9814\/revisions\/11720"}],"wp:featuredmedia":[{"embeddable":true,"href":"http:\/\/www.robertosedda.it\/index.php?rest_route=\/wp\/v2\/media\/9816"}],"wp:attachment":[{"href":"http:\/\/www.robertosedda.it\/index.php?rest_route=%2Fwp%2Fv2%2Fmedia&parent=9814"}],"wp:term":[{"taxonomy":"category","embeddable":true,"href":"http:\/\/www.robertosedda.it\/index.php?rest_route=%2Fwp%2Fv2%2Fcategories&post=9814"},{"taxonomy":"post_tag","embeddable":true,"href":"http:\/\/www.robertosedda.it\/index.php?rest_route=%2Fwp%2Fv2%2Ftags&post=9814"}],"curies":[{"name":"wp","href":"https:\/\/api.w.org\/{rel}","templated":true}]}}