{"id":9738,"date":"2015-03-05T21:17:41","date_gmt":"2015-03-05T20:17:41","guid":{"rendered":"http:\/\/www.robertosedda.it\/?p=9738"},"modified":"2019-03-05T11:59:22","modified_gmt":"2019-03-05T10:59:22","slug":"le-curve-come-arma-o-come-bersaglio","status":"publish","type":"post","link":"http:\/\/www.robertosedda.it\/?p=9738","title":{"rendered":"Le curve come arma o come bersaglio?"},"content":{"rendered":"<p>Sta diventando virale sulla rete la foto di una giovanissima attivista politica danese,\u00a0 Nikita Kl\u00e6strup, che a un qualche raduno di gala del suo raggruppamento politico (incidentalmente: conservatori) ha sfoggiato il\u00a0<em>look<\/em> che vedete qui sotto:<a href=\"https:\/\/i0.wp.com\/www.robertosedda.it\/wp-content\/uploads\/2015\/03\/Nikita-Kl\u00e6strup.jpg\"><img data-attachment-id=\"9739\" data-permalink=\"http:\/\/www.robertosedda.it\/?attachment_id=9739\" data-orig-file=\"https:\/\/i0.wp.com\/www.robertosedda.it\/wp-content\/uploads\/2015\/03\/Nikita-Kl\u00e6strup.jpg?fit=549%2C792\" data-orig-size=\"549,792\" data-comments-opened=\"1\" data-image-meta=\"{&quot;aperture&quot;:&quot;0&quot;,&quot;credit&quot;:&quot;&quot;,&quot;camera&quot;:&quot;&quot;,&quot;caption&quot;:&quot;&quot;,&quot;created_timestamp&quot;:&quot;0&quot;,&quot;copyright&quot;:&quot;&quot;,&quot;focal_length&quot;:&quot;0&quot;,&quot;iso&quot;:&quot;0&quot;,&quot;shutter_speed&quot;:&quot;0&quot;,&quot;title&quot;:&quot;&quot;,&quot;orientation&quot;:&quot;0&quot;}\" data-image-title=\"Nikita Kl\u00e6strup\" data-image-description=\"\" data-image-caption=\"\" data-medium-file=\"https:\/\/i0.wp.com\/www.robertosedda.it\/wp-content\/uploads\/2015\/03\/Nikita-Kl\u00e6strup.jpg?fit=208%2C300\" data-large-file=\"https:\/\/i0.wp.com\/www.robertosedda.it\/wp-content\/uploads\/2015\/03\/Nikita-Kl\u00e6strup.jpg?fit=510%2C736\" decoding=\"async\" loading=\"lazy\" class=\"aligncenter size-full wp-image-9739\" src=\"https:\/\/i0.wp.com\/www.robertosedda.it\/wp-content\/uploads\/2015\/03\/Nikita-Kl\u00e6strup.jpg?resize=549%2C792\" alt=\"Nikita Kl\u00e6strup\" width=\"549\" height=\"792\" srcset=\"https:\/\/i0.wp.com\/www.robertosedda.it\/wp-content\/uploads\/2015\/03\/Nikita-Kl\u00e6strup.jpg?w=549 549w, https:\/\/i0.wp.com\/www.robertosedda.it\/wp-content\/uploads\/2015\/03\/Nikita-Kl\u00e6strup.jpg?resize=104%2C150 104w, https:\/\/i0.wp.com\/www.robertosedda.it\/wp-content\/uploads\/2015\/03\/Nikita-Kl\u00e6strup.jpg?resize=208%2C300 208w, https:\/\/i0.wp.com\/www.robertosedda.it\/wp-content\/uploads\/2015\/03\/Nikita-Kl\u00e6strup.jpg?resize=510%2C736 510w, https:\/\/i0.wp.com\/www.robertosedda.it\/wp-content\/uploads\/2015\/03\/Nikita-Kl\u00e6strup.jpg?resize=35%2C50 35w\" sizes=\"(max-width: 549px) 100vw, 549px\" data-recalc-dims=\"1\" \/><\/a>Ecco, diciamo che \u00e8 un\u00a0<em>look<\/em> che parla da solo.<\/p>\n<p>O no?<\/p>\n<p>Ecco, in realt\u00e0 forse no. Da un lato c&#8217;\u00e8 il fatto che si trattava apparentemente di una festa di gala in cui l&#8217;abito da sera ci stava tutto; una giovane e bella donna ha il diritto di compiacersi del proprio aspetto e di presentarsi con l&#8217;abbigliamento col quale sente di meglio esprimere se stessa. Anche se \u00e8 un po&#8217; audace: l&#8217;importante \u00e8 come una si sente, ed \u00e8 un fatto privato.<\/p>\n<p>Giusto?<\/p>\n<p>Anche no: perch\u00e9 tutti sappiamo che il modo con cui si costruisce la propria immagine pubblica non \u00e8 neutrale e che nel grande <em>bazar<\/em> della comunicazione globale ci si va a collocare in nicchie molto diverse. O per meglio dire: le probabilit\u00e0 che una attivista politica, a parit\u00e0 di condizioni, diventi un&#8217;icona globale dipendono <em>anche<\/em> (o forse soprattutto) dalla quantit\u00e0 di poppe che \u00e8 elegantemente in grado di mettere in mostra.<\/p>\n<p>Del resto, se mi posso permettere una battuta, all&#8217;orecchio italiano l&#8217;ambiguit\u00e0 emerge subito. Provate a ragionare sul modo con cui interpretate la frase seguente: \u00abNikita Kl\u00e6strup ha indossato un abito che metteva ampiamente in mostra il seno. Non ci si pu\u00f2 stupire: d&#8217;altronde doveva andare a una <em>cena elegante<\/em>\u00bb. Da un punto di vista letterale \u00e8 esatto, ma sappiamo tutti che quel <em>cene eleganti<\/em> rimanda a tutta un&#8217;altra serie di significati.<\/p>\n<p>Dell&#8217;ambiguit\u00e0 sembra che la Kl\u00e6strup si renda conto benissimo, visto che <a href=\"http:\/\/universitypost.dk\/article\/politics-outstripped-breasts-conservative-student-politician\">un giornale <em>on line<\/em> danese <\/a>riporta:<\/p>\n<blockquote><p>\u00abWe cannot escape the fact that it sells. There is a natural focus on women&#8217;s appearance. That&#8217;s just how it is\u00bb, says Nikita, who is not planning to choose a different style of dress for the next party.<\/p><\/blockquote>\n<p>\u00abNon possiamo ignorare il fatto che <em>venda<\/em>. C&#8217;\u00e8 un&#8217;attenzione naturale sull&#8217;aspetto delle donne\u00bb (il corsivo \u00e8 mio).<\/p>\n<p>E quindi questa sarebbe una strategia &#8211; legittima, peraltro &#8211; per gestire la propria immagine nel modo migliore e sfruttare una dimensione <em>naturale<\/em> per acquisire successo e potere. In un mondo di uomini, a brigante, brigante e mezzo.<\/p>\n<p>Il che, naturalmente, sposta semplicemente il dibattito su un altro piano lasciando i termini della questione esattamente gli stessi: li riassume bene lo stesso giornale quando descrive l&#8217;alternativa nei termini:<\/p>\n<blockquote><p>Is the dress a sign of female empowerment or is its wearer the victim of internalised sexism?<\/p><\/blockquote>\n<p>Cio\u00e8: <em>Il vestito \u00e8 segno di emancipazione femminile o chi lo indossa \u00e8 la vittima di una interiorizzazione del sessismo?<\/em> O, detto in maniera pi\u00f9 cruda, la giornalista si chiede se le tette siano un&#8217;arma&#8230; oppure il bersaglio. Nel 2013 la Kl\u00e6strup \u00e8 stata eletta da un altro giornale <em>on line<\/em> una sorta di <em>miss elezioni<\/em>, acquisendo notoriet\u00e0, ma contemporaneamente non ha racimolato granch\u00e9 voti. Per dire: il fidanzato, un altro giovane politico conservatore danese, ha <a href=\"http:\/\/da.wikipedia.org\/wiki\/Rune_Kristensen\">una sua pagina su<\/a> <em>Wikipedia<\/em>. La Kl\u00e6strup no: \u00e8 semplicemente citata come &#8220;la fidanzata di&#8221;. E quindi rimane il problema: strategia per prevalere o per rendersi sottomessa?<\/p>\n<p>Messo cos\u00ec il dibattito \u00e8 irrisolvibile, probabilmente. Per me il centro sta tutto nella parola che usa la Kl\u00e6strup: <em>vende<\/em>. Societ\u00e0 dello spettacolo o meno, \u00e8 difficile che quando ci si pone come merce si possa pensare di acquisire potere, mi pare. Per\u00f2 il discorso \u00e8 scivoloso, perch\u00e9 non c&#8217;\u00e8 solo la tendenza sociale a farsi padroni del corpo femminile &#8211; tendenza che mettersi in mostra come oggetto sessuale palesemente asseconda &#8211; ma anche la fascinazione globale per la giovinezza e la salute e indirettamente la bellezza. Per esempio, mi faceva notare l&#8217;altro giorno il mio amico Andrea Assorgia, perch\u00e9 Obama sale sistematicamente le scale di corsa, quando \u00e8 davanti alle telecamere?<\/p>\n<p>Per\u00f2 c&#8217;\u00e8 di pi\u00f9, anche oltre le strategie di comunicazione e di posizionamento nel mercato globale dello spettacolo, e hanno a che fare con quel che dicevo la settimana scorsa sulla <a title=\"L\u2019unico linguaggio del sesso\" href=\"http:\/\/www.robertosedda.it\/?p=9549\">ipersessualizzazione imperante<\/a>. Per esempio ho dato un&#8217;occhiata al profilo <em>Facebook<\/em> &#8211; tutto volto a indicare le occasioni in cui la stampa riprende le sue dichiarazioni &#8211; e al profilo <em>Instagram<\/em>, in cui abbondano invece piatti cucinati e, ancora una volta, le tette. Solo che non sono convinto che una che sente il bisogno di farsi vedere in mutande e reggiseno mentre beve un <em>cocktail<\/em> lo faccia per strategia &#8211; e nemmeno perch\u00e9 le viene naturale. C&#8217;\u00e8 un qualcos&#8217;altro su cui magari sar\u00e0 il caso di tornare.<a href=\"https:\/\/i0.wp.com\/www.robertosedda.it\/wp-content\/uploads\/2015\/03\/Nikita-Klaestrup-instagram.png\"><img data-attachment-id=\"9742\" data-permalink=\"http:\/\/www.robertosedda.it\/?attachment_id=9742\" data-orig-file=\"https:\/\/i0.wp.com\/www.robertosedda.it\/wp-content\/uploads\/2015\/03\/Nikita-Klaestrup-instagram.png?fit=1031%2C618\" data-orig-size=\"1031,618\" data-comments-opened=\"1\" data-image-meta=\"{&quot;aperture&quot;:&quot;0&quot;,&quot;credit&quot;:&quot;&quot;,&quot;camera&quot;:&quot;&quot;,&quot;caption&quot;:&quot;&quot;,&quot;created_timestamp&quot;:&quot;0&quot;,&quot;copyright&quot;:&quot;&quot;,&quot;focal_length&quot;:&quot;0&quot;,&quot;iso&quot;:&quot;0&quot;,&quot;shutter_speed&quot;:&quot;0&quot;,&quot;title&quot;:&quot;&quot;,&quot;orientation&quot;:&quot;0&quot;}\" data-image-title=\"Nikita Klaestrup instagram\" data-image-description=\"\" data-image-caption=\"\" data-medium-file=\"https:\/\/i0.wp.com\/www.robertosedda.it\/wp-content\/uploads\/2015\/03\/Nikita-Klaestrup-instagram.png?fit=300%2C180\" data-large-file=\"https:\/\/i0.wp.com\/www.robertosedda.it\/wp-content\/uploads\/2015\/03\/Nikita-Klaestrup-instagram.png?fit=510%2C306\" decoding=\"async\" loading=\"lazy\" class=\"aligncenter size-full wp-image-9742\" src=\"https:\/\/i0.wp.com\/www.robertosedda.it\/wp-content\/uploads\/2015\/03\/Nikita-Klaestrup-instagram.png?resize=800%2C480\" alt=\"Nikita Klaestrup instagram\" width=\"800\" height=\"480\" srcset=\"https:\/\/i0.wp.com\/www.robertosedda.it\/wp-content\/uploads\/2015\/03\/Nikita-Klaestrup-instagram.png?w=1031 1031w, https:\/\/i0.wp.com\/www.robertosedda.it\/wp-content\/uploads\/2015\/03\/Nikita-Klaestrup-instagram.png?resize=150%2C90 150w, https:\/\/i0.wp.com\/www.robertosedda.it\/wp-content\/uploads\/2015\/03\/Nikita-Klaestrup-instagram.png?resize=300%2C180 300w, https:\/\/i0.wp.com\/www.robertosedda.it\/wp-content\/uploads\/2015\/03\/Nikita-Klaestrup-instagram.png?resize=510%2C306 510w, https:\/\/i0.wp.com\/www.robertosedda.it\/wp-content\/uploads\/2015\/03\/Nikita-Klaestrup-instagram.png?resize=700%2C420 700w, https:\/\/i0.wp.com\/www.robertosedda.it\/wp-content\/uploads\/2015\/03\/Nikita-Klaestrup-instagram.png?resize=50%2C30 50w\" sizes=\"(max-width: 800px) 100vw, 800px\" data-recalc-dims=\"1\" \/><\/a>Ah no, un&#8217;altra cosa da dire c&#8217;\u00e8. Non so se Nikita Kl\u00e6strup sia, come si dice a quanto pare in Italia, <a href=\"http:\/\/video.corriere.it\/moretti-noi-politiche-stile-lady-like-oltre-che-brave-intelligenti-anche-belle\/f8977f76-6e84-11e4-8e96-e05d8d48a732\"><em>lady like<\/em><\/a>. Ma certo fra Alessandra Moretti e la ragazza danese non c&#8217;\u00e8 partita, mi pare. Il che dovrebbe suggerire che forse l&#8217;aspetto in politica pu\u00f2 <em>vendere<\/em> ma poi magari non \u00e8 una china sulla quale incamminarsi: altrimenti pu\u00f2 sempre capitare che si trovi qualcuna pi\u00f9 giovane, pi\u00f9 bella e con un abito pi\u00f9 scollato di te.<\/p>\n","protected":false},"excerpt":{"rendered":"<p>Sta diventando virale sulla rete la foto di una giovanissima attivista politica danese,\u00a0 Nikita Kl\u00e6strup, che a un qualche raduno<\/p>\n","protected":false},"author":1,"featured_media":9739,"comment_status":"open","ping_status":"open","sticky":false,"template":"","format":"standard","meta":{"_mi_skip_tracking":false,"_monsterinsights_sitenote_active":false,"_monsterinsights_sitenote_note":"","_monsterinsights_sitenote_category":0,"jetpack_post_was_ever_published":false,"_jetpack_newsletter_access":"","jetpack_publicize_message":"","jetpack_is_tweetstorm":false,"jetpack_publicize_feature_enabled":true,"jetpack_social_post_already_shared":true,"jetpack_social_options":{"image_generator_settings":{"template":"highway","enabled":false}}},"categories":[52,55,77,17,16],"tags":[],"jetpack_publicize_connections":[],"jetpack_featured_media_url":"https:\/\/i0.wp.com\/www.robertosedda.it\/wp-content\/uploads\/2015\/03\/Nikita-Kl\u00e6strup.jpg?fit=549%2C792","jetpack_sharing_enabled":true,"jetpack_shortlink":"https:\/\/wp.me\/p4jV2T-2x4","jetpack_likes_enabled":true,"jetpack-related-posts":[{"id":16250,"url":"http:\/\/www.robertosedda.it\/?p=16250","url_meta":{"origin":9738,"position":0},"title":"Non passa pi\u00f9","author":"Rufus","date":"11\/02\/2019","format":false,"excerpt":"Trovo nella buona intervista di Zerocalcare a Sapiens: Quando hai pubblicato un manifesto per un\u2019iniziativa No Tav, per\u00f2, in molti hanno avuto una reazione negativa.\u00abVenduto ai No Tav\u00bb, mi hanno detto. Ho fatto il giro di tutti i profili e ho risposto a uno a uno: 50 persone a cui\u2026","rel":"","context":"In &quot;Segnalazioni&quot;","block_context":{"text":"Segnalazioni","link":"http:\/\/www.robertosedda.it\/?cat=95"},"img":{"alt_text":"","src":"https:\/\/i0.wp.com\/www.robertosedda.it\/wp-content\/uploads\/2019\/02\/Calcare.jpg?fit=806%2C700&resize=350%2C200","width":350,"height":200,"srcset":"https:\/\/i0.wp.com\/www.robertosedda.it\/wp-content\/uploads\/2019\/02\/Calcare.jpg?fit=806%2C700&resize=350%2C200 1x, https:\/\/i0.wp.com\/www.robertosedda.it\/wp-content\/uploads\/2019\/02\/Calcare.jpg?fit=806%2C700&resize=700%2C400 2x"},"classes":[]},{"id":6789,"url":"http:\/\/www.robertosedda.it\/?p=6789","url_meta":{"origin":9738,"position":1},"title":"Lo stesso spettacolo","author":"Rufus","date":"20\/03\/2014","format":false,"excerpt":"Ieri, festa di San Giuseppe, siamo andati a mangiarci una pizza a casa del mitico Pino (una pizza di Lollove Pizza con casizzolu, salsiccia al cannonau e funghi, roba seria). Siccome era casa del mitico Pino, abbiamo guardato la televisione (tutti sanno che a casa di Maria Bonaria e mia\u2026","rel":"","context":"In &quot;Coordinate&quot;","block_context":{"text":"Coordinate","link":"http:\/\/www.robertosedda.it\/?cat=52"},"img":{"alt_text":"","src":"https:\/\/i0.wp.com\/www.robertosedda.it\/wp-content\/uploads\/2013\/10\/Rufus-clown.jpg?fit=604%2C415&resize=350%2C200","width":350,"height":200},"classes":[]},{"id":19145,"url":"http:\/\/www.robertosedda.it\/?p=19145","url_meta":{"origin":9738,"position":2},"title":"Oggi ci vuole questo","author":"Rufus","date":"27\/01\/2022","format":false,"excerpt":"https:\/\/www.youtube.com\/watch?v=h41wsU9GmqY Don't want no cashDon't need no moneyAin't got no stash(This note's for you)Ain't singin' for PepsiAin't singin' for CokeI don't sing for nobodyMakes me look like a jokeThis note's for you e evidentemente Young non canta nemmeno per Spotify... E io che su Spotify ci ho messo tutte le\u2026","rel":"","context":"In &quot;Coordinate&quot;","block_context":{"text":"Coordinate","link":"http:\/\/www.robertosedda.it\/?cat=52"},"img":{"alt_text":"","src":"https:\/\/i0.wp.com\/www.robertosedda.it\/wp-content\/uploads\/2022\/01\/Neil-Young-Spotify.jpg?fit=712%2C515&resize=350%2C200","width":350,"height":200,"srcset":"https:\/\/i0.wp.com\/www.robertosedda.it\/wp-content\/uploads\/2022\/01\/Neil-Young-Spotify.jpg?fit=712%2C515&resize=350%2C200 1x, https:\/\/i0.wp.com\/www.robertosedda.it\/wp-content\/uploads\/2022\/01\/Neil-Young-Spotify.jpg?fit=712%2C515&resize=700%2C400 2x"},"classes":[]},{"id":16310,"url":"http:\/\/www.robertosedda.it\/?p=16310","url_meta":{"origin":9738,"position":3},"title":"Expertise specialistiche","author":"Rufus","date":"06\/03\/2019","format":false,"excerpt":"Come vi ho raccontato a proposito dell'abito in velluto, nei giorni scorsi sono stato a Roma per partecipare al convegno Produzione e commercio di armi: le nostre responsabilit\u00e0, un'occasione molto interessante della quale conto di raccontarvi le impressioni quanto prima. Al termine del convegno uno dei relatori, Kiflemariam Gebrewold, che\u2026","rel":"","context":"In &quot;Coordinate&quot;","block_context":{"text":"Coordinate","link":"http:\/\/www.robertosedda.it\/?cat=52"},"img":{"alt_text":"","src":"https:\/\/i0.wp.com\/www.robertosedda.it\/wp-content\/uploads\/2019\/03\/Vampire-hunter-kit-2.jpg?fit=852%2C1080&resize=350%2C200","width":350,"height":200,"srcset":"https:\/\/i0.wp.com\/www.robertosedda.it\/wp-content\/uploads\/2019\/03\/Vampire-hunter-kit-2.jpg?fit=852%2C1080&resize=350%2C200 1x, https:\/\/i0.wp.com\/www.robertosedda.it\/wp-content\/uploads\/2019\/03\/Vampire-hunter-kit-2.jpg?fit=852%2C1080&resize=700%2C400 2x"},"classes":[]},{"id":14224,"url":"http:\/\/www.robertosedda.it\/?p=14224","url_meta":{"origin":9738,"position":4},"title":"Contributo all&#8217;esatta comprensione del vocabolario","author":"Rufus","date":"16\/10\/2017","format":false,"excerpt":"I giorni scorsi ero a Palermo e ho visto che un mio contatto lamentava Alcuni commenti alle immagini della \"marcia per la sicurezza\" in corso a Cagliari: 1) \"Heil Hitler\"; 2) \"Mussolini ci oliara immoi fianta giai abbrusciusu is nieddus\"; 3) \"ci vuole l'esercito con il colpo in canna e\u2026","rel":"","context":"In &quot;Coordinate&quot;","block_context":{"text":"Coordinate","link":"http:\/\/www.robertosedda.it\/?cat=52"},"img":{"alt_text":"","src":"https:\/\/i0.wp.com\/www.robertosedda.it\/wp-content\/uploads\/2017\/10\/19145_650_320_dy_Fiaccolata_per_la_sicurezza_a_Cagliari_sfilano_duecento_persone_-_FOTO.jpg?fit=650%2C567&resize=350%2C200","width":350,"height":200},"classes":[]},{"id":15137,"url":"http:\/\/www.robertosedda.it\/?p=15137","url_meta":{"origin":9738,"position":5},"title":"Virgin no more","author":"Rufus","date":"11\/05\/2018","format":"video","excerpt":"https:\/\/www.youtube.com\/watch?v=K9bf4PT-aEk Vi ho stupito, vero? Il fatto \u00e8 che sono rimasto abbastanza colpito, recentemente, da un articolo su\u00a0The Vision intitolato Il concerto del 1\u00b0 maggio ha finalmente smesso di fare schifo.\u00a0 Ora, ho visto a una prima occhiata che l'articolo giocava molto, sicuramente troppo, con gli straw man argument: per\u2026","rel":"","context":"In &quot;Coordinate&quot;","block_context":{"text":"Coordinate","link":"http:\/\/www.robertosedda.it\/?cat=52"},"img":{"alt_text":"","src":"https:\/\/i0.wp.com\/www.robertosedda.it\/wp-content\/uploads\/2018\/05\/Sfera.jpg?fit=600%2C337&resize=350%2C200","width":350,"height":200},"classes":[]}],"_links":{"self":[{"href":"http:\/\/www.robertosedda.it\/index.php?rest_route=\/wp\/v2\/posts\/9738"}],"collection":[{"href":"http:\/\/www.robertosedda.it\/index.php?rest_route=\/wp\/v2\/posts"}],"about":[{"href":"http:\/\/www.robertosedda.it\/index.php?rest_route=\/wp\/v2\/types\/post"}],"author":[{"embeddable":true,"href":"http:\/\/www.robertosedda.it\/index.php?rest_route=\/wp\/v2\/users\/1"}],"replies":[{"embeddable":true,"href":"http:\/\/www.robertosedda.it\/index.php?rest_route=%2Fwp%2Fv2%2Fcomments&post=9738"}],"version-history":[{"count":6,"href":"http:\/\/www.robertosedda.it\/index.php?rest_route=\/wp\/v2\/posts\/9738\/revisions"}],"predecessor-version":[{"id":16306,"href":"http:\/\/www.robertosedda.it\/index.php?rest_route=\/wp\/v2\/posts\/9738\/revisions\/16306"}],"wp:featuredmedia":[{"embeddable":true,"href":"http:\/\/www.robertosedda.it\/index.php?rest_route=\/wp\/v2\/media\/9739"}],"wp:attachment":[{"href":"http:\/\/www.robertosedda.it\/index.php?rest_route=%2Fwp%2Fv2%2Fmedia&parent=9738"}],"wp:term":[{"taxonomy":"category","embeddable":true,"href":"http:\/\/www.robertosedda.it\/index.php?rest_route=%2Fwp%2Fv2%2Fcategories&post=9738"},{"taxonomy":"post_tag","embeddable":true,"href":"http:\/\/www.robertosedda.it\/index.php?rest_route=%2Fwp%2Fv2%2Ftags&post=9738"}],"curies":[{"name":"wp","href":"https:\/\/api.w.org\/{rel}","templated":true}]}}