{"id":9735,"date":"2015-03-05T16:40:22","date_gmt":"2015-03-05T15:40:22","guid":{"rendered":"http:\/\/www.robertosedda.it\/?p=9735"},"modified":"2015-03-09T16:52:59","modified_gmt":"2015-03-09T15:52:59","slug":"il-romanzo-di-rut","status":"publish","type":"post","link":"http:\/\/www.robertosedda.it\/?p=9735","title":{"rendered":"Il romanzo di Rut"},"content":{"rendered":"<p><a title=\"L\u2019unico linguaggio del sesso\" href=\"http:\/\/www.robertosedda.it\/?p=9549\">Ho gi\u00e0 accennato<\/a> al fatto\u00a0che ho dedicato una puntata recente di\u00a0<em>Oggi parliamo di libri<\/em> al <em>Libro di Rut<\/em>, uno dei testi\u00a0minori dell&#8217;Antico Testamento. Pu\u00f2 stupirsi\u00a0della sua inclusione in un ciclo di puntate dedicate alle grandi storie d&#8217;amore solo chi non conosce l&#8217;enorme variet\u00e0 di registri narrativi e di generi letterari presenti nella Bibbia, fra i quali anche il romanzo d&#8217;avventura (un buon esempio \u00e8 <em>Tobia<\/em>, ma ricordo un interessante corso tenuto dal <a href=\"http:\/\/www.cucinet.com\/index.php?module=CMpro&amp;func=viewpage&amp;pageid=52\">compianto padre Huber<\/a>\u00a0sulle peregrinazioni del re Davide come perfetto romanzo d&#8217;avventura) e, appunto, il romanzo sentimentale; in questo senso casomai ci si sarebbe dovuti stupire del fatto che\u00a0<em>non<\/em> avessi ancora incluso\u00a0<em>Rut<\/em>\u00a0(o magari il <em>Cantico dei Cantici<\/em>)\u00a0nelle puntate di questa stagione.<\/p>\n<div class=\"jetpack-video-wrapper\"><span class=\"embed-youtube\" style=\"text-align:center; display: block;\"><iframe class=\"youtube-player\" width=\"800\" height=\"450\" src=\"https:\/\/www.youtube.com\/embed\/iX3b0-kQaT4?version=3&#038;rel=1&#038;showsearch=0&#038;showinfo=1&#038;iv_load_policy=1&#038;fs=1&#038;hl=it-IT&#038;autohide=2&#038;wmode=transparent\" allowfullscreen=\"true\" style=\"border:0;\" sandbox=\"allow-scripts allow-same-origin allow-popups allow-presentation\"><\/iframe><\/span><\/div>\n<p>Riascoltando la puntata resto colpito dal gran numero di esitazioni nel parlare che si colgono se si ascolta con attenzione. Solo una \u00e8 in realt\u00e0 giustificata da un&#8217;incertezza su cosa dire esattamente, ed \u00e8 nel punto in cui dico che <em>Rut<\/em> fa parte dei libri sapienziali. La cosa non \u00e8 particolarmente corretta; cio\u00e8 \u00e8 vera solo in senso lato\u00a0ma le edizioni cattoliche della Bibbia dovrebbero usare, se non sbaglio, l&#8217;epiteto di\u00a0<em>libro storico<\/em>, solo che non volevo dare un&#8217;impressione sbagliata (cio\u00e8 quella di un libro <em>storico<\/em>\u00a0come\u00a0<em>Giudici<\/em>,\u00a0<em>Re\u00a0<\/em>o\u00a0<em>Cronache)\u00a0<\/em>e oltretutto\u00a0<em>Rut<\/em> fa parte di un ciclo di\u00a0testi\u00a0che per gli Ebrei avevano\u00a0anche valore liturgico\u00a0e insomma\u00a0infilarmi nelle questioni sulla classificazione dei libri della Bibbia o semplicemente usare il termine <em>meghillot<\/em> non mi pareva\u00a0proprio\u00a0il caso.<\/p>\n<p>Le altre esitazioni sono dovute alla fretta e a una certa impreparazione: avevo deciso di fare la puntata su <em>Rut<\/em>\u00a0praticamente sull&#8217;asse mediano, mentre andavo a registrare\u00a0altre puntate e mi \u00e8 improvvisamente venuto in mente, per associazione di idee con la narrazione orale.\u00a0Poi in radio ho velocemente riletto il testo &#8211; \u00e8 davvero breve &#8211; e controllato un paio di cose sulla rete\u00a0e poi\u00a0sono andato direttamente in sala di registrazione senza starci troppo a pensare. Un po&#8217; mi pare che fossi incerto sul necessario compromesso fra parlare del libro come semplice testo letterario o come testo divinamente ispirato: considerato che il finale, con la menzione dell&#8217;inserimento di Rut nella genealogia di Ges\u00f9 e il suo ruolo, quindi, nella storia della salvezza, era esattamente dove volevo andare a parare, dovevo avere la compenetrazione di questi due livelli ben chiara in testa; ma si sa che il passaggio dalla testa alla lingua \u00e8 meno spontaneo di quanto si vorrebbe.<\/p>\n<p>Una delle conseguenze dell&#8217;avere deciso all&#8217;ultimo minuto di fare questa puntata \u00e8 stata che non avevo la minima idea di quale brano musicale usare come intermezzo. Il suggerimento del brano di Nek, che peraltro cita largamente\u00a0<em>Corinzi<\/em> e quindi un testo del Nuovo Testamento che con\u00a0<em>Rut<\/em> ha un collegamento abbastanza indiretto, \u00e8 stato di Fabio Figus,\u00a0il regista della trasmissione, che ringrazio per questo e anche perch\u00e9 mi supporta e mi sopporta in mille occasioni.<\/p>\n<div class=\"jetpack-video-wrapper\"><span class=\"embed-youtube\" style=\"text-align:center; display: block;\"><iframe class=\"youtube-player\" width=\"800\" height=\"450\" src=\"https:\/\/www.youtube.com\/embed\/-b_4cEAJrWA?version=3&#038;rel=1&#038;showsearch=0&#038;showinfo=1&#038;iv_load_policy=1&#038;fs=1&#038;hl=it-IT&#038;autohide=2&#038;wmode=transparent\" allowfullscreen=\"true\" style=\"border:0;\" sandbox=\"allow-scripts allow-same-origin allow-popups allow-presentation\"><\/iframe><\/span><\/div>\n","protected":false},"excerpt":{"rendered":"<p>Ho gi\u00e0 accennato al fatto\u00a0che ho dedicato una puntata recente di\u00a0Oggi parliamo di libri al Libro di Rut, uno dei<\/p>\n","protected":false},"author":1,"featured_media":0,"comment_status":"open","ping_status":"open","sticky":false,"template":"","format":"video","meta":{"_mi_skip_tracking":false,"_monsterinsights_sitenote_active":false,"_monsterinsights_sitenote_note":"","_monsterinsights_sitenote_category":0,"jetpack_post_was_ever_published":false,"_jetpack_newsletter_access":"","jetpack_publicize_message":"","jetpack_is_tweetstorm":false,"jetpack_publicize_feature_enabled":true,"jetpack_social_post_already_shared":true,"jetpack_social_options":{"image_generator_settings":{"template":"highway","enabled":false}}},"categories":[52,56,13,82,12],"tags":[],"jetpack_publicize_connections":[],"jetpack_featured_media_url":"","jetpack_sharing_enabled":true,"jetpack_shortlink":"https:\/\/wp.me\/p4jV2T-2x1","jetpack_likes_enabled":true,"jetpack-related-posts":[{"id":9549,"url":"http:\/\/www.robertosedda.it\/?p=9549","url_meta":{"origin":9735,"position":0},"title":"L&#8217;unico linguaggio del sesso","author":"Rufus","date":"09\/02\/2015","format":false,"excerpt":"Quando ho preparato la puntata di Oggi parliamo di libri dedicata al libro di Rut ho scoperto con una certa sorpresa che esiste una linea critica che ritiene il libro espressione di un amore lesbico fra Rut stessa e la suocera Noemi. Ora, \u00e8 vero che il discorso che Rut\u2026","rel":"","context":"In &quot;Coordinate&quot;","block_context":{"text":"Coordinate","link":"http:\/\/www.robertosedda.it\/?cat=52"},"img":{"alt_text":"","src":"https:\/\/i0.wp.com\/www.robertosedda.it\/wp-content\/uploads\/2015\/02\/Georgia-Salpa.jpg?fit=1200%2C800&resize=350%2C200","width":350,"height":200,"srcset":"https:\/\/i0.wp.com\/www.robertosedda.it\/wp-content\/uploads\/2015\/02\/Georgia-Salpa.jpg?fit=1200%2C800&resize=350%2C200 1x, https:\/\/i0.wp.com\/www.robertosedda.it\/wp-content\/uploads\/2015\/02\/Georgia-Salpa.jpg?fit=1200%2C800&resize=700%2C400 2x, https:\/\/i0.wp.com\/www.robertosedda.it\/wp-content\/uploads\/2015\/02\/Georgia-Salpa.jpg?fit=1200%2C800&resize=1050%2C600 3x"},"classes":[]},{"id":9758,"url":"http:\/\/www.robertosedda.it\/?p=9758","url_meta":{"origin":9735,"position":1},"title":"Fiabe senza amore","author":"Rufus","date":"09\/03\/2015","format":"video","excerpt":"Naturalmente Bennato, che ho usato come commento musicale alla puntata di Oggi parliamo di libri\u00a0dedicata alle fiabe, sbaglia: le favole non sono un gioco e soprattutto non sono vere soltanto a met\u00e0: nella misura in cui esprimono una saggezza collettiva sono, in un certo senso, pi\u00f9 vere del vero. Ma\u2026","rel":"","context":"In &quot;Coordinate&quot;","block_context":{"text":"Coordinate","link":"http:\/\/www.robertosedda.it\/?cat=52"},"img":{"alt_text":"","src":"https:\/\/i0.wp.com\/img.youtube.com\/vi\/Smyrj0oSJbw\/0.jpg?resize=350%2C200","width":350,"height":200},"classes":[]},{"id":4133,"url":"http:\/\/www.robertosedda.it\/?p=4133","url_meta":{"origin":9735,"position":2},"title":"E cos\u00ec fin\u00ec &#8220;Oggi parliamo di libri&#8221;","author":"Rufus","date":"29\/07\/2013","format":"video","excerpt":"Ho messo ieri in linea l'ultima puntata della stagione 2012\/2013 di Oggi parliamo di libri: la ventottesima puntata complessiva. Come ho raccontato da altre parti\u00a0l'eperienza radiofonica, che non avevo mai provato, \u00e8 stata molto bella: un ambiente di lavoro amichevole, un clima sempre piacevole\u00a0e un\u00a0sacco\u00a0di episodi divertenti (che naturalmente sono\u2026","rel":"","context":"In &quot;Cappe e spade&quot;","block_context":{"text":"Cappe e spade","link":"http:\/\/www.robertosedda.it\/?cat=70"},"img":{"alt_text":"","src":"https:\/\/i0.wp.com\/img.youtube.com\/vi\/xJUNew0HkT8\/0.jpg?resize=350%2C200","width":350,"height":200},"classes":[]},{"id":2512,"url":"http:\/\/www.robertosedda.it\/?p=2512","url_meta":{"origin":9735,"position":3},"title":"La storia infinita a &#8220;Oggi parliamo di libri&#8221;","author":"Rufus","date":"10\/03\/2013","format":"video","excerpt":"Ho pubblicato oggi la puntata di Oggi parliamo di libri dedicata a La storia infinita. Questa era la puntata del 21 febbraio, quindi ho quasi smaltito l'arretrato: presto sar\u00f2 in grado di pubblicare le puntate volta per volta (e voi non sarete pi\u00f9 subissati di post con le registrazioni). Sono\u2026","rel":"","context":"In &quot;Coordinate&quot;","block_context":{"text":"Coordinate","link":"http:\/\/www.robertosedda.it\/?cat=52"},"img":{"alt_text":"","src":"https:\/\/i0.wp.com\/img.youtube.com\/vi\/JBrr-FbFUew\/0.jpg?resize=350%2C200","width":350,"height":200},"classes":[]},{"id":3922,"url":"http:\/\/www.robertosedda.it\/?p=3922","url_meta":{"origin":9735,"position":4},"title":"Il monello","author":"Rufus","date":"09\/07\/2013","format":"video","excerpt":"Ho messo oggi in linea la venticinquesima puntata di Oggi parliamo di libri, quella dedicata all'Huckleberry Finn di Mark Twain: dopo la conclusione delle puntate e la pausa estiva mi sono un po' rilassato e ho tardato a mettere su YouTube le ultime. http:\/\/www.youtube.com\/watch?v=Nno7I6lj_oY A proposito delle cose che ho\u2026","rel":"","context":"In &quot;Cappe e spade&quot;","block_context":{"text":"Cappe e spade","link":"http:\/\/www.robertosedda.it\/?cat=70"},"img":{"alt_text":"","src":"https:\/\/i0.wp.com\/www.robertosedda.it\/wp-content\/uploads\/2013\/07\/Huck-Finn.png?fit=768%2C454&resize=350%2C200","width":350,"height":200,"srcset":"https:\/\/i0.wp.com\/www.robertosedda.it\/wp-content\/uploads\/2013\/07\/Huck-Finn.png?fit=768%2C454&resize=350%2C200 1x, https:\/\/i0.wp.com\/www.robertosedda.it\/wp-content\/uploads\/2013\/07\/Huck-Finn.png?fit=768%2C454&resize=700%2C400 2x"},"classes":[]},{"id":7809,"url":"http:\/\/www.robertosedda.it\/?p=7809","url_meta":{"origin":9735,"position":5},"title":"Amore e avventura e &#8220;Il prigioniero di Zenda&#8221; a &#8220;Oggi parliamo di libri&#8221;","author":"Rufus","date":"18\/06\/2014","format":"video","excerpt":"In un vecchio articolo ho gi\u00e0 parlato de\u00a0Il prigioniero di Zenda\u00a0e quindi oggi non mi dilungo: la puntata di\u00a0Oggi parliamo di libri\u00a0 dedicata al\u00a0Prigioniero non dice, in realt\u00e0, le cose che avevo gi\u00e0 scritto, ma evidentemente il campo \u00e8 limitato e molti degli argomenti si richiamano a vicenda. Come avrete\u2026","rel":"","context":"In &quot;Cappe e spade&quot;","block_context":{"text":"Cappe e spade","link":"http:\/\/www.robertosedda.it\/?cat=70"},"img":{"alt_text":"","src":"https:\/\/i0.wp.com\/www.robertosedda.it\/wp-content\/uploads\/2014\/06\/Zenda.png?fit=766%2C446&resize=350%2C200","width":350,"height":200,"srcset":"https:\/\/i0.wp.com\/www.robertosedda.it\/wp-content\/uploads\/2014\/06\/Zenda.png?fit=766%2C446&resize=350%2C200 1x, https:\/\/i0.wp.com\/www.robertosedda.it\/wp-content\/uploads\/2014\/06\/Zenda.png?fit=766%2C446&resize=700%2C400 2x"},"classes":[]}],"_links":{"self":[{"href":"http:\/\/www.robertosedda.it\/index.php?rest_route=\/wp\/v2\/posts\/9735"}],"collection":[{"href":"http:\/\/www.robertosedda.it\/index.php?rest_route=\/wp\/v2\/posts"}],"about":[{"href":"http:\/\/www.robertosedda.it\/index.php?rest_route=\/wp\/v2\/types\/post"}],"author":[{"embeddable":true,"href":"http:\/\/www.robertosedda.it\/index.php?rest_route=\/wp\/v2\/users\/1"}],"replies":[{"embeddable":true,"href":"http:\/\/www.robertosedda.it\/index.php?rest_route=%2Fwp%2Fv2%2Fcomments&post=9735"}],"version-history":[{"count":2,"href":"http:\/\/www.robertosedda.it\/index.php?rest_route=\/wp\/v2\/posts\/9735\/revisions"}],"predecessor-version":[{"id":9737,"href":"http:\/\/www.robertosedda.it\/index.php?rest_route=\/wp\/v2\/posts\/9735\/revisions\/9737"}],"wp:attachment":[{"href":"http:\/\/www.robertosedda.it\/index.php?rest_route=%2Fwp%2Fv2%2Fmedia&parent=9735"}],"wp:term":[{"taxonomy":"category","embeddable":true,"href":"http:\/\/www.robertosedda.it\/index.php?rest_route=%2Fwp%2Fv2%2Fcategories&post=9735"},{"taxonomy":"post_tag","embeddable":true,"href":"http:\/\/www.robertosedda.it\/index.php?rest_route=%2Fwp%2Fv2%2Ftags&post=9735"}],"curies":[{"name":"wp","href":"https:\/\/api.w.org\/{rel}","templated":true}]}}