{"id":9722,"date":"2015-03-04T18:20:05","date_gmt":"2015-03-04T17:20:05","guid":{"rendered":"http:\/\/www.robertosedda.it\/?p=9722"},"modified":"2022-03-07T11:29:11","modified_gmt":"2022-03-07T10:29:11","slug":"a-bagno-nella-storia-e-subito-fuori","status":"publish","type":"post","link":"http:\/\/www.robertosedda.it\/?p=9722","title":{"rendered":"A bagno nella storia (e subito fuori)"},"content":{"rendered":"<h2>Tex, l&#8217;eroe e la leggenda (Paolo Eleuteri Serpieri, Sergio Bonelli Editore 2015)<\/h2>\n<p><a href=\"https:\/\/i0.wp.com\/www.robertosedda.it\/wp-content\/uploads\/2015\/03\/Tex-Eleuteri-Serpieri.jpg\"><img data-attachment-id=\"9725\" data-permalink=\"http:\/\/www.robertosedda.it\/?attachment_id=9725\" data-orig-file=\"https:\/\/i0.wp.com\/www.robertosedda.it\/wp-content\/uploads\/2015\/03\/Tex-Eleuteri-Serpieri.jpg?fit=660%2C870\" data-orig-size=\"660,870\" data-comments-opened=\"1\" data-image-meta=\"{&quot;aperture&quot;:&quot;0&quot;,&quot;credit&quot;:&quot;&quot;,&quot;camera&quot;:&quot;&quot;,&quot;caption&quot;:&quot;&quot;,&quot;created_timestamp&quot;:&quot;0&quot;,&quot;copyright&quot;:&quot;&quot;,&quot;focal_length&quot;:&quot;0&quot;,&quot;iso&quot;:&quot;0&quot;,&quot;shutter_speed&quot;:&quot;0&quot;,&quot;title&quot;:&quot;&quot;,&quot;orientation&quot;:&quot;0&quot;}\" data-image-title=\"Tex Eleuteri Serpieri\" data-image-description=\"\" data-image-caption=\"\" data-medium-file=\"https:\/\/i0.wp.com\/www.robertosedda.it\/wp-content\/uploads\/2015\/03\/Tex-Eleuteri-Serpieri.jpg?fit=228%2C300\" data-large-file=\"https:\/\/i0.wp.com\/www.robertosedda.it\/wp-content\/uploads\/2015\/03\/Tex-Eleuteri-Serpieri.jpg?fit=510%2C672\" decoding=\"async\" loading=\"lazy\" class=\"alignleft size-medium wp-image-9725\" src=\"https:\/\/i0.wp.com\/www.robertosedda.it\/wp-content\/uploads\/2015\/03\/Tex-Eleuteri-Serpieri.jpg?resize=228%2C300\" alt=\"Tex Eleuteri Serpieri\" width=\"228\" height=\"300\" srcset=\"https:\/\/i0.wp.com\/www.robertosedda.it\/wp-content\/uploads\/2015\/03\/Tex-Eleuteri-Serpieri.jpg?resize=228%2C300 228w, https:\/\/i0.wp.com\/www.robertosedda.it\/wp-content\/uploads\/2015\/03\/Tex-Eleuteri-Serpieri.jpg?resize=114%2C150 114w, https:\/\/i0.wp.com\/www.robertosedda.it\/wp-content\/uploads\/2015\/03\/Tex-Eleuteri-Serpieri.jpg?resize=510%2C672 510w, https:\/\/i0.wp.com\/www.robertosedda.it\/wp-content\/uploads\/2015\/03\/Tex-Eleuteri-Serpieri.jpg?resize=38%2C50 38w, https:\/\/i0.wp.com\/www.robertosedda.it\/wp-content\/uploads\/2015\/03\/Tex-Eleuteri-Serpieri.jpg?w=660 660w\" sizes=\"(max-width: 228px) 100vw, 228px\" data-recalc-dims=\"1\" \/><\/a>Avevo deciso di non parlare della reinterpretazione di Tex offerta da Paolo Eleuteri Serpieri e giunta recentemente in edicola perch\u00e9, complessivamente, mi pareva di non avere moltissimo da dire rispetto a altre recensioni gi\u00e0 uscite, oltretutto molto pi\u00f9 professionali, <a href=\"http:\/\/www.fumettologica.it\/2015\/02\/tex-paolo-eleuteri-serpieri-recensione\/\">come ad esempio quella (come al solito buona) di\u00a0<em>Fumettologica<\/em><\/a>.<\/p>\n<p>Un po&#8217; mi dispiaceva perch\u00e9 il volume \u00e8 ottimo e offerto per di pi\u00f9 a un prezzo estremamente interessante e avrei voluto raccomandarne l&#8217;acquisto; d&#8217;altra parte si \u00e8 trattato in qualche modo di un\u00a0<em>evento<\/em> nel mondo del fumetto e quindi la maggior parte degli appassionati hanno ricevuto la segnalazione anche senza bisogno di me, mentre chi non \u00e8 propriamente un appassionato forse ha altre strade per <a title=\"Dieci fumetti da leggere almeno una volta nella vita\" href=\"http:\/\/www.robertosedda.it\/?p=8500\">l&#8217;ingresso nel fumetto<\/a>.<\/p>\n<p>Poi stamattina\u00a0mentre mi facevo\u00a0la doccia &#8211; <a href=\"http:\/\/www.robertosedda.it\/?p=4484\">si sa che per me \u00e8 un momento di riflessione importante!<\/a> &#8211; improvvisamente mi \u00e8 venuta in mente una cosa che non ero riuscito, fino a quel momento, a focalizzare e che invece vi racconto.<\/p>\n<p>Sia Boselli che Giromini, nelle rispettive introduzioni, mettono gran cura a delimitare l&#8217;operazione di riscrittura e reintepretazione del &#8220;personaggio Tex&#8221; da parte di Eleuteri Serpieri. Mi sono un po&#8217; chiesto chi siano questi lettori affezionati di <em>Tex<\/em> che hanno bisogno di tutti questi paletti e queste rassicurazioni, di fronte a un&#8217;operazione tutto sommato innocua, ma non \u00e8 questo il punto.<\/p>\n<p>La chiave esplicativa scelta \u00e8 quella del rapporto fra realt\u00e0 e leggenda; Boselli cita esplicitamente la frase di John Ford: \u00abNel West quando la realt\u00e0 incontra la leggenda \u00e8 la leggenda a vincere\u00bb.<\/p>\n<p>E quindi il lettore che abbia letto le due introduzioni \u00e8 esplicitamente condotto a ritenere che\u00a0le annunciate violazioni del canone texiano da parte di Eleuteri Serpieri si muovano sul versante del rapporto fra <em>leggenda<\/em> (il Tex di Gianluigi Bonelli, esplicitamente avventuroso) e\u00a0il suo, pi\u00f9\u00a0<em>storico<\/em> o\u00a0<em>realistico<\/em>. Questo sarebbe, insomma, il Tex &#8220;come doveva essere davvero&#8221; o, ovviamente, come sarebbe stato se fosse esistito veramente. Il tratto di Eleuteri Serpieri, cos\u00ec pieno e realistico, il lavoro documentario estremamente preciso (armi, uniformi, vestiti, oggetti sono tutti molto curati), l&#8217;<em>incipit<\/em> e un certo tono del racconto rafforzano questa chiave di lettura. In un certo senso sembrerebbe che il Tex di Eleuteri Serpieri stia al Tex tradizionale nello stesso rapporto nel quale il\u00a0<em>western<\/em> classico sta a quello di Sergio Leone o meglio ancora a quello dell&#8217;Eastwood de<em> Gli spietati<\/em>.<\/p>\n<p>Il problema \u00e8, a parte il fatto che dopotutto non \u00e8 facilissimo dimostrare che il Tex di Eleuteri Serpieri \u00e8 pi\u00f9 <em>vero<\/em> di quello di Bonelli padre, o che Eastwood \u00e8 pi\u00f9 storicamente fondato di Ford, che il finale di\u00a0<em>L&#8217;eroe e la leggenda\u00a0<\/em>\u00a0mi sembra scombinare del tutto questa chiave di lettura.<\/p>\n<p>Il finale \u00e8 a sorpresa e non voglio rivelarlo: ma mi pare che dimostri che a Eleuteri Serpieri non interessava, in fondo, ragionare sul\u00a0<em>personaggio<\/em> Tex, quanto sulla casa editrice e sul rapporto fra la casa editrice, il suo autore e fondatore principe e il suo personaggio pi\u00f9 rappresentativo (o, al limite, sul rapporto fra casa editrice, Bonelli senior e epopea del West). Tutto il resto della trama \u00e8, in questo senso, un pretesto per arrivare al\u00a0finale &#8211; quasi un riempitivo. E la verosimiglianza storica, in tutto questo, \u00e8 talmente strattonata e violentata (un minimo di riflessione rivela che le cronologie sono troppo dilatate per essere credibili) che tutto il bagno di verosimiglianza storica in cui sarebbe stato immerso Tex viene, in fondo, molto ridimensionato: non \u00e8 solo il Carson che fa da narratore ad apparire sospetto, ma lo stesso Eleuteri Serpieri.<\/p>\n","protected":false},"excerpt":{"rendered":"<p>Tex, l&#8217;eroe e la leggenda (Paolo Eleuteri Serpieri, Sergio Bonelli Editore 2015) Avevo deciso di non parlare della reinterpretazione di<\/p>\n","protected":false},"author":1,"featured_media":9725,"comment_status":"open","ping_status":"open","sticky":false,"template":"","format":"standard","meta":{"_mi_skip_tracking":false,"_monsterinsights_sitenote_active":false,"_monsterinsights_sitenote_note":"","_monsterinsights_sitenote_category":0,"jetpack_post_was_ever_published":false,"_jetpack_newsletter_access":"","jetpack_publicize_message":"","jetpack_is_tweetstorm":false,"jetpack_publicize_feature_enabled":true,"jetpack_social_post_already_shared":true,"jetpack_social_options":{"image_generator_settings":{"template":"highway","enabled":false}}},"categories":[70,52,20,56,12],"tags":[],"jetpack_publicize_connections":[],"jetpack_featured_media_url":"https:\/\/i0.wp.com\/www.robertosedda.it\/wp-content\/uploads\/2015\/03\/Tex-Eleuteri-Serpieri.jpg?fit=660%2C870","jetpack_sharing_enabled":true,"jetpack_shortlink":"https:\/\/wp.me\/p4jV2T-2wO","jetpack_likes_enabled":true,"jetpack-related-posts":[{"id":10208,"url":"http:\/\/www.robertosedda.it\/?p=10208","url_meta":{"origin":9722,"position":0},"title":"\u00c8 difficile parlare di Tex","author":"Rufus","date":"19\/05\/2015","format":"video","excerpt":"Strani collegamenti Ormai dieci giorni fa sono andato\u00a0a una manifestazione-dibattito che si intitolava Sulle orme di Tex e che metteva al centro, a quel che avevo letto sul giornale, il tema del genocidio dei nativi americani. Un po' tirato per i capelli, ho pensato. In realt\u00e0 ho scoperto poi che\u2026","rel":"","context":"In &quot;Cappe e spade&quot;","block_context":{"text":"Cappe e spade","link":"http:\/\/www.robertosedda.it\/?cat=70"},"img":{"alt_text":"","src":"https:\/\/i0.wp.com\/www.robertosedda.it\/wp-content\/uploads\/2013\/12\/colortex.jpg?fit=300%2C425&resize=350%2C200","width":350,"height":200},"classes":[]},{"id":4971,"url":"http:\/\/www.robertosedda.it\/?p=4971","url_meta":{"origin":9722,"position":1},"title":"Due rangers del Texas","author":"Rufus","date":"08\/11\/2013","format":false,"excerpt":"Saguaro numero 18,\u00a0La trib\u00f9 del cielo (Sergio Bonelli Editore ottobre 2013, Mignacco\/Foder\u00e0) Ho l'impressione che molti lettori di fumetti, pubblicati dalla Bonelli e no, snobbino un pochino Saguaro, ma devo dire che a me piace, anche abbastanza. Sono sicuramente di parte perch\u00e9 amo molto i gialli di Tony Hillerman ambientati\u2026","rel":"","context":"In &quot;Cappe e spade&quot;","block_context":{"text":"Cappe e spade","link":"http:\/\/www.robertosedda.it\/?cat=70"},"img":{"alt_text":"","src":"https:\/\/i0.wp.com\/www.robertosedda.it\/wp-content\/uploads\/2013\/11\/Saguaro-18-ottobre-2013.jpg?fit=227%2C300&resize=350%2C200","width":350,"height":200},"classes":[]},{"id":5378,"url":"http:\/\/www.robertosedda.it\/?p=5378","url_meta":{"origin":9722,"position":2},"title":"Tex a colori e no","author":"Rufus","date":"11\/12\/2013","format":false,"excerpt":"Color Tex 4 Color Tex esce ogni sei mesi: quello estivo non era male, anche se non indimenticabile, e non ho ricordi straordinari dei precedenti. Questo, invece, secondo me \u00e8 notevole. La formula abituale\u00a0- una storia simile a quelle della serie mensile, per\u00f2 a colori - \u00e8 stata completamente rivoluzionata.\u2026","rel":"","context":"In &quot;Cappe e spade&quot;","block_context":{"text":"Cappe e spade","link":"http:\/\/www.robertosedda.it\/?cat=70"},"img":{"alt_text":"","src":"https:\/\/i0.wp.com\/www.robertosedda.it\/wp-content\/uploads\/2013\/12\/Tex-Grande-Nord.jpg?fit=200%2C220&resize=350%2C200","width":350,"height":200},"classes":[]},{"id":8500,"url":"http:\/\/www.robertosedda.it\/?p=8500","url_meta":{"origin":9722,"position":3},"title":"Dieci fumetti da leggere almeno una volta nella vita","author":"Rufus","date":"30\/09\/2014","format":false,"excerpt":"Il mio amico Giovanni Piredda, copiando un'idea di un altro comune amico, Graziano Montanini, mi ha inserito in quella che lui ritiene la catena definitiva, nella quale mi tocca di indicare dieci fumetti \"che\u00a0si dovrebbe provare a leggere\". Per essere una catena (in realt\u00e0 finta, fintissima, perch\u00e9 non va avanti\u2026","rel":"","context":"In &quot;Coordinate&quot;","block_context":{"text":"Coordinate","link":"http:\/\/www.robertosedda.it\/?cat=52"},"img":{"alt_text":"","src":"https:\/\/i0.wp.com\/www.robertosedda.it\/wp-content\/uploads\/2014\/09\/Corto-Maltese-comodo.jpg?fit=625%2C309&resize=350%2C200","width":350,"height":200},"classes":[]},{"id":13431,"url":"http:\/\/www.robertosedda.it\/?p=13431","url_meta":{"origin":9722,"position":4},"title":"Tex, il ragazzo rapito, la dissonanza cognitiva e il richiamo del sangue","author":"Rufus","date":"16\/03\/2017","format":false,"excerpt":"Il ragazzo rapito e Duello a Madison Creek (Tex nn. 676-677, Faraci e Acciarino, Sergio Bonelli Editore) Ho letto l'altro giorno la seconda parte di questa storia\u00a0e alla fine mi sono rimaste delle perplessit\u00e0 che volevo condividere con voi, ma prima lasciate che vi avvisi: per potere spiegare i miei\u2026","rel":"","context":"In &quot;Coordinate&quot;","block_context":{"text":"Coordinate","link":"http:\/\/www.robertosedda.it\/?cat=52"},"img":{"alt_text":"","src":"https:\/\/i0.wp.com\/www.robertosedda.it\/wp-content\/uploads\/2017\/03\/Tex-676.jpg?fit=640%2C844&resize=350%2C200","width":350,"height":200},"classes":[]},{"id":8260,"url":"http:\/\/www.robertosedda.it\/?p=8260","url_meta":{"origin":9722,"position":5},"title":"Un evento di tanto tempo fa","author":"Rufus","date":"25\/08\/2014","format":false,"excerpt":"Stavo scrivendo una recensione di un paio di letture recenti di fumetti quando improvvisamente mi sono reso conto che per parlare di\u00a0Julia avrei dovuto raccontare cosa ne pensavo tanto tempo fa e perch\u00e9 ho smesso di leggerlo: tutte cose che mi avrebbero portato un po' lontano. Poi mi sono ricordato\u2026","rel":"","context":"In &quot;Biografie&quot;","block_context":{"text":"Biografie","link":"http:\/\/www.robertosedda.it\/?cat=83"},"img":{"alt_text":"","src":"https:\/\/i0.wp.com\/www.robertosedda.it\/wp-content\/uploads\/2014\/08\/Julia-Bonelli.jpg?fit=292%2C407&resize=350%2C200","width":350,"height":200},"classes":[]}],"_links":{"self":[{"href":"http:\/\/www.robertosedda.it\/index.php?rest_route=\/wp\/v2\/posts\/9722"}],"collection":[{"href":"http:\/\/www.robertosedda.it\/index.php?rest_route=\/wp\/v2\/posts"}],"about":[{"href":"http:\/\/www.robertosedda.it\/index.php?rest_route=\/wp\/v2\/types\/post"}],"author":[{"embeddable":true,"href":"http:\/\/www.robertosedda.it\/index.php?rest_route=\/wp\/v2\/users\/1"}],"replies":[{"embeddable":true,"href":"http:\/\/www.robertosedda.it\/index.php?rest_route=%2Fwp%2Fv2%2Fcomments&post=9722"}],"version-history":[{"count":5,"href":"http:\/\/www.robertosedda.it\/index.php?rest_route=\/wp\/v2\/posts\/9722\/revisions"}],"predecessor-version":[{"id":19232,"href":"http:\/\/www.robertosedda.it\/index.php?rest_route=\/wp\/v2\/posts\/9722\/revisions\/19232"}],"wp:featuredmedia":[{"embeddable":true,"href":"http:\/\/www.robertosedda.it\/index.php?rest_route=\/wp\/v2\/media\/9725"}],"wp:attachment":[{"href":"http:\/\/www.robertosedda.it\/index.php?rest_route=%2Fwp%2Fv2%2Fmedia&parent=9722"}],"wp:term":[{"taxonomy":"category","embeddable":true,"href":"http:\/\/www.robertosedda.it\/index.php?rest_route=%2Fwp%2Fv2%2Fcategories&post=9722"},{"taxonomy":"post_tag","embeddable":true,"href":"http:\/\/www.robertosedda.it\/index.php?rest_route=%2Fwp%2Fv2%2Ftags&post=9722"}],"curies":[{"name":"wp","href":"https:\/\/api.w.org\/{rel}","templated":true}]}}