{"id":9709,"date":"2015-03-03T17:46:13","date_gmt":"2015-03-03T16:46:13","guid":{"rendered":"http:\/\/www.robertosedda.it\/?p=9709"},"modified":"2022-05-31T09:25:40","modified_gmt":"2022-05-31T07:25:40","slug":"blu-come-il-mare-viola-di-omero-o-come-un-certo-abito","status":"publish","type":"post","link":"http:\/\/www.robertosedda.it\/?p=9709","title":{"rendered":"Blu come il mare viola di Omero (o come un certo abito&#8230;)"},"content":{"rendered":"\n<div class=\"wp-block-image\"><figure class=\"alignright\"><a href=\"https:\/\/i0.wp.com\/www.robertosedda.it\/wp-content\/uploads\/2015\/03\/Di-che-colore.jpg\"><img data-attachment-id=\"9712\" data-permalink=\"http:\/\/www.robertosedda.it\/?attachment_id=9712\" data-orig-file=\"https:\/\/i0.wp.com\/www.robertosedda.it\/wp-content\/uploads\/2015\/03\/Di-che-colore.jpg?fit=620%2C428\" data-orig-size=\"620,428\" data-comments-opened=\"1\" data-image-meta=\"{&quot;aperture&quot;:&quot;0&quot;,&quot;credit&quot;:&quot;Tumblr&quot;,&quot;camera&quot;:&quot;&quot;,&quot;caption&quot;:&quot;&quot;,&quot;created_timestamp&quot;:&quot;0&quot;,&quot;copyright&quot;:&quot;&quot;,&quot;focal_length&quot;:&quot;0&quot;,&quot;iso&quot;:&quot;0&quot;,&quot;shutter_speed&quot;:&quot;0&quot;,&quot;title&quot;:&quot;&quot;,&quot;orientation&quot;:&quot;0&quot;}\" data-image-title=\"Di che colore\" data-image-description=\"\" data-image-caption=\"\" data-medium-file=\"https:\/\/i0.wp.com\/www.robertosedda.it\/wp-content\/uploads\/2015\/03\/Di-che-colore.jpg?fit=300%2C207\" data-large-file=\"https:\/\/i0.wp.com\/www.robertosedda.it\/wp-content\/uploads\/2015\/03\/Di-che-colore.jpg?fit=510%2C352\" decoding=\"async\" loading=\"lazy\" width=\"510\" height=\"352\" src=\"https:\/\/i0.wp.com\/www.robertosedda.it\/wp-content\/uploads\/2015\/03\/Di-che-colore.jpg?resize=510%2C352\" alt=\"Di che colore\" class=\"wp-image-9712\" srcset=\"https:\/\/i0.wp.com\/www.robertosedda.it\/wp-content\/uploads\/2015\/03\/Di-che-colore.jpg?resize=510%2C352 510w, https:\/\/i0.wp.com\/www.robertosedda.it\/wp-content\/uploads\/2015\/03\/Di-che-colore.jpg?resize=150%2C104 150w, https:\/\/i0.wp.com\/www.robertosedda.it\/wp-content\/uploads\/2015\/03\/Di-che-colore.jpg?resize=300%2C207 300w, https:\/\/i0.wp.com\/www.robertosedda.it\/wp-content\/uploads\/2015\/03\/Di-che-colore.jpg?resize=50%2C35 50w, https:\/\/i0.wp.com\/www.robertosedda.it\/wp-content\/uploads\/2015\/03\/Di-che-colore.jpg?w=620 620w\" sizes=\"(max-width: 510px) 100vw, 510px\" data-recalc-dims=\"1\" \/><\/a><\/figure><\/div>\n\n\n\n<p>Va bene, credo che chiunque la settimana scorsa avesse un accesso alla rete sia stato coinvolto nella <a href=\"http:\/\/www.ilpost.it\/2015\/02\/28\/vestito-bianco-oro-blu-nero-spiegazione\/\"><em>querelle<\/em> sul colore del famoso abito<\/a>.<\/p>\n\n\n\n<p>Questo articolo&nbsp;<em>non&nbsp;<\/em> parler\u00e0 di questo.<\/p>\n\n\n\n<p>Il fatto \u00e8 che&nbsp;a margine&nbsp;di tutta la questione mi \u00e8 capitato di leggere <a href=\"http:\/\/uk.businessinsider.com\/what-is-blue-and-how-do-we-see-color-2015-2\">un articolo interessante su&nbsp;<em>Business Insider<\/em><\/a> che riguarda il modo con cui vediamo i colori e come li vedevano nell&#8217;antichit\u00e0, un articolo curioso e brillante che ho voluto tradurre (il titolo originale era:<em>&nbsp;No one could see the color blue until modern times<\/em>).<\/p>\n\n\n\n<p>L&#8217;articolo fa riferimento&nbsp;alla <a href=\"http:\/\/www.radiolab.org\/story\/211119-colors\/\">trasmissione radiofonica&nbsp;<em>Radiolab<\/em><\/a>: pur trattandosi in entrambi i casi di (buona) divulgazione scientifica &#8211; e infatti l&#8217;ho tradotto &#8211; qualche cautela va adottata:&nbsp;l&#8217;incrocio fra biologia e psicologia cognitiva \u00e8 piuttosto scivoloso e i rischi di partire per la tangente non sono pochi. E validare o smentire la teoria esposta richiede in parte una competenza filologica che io non possiedo.<\/p>\n\n\n\n<p>Per\u00f2 \u00e8 davvero un bell&#8217;articolo, e merita.<\/p>\n\n\n\n<p>Colgo anche l&#8217;occasione per un&#8217;altra segnalazione. Come vedrete l&#8217;articolo prende spunto &#8211; oltre che dal famoso abito &#8211; dall&#8217;espressione di Omero&nbsp;<em>\u03bf\u1f34\u03bd\u03bf\u03c0\u03b1 &nbsp;\u03c0\u03cc\u03bd\u03c4\u03bf\u03bd<\/em>, che in italiano&nbsp;\u00e8 resa come &#8220;mare color del vino&#8221; e in inglese con l&#8217;espressione, comune a ogni lettore colto,&nbsp;<em>the&nbsp;<\/em><em>wine-dark sea<\/em>. Non lo sapevo ma l&#8217;espressione \u00e8 cos\u00ec frequentemente citata &#8211; probabilmente come in italiano certi versi di Dante &#8211; che \u00e8 da tempo che l&#8217;idea che il mare sia colore del vino fa problema ai lettori pi\u00f9 attenti, generando una serie di dibattiti piuttosto complessi e reiterati nel tempo. Seguendo queste tracce ho scoperto <a href=\"http:\/\/hour25.heroesx.chs.harvard.edu\/\">il&nbsp;sito meraviglioso <em>Hour25<\/em><\/a> del centro di studi sulla Grecia classica dell&#8217;Universit\u00e0 di Harvard (con <a href=\"https:\/\/www.edx.org\/course\/ancient-greek-hero-24-hours-hours-1-5-harvardx-hum2-1x#.VPXTcHyG9sV\">il&nbsp;progetto gemello&nbsp;<em>HeroesX<\/em><\/a>, su cosa volesse dire essere un eroe dell&#8217;antica Grecia). Fra le mille cose di&nbsp;<em>Hour25<\/em> c&#8217;\u00e8 u<a href=\"http:\/\/hour25.heroesx.chs.harvard.edu\/?p=5522\">n <em>intero<\/em> gruppo di studio sul mare color del vino<\/a>, con una serie di articoli davvero imperdibili. Se fra i miei lettori ci sono insegnanti di lettere o meglio ancora di greco non possono perdere l&#8217;occasione di darci un&#8217;occhiata (oh, che meravigliosi progetti didattici si potrebbero immaginare&#8230;).<\/p>\n\n\n\n<p>Un&#8217;ultima nota: le immagini, per motivi che capirete man mano, sono quelle dell&#8217;articolo originale, tranne le prime due, che sono&nbsp;mie.<\/p>\n\n\n\n<h2>Nessuno poteva vedere il blu fino ai giorni nostri<\/h2>\n\n\n\n<h3>di Kevin Loria<\/h3>\n\n\n\n<p>Questo non \u00e8 un altro articolo su <a href=\"http:\/\/www.businessinsider.com\/white-and-gold-black-and-blue-dress-2015-2\">quel vestito<\/a>, o almeno, non realmente.<\/p>\n\n\n\n<figure class=\"wp-block-image alignwide\"><a href=\"https:\/\/i0.wp.com\/www.robertosedda.it\/wp-content\/uploads\/2014\/04\/cropped-Sella-del-Diavolo-9.jpg\"><img data-attachment-id=\"7177\" data-permalink=\"http:\/\/www.robertosedda.it\/?attachment_id=7177\" data-orig-file=\"https:\/\/i0.wp.com\/www.robertosedda.it\/wp-content\/uploads\/2014\/04\/cropped-Sella-del-Diavolo-9.jpg?fit=1082%2C811\" data-orig-size=\"1082,811\" data-comments-opened=\"1\" data-image-meta=\"{&quot;aperture&quot;:&quot;5.5&quot;,&quot;credit&quot;:&quot;&quot;,&quot;camera&quot;:&quot;F8035&quot;,&quot;caption&quot;:&quot;&quot;,&quot;created_timestamp&quot;:&quot;1398099483&quot;,&quot;copyright&quot;:&quot;&quot;,&quot;focal_length&quot;:&quot;5.7&quot;,&quot;iso&quot;:&quot;80&quot;,&quot;shutter_speed&quot;:&quot;0.002678&quot;,&quot;title&quot;:&quot;YASHICA Digital Camera&quot;}\" data-image-title=\"cropped-Sella-del-Diavolo-9.jpg\" data-image-description=\"&lt;p&gt;https:\/\/i0.wp.com\/www.robertosedda.it\/wp-content\/uploads\/2014\/04\/cropped-Sella-del-Diavolo-9.jpg?resize=800%2C600&lt;\/p&gt;\n\" data-image-caption=\"\" data-medium-file=\"https:\/\/i0.wp.com\/www.robertosedda.it\/wp-content\/uploads\/2014\/04\/cropped-Sella-del-Diavolo-9.jpg?fit=300%2C224\" data-large-file=\"https:\/\/i0.wp.com\/www.robertosedda.it\/wp-content\/uploads\/2014\/04\/cropped-Sella-del-Diavolo-9.jpg?fit=510%2C382\" decoding=\"async\" loading=\"lazy\" width=\"800\" height=\"600\" src=\"https:\/\/i0.wp.com\/www.robertosedda.it\/wp-content\/uploads\/2014\/04\/cropped-Sella-del-Diavolo-9.jpg?resize=800%2C600\" alt=\"cropped-Sella-del-Diavolo-9.jpg\" class=\"wp-image-7177\" srcset=\"https:\/\/i0.wp.com\/www.robertosedda.it\/wp-content\/uploads\/2014\/04\/cropped-Sella-del-Diavolo-9.jpg?w=1082 1082w, https:\/\/i0.wp.com\/www.robertosedda.it\/wp-content\/uploads\/2014\/04\/cropped-Sella-del-Diavolo-9.jpg?resize=150%2C112 150w, https:\/\/i0.wp.com\/www.robertosedda.it\/wp-content\/uploads\/2014\/04\/cropped-Sella-del-Diavolo-9.jpg?resize=300%2C224 300w, https:\/\/i0.wp.com\/www.robertosedda.it\/wp-content\/uploads\/2014\/04\/cropped-Sella-del-Diavolo-9.jpg?resize=510%2C382 510w, https:\/\/i0.wp.com\/www.robertosedda.it\/wp-content\/uploads\/2014\/04\/cropped-Sella-del-Diavolo-9.jpg?resize=268%2C200 268w, https:\/\/i0.wp.com\/www.robertosedda.it\/wp-content\/uploads\/2014\/04\/cropped-Sella-del-Diavolo-9.jpg?resize=700%2C524 700w\" sizes=\"(max-width: 800px) 100vw, 800px\" data-recalc-dims=\"1\" \/><\/a><figcaption>Cagliari: il Golfo degli Angeli visto dalla Sella del Diavolo<\/figcaption><\/figure>\n\n\n\n<p>Riguarda invece il modo con il quale gli esseri umani vedono il mondo e il fatto che finch\u00e9 non abbiamo il modo di descrivere qualcosa, anche qualcosa di cos\u00ec basilare come un colore, possiamo perfino non accorgerci della sua presenza.<\/p>\n\n\n\n<p>Fino a tempi relativamente recenti della storia umana il &#8220;blu&#8221; non esisteva, non nel modo con il quale lo pensiamo.<\/p>\n\n\n\n<p>Come viene raccontato nel <a href=\"http:\/\/www.radiolab.org\/story\/211119-colors\/\">delizioso episodio&nbsp;<em>Colori<\/em> di&nbsp;<em>Radiolab<\/em><\/a>&nbsp;le lingue antiche non avevano una parola per il blu &#8211; non il greco, non il cinese, non il giapponese e nemmeno l&#8217;ebreo. E senza una parola per il colore, ci sono prove a sostegno della teoria che possano non averlo visto affatto.<\/p>\n\n\n\n<h3>Come ci siamo accorti che il blu mancava<\/h3>\n\n\n\n<p>\u00c8 noto che nell&#8217;<em>Odissea<\/em> Omero descrive il \u00abmare colore del vino\u00bb. Ma perch\u00e9&nbsp;<em>colore del vino<\/em> e non blu scuro o verde?<\/p>\n\n\n\n<p>Nel 1858 uno studioso di nome William Gladstone, che sarebbe poi diventato Primo Ministro della Gran Bretagna, si accorse che questa non era la sola curiosa descrizione di un colore. Sebbene il poeta impieghi pagine e pagine in intricate descrizioni di vesti, armature, armi, visi, animali e altro, i suoi riferimenti ai colori sono strani. Il ferro e le pecore sono viola; il miele \u00e8 verde.<\/p>\n\n\n\n<p>Cos\u00ec Gladstone decise di contare i riferimenti ai colori nel libro. E mentre il nero \u00e8 menzionato duecento volte e il bianco circa cento, gli altri colori sono rari. Il rosso \u00e8 citato meno di quindici volte e il giallo e il verde meno di dieci. Gladstone inizi\u00f2 a verificare altri testi greci antichi e si accorse dello stesso fatto &#8211; non c&#8217;era mai niente descritto come &#8220;blu&#8221;. La parola non esisteva nemmeno.<\/p>\n\n\n\n<p>Sembrava che i Greci vivessero in un mondo&nbsp;scuro e fangoso, privo di colori, principalmente&nbsp;a tinte bianche e nere e metalliche, con l&#8217;occasionale lampo di rosso o giallo.<\/p>\n\n\n\n<p>Gladostone pens\u00f2 che questo fosse forse qualcosa di riferibile unicamente ai Greci, ma un filologo di nome Lazarus Geiger prosegu\u00ec il suo lavoro e si accorse che questo fatto&nbsp;attraversava le culture.<\/p>\n\n\n\n<p>Studi\u00f2 le saghe islandesi, il Corano, le antiche storie cinesi e una versione della Bibbia in ebraico antico. A&nbsp;proposito degli inni Vedici scrisse: \u00abQuesti inni, di pi\u00f9 di diecimila versi, pullulano di descrizioni celesti. Quasi nessun altro argomento \u00e8 evocato con maggiore frequenza. Il sole e il gioco rosseggiante dell&#8217;alba, il giorno e la notte, nuvole e fulmini, l&#8217;aria e l&#8217;etere, tutto ci\u00f2 si dispiega davanti a noi, ancora e ancora&#8230; ma c&#8217;\u00e8 qualcosa che nessuno potrebbe imparare da questi antichi canti&#8230; e&nbsp;cio\u00e8&nbsp;che il cielo \u00e8 blu\u00bb.<\/p>\n\n\n\n<p>Non c&#8217;era blu, non nel senso con cui noi conosciamo il colore &#8211; non veniva distinto dal verde o da sfumature pi\u00f9 scure.<\/p>\n\n\n\n<p>Geiger si mise a cercare quando il &#8220;blu&#8221; avesse cominciato ad apparire nelle varie lingue e trov\u00f2 uno strano schema ricorrente su tutto il mondo.<\/p>\n\n\n\n<p>Ogni lingua aveva dapprima una parola per il bianco e il nero, o per il chiaro e lo scuro. La parola successiva a giungere in esistenza per indicare un colore &nbsp;&#8211; in ogni linguaggio studiato in giro per il mondo &#8211; era il rosso, il colore del sangue e del vino.<\/p>\n\n\n\n<p>Dopo il rosso, storicamente, compare il giallo e, in seguito, il verde (sebbene in un paio di lingue il giallo e il verde si scambino di posto). L&#8217;ultimo di questi colori a comparire in ogni lingua \u00e8 il blu.<\/p>\n\n\n\n<p>La sola cultura antica a sviluppare una parola per il blu fu quella degli Egiziani &#8211; e come capita, essi erano anche la sola cultura che era in grado di produrre una tintura blu.<\/p>\n\n\n\n<p>Se vi fermate a riflettere, il blu non appare spesso in natura &#8211; non ci sono quasi animali blu, gli occhi azzurri sono rari e i fiori blu sono quasi sempre creazioni artificiali. C&#8217;\u00e8, naturalmente, il cielo, ma \u00e8 davvero blu? Come abbiamo visto nel lavoro di Geiger, anche scritti che contemplano continuamente il cielo non necessariamente lo vedono come &#8220;blu&#8221;.<\/p>\n\n\n\n<p>E infatti uno studioso con il quale&nbsp;<em>Radiolab<\/em>&nbsp;si \u00e8 messa in contatto &#8211;&nbsp;Guy Deutscher, l&#8217;autore di&nbsp;<a href=\"http:\/\/www.bollatiboringhieri.it\/\"><em>La lingua colora il mondo. Come le parole deformano la realt\u00e0 <\/em><\/a>&#8211;&nbsp;ha condotto un esperimento estemporaneo al proposito. In teoria una delle prime domande dei bambini \u00e8: \u00abPerch\u00e9 il cielo \u00e8 blu?\u00bb. Cos\u00ec ha educato sua figlia&nbsp;facendo attenzione a non descriverle mai il colore del cielo, e poi un giorno le ha domandato, mentre guardava in alto, che colore vedesse.<\/p>\n\n\n\n<div class=\"wp-block-image\"><figure class=\"alignright\"><a href=\"https:\/\/i0.wp.com\/www.robertosedda.it\/wp-content\/uploads\/2014\/04\/Sella-del-Diavolo-12.jpg\"><img data-attachment-id=\"7145\" data-permalink=\"http:\/\/www.robertosedda.it\/?attachment_id=7145\" data-orig-file=\"https:\/\/i0.wp.com\/www.robertosedda.it\/wp-content\/uploads\/2014\/04\/Sella-del-Diavolo-12.jpg?fit=1600%2C1200\" data-orig-size=\"1600,1200\" data-comments-opened=\"1\" data-image-meta=\"{&quot;aperture&quot;:&quot;5.5&quot;,&quot;credit&quot;:&quot;&quot;,&quot;camera&quot;:&quot;F8035&quot;,&quot;caption&quot;:&quot;&quot;,&quot;created_timestamp&quot;:&quot;1398099682&quot;,&quot;copyright&quot;:&quot;&quot;,&quot;focal_length&quot;:&quot;5.7&quot;,&quot;iso&quot;:&quot;80&quot;,&quot;shutter_speed&quot;:&quot;0.00464&quot;,&quot;title&quot;:&quot;YASHICA Digital Camera&quot;}\" data-image-title=\"YASHICA Digital Camera\" data-image-description=\"\" data-image-caption=\"\" data-medium-file=\"https:\/\/i0.wp.com\/www.robertosedda.it\/wp-content\/uploads\/2014\/04\/Sella-del-Diavolo-12.jpg?fit=300%2C225\" data-large-file=\"https:\/\/i0.wp.com\/www.robertosedda.it\/wp-content\/uploads\/2014\/04\/Sella-del-Diavolo-12.jpg?fit=510%2C383\" decoding=\"async\" loading=\"lazy\" width=\"800\" height=\"600\" src=\"https:\/\/i0.wp.com\/www.robertosedda.it\/wp-content\/uploads\/2014\/04\/Sella-del-Diavolo-12.jpg?resize=800%2C600\" alt=\"YASHICA Digital Camera\" class=\"wp-image-7145\" srcset=\"https:\/\/i0.wp.com\/www.robertosedda.it\/wp-content\/uploads\/2014\/04\/Sella-del-Diavolo-12.jpg?w=1600 1600w, https:\/\/i0.wp.com\/www.robertosedda.it\/wp-content\/uploads\/2014\/04\/Sella-del-Diavolo-12.jpg?resize=150%2C112 150w, https:\/\/i0.wp.com\/www.robertosedda.it\/wp-content\/uploads\/2014\/04\/Sella-del-Diavolo-12.jpg?resize=300%2C225 300w, https:\/\/i0.wp.com\/www.robertosedda.it\/wp-content\/uploads\/2014\/04\/Sella-del-Diavolo-12.jpg?resize=1024%2C768 1024w, https:\/\/i0.wp.com\/www.robertosedda.it\/wp-content\/uploads\/2014\/04\/Sella-del-Diavolo-12.jpg?resize=268%2C200 268w, https:\/\/i0.wp.com\/www.robertosedda.it\/wp-content\/uploads\/2014\/04\/Sella-del-Diavolo-12.jpg?resize=700%2C525 700w\" sizes=\"(max-width: 800px) 100vw, 800px\" data-recalc-dims=\"1\" \/><\/a><figcaption>Di che colore sarebbe il cielo?<\/figcaption><\/figure><\/div>\n\n\n\n<p>Alma, la figlia di Deutscher, non ne aveva idea. Il cielo era privo di colore. Alla fine decise che era bianco, e in seguito, che dopotutto era blu. Quindi il blu non \u00e8 stato la prima risposta che ha dato o verso cui si \u00e8 orientata, sebbene sia quel che ha scelto alla fine.<\/p>\n\n\n\n<h3>E quindi prima di avere a disposizione una parola adatta, le persone non vedevano naturalmente il blu?<\/h3>\n\n\n\n<p>Questa \u00e8 la parte che diventa un po&#8217; complicata, perch\u00e9 noi non sappiamo esattamente che cosa passasse per la testa di Omero quando descriveva il mare color del vino o la pecora viola &#8211; ma sappiamo che gli antichi Greci e altri nel mondo antico avevano le nostre stesse caratteristiche biologiche e perci\u00f2 la stessa capacit\u00e0 di vedere i colori.<\/p>\n\n\n\n<p>Ma si pu\u00f2 realmente vedere qualcosa se non si ha una parola per indicarla?<\/p>\n\n\n\n<div class=\"wp-block-image\"><figure class=\"aligncenter\"><a href=\"https:\/\/i0.wp.com\/www.robertosedda.it\/wp-content\/uploads\/2015\/03\/Hamba-blu-verde.jpg\"><img data-attachment-id=\"9715\" data-permalink=\"http:\/\/www.robertosedda.it\/?attachment_id=9715\" data-orig-file=\"https:\/\/i0.wp.com\/www.robertosedda.it\/wp-content\/uploads\/2015\/03\/Hamba-blu-verde.jpg?fit=1200%2C675\" data-orig-size=\"1200,675\" data-comments-opened=\"1\" data-image-meta=\"{&quot;aperture&quot;:&quot;0&quot;,&quot;credit&quot;:&quot;&quot;,&quot;camera&quot;:&quot;&quot;,&quot;caption&quot;:&quot;&quot;,&quot;created_timestamp&quot;:&quot;0&quot;,&quot;copyright&quot;:&quot;&quot;,&quot;focal_length&quot;:&quot;0&quot;,&quot;iso&quot;:&quot;0&quot;,&quot;shutter_speed&quot;:&quot;0&quot;,&quot;title&quot;:&quot;&quot;,&quot;orientation&quot;:&quot;0&quot;}\" data-image-title=\"Himba blu verde\" data-image-description=\"\" data-image-caption=\"\" data-medium-file=\"https:\/\/i0.wp.com\/www.robertosedda.it\/wp-content\/uploads\/2015\/03\/Hamba-blu-verde.jpg?fit=300%2C169\" data-large-file=\"https:\/\/i0.wp.com\/www.robertosedda.it\/wp-content\/uploads\/2015\/03\/Hamba-blu-verde.jpg?fit=510%2C287\" decoding=\"async\" loading=\"lazy\" width=\"800\" height=\"450\" src=\"https:\/\/i0.wp.com\/www.robertosedda.it\/wp-content\/uploads\/2015\/03\/Hamba-blu-verde.jpg?resize=800%2C450\" alt=\"Himba blu verde\" class=\"wp-image-9715\" srcset=\"https:\/\/i0.wp.com\/www.robertosedda.it\/wp-content\/uploads\/2015\/03\/Hamba-blu-verde.jpg?w=1200 1200w, https:\/\/i0.wp.com\/www.robertosedda.it\/wp-content\/uploads\/2015\/03\/Hamba-blu-verde.jpg?resize=150%2C84 150w, https:\/\/i0.wp.com\/www.robertosedda.it\/wp-content\/uploads\/2015\/03\/Hamba-blu-verde.jpg?resize=300%2C169 300w, https:\/\/i0.wp.com\/www.robertosedda.it\/wp-content\/uploads\/2015\/03\/Hamba-blu-verde.jpg?resize=510%2C287 510w, https:\/\/i0.wp.com\/www.robertosedda.it\/wp-content\/uploads\/2015\/03\/Hamba-blu-verde.jpg?resize=700%2C394 700w, https:\/\/i0.wp.com\/www.robertosedda.it\/wp-content\/uploads\/2015\/03\/Hamba-blu-verde.jpg?resize=50%2C28 50w\" sizes=\"(max-width: 800px) 100vw, 800px\" data-recalc-dims=\"1\" \/><\/a><\/figure><\/div>\n\n\n\n<p>Un ricercatore di nome Jules Davidoff si \u00e8 recato in Namibia per indagare sull&#8217;argomento, e l\u00ec ha condotto un esperimento con la trib\u00f9 degli Himba, che parla una lingua in cui non c&#8217;\u00e8 parola che indichi il blu e non si differenzia fra blu e verde.<\/p>\n\n\n\n<p>Quando agli Himba venne mostrato un circolo composto da undici quadrati verdi e uno blu non sono stati&nbsp;in grado di indicare quale fosse differente dagli altri &#8211; oppure&nbsp;quelli che riuscivano a vedere una differenza impiegavano molto pi\u00f9 tempo e e facevano pi\u00f9 errori di quanto sia comprensibile per noi, che possiamo vedere con evidenza il quadrato blu.<\/p>\n\n\n\n<p>Ma gli Himba hanno pi\u00f9 parole per indicare varie sfumature di verde di quante ne esistano in inglese <em>[e presumibilmente in italiano, NdRufus]<\/em>.<\/p>\n\n\n\n<div class=\"wp-block-image\"><figure class=\"aligncenter\"><a href=\"https:\/\/i0.wp.com\/www.robertosedda.it\/wp-content\/uploads\/2015\/03\/Cinquata-sfumature-di-verde-1.jpg\"><img data-attachment-id=\"9718\" data-permalink=\"http:\/\/www.robertosedda.it\/?attachment_id=9718\" data-orig-file=\"https:\/\/i0.wp.com\/www.robertosedda.it\/wp-content\/uploads\/2015\/03\/Cinquata-sfumature-di-verde-1.jpg?fit=1200%2C675\" data-orig-size=\"1200,675\" data-comments-opened=\"1\" data-image-meta=\"{&quot;aperture&quot;:&quot;0&quot;,&quot;credit&quot;:&quot;&quot;,&quot;camera&quot;:&quot;&quot;,&quot;caption&quot;:&quot;&quot;,&quot;created_timestamp&quot;:&quot;0&quot;,&quot;copyright&quot;:&quot;&quot;,&quot;focal_length&quot;:&quot;0&quot;,&quot;iso&quot;:&quot;0&quot;,&quot;shutter_speed&quot;:&quot;0&quot;,&quot;title&quot;:&quot;&quot;,&quot;orientation&quot;:&quot;0&quot;}\" data-image-title=\"Cinquata sfumature di verde 1\" data-image-description=\"\" data-image-caption=\"\" data-medium-file=\"https:\/\/i0.wp.com\/www.robertosedda.it\/wp-content\/uploads\/2015\/03\/Cinquata-sfumature-di-verde-1.jpg?fit=300%2C169\" data-large-file=\"https:\/\/i0.wp.com\/www.robertosedda.it\/wp-content\/uploads\/2015\/03\/Cinquata-sfumature-di-verde-1.jpg?fit=510%2C287\" decoding=\"async\" loading=\"lazy\" width=\"800\" height=\"450\" src=\"https:\/\/i0.wp.com\/www.robertosedda.it\/wp-content\/uploads\/2015\/03\/Cinquata-sfumature-di-verde-1.jpg?resize=800%2C450\" alt=\"Cinquata sfumature di verde 1\" class=\"wp-image-9718\" srcset=\"https:\/\/i0.wp.com\/www.robertosedda.it\/wp-content\/uploads\/2015\/03\/Cinquata-sfumature-di-verde-1.jpg?w=1200 1200w, https:\/\/i0.wp.com\/www.robertosedda.it\/wp-content\/uploads\/2015\/03\/Cinquata-sfumature-di-verde-1.jpg?resize=150%2C84 150w, https:\/\/i0.wp.com\/www.robertosedda.it\/wp-content\/uploads\/2015\/03\/Cinquata-sfumature-di-verde-1.jpg?resize=300%2C169 300w, https:\/\/i0.wp.com\/www.robertosedda.it\/wp-content\/uploads\/2015\/03\/Cinquata-sfumature-di-verde-1.jpg?resize=510%2C287 510w, https:\/\/i0.wp.com\/www.robertosedda.it\/wp-content\/uploads\/2015\/03\/Cinquata-sfumature-di-verde-1.jpg?resize=700%2C394 700w, https:\/\/i0.wp.com\/www.robertosedda.it\/wp-content\/uploads\/2015\/03\/Cinquata-sfumature-di-verde-1.jpg?resize=50%2C28 50w\" sizes=\"(max-width: 800px) 100vw, 800px\" data-recalc-dims=\"1\" \/><\/a><\/figure><\/div>\n\n\n\n<p>Quando posti davanti a un cerchio di quadretti verdi di cui uno solo in una tinta lievemente differente, essi riuscivano immediatamente a indicare quello speciale. Voi ci riuscite?<\/p>\n\n\n\n<p>Per la maggior parte di noi, \u00e8 pi\u00f9 difficile.<\/p>\n\n\n\n<div class=\"wp-block-image\"><figure class=\"aligncenter\"><a href=\"https:\/\/i0.wp.com\/www.robertosedda.it\/wp-content\/uploads\/2015\/03\/Cinquanta-sfumature-di-verde-2.jpg\"><img data-attachment-id=\"9719\" data-permalink=\"http:\/\/www.robertosedda.it\/?attachment_id=9719\" data-orig-file=\"https:\/\/i0.wp.com\/www.robertosedda.it\/wp-content\/uploads\/2015\/03\/Cinquanta-sfumature-di-verde-2.jpg?fit=1200%2C675\" data-orig-size=\"1200,675\" data-comments-opened=\"1\" data-image-meta=\"{&quot;aperture&quot;:&quot;0&quot;,&quot;credit&quot;:&quot;&quot;,&quot;camera&quot;:&quot;&quot;,&quot;caption&quot;:&quot;&quot;,&quot;created_timestamp&quot;:&quot;0&quot;,&quot;copyright&quot;:&quot;&quot;,&quot;focal_length&quot;:&quot;0&quot;,&quot;iso&quot;:&quot;0&quot;,&quot;shutter_speed&quot;:&quot;0&quot;,&quot;title&quot;:&quot;&quot;,&quot;orientation&quot;:&quot;0&quot;}\" data-image-title=\"Cinquanta sfumature di verde 2\" data-image-description=\"\" data-image-caption=\"\" data-medium-file=\"https:\/\/i0.wp.com\/www.robertosedda.it\/wp-content\/uploads\/2015\/03\/Cinquanta-sfumature-di-verde-2.jpg?fit=300%2C169\" data-large-file=\"https:\/\/i0.wp.com\/www.robertosedda.it\/wp-content\/uploads\/2015\/03\/Cinquanta-sfumature-di-verde-2.jpg?fit=510%2C287\" decoding=\"async\" loading=\"lazy\" width=\"800\" height=\"450\" src=\"https:\/\/i0.wp.com\/www.robertosedda.it\/wp-content\/uploads\/2015\/03\/Cinquanta-sfumature-di-verde-2.jpg?resize=800%2C450\" alt=\"Cinquanta sfumature di verde 2\" class=\"wp-image-9719\" srcset=\"https:\/\/i0.wp.com\/www.robertosedda.it\/wp-content\/uploads\/2015\/03\/Cinquanta-sfumature-di-verde-2.jpg?w=1200 1200w, https:\/\/i0.wp.com\/www.robertosedda.it\/wp-content\/uploads\/2015\/03\/Cinquanta-sfumature-di-verde-2.jpg?resize=150%2C84 150w, https:\/\/i0.wp.com\/www.robertosedda.it\/wp-content\/uploads\/2015\/03\/Cinquanta-sfumature-di-verde-2.jpg?resize=300%2C169 300w, https:\/\/i0.wp.com\/www.robertosedda.it\/wp-content\/uploads\/2015\/03\/Cinquanta-sfumature-di-verde-2.jpg?resize=510%2C287 510w, https:\/\/i0.wp.com\/www.robertosedda.it\/wp-content\/uploads\/2015\/03\/Cinquanta-sfumature-di-verde-2.jpg?resize=700%2C394 700w, https:\/\/i0.wp.com\/www.robertosedda.it\/wp-content\/uploads\/2015\/03\/Cinquanta-sfumature-di-verde-2.jpg?resize=50%2C28 50w\" sizes=\"(max-width: 800px) 100vw, 800px\" data-recalc-dims=\"1\" \/><\/a><\/figure><\/div>\n\n\n\n<p>Il quadratino speciale era questo:<\/p>\n\n\n\n<p>Davidoff sostiene che senza una parola per il colore, senza un modo per identificarlo in maniera differente, \u00e8 molto pi\u00f9 difficile per noi notare ci\u00f2 che \u00e8&nbsp;unico in esso&nbsp;&#8211; anche se i nostri occhi vedono i quadretti allo stesso modo.<\/p>\n\n\n\n<p>E quindi prima che il blu diventasse un concetto comune, forse gli umani lo vedevano. Ma sembra che non sapessero di vederlo.<\/p>\n\n\n\n<p>Se vedete qualcosa ma contemporaneamente non lo vedete, esiste? I colori sono giunti all&#8217;esistenza nell&#8217;arco degli anni? &nbsp;Tecnicamente no, ma la nostra abilit\u00e0 di riconoscerli pu\u00f2 averlo fatto&#8230;<\/p>\n\n\n\n<p>Per altre informazioni sui colori, comprese notizie su come delle donne con la <em>supervista<\/em> possono vedere colori nel cielo dei quali nessuno si \u00e8 mai immaginato l&#8217;esistenza, ascoltate <a href=\"http:\/\/www.radiolab.org\/story\/211119-colors\/\">l&#8217;intero episodio di&nbsp;<em>Radiolab<\/em><\/a>.<\/p>\n","protected":false},"excerpt":{"rendered":"<p>Va bene, credo che chiunque la settimana scorsa avesse un accesso alla rete sia stato coinvolto nella querelle sul colore<\/p>\n","protected":false},"author":1,"featured_media":9715,"comment_status":"open","ping_status":"open","sticky":false,"template":"","format":"standard","meta":{"_mi_skip_tracking":false,"_monsterinsights_sitenote_active":false,"_monsterinsights_sitenote_note":"","_monsterinsights_sitenote_category":0,"jetpack_post_was_ever_published":false,"_jetpack_newsletter_access":"","jetpack_publicize_message":"","jetpack_is_tweetstorm":false,"jetpack_publicize_feature_enabled":true,"jetpack_social_post_already_shared":true,"jetpack_social_options":{"image_generator_settings":{"template":"highway","enabled":false}}},"categories":[97,52,57,17,16],"tags":[],"jetpack_publicize_connections":[],"jetpack_featured_media_url":"https:\/\/i0.wp.com\/www.robertosedda.it\/wp-content\/uploads\/2015\/03\/Hamba-blu-verde.jpg?fit=1200%2C675","jetpack_sharing_enabled":true,"jetpack_shortlink":"https:\/\/wp.me\/p4jV2T-2wB","jetpack_likes_enabled":true,"jetpack-related-posts":[{"id":12140,"url":"http:\/\/www.robertosedda.it\/?p=12140","url_meta":{"origin":9709,"position":0},"title":"Obama, l&#8217;uomo e il santo","author":"Rufus","date":"22\/06\/2016","format":false,"excerpt":"Bored Panda\u00a0dedica un breve ma interessante articolo al fotografo ufficiale di Obama, Pete Souza. Ci sono nell'articolo una ventina di foto che vale la pena di vedere (molte pi\u00f9 sull'account\u00a0ufficiale di Flickr\u00a0della Casa Bianca,\u00a0non solo per come sono fatte e per il grand'uomo che vi appare ma anche per i\u2026","rel":"","context":"In &quot;Coordinate&quot;","block_context":{"text":"Coordinate","link":"http:\/\/www.robertosedda.it\/?cat=52"},"img":{"alt_text":"","src":"https:\/\/i0.wp.com\/www.robertosedda.it\/wp-content\/uploads\/2016\/06\/Obama-Michelle.jpg?fit=880%2C587&resize=350%2C200","width":350,"height":200,"srcset":"https:\/\/i0.wp.com\/www.robertosedda.it\/wp-content\/uploads\/2016\/06\/Obama-Michelle.jpg?fit=880%2C587&resize=350%2C200 1x, https:\/\/i0.wp.com\/www.robertosedda.it\/wp-content\/uploads\/2016\/06\/Obama-Michelle.jpg?fit=880%2C587&resize=700%2C400 2x"},"classes":[]},{"id":16300,"url":"http:\/\/www.robertosedda.it\/?p=16300","url_meta":{"origin":9709,"position":1},"title":"Trova le somiglianze","author":"Rufus","date":"04\/03\/2019","format":false,"excerpt":"Anni fa stavo andando in aereo da qualche parte per Banca Etica e mi trovai in un aeroporto con un signore che aveva un elegante abito in velluto dal taglio molto tradizionale, una camicia bianca alla sarda, il bonnete e una folta barba bianca. Era cos\u00ec evidentemente e pienamente sardo\u2026","rel":"","context":"In &quot;Coordinate&quot;","block_context":{"text":"Coordinate","link":"http:\/\/www.robertosedda.it\/?cat=52"},"img":{"alt_text":"","src":"https:\/\/i0.wp.com\/www.robertosedda.it\/wp-content\/uploads\/2019\/03\/Rufus-velluto.jpg?fit=1200%2C913&resize=350%2C200","width":350,"height":200,"srcset":"https:\/\/i0.wp.com\/www.robertosedda.it\/wp-content\/uploads\/2019\/03\/Rufus-velluto.jpg?fit=1200%2C913&resize=350%2C200 1x, https:\/\/i0.wp.com\/www.robertosedda.it\/wp-content\/uploads\/2019\/03\/Rufus-velluto.jpg?fit=1200%2C913&resize=700%2C400 2x, https:\/\/i0.wp.com\/www.robertosedda.it\/wp-content\/uploads\/2019\/03\/Rufus-velluto.jpg?fit=1200%2C913&resize=1050%2C600 3x"},"classes":[]},{"id":8717,"url":"http:\/\/www.robertosedda.it\/?p=8717","url_meta":{"origin":9709,"position":2},"title":"Quel che succede quando ti capita di sposarti","author":"Rufus","date":"20\/10\/2014","format":false,"excerpt":"Oggi \u00e8 il nostro anniversario di matrimonio (sono tredici anni, di gi\u00e0). E cos\u00ec l'altro giorno mi sono tornate in mente, all'improvviso, un po' di cose capitate all'epoca del matrimonio. Ci avevo perfino elaborato sopra una teoria, ai tempi, detta degli sposi come fornitori di servizi. Mi sembra l'occasione buona\u2026","rel":"","context":"In &quot;Coordinate&quot;","block_context":{"text":"Coordinate","link":"http:\/\/www.robertosedda.it\/?cat=52"},"img":{"alt_text":"","src":"https:\/\/i0.wp.com\/www.robertosedda.it\/wp-content\/uploads\/2014\/10\/Matrimonio001.jpg?fit=373%2C568&resize=350%2C200","width":350,"height":200},"classes":[]},{"id":14669,"url":"http:\/\/www.robertosedda.it\/?p=14669","url_meta":{"origin":9709,"position":3},"title":"Povera donna","author":"Rufus","date":"12\/02\/2018","format":false,"excerpt":"Non so se ricordate Nikita Kl\u00e6strup, la giovane attivista politica danese di cui ho parlato un paio di anni fa. Questa. Seguo Nikita su Instagram dall'epoca dell'articolo, anche se raramente la vedo comparire nel mio feed. Questa volta l'ho vista e ho realizzato che il dubbio dell'articolo originale - se\u2026","rel":"","context":"In &quot;Coordinate&quot;","block_context":{"text":"Coordinate","link":"http:\/\/www.robertosedda.it\/?cat=52"},"img":{"alt_text":"","src":"https:\/\/i0.wp.com\/www.robertosedda.it\/wp-content\/uploads\/2018\/02\/Nilita-Klaestrup.png?fit=937%2C451&resize=350%2C200","width":350,"height":200,"srcset":"https:\/\/i0.wp.com\/www.robertosedda.it\/wp-content\/uploads\/2018\/02\/Nilita-Klaestrup.png?fit=937%2C451&resize=350%2C200 1x, https:\/\/i0.wp.com\/www.robertosedda.it\/wp-content\/uploads\/2018\/02\/Nilita-Klaestrup.png?fit=937%2C451&resize=700%2C400 2x"},"classes":[]},{"id":11403,"url":"http:\/\/www.robertosedda.it\/?p=11403","url_meta":{"origin":9709,"position":4},"title":"Ricordando Iside Spanu De Zolt","author":"Rufus","date":"15\/01\/2016","format":false,"excerpt":"Mi sono dimenticato di segnalare che sull'inserto diocesano\u00a0di Avvenire\u00a0del 20 dicembre scorso \u00e8 uscito un mio articolo dedicato a Iside De Zolt. Devo dire che, mentre ho molto apprezzato il fatto che l'Ufficio diocesano delle comunicazioni sociali\u00a0abbia deciso di ricordare Iside e di parlare, di conseguenza, di laici e di\u2026","rel":"","context":"In &quot;Coordinate&quot;","block_context":{"text":"Coordinate","link":"http:\/\/www.robertosedda.it\/?cat=52"},"img":{"alt_text":"","src":"","width":0,"height":0},"classes":[]},{"id":7034,"url":"http:\/\/www.robertosedda.it\/?p=7034","url_meta":{"origin":9709,"position":5},"title":"Auguri di Pasqua","author":"Rufus","date":"20\/04\/2014","format":false,"excerpt":"Un augurio di Pasqua con un testo biblico (Is 61,1-4) che non so perch\u00e9 \u00e8 pi\u00f9 spesso applicato al Natale, ma che a me sembra che ci stia proprio bene mentre si contempla quel sepolcro vuoto. Lo spirito del Signore Dio \u00e8 su di me perch\u00e9 il Signore mi ha\u2026","rel":"","context":"In &quot;Coordinate&quot;","block_context":{"text":"Coordinate","link":"http:\/\/www.robertosedda.it\/?cat=52"},"img":{"alt_text":"","src":"https:\/\/i0.wp.com\/www.robertosedda.it\/wp-content\/uploads\/2019\/04\/sepolcro-vuoto-2.jpg?fit=1200%2C645&resize=350%2C200","width":350,"height":200,"srcset":"https:\/\/i0.wp.com\/www.robertosedda.it\/wp-content\/uploads\/2019\/04\/sepolcro-vuoto-2.jpg?fit=1200%2C645&resize=350%2C200 1x, https:\/\/i0.wp.com\/www.robertosedda.it\/wp-content\/uploads\/2019\/04\/sepolcro-vuoto-2.jpg?fit=1200%2C645&resize=700%2C400 2x, https:\/\/i0.wp.com\/www.robertosedda.it\/wp-content\/uploads\/2019\/04\/sepolcro-vuoto-2.jpg?fit=1200%2C645&resize=1050%2C600 3x"},"classes":[]}],"_links":{"self":[{"href":"http:\/\/www.robertosedda.it\/index.php?rest_route=\/wp\/v2\/posts\/9709"}],"collection":[{"href":"http:\/\/www.robertosedda.it\/index.php?rest_route=\/wp\/v2\/posts"}],"about":[{"href":"http:\/\/www.robertosedda.it\/index.php?rest_route=\/wp\/v2\/types\/post"}],"author":[{"embeddable":true,"href":"http:\/\/www.robertosedda.it\/index.php?rest_route=\/wp\/v2\/users\/1"}],"replies":[{"embeddable":true,"href":"http:\/\/www.robertosedda.it\/index.php?rest_route=%2Fwp%2Fv2%2Fcomments&post=9709"}],"version-history":[{"count":12,"href":"http:\/\/www.robertosedda.it\/index.php?rest_route=\/wp\/v2\/posts\/9709\/revisions"}],"predecessor-version":[{"id":19710,"href":"http:\/\/www.robertosedda.it\/index.php?rest_route=\/wp\/v2\/posts\/9709\/revisions\/19710"}],"wp:featuredmedia":[{"embeddable":true,"href":"http:\/\/www.robertosedda.it\/index.php?rest_route=\/wp\/v2\/media\/9715"}],"wp:attachment":[{"href":"http:\/\/www.robertosedda.it\/index.php?rest_route=%2Fwp%2Fv2%2Fmedia&parent=9709"}],"wp:term":[{"taxonomy":"category","embeddable":true,"href":"http:\/\/www.robertosedda.it\/index.php?rest_route=%2Fwp%2Fv2%2Fcategories&post=9709"},{"taxonomy":"post_tag","embeddable":true,"href":"http:\/\/www.robertosedda.it\/index.php?rest_route=%2Fwp%2Fv2%2Ftags&post=9709"}],"curies":[{"name":"wp","href":"https:\/\/api.w.org\/{rel}","templated":true}]}}