{"id":9698,"date":"2015-03-02T10:02:20","date_gmt":"2015-03-02T09:02:20","guid":{"rendered":"http:\/\/www.robertosedda.it\/?p=9698"},"modified":"2023-03-07T12:33:46","modified_gmt":"2023-03-07T11:33:46","slug":"mondi-che-funzionano-le-slide","status":"publish","type":"post","link":"http:\/\/www.robertosedda.it\/?p=9698","title":{"rendered":"Mondi che funzionano. Le slide!"},"content":{"rendered":"<p>I <em>Fabbricastorie<\/em> hanno aperto ieri la nuova <a href=\"http:\/\/www.fabbricastorie.it\/formazione\/\">sezione del loro sito dedicata<\/a> alle varie attivit\u00e0 formative e, in generale, pi\u00f9 volte all&#8217;insegnare a giocare che non a giocare e basta. Ne fanno parte anche tutte quelle attivit\u00e0 in cui ci occupiamo di gioco a fini educativi o di formazione.<\/p>\n<p>\u00c8 una bella sezione &#8211; naturalmente io sono parte in causa e quindi non sono obiettivo &#8211; e mettendola in pista sono rimasto colpito dal fatto che abbiamo obiettivamente un sacco di carne al fuoco. Spesso ci viene da dirci che noi siamo un&#8217;associazione un po&#8217; <em>junior<\/em>, nel senso che non abbimao un grosso <em>curriculum<\/em>: in realt\u00e0 fra il libro, i seminari in corso e tutti gli altri progetti mi viene da pensare che cos\u00ec <em>junior<\/em> dopotutto non siamo.<\/p>\n<p>Nella sezione ci sono anche le mie <em>slide<\/em> del <a href=\"http:\/\/www.fabbricastorie.it\/fabbricar-storie-mondi-che-funzionano\/\">seminario su<\/a> <em>Mondi che funzionano<\/em> di ottobre, e quelle della replica pi\u00f9 volta a &#8220;mettere le mani in pasta&#8221; che ho proposto\u00a0 Firenze ai primi di gennaio. Nel secondo caso mi sono limitato ad adattare l&#8217;<a href=\"http:\/\/www.fabbricastorie.it\/fabbricar-storie-mondi-che-funzionano-hands-on\/\">attivit\u00e0 ideata e condotta da Andrea Salidu durante <em>Books<\/em><\/a>, ma nel primo caso ho lavorato parecchio e ci ho messo dentro molto del lavoro che sto facendo in questo periodo sulle narrazioni, quindi ammetto che tengo molto al risultato ottenuto, che non mi pare disprezzabile.<\/p>\n<p><iframe loading=\"lazy\" src=\"https:\/\/www.slideshare.net\/slideshow\/embed_code\/key\/at6Iru7NhNv8qV\" width=\"427\" height=\"356\" frameborder=\"0\" marginwidth=\"0\" marginheight=\"0\" scrolling=\"no\" style=\"border:1px solid #CCC; border-width:1px; margin-bottom:5px; max-width: 100%;\" allowfullscreen> <\/iframe> <\/p>\n<div style=\"margin-bottom:5px\"> <strong> <a href=\"https:\/\/www.slideshare.net\/RobertoSedda1\/mondi-che-funzionano\" title=\"Mondi che funzionano\" target=\"_blank\">Mondi che funzionano<\/a> <\/strong> from <strong><a href=\"https:\/\/www.slideshare.net\/RobertoSedda1\" target=\"_blank\">Roberto Sedda<\/a><\/strong> <\/div>\n<p><iframe loading=\"lazy\" src=\"https:\/\/www.slideshare.net\/slideshow\/embed_code\/key\/Iy9djC8dGGPf89\" width=\"427\" height=\"356\" frameborder=\"0\" marginwidth=\"0\" marginheight=\"0\" scrolling=\"no\" style=\"border:1px solid #CCC; border-width:1px; margin-bottom:5px; max-width: 100%;\" allowfullscreen> <\/iframe> <\/p>\n<div style=\"margin-bottom:5px\"> <strong> <a href=\"https:\/\/www.slideshare.net\/RobertoSedda1\/mondi-che-funzionano-hands-on-by-rufus\" title=\"Mondi che funzionano hands on!\" target=\"_blank\">Mondi che funzionano hands on!<\/a> <\/strong> from <strong><a href=\"https:\/\/www.slideshare.net\/RobertoSedda1\" target=\"_blank\">Roberto Sedda<\/a><\/strong> <\/div>\n","protected":false},"excerpt":{"rendered":"<p>I Fabbricastorie hanno aperto ieri la nuova sezione del loro sito dedicata alle varie attivit\u00e0 formative e, in generale, pi\u00f9<\/p>\n","protected":false},"author":1,"featured_media":9703,"comment_status":"open","ping_status":"open","sticky":false,"template":"","format":"standard","meta":{"_mi_skip_tracking":false,"_monsterinsights_sitenote_active":false,"_monsterinsights_sitenote_note":"","_monsterinsights_sitenote_category":0,"jetpack_post_was_ever_published":false,"_jetpack_newsletter_access":"","jetpack_publicize_message":"","jetpack_is_tweetstorm":false,"jetpack_publicize_feature_enabled":true,"jetpack_social_post_already_shared":true,"jetpack_social_options":{"image_generator_settings":{"template":"highway","enabled":false}}},"categories":[52,63,9,56],"tags":[],"jetpack_publicize_connections":[],"jetpack_featured_media_url":"https:\/\/i0.wp.com\/www.robertosedda.it\/wp-content\/uploads\/2015\/03\/Mondi-che-funzionano.jpg?fit=960%2C720","jetpack_sharing_enabled":true,"jetpack_shortlink":"https:\/\/wp.me\/p4jV2T-2wq","jetpack_likes_enabled":true,"jetpack-related-posts":[{"id":17806,"url":"http:\/\/www.robertosedda.it\/?p=17806","url_meta":{"origin":9698,"position":0},"title":"Qui non si fa letteratura","author":"Rufus","date":"13\/02\/2020","format":false,"excerpt":"Sabato sono stato invitato dal compare e compagno socio Fabbricastorie Andrea Assorgia a fare un seminario sulle narrazioni per gli alunni del primo anno della sua Game Maker Academy. Era anche l'ultima attivit\u00e0 ufficiale di PlayRooms, ma per fortuna il Centro proseguir\u00e0 l'attivit\u00e0, quindi niente tristezza. Devo dire che ho\u2026","rel":"","context":"In &quot;Cappe e spade&quot;","block_context":{"text":"Cappe e spade","link":"http:\/\/www.robertosedda.it\/?cat=70"},"img":{"alt_text":"","src":"https:\/\/i0.wp.com\/www.robertosedda.it\/wp-content\/uploads\/2020\/02\/Da-Propp-a-Vonnegut-GMA.jpg?fit=960%2C720&resize=350%2C200","width":350,"height":200,"srcset":"https:\/\/i0.wp.com\/www.robertosedda.it\/wp-content\/uploads\/2020\/02\/Da-Propp-a-Vonnegut-GMA.jpg?fit=960%2C720&resize=350%2C200 1x, https:\/\/i0.wp.com\/www.robertosedda.it\/wp-content\/uploads\/2020\/02\/Da-Propp-a-Vonnegut-GMA.jpg?fit=960%2C720&resize=700%2C400 2x"},"classes":[]},{"id":8655,"url":"http:\/\/www.robertosedda.it\/?p=8655","url_meta":{"origin":9698,"position":1},"title":"Di nuovo online il sito dei Fabbricastorie","author":"Rufus","date":"17\/10\/2014","format":false,"excerpt":"Dopo un po' di tempo di inattivit\u00e0 abbiamo rimesso su il sito.\u00a0Lo\u00a0trovo\u00a0bellissimo, devo dire, ma il merito non \u00e8 mio, che l'ho caricato, ma di Andrea Salidu che ha scovato il tema grafico. La parte sui giochi di comitato \u00e8 pressoch\u00e9 completa, quindi \u00e8 di nuovo disponibile il libro\u00a0e anche\u00a0Negoziato\u2026","rel":"","context":"In &quot;Coordinate&quot;","block_context":{"text":"Coordinate","link":"http:\/\/www.robertosedda.it\/?cat=52"},"img":{"alt_text":"","src":"https:\/\/i0.wp.com\/www.robertosedda.it\/wp-content\/uploads\/2014\/10\/mondi_che-funzionano.jpg?fit=850%2C1199&resize=350%2C200","width":350,"height":200,"srcset":"https:\/\/i0.wp.com\/www.robertosedda.it\/wp-content\/uploads\/2014\/10\/mondi_che-funzionano.jpg?fit=850%2C1199&resize=350%2C200 1x, https:\/\/i0.wp.com\/www.robertosedda.it\/wp-content\/uploads\/2014\/10\/mondi_che-funzionano.jpg?fit=850%2C1199&resize=700%2C400 2x"},"classes":[]},{"id":10150,"url":"http:\/\/www.robertosedda.it\/?p=10150","url_meta":{"origin":9698,"position":2},"title":"#ioleggoperch\u00e9 seconda tappa della caccia ai libri","author":"Rufus","date":"29\/04\/2015","format":false,"excerpt":"Come ho raccontato ieri mi sono rimaste delle copie da distribuire gratuitamente fra i libri messi a disposizione nell'ambito dell'iniziativa #ioleggoperch\u00e9 e per giocare un po' ogni giorno pubblico un piccolo indovinello che indica dove si possono ritirare le copie dei libri. Il libro di oggi \u00e8 diverso da quello\u2026","rel":"","context":"In &quot;Coordinate&quot;","block_context":{"text":"Coordinate","link":"http:\/\/www.robertosedda.it\/?cat=52"},"img":{"alt_text":"Logo ioleggoperch\u00c3\u00a9","src":"https:\/\/i0.wp.com\/www.robertosedda.it\/wp-content\/uploads\/2015\/04\/Logo-ioleggoperch\u00c3\u00a9-510x281.jpg?resize=350%2C200","width":350,"height":200},"classes":[]},{"id":13194,"url":"http:\/\/www.robertosedda.it\/?p=13194","url_meta":{"origin":9698,"position":3},"title":"A Viterbo","author":"Rufus","date":"01\/02\/2017","format":false,"excerpt":"Luned\u00ec ero a Viterbo per tenere un seminario sul gioco (formalmente\u00a0Gioco, etica ed economia, ma ci siamo fermati al gioco), con un gruppo di lavoro devo dire molto buono e molto divertente. Fino all'ultimo mi sono un po' sentito incerto su come effettivamente impostare il lavoro. Poi sabato pomeriggio ho\u2026","rel":"","context":"In &quot;Coordinate&quot;","block_context":{"text":"Coordinate","link":"http:\/\/www.robertosedda.it\/?cat=52"},"img":{"alt_text":"","src":"https:\/\/i0.wp.com\/www.robertosedda.it\/wp-content\/uploads\/2017\/02\/Il-continuum-del-gioco.jpg?fit=960%2C720&resize=350%2C200","width":350,"height":200,"srcset":"https:\/\/i0.wp.com\/www.robertosedda.it\/wp-content\/uploads\/2017\/02\/Il-continuum-del-gioco.jpg?fit=960%2C720&resize=350%2C200 1x, https:\/\/i0.wp.com\/www.robertosedda.it\/wp-content\/uploads\/2017\/02\/Il-continuum-del-gioco.jpg?fit=960%2C720&resize=700%2C400 2x"},"classes":[]},{"id":10920,"url":"http:\/\/www.robertosedda.it\/?p=10920","url_meta":{"origin":9698,"position":4},"title":"Perch\u00e9 ultimamente parlo tanto di Villasor?","author":"Rufus","date":"25\/09\/2015","format":false,"excerpt":"Perch\u00e9 i\u00a0Fabbricastorie collaborano alle attivit\u00e0 per i festeggiamenti del seicentesimo annoversario della costruzione del castello Seviller (detto fra parentesi, un edificio\u00a0bello, anche pi\u00f9 bello di altre strutture militari sarde pi\u00f9 note). Il programma intero delle attivit\u00e0 lo potete trovare qui: ci sono un sacco di cose interessanti e molte occasioni\u2026","rel":"","context":"In &quot;Cappe e spade&quot;","block_context":{"text":"Cappe e spade","link":"http:\/\/www.robertosedda.it\/?cat=70"},"img":{"alt_text":"","src":"https:\/\/i0.wp.com\/www.robertosedda.it\/wp-content\/uploads\/2015\/09\/villasor-600-anni-marchesato-di-sorres-720x400.jpg?fit=720%2C400&resize=350%2C200","width":350,"height":200,"srcset":"https:\/\/i0.wp.com\/www.robertosedda.it\/wp-content\/uploads\/2015\/09\/villasor-600-anni-marchesato-di-sorres-720x400.jpg?fit=720%2C400&resize=350%2C200 1x, https:\/\/i0.wp.com\/www.robertosedda.it\/wp-content\/uploads\/2015\/09\/villasor-600-anni-marchesato-di-sorres-720x400.jpg?fit=720%2C400&resize=700%2C400 2x"},"classes":[]},{"id":15918,"url":"http:\/\/www.robertosedda.it\/?p=15918","url_meta":{"origin":9698,"position":5},"title":"Alessio","author":"Rufus","date":"04\/12\/2018","format":false,"excerpt":"Domenica mattina io e i\u00a0Fabbricastorie siamo andati all'Auditorium Comunale per fare Mondi che funzionano al festival\u00a0LEI. C'era poca gente, una condizione che sempre ti procura un sacco di pensieri: dovevamo fare pi\u00f9 pubblicit\u00e0? Se abbiamo coinvolto poca gente cosa penser\u00e0 di noi il festival che ci ospita? O magari sono\u2026","rel":"","context":"In &quot;Coordinate&quot;","block_context":{"text":"Coordinate","link":"http:\/\/www.robertosedda.it\/?cat=52"},"img":{"alt_text":"","src":"https:\/\/i0.wp.com\/www.robertosedda.it\/wp-content\/uploads\/2018\/11\/Mondi-che-funzionano.jpg?fit=960%2C720&resize=350%2C200","width":350,"height":200,"srcset":"https:\/\/i0.wp.com\/www.robertosedda.it\/wp-content\/uploads\/2018\/11\/Mondi-che-funzionano.jpg?fit=960%2C720&resize=350%2C200 1x, https:\/\/i0.wp.com\/www.robertosedda.it\/wp-content\/uploads\/2018\/11\/Mondi-che-funzionano.jpg?fit=960%2C720&resize=700%2C400 2x"},"classes":[]}],"_links":{"self":[{"href":"http:\/\/www.robertosedda.it\/index.php?rest_route=\/wp\/v2\/posts\/9698"}],"collection":[{"href":"http:\/\/www.robertosedda.it\/index.php?rest_route=\/wp\/v2\/posts"}],"about":[{"href":"http:\/\/www.robertosedda.it\/index.php?rest_route=\/wp\/v2\/types\/post"}],"author":[{"embeddable":true,"href":"http:\/\/www.robertosedda.it\/index.php?rest_route=\/wp\/v2\/users\/1"}],"replies":[{"embeddable":true,"href":"http:\/\/www.robertosedda.it\/index.php?rest_route=%2Fwp%2Fv2%2Fcomments&post=9698"}],"version-history":[{"count":4,"href":"http:\/\/www.robertosedda.it\/index.php?rest_route=\/wp\/v2\/posts\/9698\/revisions"}],"predecessor-version":[{"id":9702,"href":"http:\/\/www.robertosedda.it\/index.php?rest_route=\/wp\/v2\/posts\/9698\/revisions\/9702"}],"wp:featuredmedia":[{"embeddable":true,"href":"http:\/\/www.robertosedda.it\/index.php?rest_route=\/wp\/v2\/media\/9703"}],"wp:attachment":[{"href":"http:\/\/www.robertosedda.it\/index.php?rest_route=%2Fwp%2Fv2%2Fmedia&parent=9698"}],"wp:term":[{"taxonomy":"category","embeddable":true,"href":"http:\/\/www.robertosedda.it\/index.php?rest_route=%2Fwp%2Fv2%2Fcategories&post=9698"},{"taxonomy":"post_tag","embeddable":true,"href":"http:\/\/www.robertosedda.it\/index.php?rest_route=%2Fwp%2Fv2%2Ftags&post=9698"}],"curies":[{"name":"wp","href":"https:\/\/api.w.org\/{rel}","templated":true}]}}