{"id":9694,"date":"2015-02-27T15:40:27","date_gmt":"2015-02-27T14:40:27","guid":{"rendered":"http:\/\/www.robertosedda.it\/?p=9694"},"modified":"2015-03-03T17:47:09","modified_gmt":"2015-03-03T16:47:09","slug":"9694","status":"publish","type":"post","link":"http:\/\/www.robertosedda.it\/?p=9694","title":{"rendered":"Anche per fare il Presidente della Regione ci vuole orecchio"},"content":{"rendered":"<p>Questo articolo viene pubblicato anche sui siti di <strong><em><a href=\"http:\/\/www.fondazionesardinia.eu\/ita\">Fondazione Sardinia<\/a><\/em><\/strong>, <strong><em><a href=\"http:\/\/tramasdeamistade.org\/htdocs\/cms\/index.php\">Tramasdeamistade<\/a><\/em><\/strong>, <strong><em><a href=\"http:\/\/www.sardegnasoprattutto.org\/\">Sardegna Soprattutto<\/a><\/em><\/strong>, <strong><em><a href=\"http:\/\/www.formaparis.com\/\">Sportello Formaparis<\/a><\/em><\/strong>,<strong><em><a href=\"http:\/\/tottusinpari.blog.tiscali.it\/\">Tottusinpari <\/a><\/em><\/strong>e sui <em>blog <\/em>di <strong><a href=\"http:\/\/www.enricolobina.org\/wp\/\">Enrico Lobina<\/a><\/strong>, <strong><a href=\"http:\/\/www.vitobiolchini.it\/\">Vito Biolchini <\/a><\/strong>e <strong><a href=\"http:\/\/madrigopolis.blogspot.it\/\">Francesca Madrigali<\/a><\/strong>.<\/p>\n<h2>Anche per fare il Presidente della Regione ci vuole orecchio<\/h2>\n<h3>di Vito Biolchini<\/h3>\n<p><a href=\"https:\/\/i0.wp.com\/www.robertosedda.it\/wp-content\/uploads\/2014\/02\/Vittoria-Pigliaru.jpg\"><img data-attachment-id=\"6505\" data-permalink=\"http:\/\/www.robertosedda.it\/?attachment_id=6505\" data-orig-file=\"https:\/\/i0.wp.com\/www.robertosedda.it\/wp-content\/uploads\/2014\/02\/Vittoria-Pigliaru.jpg?fit=960%2C637\" data-orig-size=\"960,637\" data-comments-opened=\"1\" data-image-meta=\"{&quot;aperture&quot;:&quot;0&quot;,&quot;credit&quot;:&quot;&quot;,&quot;camera&quot;:&quot;&quot;,&quot;caption&quot;:&quot;&quot;,&quot;created_timestamp&quot;:&quot;0&quot;,&quot;copyright&quot;:&quot;&quot;,&quot;focal_length&quot;:&quot;0&quot;,&quot;iso&quot;:&quot;0&quot;,&quot;shutter_speed&quot;:&quot;0&quot;,&quot;title&quot;:&quot;&quot;}\" data-image-title=\"Vittoria Pigliaru\" data-image-description=\"\" data-image-caption=\"\" data-medium-file=\"https:\/\/i0.wp.com\/www.robertosedda.it\/wp-content\/uploads\/2014\/02\/Vittoria-Pigliaru.jpg?fit=300%2C199\" data-large-file=\"https:\/\/i0.wp.com\/www.robertosedda.it\/wp-content\/uploads\/2014\/02\/Vittoria-Pigliaru.jpg?fit=510%2C338\" decoding=\"async\" loading=\"lazy\" class=\"aligncenter size-full wp-image-6505\" src=\"https:\/\/i0.wp.com\/www.robertosedda.it\/wp-content\/uploads\/2014\/02\/Vittoria-Pigliaru.jpg?resize=800%2C531\" alt=\"Vittoria Pigliaru\" width=\"800\" height=\"531\" srcset=\"https:\/\/i0.wp.com\/www.robertosedda.it\/wp-content\/uploads\/2014\/02\/Vittoria-Pigliaru.jpg?w=960 960w, https:\/\/i0.wp.com\/www.robertosedda.it\/wp-content\/uploads\/2014\/02\/Vittoria-Pigliaru.jpg?resize=150%2C99 150w, https:\/\/i0.wp.com\/www.robertosedda.it\/wp-content\/uploads\/2014\/02\/Vittoria-Pigliaru.jpg?resize=300%2C199 300w, https:\/\/i0.wp.com\/www.robertosedda.it\/wp-content\/uploads\/2014\/02\/Vittoria-Pigliaru.jpg?resize=700%2C464 700w\" sizes=\"(max-width: 800px) 100vw, 800px\" data-recalc-dims=\"1\" \/><\/a>Nessuno ha fatto il bilancio del primo anno di Francesco Pigliaru in viale Trento. Non della sua giunta dunque, ma della sua presidenza. Se la Sardegna \u00e8 stanca, la sua opinione pubblica (quel poco che c\u2019\u00e8) \u00e8 stremata: perch\u00e9 di questi tempi ragionare sul futuro \u00e8 un lusso che pochi si possono permettere, e perch\u00e9 in fin dei conti predicare nel deserto non piace a nessuno.<\/p>\n<p>Un anno, dunque; ma se ci volgiamo indietro sembra molto di pi\u00f9. Tutto pesa maledettamente sulle nostre spalle, e ad ogni giorno che passa lo scenario si complica ulteriormente. La realt\u00e0 appare simile ad \u00e8 un puzzle infinito in cui ogni ora qualcuno si diverte a buttare sul tavolo diecimila tessere in pi\u00f9. Sono le famose \u201cemergenze\u201d nelle quali affoga l\u2019azione politica, una nebbia che ci impedisce di vedere l\u2019orizzonte.<\/p>\n<p>Bisognerebbe volare alto, come amano spesso dire i professionisti del rasoterra, decidere dove posare lo sguardo e dove no, per capire che cos\u2019\u00e8 la Sardegna oggi e cosa dovrebbe diventare, per ipotizzare quale processo storico vogliamo innescare e con quali forze sociali protagoniste.<\/p>\n<p>Ci vorrebbe insomma un punto di partenza e un punto di arrivo. Ce li ha Pigliaru? Probabilmente s\u00ec: ma non sono i miei. Questo per dire che l\u2019analisi dovrebbe concentrarsi innanzitutto sul tema della coerenza, per capire se il presidente sta facendo ci\u00f2 che ha promesso e non tanto se ha soddisfatto le cangianti attese del singolo elettore che lo ha votato o partito che lo ha sostenuto.<\/p>\n<p>Pigliaru aveva promesso una giunta composta da persone le cui capacit\u00e0 avrebbero prevalso sulle appartenenze. \u00c8 andata cos\u00ec? Temo di no. Le appartenenze hanno sopraffatto le competenze in maniera clamorosa; e infatti i modesti risultati ottenuti da gran parte degli assessorati ne sono la riprova. La Sardegna non solo \u00e8 ancora in mezzo al guado, ma non sa proprio dove andare: esattamente come certi assessori scelti da Pigliaru.<\/p>\n<p>C\u2019\u00e8 chi dice che contro l\u2019imposizione dei partiti non si poteva fare nulla, che i nomi quelli erano, prendere o lasciare, e forse le regole del gioco sono proprio queste. Sta di fatto per\u00f2 che il presidente aveva comunque una pur certa dose di discrezionalit\u00e0, e a mio avviso l\u2019ha giocata male. Che alcuni avrebbero deluso lo si sapeva da subito, perch\u00e9 \u00e8 vero che se la politica non \u00e8 una scienza esatta non pu\u00f2 essere neanche per\u00f2 un gratta e vinci milionario trovato per strada.<\/p>\n<p>Dunque dopo un anno di presidenza che valutazione si pu\u00f2 dare della capacit\u00e0 del presidente di scegliere la propria squadra di lavoro? A non funzionare \u00e8 lo schema o i giocatori scelti? O, drammaticamente, tutt\u2019e due?<\/p>\n<p>Il presidente aveva inoltre promesso una valutazione severa riguardo il raggiungimento degli obiettivi indicati dal programma. Dopo un anno \u00e8 lecito aspettarsi i primi risultati di questa valutazione. A dire il vero, visto che in un periodo di crisi come quello che stiamo attraversando il fattore \u201ctempo\u201d \u00e8 fondamentale, essendo il tempo la pi\u00f9 scarsa tra tutte le risorse a disposizione, forse la valutazione andava gi\u00e0 fatta qualche mese fa. Perch\u00e9 un assessore sbagliato pi\u00f9 va avanti pi\u00f9 fa danni (l\u2019esperienza insegna che in situazioni simili non ci sono sensibili margini di miglioramento).<\/p>\n<p>La situazione, seppur complessa, impone celerit\u00e0, Pigliaru invece spesso e volentieri temporeggia. Come mai? Semplice inesperienza politica? Eccesso di zelo? Volont\u00e0 di padroneggiare l\u2019impadroneggiabile? Paura di sbagliare (e chi non ne avrebbe)? Incapacit\u00e0 di riconoscere i pesci da prendere?<\/p>\n<p>Il risultato \u00e8 che diverse sue decisioni sembrano essere arrivate non fuori tempo massimo ma semplicemente fuori tempo. Il concetto di \u201cprocedimento euristico\u201d (cio\u00e8 quel \u00abmetodo di approccio alla soluzione dei problemi che non segue un chiaro percorso, ma che si affida all\u2019intuito e allo stato temporaneo delle circostanze\u00bb, <em>Wikipedia<\/em>) forse gli \u00e8 sconosciuto. E cos\u00ec finisce fuori tempo lui e con lui l\u2019orchestra, il pubblico, la critica: tutti.<\/p>\n<p>Fare il presidente della Regione non \u00e8 facile ed uno dei problemi della Sardegna \u00e8 che l\u2019opinione pubblica di questa difficolt\u00e0 non ne ha la minima consapevolezza. Per\u00f2, come diceva Enzo Jannacci in una sua canzone, \u201cper fare certe cose ci vuole orecchio\u201d. A prescindere dallo spartito che sta suonando, ce l\u2019ha Pigliaru questo orecchio? Lo sta esercitando? Lo sta affinando?<\/p>\n<p>In quanto presidente della Regione, ha il potere di incidere direttamente sui processi di cambiamento pi\u00f9 di chiunque altro. Pu\u00f2 fare errori, ma non quello di non affrontare i problemi secondo una gerarchia precisa e senza troppe contraddizioni, questo proprio no. Perch\u00e9 alla confusione generata dai partiti si unisce allora altra confusione, e a quel punto neanche volare alto basta pi\u00f9.<\/p>\n<p>Per\u00f2 una cosa va detta: difficilmente Pigliaru nel corso del suo mandato incontrer\u00e0 Flavio Carboni, si render\u00e0 ridicolo su <em>Facebook<\/em> o finir\u00e0 sotto processo per avere evaso tasse per milioni di euro. Coi tempi che corrono, non pu\u00f2 essere considerata una cosa di poco conto.<\/p>\n","protected":false},"excerpt":{"rendered":"<p>Questo articolo viene pubblicato anche sui siti di Fondazione Sardinia, Tramasdeamistade, Sardegna Soprattutto, Sportello Formaparis,Tottusinpari e sui blog di Enrico<\/p>\n","protected":false},"author":1,"featured_media":6505,"comment_status":"open","ping_status":"open","sticky":false,"template":"","format":"standard","meta":{"_mi_skip_tracking":false,"_monsterinsights_sitenote_active":false,"_monsterinsights_sitenote_note":"","_monsterinsights_sitenote_category":0,"jetpack_post_was_ever_published":false,"_jetpack_newsletter_access":"","jetpack_publicize_message":"","jetpack_is_tweetstorm":false,"jetpack_publicize_feature_enabled":true,"jetpack_social_post_already_shared":true,"jetpack_social_options":{"image_generator_settings":{"template":"highway","enabled":false}}},"categories":[52,57,17,59,16],"tags":[],"jetpack_publicize_connections":[],"jetpack_featured_media_url":"https:\/\/i0.wp.com\/www.robertosedda.it\/wp-content\/uploads\/2014\/02\/Vittoria-Pigliaru.jpg?fit=960%2C637","jetpack_sharing_enabled":true,"jetpack_shortlink":"https:\/\/wp.me\/s4jV2T-9694","jetpack_likes_enabled":true,"jetpack-related-posts":[{"id":6923,"url":"http:\/\/www.robertosedda.it\/?p=6923","url_meta":{"origin":9694,"position":0},"title":"Sardegna, a ciascuno il suo silenzio (un intervento di Vito Biolchini)","author":"Rufus","date":"08\/04\/2014","format":false,"excerpt":"Oltre che su questo blog, questo articolo viene pubblicato anche sui siti\u00a0di Vito Biolchini,\u00a0Enrico Lobina,\u00a0Fondazione Sardinia,\u00a0Aladinpensiero,\u00a0Tramas de Amistade,\u00a0Madrigopolis,\u00a0Sardegna Soprattutto,\u00a0Sportello Formaparis,\u00a0Tottusinpari. Sardegna, a ciascuno il suo silenzio (Pigliaru non spiega: almeno ascolter\u00e0?) di Vito Biolchini E all'improvviso scese il silenzio. Se nei sette mesi che hanno preceduto il voto una febbre\u2026","rel":"","context":"In &quot;Coordinate&quot;","block_context":{"text":"Coordinate","link":"http:\/\/www.robertosedda.it\/?cat=52"},"img":{"alt_text":"","src":"https:\/\/i0.wp.com\/www.robertosedda.it\/wp-content\/uploads\/2014\/02\/videolina_pigliaru.jpg?fit=1200%2C900&resize=350%2C200","width":350,"height":200,"srcset":"https:\/\/i0.wp.com\/www.robertosedda.it\/wp-content\/uploads\/2014\/02\/videolina_pigliaru.jpg?fit=1200%2C900&resize=350%2C200 1x, https:\/\/i0.wp.com\/www.robertosedda.it\/wp-content\/uploads\/2014\/02\/videolina_pigliaru.jpg?fit=1200%2C900&resize=700%2C400 2x, https:\/\/i0.wp.com\/www.robertosedda.it\/wp-content\/uploads\/2014\/02\/videolina_pigliaru.jpg?fit=1200%2C900&resize=1050%2C600 3x"},"classes":[]},{"id":6680,"url":"http:\/\/www.robertosedda.it\/?p=6680","url_meta":{"origin":9694,"position":1},"title":"Chi ha paura di Giorgio Mazzella? La crisi di Sardegna Uno simbolo dell\u2019informazione isolana in caduta libera. Un articolo di Vito Biolchini","author":"Rufus","date":"11\/03\/2014","format":false,"excerpt":"Oltre che su questo blog, questo articolo viene pubblicato anche sui siti di\u00a0Fondazione Sardinia,\u00a0Aladin Pensiero,\u00a0Tramas de Amistade,\u00a0Madrigopolis,\u00a0SardegnaSoprattutto,\u00a0Sportello Formaparis,\u00a0Tottusinpari\u00a0e sui blog\u00a0di Enrico Lobina e Vito Biolchini. Chi ha paura di Giorgio Mazzella? La crisi di Sardegna Uno simbolo dell\u2019informazione isolana in caduta libera di Vito Biolchini I lavoratori di Sardegna Uno\u2026","rel":"","context":"In &quot;Coordinate&quot;","block_context":{"text":"Coordinate","link":"http:\/\/www.robertosedda.it\/?cat=52"},"img":{"alt_text":"","src":"https:\/\/i0.wp.com\/www.robertosedda.it\/wp-content\/uploads\/2014\/03\/Striscione-Sardegna-Uno.jpg?fit=786%2C445&resize=350%2C200","width":350,"height":200,"srcset":"https:\/\/i0.wp.com\/www.robertosedda.it\/wp-content\/uploads\/2014\/03\/Striscione-Sardegna-Uno.jpg?fit=786%2C445&resize=350%2C200 1x, https:\/\/i0.wp.com\/www.robertosedda.it\/wp-content\/uploads\/2014\/03\/Striscione-Sardegna-Uno.jpg?fit=786%2C445&resize=700%2C400 2x"},"classes":[]},{"id":3858,"url":"http:\/\/www.robertosedda.it\/?p=3858","url_meta":{"origin":9694,"position":2},"title":"\u00c8 in linea l&#8217;intervista su Banca Etica a Radio X","author":"Rufus","date":"04\/07\/2013","format":false,"excerpt":"Ho visto che su Radio X \u00e8 stata messa on line la puntata di ieri di Extralive! in cui sono stato intervistato da Vito Biolchini su Banca Etica. In sala c'eravamo io, Maria Bonaria (grazie alle sue arti promozionali e a quelle di Viviana siamo stati invitati) e Gaetano, i\u2026","rel":"","context":"In &quot;Banche e finanza&quot;","block_context":{"text":"Banche e finanza","link":"http:\/\/www.robertosedda.it\/?cat=72"},"img":{"alt_text":"","src":"https:\/\/i0.wp.com\/www.robertosedda.it\/wp-content\/uploads\/2013\/07\/20130703_190126.jpg?fit=1200%2C900&resize=350%2C200","width":350,"height":200,"srcset":"https:\/\/i0.wp.com\/www.robertosedda.it\/wp-content\/uploads\/2013\/07\/20130703_190126.jpg?fit=1200%2C900&resize=350%2C200 1x, https:\/\/i0.wp.com\/www.robertosedda.it\/wp-content\/uploads\/2013\/07\/20130703_190126.jpg?fit=1200%2C900&resize=700%2C400 2x, https:\/\/i0.wp.com\/www.robertosedda.it\/wp-content\/uploads\/2013\/07\/20130703_190126.jpg?fit=1200%2C900&resize=1050%2C600 3x"},"classes":[]},{"id":9524,"url":"http:\/\/www.robertosedda.it\/?p=9524","url_meta":{"origin":9694,"position":3},"title":"Universidade de Sardigna Universit\u00e0 della Sardegna University of Sardinia (un intervento di Franco Meloni)","author":"Rufus","date":"03\/02\/2015","format":false,"excerpt":"Ci sono stati un po' di rallentamenti nell'attivit\u00e0 dei\u00a0blogger del luned\u00ec, ma questo articolo dovrebbe essere pubblicato anche dai siti\u00a0di\u00a0Fondazione Sardinia,\u00a0Tramasdeamistade,\u00a0SardegnaSoprattutto,\u00a0Sportello Formaparis,\u00a0Tottusinpari e sui blog di\u00a0Enrico Lobina,\u00a0Vito Biolchini\u00a0e\u00a0Francesca Madrigali. Sull'articolo, che segnala un tema molto attuale del quale si parla molto poco, solo due precisazioni: io non sono mica convinto\u2026","rel":"","context":"In &quot;Coordinate&quot;","block_context":{"text":"Coordinate","link":"http:\/\/www.robertosedda.it\/?cat=52"},"img":{"alt_text":"","src":"https:\/\/i0.wp.com\/www.robertosedda.it\/wp-content\/uploads\/2015\/02\/Sardegna-universitaria_2.jpg?fit=1200%2C781&resize=350%2C200","width":350,"height":200,"srcset":"https:\/\/i0.wp.com\/www.robertosedda.it\/wp-content\/uploads\/2015\/02\/Sardegna-universitaria_2.jpg?fit=1200%2C781&resize=350%2C200 1x, https:\/\/i0.wp.com\/www.robertosedda.it\/wp-content\/uploads\/2015\/02\/Sardegna-universitaria_2.jpg?fit=1200%2C781&resize=700%2C400 2x, https:\/\/i0.wp.com\/www.robertosedda.it\/wp-content\/uploads\/2015\/02\/Sardegna-universitaria_2.jpg?fit=1200%2C781&resize=1050%2C600 3x"},"classes":[]},{"id":5457,"url":"http:\/\/www.robertosedda.it\/?p=5457","url_meta":{"origin":9694,"position":4},"title":"Destino Italia. Autonomie addio?","author":"Rufus","date":"17\/12\/2013","format":false,"excerpt":"Ho saltato nuovamente la riunione dei blogger del luned\u00ec e a questo punto credo che sar\u00e0 difficile mantenere l'impegno, ma ho piacere di continuare a pubblicare gli articoli settimanali. Come al solito l'articolo viene pubblicato, oltre che su questo sito, su quelli di Fondazione Sardinia, Tramas de amistade, Aladin pensiero,\u2026","rel":"","context":"In &quot;Coordinate&quot;","block_context":{"text":"Coordinate","link":"http:\/\/www.robertosedda.it\/?cat=52"},"img":{"alt_text":"","src":"","width":0,"height":0},"classes":[]},{"id":9559,"url":"http:\/\/www.robertosedda.it\/?p=9559","url_meta":{"origin":9694,"position":5},"title":"Bainzu Piliu, Pertini e Mattarella. E la Sardegna come l\u2019Alabama (di Piero Marcialis)","author":"Rufus","date":"10\/02\/2015","format":false,"excerpt":"Questo articolo viene\u00a0pubblicato anche dai siti\u00a0di\u00a0Fondazione Sardinia, Tramasdeamistade,\u00a0 SardegnaSoprattutto,\u00a0Sportello Formaparis,\u00a0Tottusinpari e sui blog\u00a0di\u00a0Enrico Lobina,\u00a0Vito Biolchini\u00a0e\u00a0Francesca Madrigali. Bainzu Piliu, Pertini e Mattarella. E la Sardegna come l\u2019Alabama di Piero Marcialis In questi primi giorni di febbraio sono impegnato a scrivere la riduzione teatrale del libro di Bainzu Piliu Cella n. 21.\u2026","rel":"","context":"In &quot;Coordinate&quot;","block_context":{"text":"Coordinate","link":"http:\/\/www.robertosedda.it\/?cat=52"},"img":{"alt_text":"","src":"https:\/\/i0.wp.com\/www.robertosedda.it\/wp-content\/uploads\/2015\/02\/Baizu-Piliu.jpg?fit=500%2C378&resize=350%2C200","width":350,"height":200},"classes":[]}],"_links":{"self":[{"href":"http:\/\/www.robertosedda.it\/index.php?rest_route=\/wp\/v2\/posts\/9694"}],"collection":[{"href":"http:\/\/www.robertosedda.it\/index.php?rest_route=\/wp\/v2\/posts"}],"about":[{"href":"http:\/\/www.robertosedda.it\/index.php?rest_route=\/wp\/v2\/types\/post"}],"author":[{"embeddable":true,"href":"http:\/\/www.robertosedda.it\/index.php?rest_route=\/wp\/v2\/users\/1"}],"replies":[{"embeddable":true,"href":"http:\/\/www.robertosedda.it\/index.php?rest_route=%2Fwp%2Fv2%2Fcomments&post=9694"}],"version-history":[{"count":2,"href":"http:\/\/www.robertosedda.it\/index.php?rest_route=\/wp\/v2\/posts\/9694\/revisions"}],"predecessor-version":[{"id":9697,"href":"http:\/\/www.robertosedda.it\/index.php?rest_route=\/wp\/v2\/posts\/9694\/revisions\/9697"}],"wp:featuredmedia":[{"embeddable":true,"href":"http:\/\/www.robertosedda.it\/index.php?rest_route=\/wp\/v2\/media\/6505"}],"wp:attachment":[{"href":"http:\/\/www.robertosedda.it\/index.php?rest_route=%2Fwp%2Fv2%2Fmedia&parent=9694"}],"wp:term":[{"taxonomy":"category","embeddable":true,"href":"http:\/\/www.robertosedda.it\/index.php?rest_route=%2Fwp%2Fv2%2Fcategories&post=9694"},{"taxonomy":"post_tag","embeddable":true,"href":"http:\/\/www.robertosedda.it\/index.php?rest_route=%2Fwp%2Fv2%2Ftags&post=9694"}],"curies":[{"name":"wp","href":"https:\/\/api.w.org\/{rel}","templated":true}]}}