{"id":9678,"date":"2015-02-26T15:16:31","date_gmt":"2015-02-26T14:16:31","guid":{"rendered":"http:\/\/www.robertosedda.it\/?p=9678"},"modified":"2015-02-26T15:16:31","modified_gmt":"2015-02-26T14:16:31","slug":"reblog-interviste-casuali","status":"publish","type":"post","link":"http:\/\/www.robertosedda.it\/?p=9678","title":{"rendered":"REBLOG: Interviste casuali"},"content":{"rendered":"<p><a href=\"http:\/\/www.giornalettismo.com\/archives\/1746713\/lepic-fail-fatto-quotidiano-sbaglia-numero-intervista-persona-caso\/\">Ma veramente <em>casuali<\/em>. Ai tanti infortuni dei quotidiani si aggiunge adesso, complice il vezzo di chiedere un parere <\/a><a href=\"http:\/\/www.giornalettismo.com\/archives\/1746713\/lepic-fail-fatto-quotidiano-sbaglia-numero-intervista-persona-caso\/\">al volo<\/a><a href=\"http:\/\/www.giornalettismo.com\/archives\/1746713\/lepic-fail-fatto-quotidiano-sbaglia-numero-intervista-persona-caso\/\">, con due parole sul cellulare, il rischio di sbagliare numero e intervistare Tizio credendo che si tratti di Caio. \u00c8 successo a <em>Il Fatto Quotidiano<\/em> e a <em>Repubblica<\/em>. Poi dice che si fa male a non comprare i giornali&#8230;.<\/a><\/p>\n","protected":false},"excerpt":{"rendered":"<p>Ma veramente casuali. Ai tanti infortuni dei quotidiani si aggiunge adesso, complice il vezzo di chiedere un parere al volo,<\/p>\n","protected":false},"author":1,"featured_media":0,"comment_status":"open","ping_status":"open","sticky":false,"template":"","format":"link","meta":{"_mi_skip_tracking":false,"_monsterinsights_sitenote_active":false,"_monsterinsights_sitenote_note":"","_monsterinsights_sitenote_category":0,"jetpack_post_was_ever_published":false,"_jetpack_newsletter_access":"","jetpack_publicize_message":"","jetpack_is_tweetstorm":false,"jetpack_publicize_feature_enabled":true,"jetpack_social_post_already_shared":true,"jetpack_social_options":{"image_generator_settings":{"template":"highway","enabled":false}}},"categories":[52,95],"tags":[],"jetpack_publicize_connections":[],"jetpack_featured_media_url":"","jetpack_sharing_enabled":true,"jetpack_shortlink":"https:\/\/wp.me\/p4jV2T-2w6","jetpack_likes_enabled":true,"jetpack-related-posts":[{"id":15846,"url":"http:\/\/www.robertosedda.it\/?p=15846","url_meta":{"origin":9678,"position":0},"title":"Come alle Feste dell&#8217;Unit\u00e0","author":"Rufus","date":"19\/11\/2018","format":"video","excerpt":"In maniera del tutto casuale venerd\u00ec mi sono guardato su\u00a0Prime\u00a0un classico dei Monty Phyton che non avevo mai visto, Il senso della vita. Lo so, la mia fama di amante del cinema \u00e8 del tutto usurpata. Comunque, forse perch\u00e9 influenzato dal\u00a0video che avevo pubblicato quel giorno, mi sono chiesto come\u2026","rel":"","context":"In &quot;Coordinate&quot;","block_context":{"text":"Coordinate","link":"http:\/\/www.robertosedda.it\/?cat=52"},"img":{"alt_text":"","src":"https:\/\/i0.wp.com\/www.robertosedda.it\/wp-content\/uploads\/2018\/11\/Crimson-Assurance.jpg?fit=716%2C384&resize=350%2C200","width":350,"height":200,"srcset":"https:\/\/i0.wp.com\/www.robertosedda.it\/wp-content\/uploads\/2018\/11\/Crimson-Assurance.jpg?fit=716%2C384&resize=350%2C200 1x, https:\/\/i0.wp.com\/www.robertosedda.it\/wp-content\/uploads\/2018\/11\/Crimson-Assurance.jpg?fit=716%2C384&resize=700%2C400 2x"},"classes":[]},{"id":11687,"url":"http:\/\/www.robertosedda.it\/?p=11687","url_meta":{"origin":9678,"position":1},"title":"La parola del giorno \u00e8: &#8220;topofago&#8221;","author":"Rufus","date":"16\/03\/2016","format":false,"excerpt":"Ho terminato i due corsi di teoria del gioco su Coursera di cui vi avevo parlato e mi sono iscritto per sbaglio a un nuovo corso di storia medievale, sulla concezione dello spazio nella cultura vichinga e nelle saghe. Roba tosta: c'\u00e8 chi si fa con la colla e chi\u2026","rel":"","context":"In &quot;Coordinate&quot;","block_context":{"text":"Coordinate","link":"http:\/\/www.robertosedda.it\/?cat=52"},"img":{"alt_text":"","src":"https:\/\/i0.wp.com\/www.robertosedda.it\/wp-content\/uploads\/2016\/03\/Mappa-medievale.png?fit=1200%2C750&resize=350%2C200","width":350,"height":200,"srcset":"https:\/\/i0.wp.com\/www.robertosedda.it\/wp-content\/uploads\/2016\/03\/Mappa-medievale.png?fit=1200%2C750&resize=350%2C200 1x, https:\/\/i0.wp.com\/www.robertosedda.it\/wp-content\/uploads\/2016\/03\/Mappa-medievale.png?fit=1200%2C750&resize=700%2C400 2x, https:\/\/i0.wp.com\/www.robertosedda.it\/wp-content\/uploads\/2016\/03\/Mappa-medievale.png?fit=1200%2C750&resize=1050%2C600 3x"},"classes":[]},{"id":16331,"url":"http:\/\/www.robertosedda.it\/?p=16331","url_meta":{"origin":9678,"position":2},"title":"Ma magari&#8230;","author":"Rufus","date":"11\/03\/2019","format":false,"excerpt":"Seguendo un'osservazione casuale di Paul Krugman mi sono fatto un giro sul profilo di Alexandria Ocasio-Cortez, giovane parlamentare statunitense (la pi\u00f9 giovane mai eletta alla Camera dei Rappresentanti) e, da quel che leggo, la donna che pi\u00f9 l'elettorato di estrema destra vorrebbe vedere in galera (probabilmente perch\u00e9 a Ilhan Omar\u2026","rel":"","context":"In &quot;Coordinate&quot;","block_context":{"text":"Coordinate","link":"http:\/\/www.robertosedda.it\/?cat=52"},"img":{"alt_text":"","src":"https:\/\/i0.wp.com\/www.robertosedda.it\/wp-content\/uploads\/2019\/03\/AOC.jpg?fit=639%2C548&resize=350%2C200","width":350,"height":200},"classes":[]},{"id":15112,"url":"http:\/\/www.robertosedda.it\/?p=15112","url_meta":{"origin":9678,"position":3},"title":"Se stasera sono qui&#8230;","author":"Rufus","date":"07\/05\/2018","format":false,"excerpt":"... a questo incontro organizzato in collaborazione fra noi soci di Banca Etica e l'ARCI sotto l'egida del Comitato Riconversione RWM... ... \u00e8 perch\u00e9 penso che sia tempo che la questione delle bombe itaiane in Yemen esca da un equivoco: \u00e8 un argomento di cui si parla in mezzo mondo,\u2026","rel":"","context":"In &quot;Coordinate&quot;","block_context":{"text":"Coordinate","link":"http:\/\/www.robertosedda.it\/?cat=52"},"img":{"alt_text":"","src":"https:\/\/i0.wp.com\/www.robertosedda.it\/wp-content\/uploads\/2018\/05\/Iglesias-Run4Unity.jpg?fit=960%2C528&resize=350%2C200","width":350,"height":200,"srcset":"https:\/\/i0.wp.com\/www.robertosedda.it\/wp-content\/uploads\/2018\/05\/Iglesias-Run4Unity.jpg?fit=960%2C528&resize=350%2C200 1x, https:\/\/i0.wp.com\/www.robertosedda.it\/wp-content\/uploads\/2018\/05\/Iglesias-Run4Unity.jpg?fit=960%2C528&resize=700%2C400 2x"},"classes":[]},{"id":20033,"url":"http:\/\/www.robertosedda.it\/?p=20033","url_meta":{"origin":9678,"position":4},"title":"Diari di progettazione: ho scritto un (quasi)videogame","author":"Rufus","date":"31\/03\/2023","format":false,"excerpt":"Da un po' di tempo si discute coi Fabbricastorie di ricominciare a tenere una nostra campagna settimanale di gioco di ruolo; ne abbiamo molta voglia e la concomitanza di impegni familiari e riunioni organizzative che ci impedisce di giocare con continuit\u00e0 ci pesa. Di solito prima di cominciare una campagna\u2026","rel":"","context":"In &quot;Coordinate&quot;","block_context":{"text":"Coordinate","link":"http:\/\/www.robertosedda.it\/?cat=52"},"img":{"alt_text":"","src":"https:\/\/i0.wp.com\/www.robertosedda.it\/wp-content\/uploads\/2023\/03\/Roume2.jpg?fit=736%2C984&resize=350%2C200","width":350,"height":200,"srcset":"https:\/\/i0.wp.com\/www.robertosedda.it\/wp-content\/uploads\/2023\/03\/Roume2.jpg?fit=736%2C984&resize=350%2C200 1x, https:\/\/i0.wp.com\/www.robertosedda.it\/wp-content\/uploads\/2023\/03\/Roume2.jpg?fit=736%2C984&resize=700%2C400 2x"},"classes":[]},{"id":5078,"url":"http:\/\/www.robertosedda.it\/?p=5078","url_meta":{"origin":9678,"position":5},"title":"C&#8217;\u00e8 flashmob e flashmob","author":"Rufus","date":"22\/11\/2013","format":"video","excerpt":"Da un po' di tempo gir\u00e0 su Facebook un filmato che \u00e8 introdotto pi\u00f9 o meno da frasi come queste: \u00abGuardate cosa fa questa bambina e che sorpresa riceve in cambio di una monetina a\u00a0un musicista di strada. La moneta meglio spesa della storia\u00bb. Ora, a me c'era qualcosa che\u2026","rel":"","context":"In &quot;Coordinate&quot;","block_context":{"text":"Coordinate","link":"http:\/\/www.robertosedda.it\/?cat=52"},"img":{"alt_text":"","src":"https:\/\/i0.wp.com\/img.youtube.com\/vi\/GBaHPND2QJg\/0.jpg?resize=350%2C200","width":350,"height":200},"classes":[]}],"_links":{"self":[{"href":"http:\/\/www.robertosedda.it\/index.php?rest_route=\/wp\/v2\/posts\/9678"}],"collection":[{"href":"http:\/\/www.robertosedda.it\/index.php?rest_route=\/wp\/v2\/posts"}],"about":[{"href":"http:\/\/www.robertosedda.it\/index.php?rest_route=\/wp\/v2\/types\/post"}],"author":[{"embeddable":true,"href":"http:\/\/www.robertosedda.it\/index.php?rest_route=\/wp\/v2\/users\/1"}],"replies":[{"embeddable":true,"href":"http:\/\/www.robertosedda.it\/index.php?rest_route=%2Fwp%2Fv2%2Fcomments&post=9678"}],"version-history":[{"count":1,"href":"http:\/\/www.robertosedda.it\/index.php?rest_route=\/wp\/v2\/posts\/9678\/revisions"}],"predecessor-version":[{"id":9679,"href":"http:\/\/www.robertosedda.it\/index.php?rest_route=\/wp\/v2\/posts\/9678\/revisions\/9679"}],"wp:attachment":[{"href":"http:\/\/www.robertosedda.it\/index.php?rest_route=%2Fwp%2Fv2%2Fmedia&parent=9678"}],"wp:term":[{"taxonomy":"category","embeddable":true,"href":"http:\/\/www.robertosedda.it\/index.php?rest_route=%2Fwp%2Fv2%2Fcategories&post=9678"},{"taxonomy":"post_tag","embeddable":true,"href":"http:\/\/www.robertosedda.it\/index.php?rest_route=%2Fwp%2Fv2%2Ftags&post=9678"}],"curies":[{"name":"wp","href":"https:\/\/api.w.org\/{rel}","templated":true}]}}